{"id":29528,"date":"2019-03-07T18:42:55","date_gmt":"2019-03-07T21:42:55","guid":{"rendered":"http:\/\/www.noticiasradioreflejos.com.ar\/noticias\/?p=29528"},"modified":"2019-03-07T18:42:55","modified_gmt":"2019-03-07T21:42:55","slug":"vamos-para-adelante-con-pequenos-y-grandes-proyectos-ruben-testa","status":"publish","type":"post","link":"https:\/\/www.noticiasradioreflejos.com.ar\/2021\/vamos-para-adelante-con-pequenos-y-grandes-proyectos-ruben-testa\/","title":{"rendered":"&quot;Vamos para adelante con peque\u00f1os y grandes proyectos&quot; &#8211; Rub\u00e9n Testa"},"content":{"rendered":"<p><a title=\"Asoc de fomento de Villa Ventana\" href=\"http:\/\/farm8.staticflickr.com\/7865\/47260012342_086aa426d9.jpg\" rel=\"\"><img loading=\"lazy\" decoding=\"async\" style=\"float: left;\" title=\"Asoc de fomento de Villa Ventana\" src=\"http:\/\/farm8.staticflickr.com\/7865\/47260012342_086aa426d9.jpg\" alt=\"Asoc de fomento de Villa Ventana\" width=\"500\" height=\"333\" \/><\/a>El presidente de la <strong>Asociaci\u00f3n de Fomento de Villa Ventana<\/strong>, se refiri\u00f3 a la amplia variedad de propuestas culturales y deportivas que ofrecer\u00e1 este a\u00f1o la instituci\u00f3n en sus instalaciones. <strong>\u00abVamos para adelante con peque\u00f1os y grandes proyectos\u00bb<\/strong> dijo, al referirse a el trabajo que viene realizando al nueva comisi\u00f3n directiva que arranc\u00f3 con el festejo de su 50 aniversario, la compra y construcci\u00f3n de la cancha de f\u00fatbol sint\u00e9tico, la programaci\u00f3n y realizaci\u00f3n de los tres d\u00edas de la Fiesta de las Golondrinas y ahora con esta oferta de actividades. Tambi\u00e9n hizo una profunda cr\u00edtica al gobierno municipal por las carencias que padece <strong>Villa Ventana<\/strong>, donde manifest\u00f3 \u00abNo hay presencia de autoridades en nuestro pueblo y todo lo que se prometi\u00f3 est\u00e1 pendiente\u00bb.<!--more--><br \/>\nEn un momento de la charla dijo<strong> \u00abEn estos momento no hay Delgado\u00bb<\/strong>, asegurando que <strong>Hugo Scabuso<\/strong> se encuentra de vacaciones y cuando vuelva presentar\u00e1 la renuncia y que la delegaci\u00f3n municipal es una oficina de recaudaci\u00f3n donde los vecinos no encuentran a qui\u00e9n plantearle los problemas y obtener respuestas.<br \/>\nTesta dentro de sus expresiones hizo una comparaci\u00f3n por la falta de personal en servicios urbanos que sufre Villa Ventana diciendo: <strong>\u00abTenemos menos personal en la localidad que el que hay en la Plaza de Tornquist\u00bb<\/strong>, puntualizando \u00abEs muy loable que los que nos representan venga a ver las inquietudes de la comunidad\u00bb. En\u00a0lo referente a las actividades que dan comienzo en este mes, Rub\u00e9n describi\u00f3 que estan gestionando asistencias t\u00e9cnicas para clases de Ping Pong, para chicos y adultos, que el a\u00f1o pasado tuvieron mucha gente jugando.<br \/>\nQue se continuar\u00e1 con todas las actividades del CEF N\u00b0 9 de Tornquist, gimnasia funcional para j\u00f3venes y adultos. En lo cultural anunci\u00f3 que iniciar\u00e1n con clases de computaci\u00f3n para adultos, canto y que comenzaron las clases de ingl\u00e9s del instituto Oxford de Bah\u00eda Blanca con la profesora Pamela Torrent. Para inscripciones comunicarse al Tel: 291 4681728.<br \/>\nAdem\u00e1s se dictan en las instalaciones de la Instituci\u00f3n serrana clases de italiano con la Profesora Mar\u00eda Soresi los martes de 14 a 18 hs. Inscripciones al tel: <strong>291 &#8211; 4078418<\/strong><br \/>\n<iframe loading=\"lazy\" src=\"https:\/\/w.soundcloud.com\/player\/?url=https%3A\/\/api.soundcloud.com\/tracks\/586384965&amp;color=%23ff5500&amp;auto_play=false&amp;hide_related=false&amp;show_comments=true&amp;show_user=true&amp;show_reposts=false&amp;show_teaser=true\" width=\"100%\" height=\"166\" frameborder=\"no\" scrolling=\"no\"><\/iframe><\/p>\n","protected":false},"excerpt":{"rendered":"<p>El presidente de la Asociaci\u00f3n de Fomento de Villa Ventana, se refiri\u00f3 a la amplia variedad de propuestas culturales y deportivas que ofrecer\u00e1 este a\u00f1o la instituci\u00f3n en sus instalaciones. \u00abVamos para adelante con peque\u00f1os y grandes proyectos\u00bb dijo, al referirse a el trabajo que viene realizando al nueva comisi\u00f3n directiva que arranc\u00f3 con el [&hellip;]<\/p>\n","protected":false},"author":3,"featured_media":6465,"comment_status":"closed","ping_status":"open","sticky":false,"template":"","format":"standard","meta":{"footnotes":""},"categories":[26],"tags":[],"class_list":["post-29528","post","type-post","status-publish","format-standard","has-post-thumbnail","hentry","category-sociedad"],"yoast_head":"<!-- This site is optimized with the Yoast SEO plugin v25.9 - https:\/\/yoast.com\/wordpress\/plugins\/seo\/ -->\n<title>&quot;Vamos para adelante con peque\u00f1os y grandes proyectos&quot; - Rub\u00e9n Testa - Noticias Radio Reflejos<\/title>\n<meta name=\"robots\" content=\"index, follow, max-snippet:-1, max-image-preview:large, max-video-preview:-1\" \/>\n<link rel=\"canonical\" href=\"https:\/\/www.noticiasradioreflejos.com.ar\/2021\/vamos-para-adelante-con-pequenos-y-grandes-proyectos-ruben-testa\/\" \/>\n<meta property=\"og:locale\" content=\"es_ES\" \/>\n<meta property=\"og:type\" content=\"article\" \/>\n<meta property=\"og:title\" content=\"&quot;Vamos para adelante con peque\u00f1os y grandes proyectos&quot; - Rub\u00e9n Testa - Noticias Radio Reflejos\" \/>\n<meta property=\"og:description\" content=\"El presidente de la Asociaci\u00f3n de Fomento de Villa Ventana, se refiri\u00f3 a la amplia variedad de propuestas culturales y deportivas que ofrecer\u00e1 este a\u00f1o la instituci\u00f3n en sus instalaciones. \u00abVamos para adelante con peque\u00f1os y grandes proyectos\u00bb dijo, al referirse a el trabajo que viene realizando al nueva comisi\u00f3n directiva que arranc\u00f3 con el [&hellip;]\" \/>\n<meta property=\"og:url\" content=\"https:\/\/www.noticiasradioreflejos.com.ar\/2021\/vamos-para-adelante-con-pequenos-y-grandes-proyectos-ruben-testa\/\" \/>\n<meta property=\"og:site_name\" content=\"Noticias Radio Reflejos\" \/>\n<meta property=\"article:published_time\" content=\"2019-03-07T21:42:55+00:00\" \/>\n<meta property=\"og:image\" content=\"https:\/\/www.noticiasradioreflejos.com.ar\/2021\/wp-content\/uploads\/2017\/01\/2a-Cablagata-Esc.-Agraria-Villa-Ventana-2.jpg\" \/>\n\t<meta property=\"og:image:width\" content=\"2304\" \/>\n\t<meta property=\"og:image:height\" content=\"1296\" \/>\n\t<meta property=\"og:image:type\" content=\"image\/jpeg\" \/>\n<meta name=\"author\" content=\"Arnaldo Botto\" \/>\n<meta name=\"twitter:card\" content=\"summary_large_image\" \/>\n<script type=\"application\/ld+json\" class=\"yoast-schema-graph\">{\"@context\":\"https:\/\/schema.org\",\"@graph\":[{\"@type\":\"WebPage\",\"@id\":\"https:\/\/www.noticiasradioreflejos.com.ar\/2021\/vamos-para-adelante-con-pequenos-y-grandes-proyectos-ruben-testa\/\",\"url\":\"https:\/\/www.noticiasradioreflejos.com.ar\/2021\/vamos-para-adelante-con-pequenos-y-grandes-proyectos-ruben-testa\/\",\"name\":\"&quot;Vamos para adelante con peque\u00f1os y grandes proyectos&quot; - Rub\u00e9n Testa - Noticias Radio Reflejos\",\"isPartOf\":{\"@id\":\"https:\/\/www.noticiasradioreflejos.com.ar\/2021\/#website\"},\"primaryImageOfPage\":{\"@id\":\"https:\/\/www.noticiasradioreflejos.com.ar\/2021\/vamos-para-adelante-con-pequenos-y-grandes-proyectos-ruben-testa\/#primaryimage\"},\"image\":{\"@id\":\"https:\/\/www.noticiasradioreflejos.com.ar\/2021\/vamos-para-adelante-con-pequenos-y-grandes-proyectos-ruben-testa\/#primaryimage\"},\"thumbnailUrl\":\"https:\/\/www.noticiasradioreflejos.com.ar\/2021\/wp-content\/uploads\/2017\/01\/2a-Cablagata-Esc.-Agraria-Villa-Ventana-2.jpg\",\"datePublished\":\"2019-03-07T21:42:55+00:00\",\"author\":{\"@id\":\"https:\/\/www.noticiasradioreflejos.com.ar\/2021\/#\/schema\/person\/ad82545263dcc5ec0996818884fd5fb1\"},\"breadcrumb\":{\"@id\":\"https:\/\/www.noticiasradioreflejos.com.ar\/2021\/vamos-para-adelante-con-pequenos-y-grandes-proyectos-ruben-testa\/#breadcrumb\"},\"inLanguage\":\"es\",\"potentialAction\":[{\"@type\":\"ReadAction\",\"target\":[\"https:\/\/www.noticiasradioreflejos.com.ar\/2021\/vamos-para-adelante-con-pequenos-y-grandes-proyectos-ruben-testa\/\"]}]},{\"@type\":\"ImageObject\",\"inLanguage\":\"es\",\"@id\":\"https:\/\/www.noticiasradioreflejos.com.ar\/2021\/vamos-para-adelante-con-pequenos-y-grandes-proyectos-ruben-testa\/#primaryimage\",\"url\":\"https:\/\/www.noticiasradioreflejos.com.ar\/2021\/wp-content\/uploads\/2017\/01\/2a-Cablagata-Esc.-Agraria-Villa-Ventana-2.jpg\",\"contentUrl\":\"https:\/\/www.noticiasradioreflejos.com.ar\/2021\/wp-content\/uploads\/2017\/01\/2a-Cablagata-Esc.-Agraria-Villa-Ventana-2.jpg\",\"width\":2304,\"height\":1296},{\"@type\":\"BreadcrumbList\",\"@id\":\"https:\/\/www.noticiasradioreflejos.com.ar\/2021\/vamos-para-adelante-con-pequenos-y-grandes-proyectos-ruben-testa\/#breadcrumb\",\"itemListElement\":[{\"@type\":\"ListItem\",\"position\":1,\"name\":\"Portada\",\"item\":\"https:\/\/www.noticiasradioreflejos.com.ar\/2021\/\"},{\"@type\":\"ListItem\",\"position\":2,\"name\":\"&quot;Vamos para adelante con peque\u00f1os y grandes proyectos&quot; &#8211; Rub\u00e9n Testa\"}]},{\"@type\":\"WebSite\",\"@id\":\"https:\/\/www.noticiasradioreflejos.com.ar\/2021\/#website\",\"url\":\"https:\/\/www.noticiasradioreflejos.com.ar\/2021\/\",\"name\":\"Noticias Radio Reflejos\",\"description\":\"Las noticias de mi comarca\",\"potentialAction\":[{\"@type\":\"SearchAction\",\"target\":{\"@type\":\"EntryPoint\",\"urlTemplate\":\"https:\/\/www.noticiasradioreflejos.com.ar\/2021\/?s={search_term_string}\"},\"query-input\":{\"@type\":\"PropertyValueSpecification\",\"valueRequired\":true,\"valueName\":\"search_term_string\"}}],\"inLanguage\":\"es\"},{\"@type\":\"Person\",\"@id\":\"https:\/\/www.noticiasradioreflejos.com.ar\/2021\/#\/schema\/person\/ad82545263dcc5ec0996818884fd5fb1\",\"name\":\"Arnaldo Botto\",\"image\":{\"@type\":\"ImageObject\",\"inLanguage\":\"es\",\"@id\":\"https:\/\/www.noticiasradioreflejos.com.ar\/2021\/#\/schema\/person\/image\/\",\"url\":\"https:\/\/secure.gravatar.com\/avatar\/55cb5e37c1efa326397366e6974cb338056df65cb50e7d64d1cf314e87504837?s=96&d=mm&r=g\",\"contentUrl\":\"https:\/\/secure.gravatar.com\/avatar\/55cb5e37c1efa326397366e6974cb338056df65cb50e7d64d1cf314e87504837?s=96&d=mm&r=g\",\"caption\":\"Arnaldo Botto\"},\"url\":\"https:\/\/www.noticiasradioreflejos.com.ar\/2021\/author\/arnaldo\/\"}]}<\/script>\n<!-- \/ Yoast SEO plugin. -->","yoast_head_json":{"title":"&quot;Vamos para adelante con peque\u00f1os y grandes proyectos&quot; - Rub\u00e9n Testa - Noticias Radio Reflejos","robots":{"index":"index","follow":"follow","max-snippet":"max-snippet:-1","max-image-preview":"max-image-preview:large","max-video-preview":"max-video-preview:-1"},"canonical":"https:\/\/www.noticiasradioreflejos.com.ar\/2021\/vamos-para-adelante-con-pequenos-y-grandes-proyectos-ruben-testa\/","og_locale":"es_ES","og_type":"article","og_title":"&quot;Vamos para adelante con peque\u00f1os y grandes proyectos&quot; - Rub\u00e9n Testa - Noticias Radio Reflejos","og_description":"El presidente de la Asociaci\u00f3n de Fomento de Villa Ventana, se refiri\u00f3 a la amplia variedad de propuestas culturales y deportivas que ofrecer\u00e1 este a\u00f1o la instituci\u00f3n en sus instalaciones. \u00abVamos para adelante con peque\u00f1os y grandes proyectos\u00bb dijo, al referirse a el trabajo que viene realizando al nueva comisi\u00f3n directiva que arranc\u00f3 con el [&hellip;]","og_url":"https:\/\/www.noticiasradioreflejos.com.ar\/2021\/vamos-para-adelante-con-pequenos-y-grandes-proyectos-ruben-testa\/","og_site_name":"Noticias Radio Reflejos","article_published_time":"2019-03-07T21:42:55+00:00","og_image":[{"width":2304,"height":1296,"url":"https:\/\/www.noticiasradioreflejos.com.ar\/2021\/wp-content\/uploads\/2017\/01\/2a-Cablagata-Esc.-Agraria-Villa-Ventana-2.jpg","type":"image\/jpeg"}],"author":"Arnaldo Botto","twitter_card":"summary_large_image","schema":{"@context":"https:\/\/schema.org","@graph":[{"@type":"WebPage","@id":"https:\/\/www.noticiasradioreflejos.com.ar\/2021\/vamos-para-adelante-con-pequenos-y-grandes-proyectos-ruben-testa\/","url":"https:\/\/www.noticiasradioreflejos.com.ar\/2021\/vamos-para-adelante-con-pequenos-y-grandes-proyectos-ruben-testa\/","name":"&quot;Vamos para adelante con peque\u00f1os y grandes proyectos&quot; - Rub\u00e9n Testa - Noticias Radio Reflejos","isPartOf":{"@id":"https:\/\/www.noticiasradioreflejos.com.ar\/2021\/#website"},"primaryImageOfPage":{"@id":"https:\/\/www.noticiasradioreflejos.com.ar\/2021\/vamos-para-adelante-con-pequenos-y-grandes-proyectos-ruben-testa\/#primaryimage"},"image":{"@id":"https:\/\/www.noticiasradioreflejos.com.ar\/2021\/vamos-para-adelante-con-pequenos-y-grandes-proyectos-ruben-testa\/#primaryimage"},"thumbnailUrl":"https:\/\/www.noticiasradioreflejos.com.ar\/2021\/wp-content\/uploads\/2017\/01\/2a-Cablagata-Esc.-Agraria-Villa-Ventana-2.jpg","datePublished":"2019-03-07T21:42:55+00:00","author":{"@id":"https:\/\/www.noticiasradioreflejos.com.ar\/2021\/#\/schema\/person\/ad82545263dcc5ec0996818884fd5fb1"},"breadcrumb":{"@id":"https:\/\/www.noticiasradioreflejos.com.ar\/2021\/vamos-para-adelante-con-pequenos-y-grandes-proyectos-ruben-testa\/#breadcrumb"},"inLanguage":"es","potentialAction":[{"@type":"ReadAction","target":["https:\/\/www.noticiasradioreflejos.com.ar\/2021\/vamos-para-adelante-con-pequenos-y-grandes-proyectos-ruben-testa\/"]}]},{"@type":"ImageObject","inLanguage":"es","@id":"https:\/\/www.noticiasradioreflejos.com.ar\/2021\/vamos-para-adelante-con-pequenos-y-grandes-proyectos-ruben-testa\/#primaryimage","url":"https:\/\/www.noticiasradioreflejos.com.ar\/2021\/wp-content\/uploads\/2017\/01\/2a-Cablagata-Esc.-Agraria-Villa-Ventana-2.jpg","contentUrl":"https:\/\/www.noticiasradioreflejos.com.ar\/2021\/wp-content\/uploads\/2017\/01\/2a-Cablagata-Esc.-Agraria-Villa-Ventana-2.jpg","width":2304,"height":1296},{"@type":"BreadcrumbList","@id":"https:\/\/www.noticiasradioreflejos.com.ar\/2021\/vamos-para-adelante-con-pequenos-y-grandes-proyectos-ruben-testa\/#breadcrumb","itemListElement":[{"@type":"ListItem","position":1,"name":"Portada","item":"https:\/\/www.noticiasradioreflejos.com.ar\/2021\/"},{"@type":"ListItem","position":2,"name":"&quot;Vamos para adelante con peque\u00f1os y grandes proyectos&quot; &#8211; Rub\u00e9n Testa"}]},{"@type":"WebSite","@id":"https:\/\/www.noticiasradioreflejos.com.ar\/2021\/#website","url":"https:\/\/www.noticiasradioreflejos.com.ar\/2021\/","name":"Noticias Radio Reflejos","description":"Las noticias de mi comarca","potentialAction":[{"@type":"SearchAction","target":{"@type":"EntryPoint","urlTemplate":"https:\/\/www.noticiasradioreflejos.com.ar\/2021\/?s={search_term_string}"},"query-input":{"@type":"PropertyValueSpecification","valueRequired":true,"valueName":"search_term_string"}}],"inLanguage":"es"},{"@type":"Person","@id":"https:\/\/www.noticiasradioreflejos.com.ar\/2021\/#\/schema\/person\/ad82545263dcc5ec0996818884fd5fb1","name":"Arnaldo Botto","image":{"@type":"ImageObject","inLanguage":"es","@id":"https:\/\/www.noticiasradioreflejos.com.ar\/2021\/#\/schema\/person\/image\/","url":"https:\/\/secure.gravatar.com\/avatar\/55cb5e37c1efa326397366e6974cb338056df65cb50e7d64d1cf314e87504837?s=96&d=mm&r=g","contentUrl":"https:\/\/secure.gravatar.com\/avatar\/55cb5e37c1efa326397366e6974cb338056df65cb50e7d64d1cf314e87504837?s=96&d=mm&r=g","caption":"Arnaldo Botto"},"url":"https:\/\/www.noticiasradioreflejos.com.ar\/2021\/author\/arnaldo\/"}]}},"_links":{"self":[{"href":"https:\/\/www.noticiasradioreflejos.com.ar\/2021\/wp-json\/wp\/v2\/posts\/29528","targetHints":{"allow":["GET"]}}],"collection":[{"href":"https:\/\/www.noticiasradioreflejos.com.ar\/2021\/wp-json\/wp\/v2\/posts"}],"about":[{"href":"https:\/\/www.noticiasradioreflejos.com.ar\/2021\/wp-json\/wp\/v2\/types\/post"}],"author":[{"embeddable":true,"href":"https:\/\/www.noticiasradioreflejos.com.ar\/2021\/wp-json\/wp\/v2\/users\/3"}],"replies":[{"embeddable":true,"href":"https:\/\/www.noticiasradioreflejos.com.ar\/2021\/wp-json\/wp\/v2\/comments?post=29528"}],"version-history":[{"count":0,"href":"https:\/\/www.noticiasradioreflejos.com.ar\/2021\/wp-json\/wp\/v2\/posts\/29528\/revisions"}],"wp:featuredmedia":[{"embeddable":true,"href":"https:\/\/www.noticiasradioreflejos.com.ar\/2021\/wp-json\/wp\/v2\/media\/6465"}],"wp:attachment":[{"href":"https:\/\/www.noticiasradioreflejos.com.ar\/2021\/wp-json\/wp\/v2\/media?parent=29528"}],"wp:term":[{"taxonomy":"category","embeddable":true,"href":"https:\/\/www.noticiasradioreflejos.com.ar\/2021\/wp-json\/wp\/v2\/categories?post=29528"},{"taxonomy":"post_tag","embeddable":true,"href":"https:\/\/www.noticiasradioreflejos.com.ar\/2021\/wp-json\/wp\/v2\/tags?post=29528"}],"curies":[{"name":"wp","href":"https:\/\/api.w.org\/{rel}","templated":true}]}}