{"id":29521,"date":"2019-03-07T17:57:21","date_gmt":"2019-03-07T20:57:21","guid":{"rendered":"http:\/\/www.noticiasradioreflejos.com.ar\/noticias\/?p=29521"},"modified":"2019-03-07T17:57:21","modified_gmt":"2019-03-07T20:57:21","slug":"diputados-aprobo-adhesion-a-la-ley-micaela","status":"publish","type":"post","link":"https:\/\/www.noticiasradioreflejos.com.ar\/2021\/diputados-aprobo-adhesion-a-la-ley-micaela\/","title":{"rendered":"Diputados aprob\u00f3 adhesi\u00f3n a la &quot;Ley Micaela&quot;."},"content":{"rendered":"<p>El proyecto, que fue girado al Senado para continuar su tratamiento, tiene por objeto adherir a la Ley Nacional que crea un Programa de Capacitaci\u00f3n Institucional contra la violencia de g\u00e9nero.<br \/>\nLa propuesta, apoyada por todos los bloques, se constituy\u00f3 a partir de la unificaci\u00f3n de proyectos presentados por las diputadas Marisol Merquel, Maricel Etchecoin Moro, Patricia Cubr\u00eda, Roc\u00edo Giaccone y Luc\u00eda Portos, y el diputado Rub\u00e9n Eslaiman.<!--more--><br \/>\nLa iniciativa establece capacitaciones obligatorias para todas las \u00e1reas del Estado con perspectiva de g\u00e9nero y tiene como objetivo la prevenci\u00f3n de la violencia de g\u00e9nero en todas sus formas, como establece la Ley 26.485 de protecci\u00f3n integral para prevenir, sancionar y erradicar la violencia contra las mujeres.<br \/>\nEl programa fue bautizado como \u201cLey Micaela\u201d  en homenaje a la joven de 21 a\u00f1os que fue violada y asesinada a la salida de un boliche, en Gualeguay en el a\u00f1o 2017, por un hombre que ya ten\u00eda antecedentes de ataques sexuales.<br \/>\nDurante su exposici\u00f3n, la diputada de Cambiemos Maricel Etchecoin Moro, asegur\u00f3: \u201cEste recinto no mira al costado, si no que toma uno de los temas que a nosotras tanto nos afecta. Muere una mujer cada 30 horas. Que tratemos la adhesi\u00f3n a esta ley nacional significa que nos importa, que nos importamos\u201d.<br \/>\nPor su parte, la diputada de Unidad Ciudadana, Lucia Portos, afirm\u00f3 que \u201cllevamos 50 femicidios en la Argentina en lo que va del a\u00f1o, eso habla de una situaci\u00f3n que nos pone a todos en un lugar de responsabilidad y deber\u201d. Y agreg\u00f3: \u201cTenemos la obligaci\u00f3n de mirar a la cara a todos los ciudadanos de la provincia y decirle que \u00e9sto es un principio de soluci\u00f3n\u201d.<br \/>\nPara finalizar, la diputada del Frente Renovador, Valeria Arata resalt\u00f3: \u201cCreo que hoy, en esta jornada en la que tenemos que reflexionar y reivindicar la lucha de las mujeres y la igualdad de oportunidades, debemos seguir unidas buscando pol\u00edticas p\u00fablicas que nos contengan, que contengan a nuestras compa\u00f1eras y las empodere para seguir denunciando\u201d.<br \/>\n \u200b<\/p>\n","protected":false},"excerpt":{"rendered":"<p>El proyecto, que fue girado al Senado para continuar su tratamiento, tiene por objeto adherir a la Ley Nacional que crea un Programa de Capacitaci\u00f3n Institucional contra la violencia de g\u00e9nero. La propuesta, apoyada por todos los bloques, se constituy\u00f3 a partir de la unificaci\u00f3n de proyectos presentados por las diputadas Marisol Merquel, Maricel Etchecoin [&hellip;]<\/p>\n","protected":false},"author":3,"featured_media":0,"comment_status":"closed","ping_status":"open","sticky":false,"template":"","format":"standard","meta":{"footnotes":""},"categories":[24],"tags":[],"class_list":["post-29521","post","type-post","status-publish","format-standard","hentry","category-politica"],"yoast_head":"<!-- This site is optimized with the Yoast SEO plugin v25.9 - https:\/\/yoast.com\/wordpress\/plugins\/seo\/ -->\n<title>Diputados aprob\u00f3 adhesi\u00f3n a la &quot;Ley Micaela&quot;. - Noticias Radio Reflejos<\/title>\n<meta name=\"robots\" content=\"index, follow, max-snippet:-1, max-image-preview:large, max-video-preview:-1\" \/>\n<link rel=\"canonical\" href=\"https:\/\/www.noticiasradioreflejos.com.ar\/2021\/diputados-aprobo-adhesion-a-la-ley-micaela\/\" \/>\n<meta property=\"og:locale\" content=\"es_ES\" \/>\n<meta property=\"og:type\" content=\"article\" \/>\n<meta property=\"og:title\" content=\"Diputados aprob\u00f3 adhesi\u00f3n a la &quot;Ley Micaela&quot;. - Noticias Radio Reflejos\" \/>\n<meta property=\"og:description\" content=\"El proyecto, que fue girado al Senado para continuar su tratamiento, tiene por objeto adherir a la Ley Nacional que crea un Programa de Capacitaci\u00f3n Institucional contra la violencia de g\u00e9nero. La propuesta, apoyada por todos los bloques, se constituy\u00f3 a partir de la unificaci\u00f3n de proyectos presentados por las diputadas Marisol Merquel, Maricel Etchecoin [&hellip;]\" \/>\n<meta property=\"og:url\" content=\"https:\/\/www.noticiasradioreflejos.com.ar\/2021\/diputados-aprobo-adhesion-a-la-ley-micaela\/\" \/>\n<meta property=\"og:site_name\" content=\"Noticias Radio Reflejos\" \/>\n<meta property=\"article:published_time\" content=\"2019-03-07T20:57:21+00:00\" \/>\n<meta property=\"og:image\" content=\"https:\/\/www.noticiasradioreflejos.com.ar\/2021\/wp-content\/uploads\/2021\/07\/logosol300x200.png\" \/>\n\t<meta property=\"og:image:width\" content=\"300\" \/>\n\t<meta property=\"og:image:height\" content=\"200\" \/>\n\t<meta property=\"og:image:type\" content=\"image\/png\" \/>\n<meta name=\"author\" content=\"Arnaldo Botto\" \/>\n<meta name=\"twitter:card\" content=\"summary_large_image\" \/>\n<script type=\"application\/ld+json\" class=\"yoast-schema-graph\">{\"@context\":\"https:\/\/schema.org\",\"@graph\":[{\"@type\":\"WebPage\",\"@id\":\"https:\/\/www.noticiasradioreflejos.com.ar\/2021\/diputados-aprobo-adhesion-a-la-ley-micaela\/\",\"url\":\"https:\/\/www.noticiasradioreflejos.com.ar\/2021\/diputados-aprobo-adhesion-a-la-ley-micaela\/\",\"name\":\"Diputados aprob\u00f3 adhesi\u00f3n a la &quot;Ley Micaela&quot;. - Noticias Radio Reflejos\",\"isPartOf\":{\"@id\":\"https:\/\/www.noticiasradioreflejos.com.ar\/2021\/#website\"},\"datePublished\":\"2019-03-07T20:57:21+00:00\",\"author\":{\"@id\":\"https:\/\/www.noticiasradioreflejos.com.ar\/2021\/#\/schema\/person\/ad82545263dcc5ec0996818884fd5fb1\"},\"breadcrumb\":{\"@id\":\"https:\/\/www.noticiasradioreflejos.com.ar\/2021\/diputados-aprobo-adhesion-a-la-ley-micaela\/#breadcrumb\"},\"inLanguage\":\"es\",\"potentialAction\":[{\"@type\":\"ReadAction\",\"target\":[\"https:\/\/www.noticiasradioreflejos.com.ar\/2021\/diputados-aprobo-adhesion-a-la-ley-micaela\/\"]}]},{\"@type\":\"BreadcrumbList\",\"@id\":\"https:\/\/www.noticiasradioreflejos.com.ar\/2021\/diputados-aprobo-adhesion-a-la-ley-micaela\/#breadcrumb\",\"itemListElement\":[{\"@type\":\"ListItem\",\"position\":1,\"name\":\"Portada\",\"item\":\"https:\/\/www.noticiasradioreflejos.com.ar\/2021\/\"},{\"@type\":\"ListItem\",\"position\":2,\"name\":\"Diputados aprob\u00f3 adhesi\u00f3n a la &quot;Ley Micaela&quot;.\"}]},{\"@type\":\"WebSite\",\"@id\":\"https:\/\/www.noticiasradioreflejos.com.ar\/2021\/#website\",\"url\":\"https:\/\/www.noticiasradioreflejos.com.ar\/2021\/\",\"name\":\"Noticias Radio Reflejos\",\"description\":\"Las noticias de mi comarca\",\"potentialAction\":[{\"@type\":\"SearchAction\",\"target\":{\"@type\":\"EntryPoint\",\"urlTemplate\":\"https:\/\/www.noticiasradioreflejos.com.ar\/2021\/?s={search_term_string}\"},\"query-input\":{\"@type\":\"PropertyValueSpecification\",\"valueRequired\":true,\"valueName\":\"search_term_string\"}}],\"inLanguage\":\"es\"},{\"@type\":\"Person\",\"@id\":\"https:\/\/www.noticiasradioreflejos.com.ar\/2021\/#\/schema\/person\/ad82545263dcc5ec0996818884fd5fb1\",\"name\":\"Arnaldo Botto\",\"image\":{\"@type\":\"ImageObject\",\"inLanguage\":\"es\",\"@id\":\"https:\/\/www.noticiasradioreflejos.com.ar\/2021\/#\/schema\/person\/image\/\",\"url\":\"https:\/\/secure.gravatar.com\/avatar\/55cb5e37c1efa326397366e6974cb338056df65cb50e7d64d1cf314e87504837?s=96&d=mm&r=g\",\"contentUrl\":\"https:\/\/secure.gravatar.com\/avatar\/55cb5e37c1efa326397366e6974cb338056df65cb50e7d64d1cf314e87504837?s=96&d=mm&r=g\",\"caption\":\"Arnaldo Botto\"},\"url\":\"https:\/\/www.noticiasradioreflejos.com.ar\/2021\/author\/arnaldo\/\"}]}<\/script>\n<!-- \/ Yoast SEO plugin. -->","yoast_head_json":{"title":"Diputados aprob\u00f3 adhesi\u00f3n a la &quot;Ley Micaela&quot;. - Noticias Radio Reflejos","robots":{"index":"index","follow":"follow","max-snippet":"max-snippet:-1","max-image-preview":"max-image-preview:large","max-video-preview":"max-video-preview:-1"},"canonical":"https:\/\/www.noticiasradioreflejos.com.ar\/2021\/diputados-aprobo-adhesion-a-la-ley-micaela\/","og_locale":"es_ES","og_type":"article","og_title":"Diputados aprob\u00f3 adhesi\u00f3n a la &quot;Ley Micaela&quot;. - Noticias Radio Reflejos","og_description":"El proyecto, que fue girado al Senado para continuar su tratamiento, tiene por objeto adherir a la Ley Nacional que crea un Programa de Capacitaci\u00f3n Institucional contra la violencia de g\u00e9nero. La propuesta, apoyada por todos los bloques, se constituy\u00f3 a partir de la unificaci\u00f3n de proyectos presentados por las diputadas Marisol Merquel, Maricel Etchecoin [&hellip;]","og_url":"https:\/\/www.noticiasradioreflejos.com.ar\/2021\/diputados-aprobo-adhesion-a-la-ley-micaela\/","og_site_name":"Noticias Radio Reflejos","article_published_time":"2019-03-07T20:57:21+00:00","og_image":[{"width":300,"height":200,"url":"https:\/\/www.noticiasradioreflejos.com.ar\/2021\/wp-content\/uploads\/2021\/07\/logosol300x200.png","type":"image\/png"}],"author":"Arnaldo Botto","twitter_card":"summary_large_image","schema":{"@context":"https:\/\/schema.org","@graph":[{"@type":"WebPage","@id":"https:\/\/www.noticiasradioreflejos.com.ar\/2021\/diputados-aprobo-adhesion-a-la-ley-micaela\/","url":"https:\/\/www.noticiasradioreflejos.com.ar\/2021\/diputados-aprobo-adhesion-a-la-ley-micaela\/","name":"Diputados aprob\u00f3 adhesi\u00f3n a la &quot;Ley Micaela&quot;. - Noticias Radio Reflejos","isPartOf":{"@id":"https:\/\/www.noticiasradioreflejos.com.ar\/2021\/#website"},"datePublished":"2019-03-07T20:57:21+00:00","author":{"@id":"https:\/\/www.noticiasradioreflejos.com.ar\/2021\/#\/schema\/person\/ad82545263dcc5ec0996818884fd5fb1"},"breadcrumb":{"@id":"https:\/\/www.noticiasradioreflejos.com.ar\/2021\/diputados-aprobo-adhesion-a-la-ley-micaela\/#breadcrumb"},"inLanguage":"es","potentialAction":[{"@type":"ReadAction","target":["https:\/\/www.noticiasradioreflejos.com.ar\/2021\/diputados-aprobo-adhesion-a-la-ley-micaela\/"]}]},{"@type":"BreadcrumbList","@id":"https:\/\/www.noticiasradioreflejos.com.ar\/2021\/diputados-aprobo-adhesion-a-la-ley-micaela\/#breadcrumb","itemListElement":[{"@type":"ListItem","position":1,"name":"Portada","item":"https:\/\/www.noticiasradioreflejos.com.ar\/2021\/"},{"@type":"ListItem","position":2,"name":"Diputados aprob\u00f3 adhesi\u00f3n a la &quot;Ley Micaela&quot;."}]},{"@type":"WebSite","@id":"https:\/\/www.noticiasradioreflejos.com.ar\/2021\/#website","url":"https:\/\/www.noticiasradioreflejos.com.ar\/2021\/","name":"Noticias Radio Reflejos","description":"Las noticias de mi comarca","potentialAction":[{"@type":"SearchAction","target":{"@type":"EntryPoint","urlTemplate":"https:\/\/www.noticiasradioreflejos.com.ar\/2021\/?s={search_term_string}"},"query-input":{"@type":"PropertyValueSpecification","valueRequired":true,"valueName":"search_term_string"}}],"inLanguage":"es"},{"@type":"Person","@id":"https:\/\/www.noticiasradioreflejos.com.ar\/2021\/#\/schema\/person\/ad82545263dcc5ec0996818884fd5fb1","name":"Arnaldo Botto","image":{"@type":"ImageObject","inLanguage":"es","@id":"https:\/\/www.noticiasradioreflejos.com.ar\/2021\/#\/schema\/person\/image\/","url":"https:\/\/secure.gravatar.com\/avatar\/55cb5e37c1efa326397366e6974cb338056df65cb50e7d64d1cf314e87504837?s=96&d=mm&r=g","contentUrl":"https:\/\/secure.gravatar.com\/avatar\/55cb5e37c1efa326397366e6974cb338056df65cb50e7d64d1cf314e87504837?s=96&d=mm&r=g","caption":"Arnaldo Botto"},"url":"https:\/\/www.noticiasradioreflejos.com.ar\/2021\/author\/arnaldo\/"}]}},"_links":{"self":[{"href":"https:\/\/www.noticiasradioreflejos.com.ar\/2021\/wp-json\/wp\/v2\/posts\/29521","targetHints":{"allow":["GET"]}}],"collection":[{"href":"https:\/\/www.noticiasradioreflejos.com.ar\/2021\/wp-json\/wp\/v2\/posts"}],"about":[{"href":"https:\/\/www.noticiasradioreflejos.com.ar\/2021\/wp-json\/wp\/v2\/types\/post"}],"author":[{"embeddable":true,"href":"https:\/\/www.noticiasradioreflejos.com.ar\/2021\/wp-json\/wp\/v2\/users\/3"}],"replies":[{"embeddable":true,"href":"https:\/\/www.noticiasradioreflejos.com.ar\/2021\/wp-json\/wp\/v2\/comments?post=29521"}],"version-history":[{"count":0,"href":"https:\/\/www.noticiasradioreflejos.com.ar\/2021\/wp-json\/wp\/v2\/posts\/29521\/revisions"}],"wp:attachment":[{"href":"https:\/\/www.noticiasradioreflejos.com.ar\/2021\/wp-json\/wp\/v2\/media?parent=29521"}],"wp:term":[{"taxonomy":"category","embeddable":true,"href":"https:\/\/www.noticiasradioreflejos.com.ar\/2021\/wp-json\/wp\/v2\/categories?post=29521"},{"taxonomy":"post_tag","embeddable":true,"href":"https:\/\/www.noticiasradioreflejos.com.ar\/2021\/wp-json\/wp\/v2\/tags?post=29521"}],"curies":[{"name":"wp","href":"https:\/\/api.w.org\/{rel}","templated":true}]}}