{"id":29518,"date":"2019-03-07T17:51:50","date_gmt":"2019-03-07T20:51:50","guid":{"rendered":"http:\/\/www.noticiasradioreflejos.com.ar\/noticias\/?p=29518"},"modified":"2019-03-07T17:51:50","modified_gmt":"2019-03-07T20:51:50","slug":"bordoni-dio-inicio-a-la-primera-carrera-universitaria-en-saldungaray","status":"publish","type":"post","link":"https:\/\/www.noticiasradioreflejos.com.ar\/2021\/bordoni-dio-inicio-a-la-primera-carrera-universitaria-en-saldungaray\/","title":{"rendered":"Bordoni di\u00f3 inicio a la primera carrera universitaria en Saldungaray"},"content":{"rendered":"<p><a title=\"WhatsApp-Image-2019-03-07-at-14.52.13-8-1024x768\" href=\"http:\/\/farm8.staticflickr.com\/7913\/47311891111_f64c91a337_s.jpg\" rel=\"\"><img loading=\"lazy\" decoding=\"async\" class=\"alignleft\" style=\"float: left;\" title=\"WhatsApp-Image-2019-03-07-at-14.52.13-8-1024x768\" src=\"http:\/\/farm8.staticflickr.com\/7913\/47311891111_f64c91a337.jpg\" alt=\"WhatsApp-Image-2019-03-07-at-14.52.13-8-1024x768\" width=\"500\" height=\"328\" \/><\/a>En las instalaciones de la E.S N\u00b04 de Saldungaray, el intendente municipal Sergio Bordoni di\u00f3 inicio al ciclo lectivo de la carrera de Martillero y Corredor P\u00fablico, que dictar\u00e1 la Universidad del Sudoeste en dicho colegio.<br \/>\n<!--more--><br \/>\nPara dar inicio al acto, el rector de UPSO Dr. Hern\u00e1n Vigier, brind\u00f3 a los alumnos y autoridades las palabras de bienvenida, adem\u00e1s destac\u00f3 la gran cantidad de inscriptos de nuestro distrito y de localidades vecinas, y resalt\u00f3 que la elecci\u00f3n de esta carrera tiene que fundamentalmente con enfatizar la econom\u00eda regional.<br \/>\nPor su parte el jefe comunal, expres\u00f3 que para \u00e9l es un honor poder dar inicio al primer a\u00f1o de dictado de una carrera universitaria en la localidad de Saldungaray. Para cerrar augur\u00f3 un buen a\u00f1o a los alumnos y expres\u00f3 que lo llena de orgullo ver tanta gente con inter\u00e9s de capacitarse, ya que: \u201cun pueblo sin educaci\u00f3n es incapaz de elegir a sus gobernantes, y le es negada la libertad\u201d, afirm\u00f3.<br \/>\nDel acto participaron, miembros del gabinete municipal, la presidente del consejo escolar, la Inspectora Jefe Distrital, concejales del oficialismo y el delegado local.<br \/>\n<a title=\"WhatsApp-Image-2019-03-07-at-14.52.13-1024x768\" href=\"http:\/\/farm8.staticflickr.com\/7923\/46396976995_cd125d6f0d_z.jpg\" rel=\"\"><img loading=\"lazy\" decoding=\"async\" class=\"aligncenter\" title=\"WhatsApp-Image-2019-03-07-at-14.52.13-1024x768\" src=\"http:\/\/farm8.staticflickr.com\/7923\/46396976995_cd125d6f0d_z.jpg\" alt=\"WhatsApp-Image-2019-03-07-at-14.52.13-1024x768\" width=\"640\" height=\"480\" \/><\/a><br \/>\n<a title=\"WhatsApp-Image-2019-03-07-at-14.52.13-1-1024x768\" href=\"http:\/\/farm8.staticflickr.com\/7841\/47311828591_2d4db095d8_z.jpg\" rel=\"\"><img loading=\"lazy\" decoding=\"async\" class=\"aligncenter\" title=\"WhatsApp-Image-2019-03-07-at-14.52.13-1-1024x768\" src=\"http:\/\/farm8.staticflickr.com\/7841\/47311828591_2d4db095d8_z.jpg\" alt=\"WhatsApp-Image-2019-03-07-at-14.52.13-1-1024x768\" width=\"640\" height=\"480\" \/><\/a><\/p>\n","protected":false},"excerpt":{"rendered":"<p>En las instalaciones de la E.S N\u00b04 de Saldungaray, el intendente municipal Sergio Bordoni di\u00f3 inicio al ciclo lectivo de la carrera de Martillero y Corredor P\u00fablico, que dictar\u00e1 la Universidad del Sudoeste en dicho colegio.<\/p>\n","protected":false},"author":3,"featured_media":0,"comment_status":"closed","ping_status":"open","sticky":false,"template":"","format":"standard","meta":{"footnotes":""},"categories":[28],"tags":[],"class_list":["post-29518","post","type-post","status-publish","format-standard","hentry","category-municipales"],"yoast_head":"<!-- This site is optimized with the Yoast SEO plugin v25.9 - https:\/\/yoast.com\/wordpress\/plugins\/seo\/ -->\n<title>Bordoni di\u00f3 inicio a la primera carrera universitaria en Saldungaray - Noticias Radio Reflejos<\/title>\n<meta name=\"robots\" content=\"index, follow, max-snippet:-1, max-image-preview:large, max-video-preview:-1\" \/>\n<link rel=\"canonical\" href=\"https:\/\/www.noticiasradioreflejos.com.ar\/2021\/bordoni-dio-inicio-a-la-primera-carrera-universitaria-en-saldungaray\/\" \/>\n<meta property=\"og:locale\" content=\"es_ES\" \/>\n<meta property=\"og:type\" content=\"article\" \/>\n<meta property=\"og:title\" content=\"Bordoni di\u00f3 inicio a la primera carrera universitaria en Saldungaray - Noticias Radio Reflejos\" \/>\n<meta property=\"og:description\" content=\"En las instalaciones de la E.S N\u00b04 de Saldungaray, el intendente municipal Sergio Bordoni di\u00f3 inicio al ciclo lectivo de la carrera de Martillero y Corredor P\u00fablico, que dictar\u00e1 la Universidad del Sudoeste en dicho colegio.\" \/>\n<meta property=\"og:url\" content=\"https:\/\/www.noticiasradioreflejos.com.ar\/2021\/bordoni-dio-inicio-a-la-primera-carrera-universitaria-en-saldungaray\/\" \/>\n<meta property=\"og:site_name\" content=\"Noticias Radio Reflejos\" \/>\n<meta property=\"article:published_time\" content=\"2019-03-07T20:51:50+00:00\" \/>\n<meta property=\"og:image\" content=\"http:\/\/farm8.staticflickr.com\/7913\/47311891111_f64c91a337.jpg\" \/>\n<meta name=\"author\" content=\"Arnaldo Botto\" \/>\n<meta name=\"twitter:card\" content=\"summary_large_image\" \/>\n<script type=\"application\/ld+json\" class=\"yoast-schema-graph\">{\"@context\":\"https:\/\/schema.org\",\"@graph\":[{\"@type\":\"WebPage\",\"@id\":\"https:\/\/www.noticiasradioreflejos.com.ar\/2021\/bordoni-dio-inicio-a-la-primera-carrera-universitaria-en-saldungaray\/\",\"url\":\"https:\/\/www.noticiasradioreflejos.com.ar\/2021\/bordoni-dio-inicio-a-la-primera-carrera-universitaria-en-saldungaray\/\",\"name\":\"Bordoni di\u00f3 inicio a la primera carrera universitaria en Saldungaray - Noticias Radio Reflejos\",\"isPartOf\":{\"@id\":\"https:\/\/www.noticiasradioreflejos.com.ar\/2021\/#website\"},\"primaryImageOfPage\":{\"@id\":\"https:\/\/www.noticiasradioreflejos.com.ar\/2021\/bordoni-dio-inicio-a-la-primera-carrera-universitaria-en-saldungaray\/#primaryimage\"},\"image\":{\"@id\":\"https:\/\/www.noticiasradioreflejos.com.ar\/2021\/bordoni-dio-inicio-a-la-primera-carrera-universitaria-en-saldungaray\/#primaryimage\"},\"thumbnailUrl\":\"http:\/\/farm8.staticflickr.com\/7913\/47311891111_f64c91a337.jpg\",\"datePublished\":\"2019-03-07T20:51:50+00:00\",\"author\":{\"@id\":\"https:\/\/www.noticiasradioreflejos.com.ar\/2021\/#\/schema\/person\/ad82545263dcc5ec0996818884fd5fb1\"},\"breadcrumb\":{\"@id\":\"https:\/\/www.noticiasradioreflejos.com.ar\/2021\/bordoni-dio-inicio-a-la-primera-carrera-universitaria-en-saldungaray\/#breadcrumb\"},\"inLanguage\":\"es\",\"potentialAction\":[{\"@type\":\"ReadAction\",\"target\":[\"https:\/\/www.noticiasradioreflejos.com.ar\/2021\/bordoni-dio-inicio-a-la-primera-carrera-universitaria-en-saldungaray\/\"]}]},{\"@type\":\"ImageObject\",\"inLanguage\":\"es\",\"@id\":\"https:\/\/www.noticiasradioreflejos.com.ar\/2021\/bordoni-dio-inicio-a-la-primera-carrera-universitaria-en-saldungaray\/#primaryimage\",\"url\":\"http:\/\/farm8.staticflickr.com\/7913\/47311891111_f64c91a337.jpg\",\"contentUrl\":\"http:\/\/farm8.staticflickr.com\/7913\/47311891111_f64c91a337.jpg\"},{\"@type\":\"BreadcrumbList\",\"@id\":\"https:\/\/www.noticiasradioreflejos.com.ar\/2021\/bordoni-dio-inicio-a-la-primera-carrera-universitaria-en-saldungaray\/#breadcrumb\",\"itemListElement\":[{\"@type\":\"ListItem\",\"position\":1,\"name\":\"Portada\",\"item\":\"https:\/\/www.noticiasradioreflejos.com.ar\/2021\/\"},{\"@type\":\"ListItem\",\"position\":2,\"name\":\"Bordoni di\u00f3 inicio a la primera carrera universitaria en Saldungaray\"}]},{\"@type\":\"WebSite\",\"@id\":\"https:\/\/www.noticiasradioreflejos.com.ar\/2021\/#website\",\"url\":\"https:\/\/www.noticiasradioreflejos.com.ar\/2021\/\",\"name\":\"Noticias Radio Reflejos\",\"description\":\"Las noticias de mi comarca\",\"potentialAction\":[{\"@type\":\"SearchAction\",\"target\":{\"@type\":\"EntryPoint\",\"urlTemplate\":\"https:\/\/www.noticiasradioreflejos.com.ar\/2021\/?s={search_term_string}\"},\"query-input\":{\"@type\":\"PropertyValueSpecification\",\"valueRequired\":true,\"valueName\":\"search_term_string\"}}],\"inLanguage\":\"es\"},{\"@type\":\"Person\",\"@id\":\"https:\/\/www.noticiasradioreflejos.com.ar\/2021\/#\/schema\/person\/ad82545263dcc5ec0996818884fd5fb1\",\"name\":\"Arnaldo Botto\",\"image\":{\"@type\":\"ImageObject\",\"inLanguage\":\"es\",\"@id\":\"https:\/\/www.noticiasradioreflejos.com.ar\/2021\/#\/schema\/person\/image\/\",\"url\":\"https:\/\/secure.gravatar.com\/avatar\/55cb5e37c1efa326397366e6974cb338056df65cb50e7d64d1cf314e87504837?s=96&d=mm&r=g\",\"contentUrl\":\"https:\/\/secure.gravatar.com\/avatar\/55cb5e37c1efa326397366e6974cb338056df65cb50e7d64d1cf314e87504837?s=96&d=mm&r=g\",\"caption\":\"Arnaldo Botto\"},\"url\":\"https:\/\/www.noticiasradioreflejos.com.ar\/2021\/author\/arnaldo\/\"}]}<\/script>\n<!-- \/ Yoast SEO plugin. -->","yoast_head_json":{"title":"Bordoni di\u00f3 inicio a la primera carrera universitaria en Saldungaray - Noticias Radio Reflejos","robots":{"index":"index","follow":"follow","max-snippet":"max-snippet:-1","max-image-preview":"max-image-preview:large","max-video-preview":"max-video-preview:-1"},"canonical":"https:\/\/www.noticiasradioreflejos.com.ar\/2021\/bordoni-dio-inicio-a-la-primera-carrera-universitaria-en-saldungaray\/","og_locale":"es_ES","og_type":"article","og_title":"Bordoni di\u00f3 inicio a la primera carrera universitaria en Saldungaray - Noticias Radio Reflejos","og_description":"En las instalaciones de la E.S N\u00b04 de Saldungaray, el intendente municipal Sergio Bordoni di\u00f3 inicio al ciclo lectivo de la carrera de Martillero y Corredor P\u00fablico, que dictar\u00e1 la Universidad del Sudoeste en dicho colegio.","og_url":"https:\/\/www.noticiasradioreflejos.com.ar\/2021\/bordoni-dio-inicio-a-la-primera-carrera-universitaria-en-saldungaray\/","og_site_name":"Noticias Radio Reflejos","article_published_time":"2019-03-07T20:51:50+00:00","og_image":[{"url":"http:\/\/farm8.staticflickr.com\/7913\/47311891111_f64c91a337.jpg","type":"","width":"","height":""}],"author":"Arnaldo Botto","twitter_card":"summary_large_image","schema":{"@context":"https:\/\/schema.org","@graph":[{"@type":"WebPage","@id":"https:\/\/www.noticiasradioreflejos.com.ar\/2021\/bordoni-dio-inicio-a-la-primera-carrera-universitaria-en-saldungaray\/","url":"https:\/\/www.noticiasradioreflejos.com.ar\/2021\/bordoni-dio-inicio-a-la-primera-carrera-universitaria-en-saldungaray\/","name":"Bordoni di\u00f3 inicio a la primera carrera universitaria en Saldungaray - Noticias Radio Reflejos","isPartOf":{"@id":"https:\/\/www.noticiasradioreflejos.com.ar\/2021\/#website"},"primaryImageOfPage":{"@id":"https:\/\/www.noticiasradioreflejos.com.ar\/2021\/bordoni-dio-inicio-a-la-primera-carrera-universitaria-en-saldungaray\/#primaryimage"},"image":{"@id":"https:\/\/www.noticiasradioreflejos.com.ar\/2021\/bordoni-dio-inicio-a-la-primera-carrera-universitaria-en-saldungaray\/#primaryimage"},"thumbnailUrl":"http:\/\/farm8.staticflickr.com\/7913\/47311891111_f64c91a337.jpg","datePublished":"2019-03-07T20:51:50+00:00","author":{"@id":"https:\/\/www.noticiasradioreflejos.com.ar\/2021\/#\/schema\/person\/ad82545263dcc5ec0996818884fd5fb1"},"breadcrumb":{"@id":"https:\/\/www.noticiasradioreflejos.com.ar\/2021\/bordoni-dio-inicio-a-la-primera-carrera-universitaria-en-saldungaray\/#breadcrumb"},"inLanguage":"es","potentialAction":[{"@type":"ReadAction","target":["https:\/\/www.noticiasradioreflejos.com.ar\/2021\/bordoni-dio-inicio-a-la-primera-carrera-universitaria-en-saldungaray\/"]}]},{"@type":"ImageObject","inLanguage":"es","@id":"https:\/\/www.noticiasradioreflejos.com.ar\/2021\/bordoni-dio-inicio-a-la-primera-carrera-universitaria-en-saldungaray\/#primaryimage","url":"http:\/\/farm8.staticflickr.com\/7913\/47311891111_f64c91a337.jpg","contentUrl":"http:\/\/farm8.staticflickr.com\/7913\/47311891111_f64c91a337.jpg"},{"@type":"BreadcrumbList","@id":"https:\/\/www.noticiasradioreflejos.com.ar\/2021\/bordoni-dio-inicio-a-la-primera-carrera-universitaria-en-saldungaray\/#breadcrumb","itemListElement":[{"@type":"ListItem","position":1,"name":"Portada","item":"https:\/\/www.noticiasradioreflejos.com.ar\/2021\/"},{"@type":"ListItem","position":2,"name":"Bordoni di\u00f3 inicio a la primera carrera universitaria en Saldungaray"}]},{"@type":"WebSite","@id":"https:\/\/www.noticiasradioreflejos.com.ar\/2021\/#website","url":"https:\/\/www.noticiasradioreflejos.com.ar\/2021\/","name":"Noticias Radio Reflejos","description":"Las noticias de mi comarca","potentialAction":[{"@type":"SearchAction","target":{"@type":"EntryPoint","urlTemplate":"https:\/\/www.noticiasradioreflejos.com.ar\/2021\/?s={search_term_string}"},"query-input":{"@type":"PropertyValueSpecification","valueRequired":true,"valueName":"search_term_string"}}],"inLanguage":"es"},{"@type":"Person","@id":"https:\/\/www.noticiasradioreflejos.com.ar\/2021\/#\/schema\/person\/ad82545263dcc5ec0996818884fd5fb1","name":"Arnaldo Botto","image":{"@type":"ImageObject","inLanguage":"es","@id":"https:\/\/www.noticiasradioreflejos.com.ar\/2021\/#\/schema\/person\/image\/","url":"https:\/\/secure.gravatar.com\/avatar\/55cb5e37c1efa326397366e6974cb338056df65cb50e7d64d1cf314e87504837?s=96&d=mm&r=g","contentUrl":"https:\/\/secure.gravatar.com\/avatar\/55cb5e37c1efa326397366e6974cb338056df65cb50e7d64d1cf314e87504837?s=96&d=mm&r=g","caption":"Arnaldo Botto"},"url":"https:\/\/www.noticiasradioreflejos.com.ar\/2021\/author\/arnaldo\/"}]}},"_links":{"self":[{"href":"https:\/\/www.noticiasradioreflejos.com.ar\/2021\/wp-json\/wp\/v2\/posts\/29518","targetHints":{"allow":["GET"]}}],"collection":[{"href":"https:\/\/www.noticiasradioreflejos.com.ar\/2021\/wp-json\/wp\/v2\/posts"}],"about":[{"href":"https:\/\/www.noticiasradioreflejos.com.ar\/2021\/wp-json\/wp\/v2\/types\/post"}],"author":[{"embeddable":true,"href":"https:\/\/www.noticiasradioreflejos.com.ar\/2021\/wp-json\/wp\/v2\/users\/3"}],"replies":[{"embeddable":true,"href":"https:\/\/www.noticiasradioreflejos.com.ar\/2021\/wp-json\/wp\/v2\/comments?post=29518"}],"version-history":[{"count":0,"href":"https:\/\/www.noticiasradioreflejos.com.ar\/2021\/wp-json\/wp\/v2\/posts\/29518\/revisions"}],"wp:attachment":[{"href":"https:\/\/www.noticiasradioreflejos.com.ar\/2021\/wp-json\/wp\/v2\/media?parent=29518"}],"wp:term":[{"taxonomy":"category","embeddable":true,"href":"https:\/\/www.noticiasradioreflejos.com.ar\/2021\/wp-json\/wp\/v2\/categories?post=29518"},{"taxonomy":"post_tag","embeddable":true,"href":"https:\/\/www.noticiasradioreflejos.com.ar\/2021\/wp-json\/wp\/v2\/tags?post=29518"}],"curies":[{"name":"wp","href":"https:\/\/api.w.org\/{rel}","templated":true}]}}