{"id":29511,"date":"2019-03-07T17:31:03","date_gmt":"2019-03-07T20:31:03","guid":{"rendered":"http:\/\/www.noticiasradioreflejos.com.ar\/noticias\/?p=29511"},"modified":"2019-03-07T17:31:03","modified_gmt":"2019-03-07T20:31:03","slug":"proyecto-de-resolucion-de-los-bloques-frente-para-la-victoria-y-frente-justicialista-cumplir","status":"publish","type":"post","link":"https:\/\/www.noticiasradioreflejos.com.ar\/2021\/proyecto-de-resolucion-de-los-bloques-frente-para-la-victoria-y-frente-justicialista-cumplir\/","title":{"rendered":"Proyecto de resoluci\u00f3n de los Bloques Frente para la Victoria y Frente Justicialista Cumplir"},"content":{"rendered":"<p><a title=\"proyecto Procrear medios\" href=\"http:\/\/farm8.staticflickr.com\/7907\/46396890855_52defcd824_s.jpg\" rel=\"\"><img loading=\"lazy\" decoding=\"async\" class=\"alignleft\" style=\"float: left;\" title=\"proyecto Procrear medios\" src=\"http:\/\/farm8.staticflickr.com\/7907\/46396890855_52defcd824.jpg\" alt=\"proyecto Procrear medios\" width=\"332\" height=\"500\" \/><\/a>En la sesi\u00f3n del mi\u00e9rcoles 6 de marzo solicitamos se trate el proyecto de resoluci\u00f3n que presentamos, en el cual le pedimos al intendente Sr. Sergio Bordoni que arbitre los medios necesarios para que los lotes ubicados en la localidad de Tornquist (PROCREAR), que adquiri\u00f3 la gesti\u00f3n anterior, queden a disposici\u00f3n solamente de nuestros vecinos del distrito.<!--more--><br \/>\nEl bloque Cambiemos no acompa\u00f1\u00f3 el tratamiento inmediato. Esto abre la posibilidad de que personas de otros distritos se anoten y adjudiquen un terreno, habiendo en nuestro distrito muchas familias que aun no pueden concretar el sue\u00f1o de la casa propia.<br \/>\n\u201cPARA EL PUEBLO LO QUE ES DEL PUEBLO\u201d<br \/>\n<strong>Bloques Frente para la Victoria y Frente Justicialista Cumplir<\/strong><\/p>\n","protected":false},"excerpt":{"rendered":"<p>En la sesi\u00f3n del mi\u00e9rcoles 6 de marzo solicitamos se trate el proyecto de resoluci\u00f3n que presentamos, en el cual le pedimos al intendente Sr. Sergio Bordoni que arbitre los medios necesarios para que los lotes ubicados en la localidad de Tornquist (PROCREAR), que adquiri\u00f3 la gesti\u00f3n anterior, queden a disposici\u00f3n solamente de nuestros vecinos [&hellip;]<\/p>\n","protected":false},"author":3,"featured_media":0,"comment_status":"closed","ping_status":"open","sticky":false,"template":"","format":"standard","meta":{"footnotes":""},"categories":[24],"tags":[],"class_list":["post-29511","post","type-post","status-publish","format-standard","hentry","category-politica"],"yoast_head":"<!-- This site is optimized with the Yoast SEO plugin v25.9 - https:\/\/yoast.com\/wordpress\/plugins\/seo\/ -->\n<title>Proyecto de resoluci\u00f3n de los Bloques Frente para la Victoria y Frente Justicialista Cumplir - Noticias Radio Reflejos<\/title>\n<meta name=\"robots\" content=\"index, follow, max-snippet:-1, max-image-preview:large, max-video-preview:-1\" \/>\n<link rel=\"canonical\" href=\"https:\/\/www.noticiasradioreflejos.com.ar\/2021\/proyecto-de-resolucion-de-los-bloques-frente-para-la-victoria-y-frente-justicialista-cumplir\/\" \/>\n<meta property=\"og:locale\" content=\"es_ES\" \/>\n<meta property=\"og:type\" content=\"article\" \/>\n<meta property=\"og:title\" content=\"Proyecto de resoluci\u00f3n de los Bloques Frente para la Victoria y Frente Justicialista Cumplir - Noticias Radio Reflejos\" \/>\n<meta property=\"og:description\" content=\"En la sesi\u00f3n del mi\u00e9rcoles 6 de marzo solicitamos se trate el proyecto de resoluci\u00f3n que presentamos, en el cual le pedimos al intendente Sr. Sergio Bordoni que arbitre los medios necesarios para que los lotes ubicados en la localidad de Tornquist (PROCREAR), que adquiri\u00f3 la gesti\u00f3n anterior, queden a disposici\u00f3n solamente de nuestros vecinos [&hellip;]\" \/>\n<meta property=\"og:url\" content=\"https:\/\/www.noticiasradioreflejos.com.ar\/2021\/proyecto-de-resolucion-de-los-bloques-frente-para-la-victoria-y-frente-justicialista-cumplir\/\" \/>\n<meta property=\"og:site_name\" content=\"Noticias Radio Reflejos\" \/>\n<meta property=\"article:published_time\" content=\"2019-03-07T20:31:03+00:00\" \/>\n<meta property=\"og:image\" content=\"http:\/\/farm8.staticflickr.com\/7907\/46396890855_52defcd824.jpg\" \/>\n<meta name=\"author\" content=\"Arnaldo Botto\" \/>\n<meta name=\"twitter:card\" content=\"summary_large_image\" \/>\n<script type=\"application\/ld+json\" class=\"yoast-schema-graph\">{\"@context\":\"https:\/\/schema.org\",\"@graph\":[{\"@type\":\"WebPage\",\"@id\":\"https:\/\/www.noticiasradioreflejos.com.ar\/2021\/proyecto-de-resolucion-de-los-bloques-frente-para-la-victoria-y-frente-justicialista-cumplir\/\",\"url\":\"https:\/\/www.noticiasradioreflejos.com.ar\/2021\/proyecto-de-resolucion-de-los-bloques-frente-para-la-victoria-y-frente-justicialista-cumplir\/\",\"name\":\"Proyecto de resoluci\u00f3n de los Bloques Frente para la Victoria y Frente Justicialista Cumplir - Noticias Radio Reflejos\",\"isPartOf\":{\"@id\":\"https:\/\/www.noticiasradioreflejos.com.ar\/2021\/#website\"},\"primaryImageOfPage\":{\"@id\":\"https:\/\/www.noticiasradioreflejos.com.ar\/2021\/proyecto-de-resolucion-de-los-bloques-frente-para-la-victoria-y-frente-justicialista-cumplir\/#primaryimage\"},\"image\":{\"@id\":\"https:\/\/www.noticiasradioreflejos.com.ar\/2021\/proyecto-de-resolucion-de-los-bloques-frente-para-la-victoria-y-frente-justicialista-cumplir\/#primaryimage\"},\"thumbnailUrl\":\"http:\/\/farm8.staticflickr.com\/7907\/46396890855_52defcd824.jpg\",\"datePublished\":\"2019-03-07T20:31:03+00:00\",\"author\":{\"@id\":\"https:\/\/www.noticiasradioreflejos.com.ar\/2021\/#\/schema\/person\/ad82545263dcc5ec0996818884fd5fb1\"},\"breadcrumb\":{\"@id\":\"https:\/\/www.noticiasradioreflejos.com.ar\/2021\/proyecto-de-resolucion-de-los-bloques-frente-para-la-victoria-y-frente-justicialista-cumplir\/#breadcrumb\"},\"inLanguage\":\"es\",\"potentialAction\":[{\"@type\":\"ReadAction\",\"target\":[\"https:\/\/www.noticiasradioreflejos.com.ar\/2021\/proyecto-de-resolucion-de-los-bloques-frente-para-la-victoria-y-frente-justicialista-cumplir\/\"]}]},{\"@type\":\"ImageObject\",\"inLanguage\":\"es\",\"@id\":\"https:\/\/www.noticiasradioreflejos.com.ar\/2021\/proyecto-de-resolucion-de-los-bloques-frente-para-la-victoria-y-frente-justicialista-cumplir\/#primaryimage\",\"url\":\"http:\/\/farm8.staticflickr.com\/7907\/46396890855_52defcd824.jpg\",\"contentUrl\":\"http:\/\/farm8.staticflickr.com\/7907\/46396890855_52defcd824.jpg\"},{\"@type\":\"BreadcrumbList\",\"@id\":\"https:\/\/www.noticiasradioreflejos.com.ar\/2021\/proyecto-de-resolucion-de-los-bloques-frente-para-la-victoria-y-frente-justicialista-cumplir\/#breadcrumb\",\"itemListElement\":[{\"@type\":\"ListItem\",\"position\":1,\"name\":\"Portada\",\"item\":\"https:\/\/www.noticiasradioreflejos.com.ar\/2021\/\"},{\"@type\":\"ListItem\",\"position\":2,\"name\":\"Proyecto de resoluci\u00f3n de los Bloques Frente para la Victoria y Frente Justicialista Cumplir\"}]},{\"@type\":\"WebSite\",\"@id\":\"https:\/\/www.noticiasradioreflejos.com.ar\/2021\/#website\",\"url\":\"https:\/\/www.noticiasradioreflejos.com.ar\/2021\/\",\"name\":\"Noticias Radio Reflejos\",\"description\":\"Las noticias de mi comarca\",\"potentialAction\":[{\"@type\":\"SearchAction\",\"target\":{\"@type\":\"EntryPoint\",\"urlTemplate\":\"https:\/\/www.noticiasradioreflejos.com.ar\/2021\/?s={search_term_string}\"},\"query-input\":{\"@type\":\"PropertyValueSpecification\",\"valueRequired\":true,\"valueName\":\"search_term_string\"}}],\"inLanguage\":\"es\"},{\"@type\":\"Person\",\"@id\":\"https:\/\/www.noticiasradioreflejos.com.ar\/2021\/#\/schema\/person\/ad82545263dcc5ec0996818884fd5fb1\",\"name\":\"Arnaldo Botto\",\"image\":{\"@type\":\"ImageObject\",\"inLanguage\":\"es\",\"@id\":\"https:\/\/www.noticiasradioreflejos.com.ar\/2021\/#\/schema\/person\/image\/\",\"url\":\"https:\/\/secure.gravatar.com\/avatar\/55cb5e37c1efa326397366e6974cb338056df65cb50e7d64d1cf314e87504837?s=96&d=mm&r=g\",\"contentUrl\":\"https:\/\/secure.gravatar.com\/avatar\/55cb5e37c1efa326397366e6974cb338056df65cb50e7d64d1cf314e87504837?s=96&d=mm&r=g\",\"caption\":\"Arnaldo Botto\"},\"url\":\"https:\/\/www.noticiasradioreflejos.com.ar\/2021\/author\/arnaldo\/\"}]}<\/script>\n<!-- \/ Yoast SEO plugin. -->","yoast_head_json":{"title":"Proyecto de resoluci\u00f3n de los Bloques Frente para la Victoria y Frente Justicialista Cumplir - Noticias Radio Reflejos","robots":{"index":"index","follow":"follow","max-snippet":"max-snippet:-1","max-image-preview":"max-image-preview:large","max-video-preview":"max-video-preview:-1"},"canonical":"https:\/\/www.noticiasradioreflejos.com.ar\/2021\/proyecto-de-resolucion-de-los-bloques-frente-para-la-victoria-y-frente-justicialista-cumplir\/","og_locale":"es_ES","og_type":"article","og_title":"Proyecto de resoluci\u00f3n de los Bloques Frente para la Victoria y Frente Justicialista Cumplir - Noticias Radio Reflejos","og_description":"En la sesi\u00f3n del mi\u00e9rcoles 6 de marzo solicitamos se trate el proyecto de resoluci\u00f3n que presentamos, en el cual le pedimos al intendente Sr. Sergio Bordoni que arbitre los medios necesarios para que los lotes ubicados en la localidad de Tornquist (PROCREAR), que adquiri\u00f3 la gesti\u00f3n anterior, queden a disposici\u00f3n solamente de nuestros vecinos [&hellip;]","og_url":"https:\/\/www.noticiasradioreflejos.com.ar\/2021\/proyecto-de-resolucion-de-los-bloques-frente-para-la-victoria-y-frente-justicialista-cumplir\/","og_site_name":"Noticias Radio Reflejos","article_published_time":"2019-03-07T20:31:03+00:00","og_image":[{"url":"http:\/\/farm8.staticflickr.com\/7907\/46396890855_52defcd824.jpg","type":"","width":"","height":""}],"author":"Arnaldo Botto","twitter_card":"summary_large_image","schema":{"@context":"https:\/\/schema.org","@graph":[{"@type":"WebPage","@id":"https:\/\/www.noticiasradioreflejos.com.ar\/2021\/proyecto-de-resolucion-de-los-bloques-frente-para-la-victoria-y-frente-justicialista-cumplir\/","url":"https:\/\/www.noticiasradioreflejos.com.ar\/2021\/proyecto-de-resolucion-de-los-bloques-frente-para-la-victoria-y-frente-justicialista-cumplir\/","name":"Proyecto de resoluci\u00f3n de los Bloques Frente para la Victoria y Frente Justicialista Cumplir - Noticias Radio Reflejos","isPartOf":{"@id":"https:\/\/www.noticiasradioreflejos.com.ar\/2021\/#website"},"primaryImageOfPage":{"@id":"https:\/\/www.noticiasradioreflejos.com.ar\/2021\/proyecto-de-resolucion-de-los-bloques-frente-para-la-victoria-y-frente-justicialista-cumplir\/#primaryimage"},"image":{"@id":"https:\/\/www.noticiasradioreflejos.com.ar\/2021\/proyecto-de-resolucion-de-los-bloques-frente-para-la-victoria-y-frente-justicialista-cumplir\/#primaryimage"},"thumbnailUrl":"http:\/\/farm8.staticflickr.com\/7907\/46396890855_52defcd824.jpg","datePublished":"2019-03-07T20:31:03+00:00","author":{"@id":"https:\/\/www.noticiasradioreflejos.com.ar\/2021\/#\/schema\/person\/ad82545263dcc5ec0996818884fd5fb1"},"breadcrumb":{"@id":"https:\/\/www.noticiasradioreflejos.com.ar\/2021\/proyecto-de-resolucion-de-los-bloques-frente-para-la-victoria-y-frente-justicialista-cumplir\/#breadcrumb"},"inLanguage":"es","potentialAction":[{"@type":"ReadAction","target":["https:\/\/www.noticiasradioreflejos.com.ar\/2021\/proyecto-de-resolucion-de-los-bloques-frente-para-la-victoria-y-frente-justicialista-cumplir\/"]}]},{"@type":"ImageObject","inLanguage":"es","@id":"https:\/\/www.noticiasradioreflejos.com.ar\/2021\/proyecto-de-resolucion-de-los-bloques-frente-para-la-victoria-y-frente-justicialista-cumplir\/#primaryimage","url":"http:\/\/farm8.staticflickr.com\/7907\/46396890855_52defcd824.jpg","contentUrl":"http:\/\/farm8.staticflickr.com\/7907\/46396890855_52defcd824.jpg"},{"@type":"BreadcrumbList","@id":"https:\/\/www.noticiasradioreflejos.com.ar\/2021\/proyecto-de-resolucion-de-los-bloques-frente-para-la-victoria-y-frente-justicialista-cumplir\/#breadcrumb","itemListElement":[{"@type":"ListItem","position":1,"name":"Portada","item":"https:\/\/www.noticiasradioreflejos.com.ar\/2021\/"},{"@type":"ListItem","position":2,"name":"Proyecto de resoluci\u00f3n de los Bloques Frente para la Victoria y Frente Justicialista Cumplir"}]},{"@type":"WebSite","@id":"https:\/\/www.noticiasradioreflejos.com.ar\/2021\/#website","url":"https:\/\/www.noticiasradioreflejos.com.ar\/2021\/","name":"Noticias Radio Reflejos","description":"Las noticias de mi comarca","potentialAction":[{"@type":"SearchAction","target":{"@type":"EntryPoint","urlTemplate":"https:\/\/www.noticiasradioreflejos.com.ar\/2021\/?s={search_term_string}"},"query-input":{"@type":"PropertyValueSpecification","valueRequired":true,"valueName":"search_term_string"}}],"inLanguage":"es"},{"@type":"Person","@id":"https:\/\/www.noticiasradioreflejos.com.ar\/2021\/#\/schema\/person\/ad82545263dcc5ec0996818884fd5fb1","name":"Arnaldo Botto","image":{"@type":"ImageObject","inLanguage":"es","@id":"https:\/\/www.noticiasradioreflejos.com.ar\/2021\/#\/schema\/person\/image\/","url":"https:\/\/secure.gravatar.com\/avatar\/55cb5e37c1efa326397366e6974cb338056df65cb50e7d64d1cf314e87504837?s=96&d=mm&r=g","contentUrl":"https:\/\/secure.gravatar.com\/avatar\/55cb5e37c1efa326397366e6974cb338056df65cb50e7d64d1cf314e87504837?s=96&d=mm&r=g","caption":"Arnaldo Botto"},"url":"https:\/\/www.noticiasradioreflejos.com.ar\/2021\/author\/arnaldo\/"}]}},"_links":{"self":[{"href":"https:\/\/www.noticiasradioreflejos.com.ar\/2021\/wp-json\/wp\/v2\/posts\/29511","targetHints":{"allow":["GET"]}}],"collection":[{"href":"https:\/\/www.noticiasradioreflejos.com.ar\/2021\/wp-json\/wp\/v2\/posts"}],"about":[{"href":"https:\/\/www.noticiasradioreflejos.com.ar\/2021\/wp-json\/wp\/v2\/types\/post"}],"author":[{"embeddable":true,"href":"https:\/\/www.noticiasradioreflejos.com.ar\/2021\/wp-json\/wp\/v2\/users\/3"}],"replies":[{"embeddable":true,"href":"https:\/\/www.noticiasradioreflejos.com.ar\/2021\/wp-json\/wp\/v2\/comments?post=29511"}],"version-history":[{"count":0,"href":"https:\/\/www.noticiasradioreflejos.com.ar\/2021\/wp-json\/wp\/v2\/posts\/29511\/revisions"}],"wp:attachment":[{"href":"https:\/\/www.noticiasradioreflejos.com.ar\/2021\/wp-json\/wp\/v2\/media?parent=29511"}],"wp:term":[{"taxonomy":"category","embeddable":true,"href":"https:\/\/www.noticiasradioreflejos.com.ar\/2021\/wp-json\/wp\/v2\/categories?post=29511"},{"taxonomy":"post_tag","embeddable":true,"href":"https:\/\/www.noticiasradioreflejos.com.ar\/2021\/wp-json\/wp\/v2\/tags?post=29511"}],"curies":[{"name":"wp","href":"https:\/\/api.w.org\/{rel}","templated":true}]}}