{"id":29509,"date":"2019-03-07T17:27:39","date_gmt":"2019-03-07T20:27:39","guid":{"rendered":"http:\/\/www.noticiasradioreflejos.com.ar\/noticias\/?p=29509"},"modified":"2019-03-07T17:27:39","modified_gmt":"2019-03-07T20:27:39","slug":"atencion-de-consultorios-en-el-hospital-castro-y-caps-de-tornquist","status":"publish","type":"post","link":"https:\/\/www.noticiasradioreflejos.com.ar\/2021\/atencion-de-consultorios-en-el-hospital-castro-y-caps-de-tornquist\/","title":{"rendered":"Atenci\u00f3n de consultorios en el hospital Castro y CAPS de Tornquist"},"content":{"rendered":"<p>En el hospital municipal y los CAPS se brindan servicios de medicina general a cargo de profesionales m\u00e9dicos, en donde se puede recibir una atenci\u00f3n m\u00e1s acorde y personalizada.<br \/>\nA continuaci\u00f3n detallamos el cronograma de atenci\u00f3n de los consultorios de demanda espont\u00e1nea:<!--more--><br \/>\n<strong><br \/>\nCL\u00cdNICA Y FAMILIAR:<\/strong><br \/>\nLUNES<br \/>\nSALA SUR: Medicina CLINICA &#8211; 13:00 a 16:00 &#8211; Dra. Cecilia Antinori<br \/>\nSALA NORTE: Med. CLINICA &#8211; 9:00 a 12:00 &#8211; Dra. Anabela Brugniere<br \/>\nHOSPITAL: Med. CLINICA &#8211; 14:00 a 17:00 &#8211; Dra. Valeria Santa Cruz<br \/>\nMARTES<br \/>\nSALA SUR: Med. FAMILIAR &#8211; 13:00 a 16:00 &#8211; Dra. Valeria Santa Cruz<br \/>\nSALA NORTE: Med. FAMILIAR &#8211; 09:00 a 12:00 &#8211; Dra. Valeria Santa Cruz.<br \/>\nMIERCOLES<br \/>\nSALA SUR: Medicina CLINICA &#8211; 13:00 a 16:00 &#8211; Dra. Cecilia Antinori<br \/>\nHOSPITAL: Med. CLINICA &#8211; 14:00 a 17:00 &#8211; Dra. Valeria Santa Cruz<br \/>\nJUEVES<br \/>\nHOSPITAL: Med. CLINICO &#8211; 13:00 a 16:00 &#8211; Dr. Gustavo Freitas<br \/>\nVIERNES<br \/>\nSALA SUR: Medicina CLINICA &#8211; 13:00 a 16:00 &#8211; Dra. Cecilia Antinori<br \/>\nHOSPITAL: Med. CLINICA &#8211; 13: a 15:00 &#8211; Dra. Juliana Martins<br \/>\n<strong>PEDIATRIA:<\/strong><br \/>\nLUNES<br \/>\nSALA SUR: 8:30 a 12:00 &#8211; Dra. Virginia Loffredo<br \/>\nSALA NORTE: 15:15 a 18:00 &#8211; Dra. Natalia Rouco<br \/>\nHOSPITAL: 9:00 a 12:00 &#8211; Dra. Geraldina Gribaldo y de<br \/>\n                13:15 a 16:00 &#8211; Dra. Natalia Rouco<br \/>\nMARTES<br \/>\nSALA NORTE: 9:00 a 11:00 &#8211; Dra. Geraldina Gribaldo<br \/>\nHOSPITAL: 9:00 a 12:00 &#8211; Dra. Virginia Loffredo<br \/>\nMIERCOLES<br \/>\nSALA SUR: 8:30 a 12:00 &#8211; Dra. Virginia Loffredo<br \/>\nSALA NORTE: 12:30 a 15:00 &#8211; Dra. Natalia Rouco<br \/>\nHOSPITAL: 9:00 a 12:00 &#8211; Dra. Geraldina Gribaldo y de<br \/>\n                15:15 a 18:00 &#8211; Dra. Natalia Rouco<br \/>\nJUEVES<br \/>\nSALA SUR: 8:00 &#8211; Dra. Natalia Rouco<br \/>\nSALA NORTE: 9:00 a 11:00 &#8211; Dra. Geraldina Gribaldo<br \/>\nHOSPITAL: 9:00 a 12:00 &#8211; Dra. Virginia Loffredo<br \/>\nVIERNES<br \/>\nSALA NORTE: viernes por medio Dra. Geraldina Gribaldo<br \/>\nHOSPITAL: 9:00 a 12:00 &#8211; Dra. Geraldina Gribaldo \/ Dra. Virginia Loffredo<\/p>\n","protected":false},"excerpt":{"rendered":"<p>En el hospital municipal y los CAPS se brindan servicios de medicina general a cargo de profesionales m\u00e9dicos, en donde se puede recibir una atenci\u00f3n m\u00e1s acorde y personalizada. A continuaci\u00f3n detallamos el cronograma de atenci\u00f3n de los consultorios de demanda espont\u00e1nea:<\/p>\n","protected":false},"author":3,"featured_media":14301,"comment_status":"closed","ping_status":"open","sticky":false,"template":"","format":"standard","meta":{"footnotes":""},"categories":[30],"tags":[],"class_list":["post-29509","post","type-post","status-publish","format-standard","has-post-thumbnail","hentry","category-salud"],"yoast_head":"<!-- This site is optimized with the Yoast SEO plugin v25.9 - https:\/\/yoast.com\/wordpress\/plugins\/seo\/ -->\n<title>Atenci\u00f3n de consultorios en el hospital Castro y CAPS de Tornquist - Noticias Radio Reflejos<\/title>\n<meta name=\"robots\" content=\"index, follow, max-snippet:-1, max-image-preview:large, max-video-preview:-1\" \/>\n<link rel=\"canonical\" href=\"https:\/\/www.noticiasradioreflejos.com.ar\/2021\/atencion-de-consultorios-en-el-hospital-castro-y-caps-de-tornquist\/\" \/>\n<meta property=\"og:locale\" content=\"es_ES\" \/>\n<meta property=\"og:type\" content=\"article\" \/>\n<meta property=\"og:title\" content=\"Atenci\u00f3n de consultorios en el hospital Castro y CAPS de Tornquist - Noticias Radio Reflejos\" \/>\n<meta property=\"og:description\" content=\"En el hospital municipal y los CAPS se brindan servicios de medicina general a cargo de profesionales m\u00e9dicos, en donde se puede recibir una atenci\u00f3n m\u00e1s acorde y personalizada. A continuaci\u00f3n detallamos el cronograma de atenci\u00f3n de los consultorios de demanda espont\u00e1nea:\" \/>\n<meta property=\"og:url\" content=\"https:\/\/www.noticiasradioreflejos.com.ar\/2021\/atencion-de-consultorios-en-el-hospital-castro-y-caps-de-tornquist\/\" \/>\n<meta property=\"og:site_name\" content=\"Noticias Radio Reflejos\" \/>\n<meta property=\"article:published_time\" content=\"2019-03-07T20:27:39+00:00\" \/>\n<meta property=\"og:image\" content=\"https:\/\/www.noticiasradioreflejos.com.ar\/2021\/wp-content\/uploads\/2017\/09\/Hospital-con-ambulancia.jpg\" \/>\n\t<meta property=\"og:image:width\" content=\"700\" \/>\n\t<meta property=\"og:image:height\" content=\"467\" \/>\n\t<meta property=\"og:image:type\" content=\"image\/jpeg\" \/>\n<meta name=\"author\" content=\"Arnaldo Botto\" \/>\n<meta name=\"twitter:card\" content=\"summary_large_image\" \/>\n<script type=\"application\/ld+json\" class=\"yoast-schema-graph\">{\"@context\":\"https:\/\/schema.org\",\"@graph\":[{\"@type\":\"WebPage\",\"@id\":\"https:\/\/www.noticiasradioreflejos.com.ar\/2021\/atencion-de-consultorios-en-el-hospital-castro-y-caps-de-tornquist\/\",\"url\":\"https:\/\/www.noticiasradioreflejos.com.ar\/2021\/atencion-de-consultorios-en-el-hospital-castro-y-caps-de-tornquist\/\",\"name\":\"Atenci\u00f3n de consultorios en el hospital Castro y CAPS de Tornquist - Noticias Radio Reflejos\",\"isPartOf\":{\"@id\":\"https:\/\/www.noticiasradioreflejos.com.ar\/2021\/#website\"},\"primaryImageOfPage\":{\"@id\":\"https:\/\/www.noticiasradioreflejos.com.ar\/2021\/atencion-de-consultorios-en-el-hospital-castro-y-caps-de-tornquist\/#primaryimage\"},\"image\":{\"@id\":\"https:\/\/www.noticiasradioreflejos.com.ar\/2021\/atencion-de-consultorios-en-el-hospital-castro-y-caps-de-tornquist\/#primaryimage\"},\"thumbnailUrl\":\"https:\/\/www.noticiasradioreflejos.com.ar\/2021\/wp-content\/uploads\/2017\/09\/Hospital-con-ambulancia.jpg\",\"datePublished\":\"2019-03-07T20:27:39+00:00\",\"author\":{\"@id\":\"https:\/\/www.noticiasradioreflejos.com.ar\/2021\/#\/schema\/person\/ad82545263dcc5ec0996818884fd5fb1\"},\"breadcrumb\":{\"@id\":\"https:\/\/www.noticiasradioreflejos.com.ar\/2021\/atencion-de-consultorios-en-el-hospital-castro-y-caps-de-tornquist\/#breadcrumb\"},\"inLanguage\":\"es\",\"potentialAction\":[{\"@type\":\"ReadAction\",\"target\":[\"https:\/\/www.noticiasradioreflejos.com.ar\/2021\/atencion-de-consultorios-en-el-hospital-castro-y-caps-de-tornquist\/\"]}]},{\"@type\":\"ImageObject\",\"inLanguage\":\"es\",\"@id\":\"https:\/\/www.noticiasradioreflejos.com.ar\/2021\/atencion-de-consultorios-en-el-hospital-castro-y-caps-de-tornquist\/#primaryimage\",\"url\":\"https:\/\/www.noticiasradioreflejos.com.ar\/2021\/wp-content\/uploads\/2017\/09\/Hospital-con-ambulancia.jpg\",\"contentUrl\":\"https:\/\/www.noticiasradioreflejos.com.ar\/2021\/wp-content\/uploads\/2017\/09\/Hospital-con-ambulancia.jpg\",\"width\":700,\"height\":467},{\"@type\":\"BreadcrumbList\",\"@id\":\"https:\/\/www.noticiasradioreflejos.com.ar\/2021\/atencion-de-consultorios-en-el-hospital-castro-y-caps-de-tornquist\/#breadcrumb\",\"itemListElement\":[{\"@type\":\"ListItem\",\"position\":1,\"name\":\"Portada\",\"item\":\"https:\/\/www.noticiasradioreflejos.com.ar\/2021\/\"},{\"@type\":\"ListItem\",\"position\":2,\"name\":\"Atenci\u00f3n de consultorios en el hospital Castro y CAPS de Tornquist\"}]},{\"@type\":\"WebSite\",\"@id\":\"https:\/\/www.noticiasradioreflejos.com.ar\/2021\/#website\",\"url\":\"https:\/\/www.noticiasradioreflejos.com.ar\/2021\/\",\"name\":\"Noticias Radio Reflejos\",\"description\":\"Las noticias de mi comarca\",\"potentialAction\":[{\"@type\":\"SearchAction\",\"target\":{\"@type\":\"EntryPoint\",\"urlTemplate\":\"https:\/\/www.noticiasradioreflejos.com.ar\/2021\/?s={search_term_string}\"},\"query-input\":{\"@type\":\"PropertyValueSpecification\",\"valueRequired\":true,\"valueName\":\"search_term_string\"}}],\"inLanguage\":\"es\"},{\"@type\":\"Person\",\"@id\":\"https:\/\/www.noticiasradioreflejos.com.ar\/2021\/#\/schema\/person\/ad82545263dcc5ec0996818884fd5fb1\",\"name\":\"Arnaldo Botto\",\"image\":{\"@type\":\"ImageObject\",\"inLanguage\":\"es\",\"@id\":\"https:\/\/www.noticiasradioreflejos.com.ar\/2021\/#\/schema\/person\/image\/\",\"url\":\"https:\/\/secure.gravatar.com\/avatar\/55cb5e37c1efa326397366e6974cb338056df65cb50e7d64d1cf314e87504837?s=96&d=mm&r=g\",\"contentUrl\":\"https:\/\/secure.gravatar.com\/avatar\/55cb5e37c1efa326397366e6974cb338056df65cb50e7d64d1cf314e87504837?s=96&d=mm&r=g\",\"caption\":\"Arnaldo Botto\"},\"url\":\"https:\/\/www.noticiasradioreflejos.com.ar\/2021\/author\/arnaldo\/\"}]}<\/script>\n<!-- \/ Yoast SEO plugin. -->","yoast_head_json":{"title":"Atenci\u00f3n de consultorios en el hospital Castro y CAPS de Tornquist - Noticias Radio Reflejos","robots":{"index":"index","follow":"follow","max-snippet":"max-snippet:-1","max-image-preview":"max-image-preview:large","max-video-preview":"max-video-preview:-1"},"canonical":"https:\/\/www.noticiasradioreflejos.com.ar\/2021\/atencion-de-consultorios-en-el-hospital-castro-y-caps-de-tornquist\/","og_locale":"es_ES","og_type":"article","og_title":"Atenci\u00f3n de consultorios en el hospital Castro y CAPS de Tornquist - Noticias Radio Reflejos","og_description":"En el hospital municipal y los CAPS se brindan servicios de medicina general a cargo de profesionales m\u00e9dicos, en donde se puede recibir una atenci\u00f3n m\u00e1s acorde y personalizada. A continuaci\u00f3n detallamos el cronograma de atenci\u00f3n de los consultorios de demanda espont\u00e1nea:","og_url":"https:\/\/www.noticiasradioreflejos.com.ar\/2021\/atencion-de-consultorios-en-el-hospital-castro-y-caps-de-tornquist\/","og_site_name":"Noticias Radio Reflejos","article_published_time":"2019-03-07T20:27:39+00:00","og_image":[{"width":700,"height":467,"url":"https:\/\/www.noticiasradioreflejos.com.ar\/2021\/wp-content\/uploads\/2017\/09\/Hospital-con-ambulancia.jpg","type":"image\/jpeg"}],"author":"Arnaldo Botto","twitter_card":"summary_large_image","schema":{"@context":"https:\/\/schema.org","@graph":[{"@type":"WebPage","@id":"https:\/\/www.noticiasradioreflejos.com.ar\/2021\/atencion-de-consultorios-en-el-hospital-castro-y-caps-de-tornquist\/","url":"https:\/\/www.noticiasradioreflejos.com.ar\/2021\/atencion-de-consultorios-en-el-hospital-castro-y-caps-de-tornquist\/","name":"Atenci\u00f3n de consultorios en el hospital Castro y CAPS de Tornquist - Noticias Radio Reflejos","isPartOf":{"@id":"https:\/\/www.noticiasradioreflejos.com.ar\/2021\/#website"},"primaryImageOfPage":{"@id":"https:\/\/www.noticiasradioreflejos.com.ar\/2021\/atencion-de-consultorios-en-el-hospital-castro-y-caps-de-tornquist\/#primaryimage"},"image":{"@id":"https:\/\/www.noticiasradioreflejos.com.ar\/2021\/atencion-de-consultorios-en-el-hospital-castro-y-caps-de-tornquist\/#primaryimage"},"thumbnailUrl":"https:\/\/www.noticiasradioreflejos.com.ar\/2021\/wp-content\/uploads\/2017\/09\/Hospital-con-ambulancia.jpg","datePublished":"2019-03-07T20:27:39+00:00","author":{"@id":"https:\/\/www.noticiasradioreflejos.com.ar\/2021\/#\/schema\/person\/ad82545263dcc5ec0996818884fd5fb1"},"breadcrumb":{"@id":"https:\/\/www.noticiasradioreflejos.com.ar\/2021\/atencion-de-consultorios-en-el-hospital-castro-y-caps-de-tornquist\/#breadcrumb"},"inLanguage":"es","potentialAction":[{"@type":"ReadAction","target":["https:\/\/www.noticiasradioreflejos.com.ar\/2021\/atencion-de-consultorios-en-el-hospital-castro-y-caps-de-tornquist\/"]}]},{"@type":"ImageObject","inLanguage":"es","@id":"https:\/\/www.noticiasradioreflejos.com.ar\/2021\/atencion-de-consultorios-en-el-hospital-castro-y-caps-de-tornquist\/#primaryimage","url":"https:\/\/www.noticiasradioreflejos.com.ar\/2021\/wp-content\/uploads\/2017\/09\/Hospital-con-ambulancia.jpg","contentUrl":"https:\/\/www.noticiasradioreflejos.com.ar\/2021\/wp-content\/uploads\/2017\/09\/Hospital-con-ambulancia.jpg","width":700,"height":467},{"@type":"BreadcrumbList","@id":"https:\/\/www.noticiasradioreflejos.com.ar\/2021\/atencion-de-consultorios-en-el-hospital-castro-y-caps-de-tornquist\/#breadcrumb","itemListElement":[{"@type":"ListItem","position":1,"name":"Portada","item":"https:\/\/www.noticiasradioreflejos.com.ar\/2021\/"},{"@type":"ListItem","position":2,"name":"Atenci\u00f3n de consultorios en el hospital Castro y CAPS de Tornquist"}]},{"@type":"WebSite","@id":"https:\/\/www.noticiasradioreflejos.com.ar\/2021\/#website","url":"https:\/\/www.noticiasradioreflejos.com.ar\/2021\/","name":"Noticias Radio Reflejos","description":"Las noticias de mi comarca","potentialAction":[{"@type":"SearchAction","target":{"@type":"EntryPoint","urlTemplate":"https:\/\/www.noticiasradioreflejos.com.ar\/2021\/?s={search_term_string}"},"query-input":{"@type":"PropertyValueSpecification","valueRequired":true,"valueName":"search_term_string"}}],"inLanguage":"es"},{"@type":"Person","@id":"https:\/\/www.noticiasradioreflejos.com.ar\/2021\/#\/schema\/person\/ad82545263dcc5ec0996818884fd5fb1","name":"Arnaldo Botto","image":{"@type":"ImageObject","inLanguage":"es","@id":"https:\/\/www.noticiasradioreflejos.com.ar\/2021\/#\/schema\/person\/image\/","url":"https:\/\/secure.gravatar.com\/avatar\/55cb5e37c1efa326397366e6974cb338056df65cb50e7d64d1cf314e87504837?s=96&d=mm&r=g","contentUrl":"https:\/\/secure.gravatar.com\/avatar\/55cb5e37c1efa326397366e6974cb338056df65cb50e7d64d1cf314e87504837?s=96&d=mm&r=g","caption":"Arnaldo Botto"},"url":"https:\/\/www.noticiasradioreflejos.com.ar\/2021\/author\/arnaldo\/"}]}},"_links":{"self":[{"href":"https:\/\/www.noticiasradioreflejos.com.ar\/2021\/wp-json\/wp\/v2\/posts\/29509","targetHints":{"allow":["GET"]}}],"collection":[{"href":"https:\/\/www.noticiasradioreflejos.com.ar\/2021\/wp-json\/wp\/v2\/posts"}],"about":[{"href":"https:\/\/www.noticiasradioreflejos.com.ar\/2021\/wp-json\/wp\/v2\/types\/post"}],"author":[{"embeddable":true,"href":"https:\/\/www.noticiasradioreflejos.com.ar\/2021\/wp-json\/wp\/v2\/users\/3"}],"replies":[{"embeddable":true,"href":"https:\/\/www.noticiasradioreflejos.com.ar\/2021\/wp-json\/wp\/v2\/comments?post=29509"}],"version-history":[{"count":0,"href":"https:\/\/www.noticiasradioreflejos.com.ar\/2021\/wp-json\/wp\/v2\/posts\/29509\/revisions"}],"wp:featuredmedia":[{"embeddable":true,"href":"https:\/\/www.noticiasradioreflejos.com.ar\/2021\/wp-json\/wp\/v2\/media\/14301"}],"wp:attachment":[{"href":"https:\/\/www.noticiasradioreflejos.com.ar\/2021\/wp-json\/wp\/v2\/media?parent=29509"}],"wp:term":[{"taxonomy":"category","embeddable":true,"href":"https:\/\/www.noticiasradioreflejos.com.ar\/2021\/wp-json\/wp\/v2\/categories?post=29509"},{"taxonomy":"post_tag","embeddable":true,"href":"https:\/\/www.noticiasradioreflejos.com.ar\/2021\/wp-json\/wp\/v2\/tags?post=29509"}],"curies":[{"name":"wp","href":"https:\/\/api.w.org\/{rel}","templated":true}]}}