{"id":29504,"date":"2019-03-07T18:27:02","date_gmt":"2019-03-07T21:27:02","guid":{"rendered":"http:\/\/www.noticiasradioreflejos.com.ar\/noticias\/?p=29504"},"modified":"2019-03-07T18:27:02","modified_gmt":"2019-03-07T21:27:02","slug":"vamos-por-muy-buen-puerto-con-las-investigaciones-sergio-bordoni","status":"publish","type":"post","link":"https:\/\/www.noticiasradioreflejos.com.ar\/2021\/vamos-por-muy-buen-puerto-con-las-investigaciones-sergio-bordoni\/","title":{"rendered":"&quot;Vamos por muy buen puerto con las investigaciones&quot; &#8211; Sergio Bordoni."},"content":{"rendered":"<p>En una amplia charla telef\u00f3nica, el Intendente de Tornquist Sergio Bordoni nos brind\u00f3 respuestas por temas de inter\u00e9s para toda la comunidad.<br \/>\nInicialmente, en relaci\u00f3n a la apertura de la Carrera Universitaria de Corredor y Martillero p\u00fablico en Saldungaray, que tuvo lugar ayer, con la presencia del Rector de la UPSO Hern\u00e1n Vigier, del intendente y de autoridades comunales y\u00a0 de educaci\u00f3n, Bordini manifest\u00f3: <strong>\u00abEs un paso trascendental por la educaci\u00f3n\u00bb<\/strong>. Posteriormente, respondi\u00f3 a varios temas, entre ellos, urbanizaci\u00f3n, erradicaci\u00f3n de los basurales a cielo abierto y seguridad, donde asegur\u00f3: <strong>\u00abVamos por muy buen puerto con las investigaciones\u00bb<\/strong>, atendiendo a las consultas que le realizamos, sobre nuevas c\u00e1maras, fondos y buzones antinarco.<!--more--><br \/>\n\u00abNo llena de satisfacci\u00f3n la gran cantidad de gente que se vino a anotar\u00bb apunt\u00f3 inicialmente el intendente, al referirse a los 81 inscriptos, oriundos de diferentes puntos de la regi\u00f3n, para la carrera universitaria que ayer di\u00f3 inicio en Saldungaray. \u00abVa a ser una salida laboral para mucha gente que antes no tuvo la oportunidad\u00bb manifest\u00f3 Bordoni que adelanta que habr\u00e1 muchas otras carreras en el futuro.<br \/>\nEl jefe comunal asegur\u00f3 que el municipio consigui\u00f3 por la ley de plusval\u00eda 220 terrenos en un nuevo loteo, los que se pretenden cambiar por otros ubicados en otra zona, para la construcci\u00f3n de viviendas sociales, con esto llega la expresi\u00f3n \u00abSierra de la Ventana, Saldungaray y Villa Ventana no tienen techo\u00bb en referencia al exponencial crecimiento que que avizora en este sector de la regi\u00f3n.<br \/>\nEn referencia a la expansi\u00f3n urbana de la localidad de Sierra de la Ventana, el intendente informa de negociaciones que se realizar\u00e1n con un canje de tierras municipales de unos 150 hect\u00e1reas, que se ubican en el sector de las sierras por tierras linderas al casco urbano que permitir\u00edan la construcci\u00f3n de viviendas.<br \/>\nM\u00e1s adelante, Bordoni se refiri\u00f3 a otras obras, principalmente al anuncio de erradicaci\u00f3n de los basurales a cielo abierto de Sierra de la Ventana y Tornquist, para lo cual, el municipio tom\u00f3 un cr\u00e9dito blando, explicando el proyecto de traslado del aeroclub de Tornquist para permitir la construcci\u00f3n de una planta de tratamiento en el sector. Hizo tambi\u00e9n referencia a la gesti\u00f3n de finalizaci\u00f3n de la obra de agua en Villa Ventana, donde destac\u00f3:\u00bbhoy funcionan las 6 bombas de impulsi\u00f3n en forma autom\u00e1tica, sin necesidad que vayan los empleados a controlar, y tuvimos un a\u00f1o de sequ\u00eda\u00bb destacando as\u00ed el buen funcionamiento de todo el sistema de aguas corrientes en la Villa.<br \/>\nEn relaci\u00f3n a los reclamos por los hechos de inseguridad en Sierra de la Ventana, Bordoni fu\u00e9 contundente al referirse a que la polic\u00eda tiene pistas firme y que el caso de <strong>Juan Simon<\/strong> se est\u00e1 a punto de esclarecer, que habr\u00e1 noticias pronto de la polic\u00eda sobre este y otros casos y que entre el lunes 11 y martes 12 se reunir\u00e1 en Sierra de la Ventana con las instituciones y vecinos para tratar el tema de la seguridad. Tambi\u00e9n el jefe comunal hizo un detalle de los avances en proyectos de instalaci\u00f3n y reubicaci\u00f3n de c\u00e1maras en la localidad.<br \/>\nFinalmente ante la consulta de oyentes asegur\u00f3 que se comprar\u00e1n e instalaran a la brevedad los buzones antinarco.<br \/>\n<iframe loading=\"lazy\" src=\"https:\/\/w.soundcloud.com\/player\/?url=https%3A\/\/api.soundcloud.com\/tracks\/586342632&amp;color=%23ff5500&amp;auto_play=false&amp;hide_related=false&amp;show_comments=true&amp;show_user=true&amp;show_reposts=false&amp;show_teaser=true\" width=\"100%\" height=\"166\" frameborder=\"no\" scrolling=\"no\"><\/iframe><\/p>\n","protected":false},"excerpt":{"rendered":"<p>En una amplia charla telef\u00f3nica, el Intendente de Tornquist Sergio Bordoni nos brind\u00f3 respuestas por temas de inter\u00e9s para toda la comunidad. Inicialmente, en relaci\u00f3n a la apertura de la Carrera Universitaria de Corredor y Martillero p\u00fablico en Saldungaray, que tuvo lugar ayer, con la presencia del Rector de la UPSO Hern\u00e1n Vigier, del intendente [&hellip;]<\/p>\n","protected":false},"author":3,"featured_media":0,"comment_status":"closed","ping_status":"open","sticky":false,"template":"","format":"standard","meta":{"footnotes":""},"categories":[28],"tags":[],"class_list":["post-29504","post","type-post","status-publish","format-standard","hentry","category-municipales"],"yoast_head":"<!-- This site is optimized with the Yoast SEO plugin v25.9 - https:\/\/yoast.com\/wordpress\/plugins\/seo\/ -->\n<title>&quot;Vamos por muy buen puerto con las investigaciones&quot; - Sergio Bordoni. - Noticias Radio Reflejos<\/title>\n<meta name=\"robots\" content=\"index, follow, max-snippet:-1, max-image-preview:large, max-video-preview:-1\" \/>\n<link rel=\"canonical\" href=\"https:\/\/www.noticiasradioreflejos.com.ar\/2021\/vamos-por-muy-buen-puerto-con-las-investigaciones-sergio-bordoni\/\" \/>\n<meta property=\"og:locale\" content=\"es_ES\" \/>\n<meta property=\"og:type\" content=\"article\" \/>\n<meta property=\"og:title\" content=\"&quot;Vamos por muy buen puerto con las investigaciones&quot; - Sergio Bordoni. - Noticias Radio Reflejos\" \/>\n<meta property=\"og:description\" content=\"En una amplia charla telef\u00f3nica, el Intendente de Tornquist Sergio Bordoni nos brind\u00f3 respuestas por temas de inter\u00e9s para toda la comunidad. Inicialmente, en relaci\u00f3n a la apertura de la Carrera Universitaria de Corredor y Martillero p\u00fablico en Saldungaray, que tuvo lugar ayer, con la presencia del Rector de la UPSO Hern\u00e1n Vigier, del intendente [&hellip;]\" \/>\n<meta property=\"og:url\" content=\"https:\/\/www.noticiasradioreflejos.com.ar\/2021\/vamos-por-muy-buen-puerto-con-las-investigaciones-sergio-bordoni\/\" \/>\n<meta property=\"og:site_name\" content=\"Noticias Radio Reflejos\" \/>\n<meta property=\"article:published_time\" content=\"2019-03-07T21:27:02+00:00\" \/>\n<meta property=\"og:image\" content=\"https:\/\/www.noticiasradioreflejos.com.ar\/2021\/wp-content\/uploads\/2021\/07\/logosol300x200.png\" \/>\n\t<meta property=\"og:image:width\" content=\"300\" \/>\n\t<meta property=\"og:image:height\" content=\"200\" \/>\n\t<meta property=\"og:image:type\" content=\"image\/png\" \/>\n<meta name=\"author\" content=\"Arnaldo Botto\" \/>\n<meta name=\"twitter:card\" content=\"summary_large_image\" \/>\n<script type=\"application\/ld+json\" class=\"yoast-schema-graph\">{\"@context\":\"https:\/\/schema.org\",\"@graph\":[{\"@type\":\"WebPage\",\"@id\":\"https:\/\/www.noticiasradioreflejos.com.ar\/2021\/vamos-por-muy-buen-puerto-con-las-investigaciones-sergio-bordoni\/\",\"url\":\"https:\/\/www.noticiasradioreflejos.com.ar\/2021\/vamos-por-muy-buen-puerto-con-las-investigaciones-sergio-bordoni\/\",\"name\":\"&quot;Vamos por muy buen puerto con las investigaciones&quot; - Sergio Bordoni. - Noticias Radio Reflejos\",\"isPartOf\":{\"@id\":\"https:\/\/www.noticiasradioreflejos.com.ar\/2021\/#website\"},\"datePublished\":\"2019-03-07T21:27:02+00:00\",\"author\":{\"@id\":\"https:\/\/www.noticiasradioreflejos.com.ar\/2021\/#\/schema\/person\/ad82545263dcc5ec0996818884fd5fb1\"},\"breadcrumb\":{\"@id\":\"https:\/\/www.noticiasradioreflejos.com.ar\/2021\/vamos-por-muy-buen-puerto-con-las-investigaciones-sergio-bordoni\/#breadcrumb\"},\"inLanguage\":\"es\",\"potentialAction\":[{\"@type\":\"ReadAction\",\"target\":[\"https:\/\/www.noticiasradioreflejos.com.ar\/2021\/vamos-por-muy-buen-puerto-con-las-investigaciones-sergio-bordoni\/\"]}]},{\"@type\":\"BreadcrumbList\",\"@id\":\"https:\/\/www.noticiasradioreflejos.com.ar\/2021\/vamos-por-muy-buen-puerto-con-las-investigaciones-sergio-bordoni\/#breadcrumb\",\"itemListElement\":[{\"@type\":\"ListItem\",\"position\":1,\"name\":\"Portada\",\"item\":\"https:\/\/www.noticiasradioreflejos.com.ar\/2021\/\"},{\"@type\":\"ListItem\",\"position\":2,\"name\":\"&quot;Vamos por muy buen puerto con las investigaciones&quot; &#8211; Sergio Bordoni.\"}]},{\"@type\":\"WebSite\",\"@id\":\"https:\/\/www.noticiasradioreflejos.com.ar\/2021\/#website\",\"url\":\"https:\/\/www.noticiasradioreflejos.com.ar\/2021\/\",\"name\":\"Noticias Radio Reflejos\",\"description\":\"Las noticias de mi comarca\",\"potentialAction\":[{\"@type\":\"SearchAction\",\"target\":{\"@type\":\"EntryPoint\",\"urlTemplate\":\"https:\/\/www.noticiasradioreflejos.com.ar\/2021\/?s={search_term_string}\"},\"query-input\":{\"@type\":\"PropertyValueSpecification\",\"valueRequired\":true,\"valueName\":\"search_term_string\"}}],\"inLanguage\":\"es\"},{\"@type\":\"Person\",\"@id\":\"https:\/\/www.noticiasradioreflejos.com.ar\/2021\/#\/schema\/person\/ad82545263dcc5ec0996818884fd5fb1\",\"name\":\"Arnaldo Botto\",\"image\":{\"@type\":\"ImageObject\",\"inLanguage\":\"es\",\"@id\":\"https:\/\/www.noticiasradioreflejos.com.ar\/2021\/#\/schema\/person\/image\/\",\"url\":\"https:\/\/secure.gravatar.com\/avatar\/55cb5e37c1efa326397366e6974cb338056df65cb50e7d64d1cf314e87504837?s=96&d=mm&r=g\",\"contentUrl\":\"https:\/\/secure.gravatar.com\/avatar\/55cb5e37c1efa326397366e6974cb338056df65cb50e7d64d1cf314e87504837?s=96&d=mm&r=g\",\"caption\":\"Arnaldo Botto\"},\"url\":\"https:\/\/www.noticiasradioreflejos.com.ar\/2021\/author\/arnaldo\/\"}]}<\/script>\n<!-- \/ Yoast SEO plugin. -->","yoast_head_json":{"title":"&quot;Vamos por muy buen puerto con las investigaciones&quot; - Sergio Bordoni. - Noticias Radio Reflejos","robots":{"index":"index","follow":"follow","max-snippet":"max-snippet:-1","max-image-preview":"max-image-preview:large","max-video-preview":"max-video-preview:-1"},"canonical":"https:\/\/www.noticiasradioreflejos.com.ar\/2021\/vamos-por-muy-buen-puerto-con-las-investigaciones-sergio-bordoni\/","og_locale":"es_ES","og_type":"article","og_title":"&quot;Vamos por muy buen puerto con las investigaciones&quot; - Sergio Bordoni. - Noticias Radio Reflejos","og_description":"En una amplia charla telef\u00f3nica, el Intendente de Tornquist Sergio Bordoni nos brind\u00f3 respuestas por temas de inter\u00e9s para toda la comunidad. Inicialmente, en relaci\u00f3n a la apertura de la Carrera Universitaria de Corredor y Martillero p\u00fablico en Saldungaray, que tuvo lugar ayer, con la presencia del Rector de la UPSO Hern\u00e1n Vigier, del intendente [&hellip;]","og_url":"https:\/\/www.noticiasradioreflejos.com.ar\/2021\/vamos-por-muy-buen-puerto-con-las-investigaciones-sergio-bordoni\/","og_site_name":"Noticias Radio Reflejos","article_published_time":"2019-03-07T21:27:02+00:00","og_image":[{"width":300,"height":200,"url":"https:\/\/www.noticiasradioreflejos.com.ar\/2021\/wp-content\/uploads\/2021\/07\/logosol300x200.png","type":"image\/png"}],"author":"Arnaldo Botto","twitter_card":"summary_large_image","schema":{"@context":"https:\/\/schema.org","@graph":[{"@type":"WebPage","@id":"https:\/\/www.noticiasradioreflejos.com.ar\/2021\/vamos-por-muy-buen-puerto-con-las-investigaciones-sergio-bordoni\/","url":"https:\/\/www.noticiasradioreflejos.com.ar\/2021\/vamos-por-muy-buen-puerto-con-las-investigaciones-sergio-bordoni\/","name":"&quot;Vamos por muy buen puerto con las investigaciones&quot; - Sergio Bordoni. - Noticias Radio Reflejos","isPartOf":{"@id":"https:\/\/www.noticiasradioreflejos.com.ar\/2021\/#website"},"datePublished":"2019-03-07T21:27:02+00:00","author":{"@id":"https:\/\/www.noticiasradioreflejos.com.ar\/2021\/#\/schema\/person\/ad82545263dcc5ec0996818884fd5fb1"},"breadcrumb":{"@id":"https:\/\/www.noticiasradioreflejos.com.ar\/2021\/vamos-por-muy-buen-puerto-con-las-investigaciones-sergio-bordoni\/#breadcrumb"},"inLanguage":"es","potentialAction":[{"@type":"ReadAction","target":["https:\/\/www.noticiasradioreflejos.com.ar\/2021\/vamos-por-muy-buen-puerto-con-las-investigaciones-sergio-bordoni\/"]}]},{"@type":"BreadcrumbList","@id":"https:\/\/www.noticiasradioreflejos.com.ar\/2021\/vamos-por-muy-buen-puerto-con-las-investigaciones-sergio-bordoni\/#breadcrumb","itemListElement":[{"@type":"ListItem","position":1,"name":"Portada","item":"https:\/\/www.noticiasradioreflejos.com.ar\/2021\/"},{"@type":"ListItem","position":2,"name":"&quot;Vamos por muy buen puerto con las investigaciones&quot; &#8211; Sergio Bordoni."}]},{"@type":"WebSite","@id":"https:\/\/www.noticiasradioreflejos.com.ar\/2021\/#website","url":"https:\/\/www.noticiasradioreflejos.com.ar\/2021\/","name":"Noticias Radio Reflejos","description":"Las noticias de mi comarca","potentialAction":[{"@type":"SearchAction","target":{"@type":"EntryPoint","urlTemplate":"https:\/\/www.noticiasradioreflejos.com.ar\/2021\/?s={search_term_string}"},"query-input":{"@type":"PropertyValueSpecification","valueRequired":true,"valueName":"search_term_string"}}],"inLanguage":"es"},{"@type":"Person","@id":"https:\/\/www.noticiasradioreflejos.com.ar\/2021\/#\/schema\/person\/ad82545263dcc5ec0996818884fd5fb1","name":"Arnaldo Botto","image":{"@type":"ImageObject","inLanguage":"es","@id":"https:\/\/www.noticiasradioreflejos.com.ar\/2021\/#\/schema\/person\/image\/","url":"https:\/\/secure.gravatar.com\/avatar\/55cb5e37c1efa326397366e6974cb338056df65cb50e7d64d1cf314e87504837?s=96&d=mm&r=g","contentUrl":"https:\/\/secure.gravatar.com\/avatar\/55cb5e37c1efa326397366e6974cb338056df65cb50e7d64d1cf314e87504837?s=96&d=mm&r=g","caption":"Arnaldo Botto"},"url":"https:\/\/www.noticiasradioreflejos.com.ar\/2021\/author\/arnaldo\/"}]}},"_links":{"self":[{"href":"https:\/\/www.noticiasradioreflejos.com.ar\/2021\/wp-json\/wp\/v2\/posts\/29504","targetHints":{"allow":["GET"]}}],"collection":[{"href":"https:\/\/www.noticiasradioreflejos.com.ar\/2021\/wp-json\/wp\/v2\/posts"}],"about":[{"href":"https:\/\/www.noticiasradioreflejos.com.ar\/2021\/wp-json\/wp\/v2\/types\/post"}],"author":[{"embeddable":true,"href":"https:\/\/www.noticiasradioreflejos.com.ar\/2021\/wp-json\/wp\/v2\/users\/3"}],"replies":[{"embeddable":true,"href":"https:\/\/www.noticiasradioreflejos.com.ar\/2021\/wp-json\/wp\/v2\/comments?post=29504"}],"version-history":[{"count":0,"href":"https:\/\/www.noticiasradioreflejos.com.ar\/2021\/wp-json\/wp\/v2\/posts\/29504\/revisions"}],"wp:attachment":[{"href":"https:\/\/www.noticiasradioreflejos.com.ar\/2021\/wp-json\/wp\/v2\/media?parent=29504"}],"wp:term":[{"taxonomy":"category","embeddable":true,"href":"https:\/\/www.noticiasradioreflejos.com.ar\/2021\/wp-json\/wp\/v2\/categories?post=29504"},{"taxonomy":"post_tag","embeddable":true,"href":"https:\/\/www.noticiasradioreflejos.com.ar\/2021\/wp-json\/wp\/v2\/tags?post=29504"}],"curies":[{"name":"wp","href":"https:\/\/api.w.org\/{rel}","templated":true}]}}