{"id":29502,"date":"2019-03-07T11:46:46","date_gmt":"2019-03-07T14:46:46","guid":{"rendered":"http:\/\/www.noticiasradioreflejos.com.ar\/noticias\/?p=29502"},"modified":"2019-03-07T11:46:46","modified_gmt":"2019-03-07T14:46:46","slug":"durante-el-2018-se-cometieron-281-femicidios-en-todo-el-pais-segun-un-relevamiento-del-defensor-del-pueblo-de-la-nacion","status":"publish","type":"post","link":"https:\/\/www.noticiasradioreflejos.com.ar\/2021\/durante-el-2018-se-cometieron-281-femicidios-en-todo-el-pais-segun-un-relevamiento-del-defensor-del-pueblo-de-la-nacion\/","title":{"rendered":"Durante el 2018 se cometieron  281 femicidios en todo el pa\u00eds, seg\u00fan un relevamiento del Defensor del Pueblo de la Naci\u00f3n"},"content":{"rendered":"<p>El Observatorio de Femicidios del Defensor del Pueblo de la Naci\u00f3n, en su publicaci\u00f3n del informe anual de 2018 durante el per\u00edodo comprendido entre el 1\u00ba de enero y el 31 de diciembre, relev\u00f3 281 femicidios de los cuales 29 son vinculados y 6 son personas Trans.<br \/>\nEl trabajo contiene el total de casos relevados de asesinatos a mujeres (ni\u00f1as, adolescentes y\/o adultas), personas Trans, perpetrados por hombres por razones asociadas con su g\u00e9nero, caratuladas como femicidio, muerte dudosa bajo sospecha de femicidio, incluye los casos de femicidios vinculados, todos ellos en un contexto de violencia extrema hacia la mujer.<!--more--><br \/>\nEl 17,4% de las v\u00edctimas fueron menores de 18 a\u00f1os; el 28,8% de entre 19 a 30 a\u00f1os, el 31,7% corresponde a v\u00edctimas de entre 31 a 50 a\u00f1os y el 21,0% de las v\u00edctimas ten\u00eda m\u00e1s de 50 a\u00f1os. Dentro del rango de v\u00edctimas menores de 18 a\u00f1os, se destacan 27 casos de ni\u00f1as menores de 12 a\u00f1os.<br \/>\nEn cuanto a las v\u00edctimas colaterales, 156 ni\u00f1os quedaron sin sus madres, muchos de ellos fueron testigos del femicidio y, en algunos casos, fueron sus propios padres quienes cometieron los cr\u00edmenes.<br \/>\nAsimismo, se pudo comprobar que 8 mujeres fueron asesinadas estando embarazadas.<br \/>\nDel total de v\u00edctimas, 55 mujeres denunciaron previamente a su atacante una o m\u00e1s veces, en algunos casos exist\u00eda orden de restricci\u00f3n o prohibici\u00f3n de acercamiento del agresor y en 3 casos se le hab\u00eda otorgado un bot\u00f3n anti p\u00e1nico a la v\u00edctima.<br \/>\nLa mayor cantidad de casos (77,8%) fueron cometidos por hombres mayores de edad. Sobre la modalidad del hecho: se puede afirmar que el m\u00e9todo m\u00e1s empleado por los femicidas fue el uso de armas de fuego en 78 casos, seguido por el apu\u00f1alamiento en 64 casos.<br \/>\n De las 281 v\u00edctimas, 15 mujeres tambi\u00e9n fueron violadas durante el ataque y en particular, 2 mujeres fueron violadas hasta la muerte como \u00fanica modalidad.<br \/>\nLa provincia con mayor prevalencia de femicidios fue Buenos Aires con un total de 105 casos en el a\u00f1o. Le siguen las provincias de C\u00f3rdoba y Santa Fe con 23 casos cada una; Tucum\u00e1n con 17 casos confirmados, Mendoza con 16 y Chaco con 15.<br \/>\nCabe resaltar que, en comparaci\u00f3n con el a\u00f1o 2017, la provincia de Salta baj\u00f3 significativamente el n\u00famero de femicidios, habi\u00e9ndose registrado 9 casos durante el 2018 y 24 en el a\u00f1o anterior. No obstante, en el resto de las provincias se verificaron un n\u00famero significativo de casos.<br \/>\nAsimismo, el informe incluye asesinatos de mujeres en los cuales a las v\u00edctimas o a los victimarios se los vincula al narcotr\u00e1fico, seg\u00fan surge de la informaci\u00f3n obtenida de diversos art\u00edculos period\u00edsticos, teniendo en cuenta el Modelo de Protocolo Latinoamericano de Investigaci\u00f3n de las Muertes Violentas de Mujeres por Razones de G\u00e9nero (femicidio\/feminicidio), elaborado por la Oficina Regional para Am\u00e9rica Central del Alto Comisionado de las Naciones Unidas para los Derechos Humanos y ONU Mujeres en el a\u00f1o 2014.<br \/>\nLa Defensor\u00eda del Pueblo de la Naci\u00f3n est\u00e1 analizando realizar las recomendaciones pertinentes entre diversos organismos para que todas las herramientas legales que tiene a su alcance y los compromisos internacionales que ha asumido se puedan cumplir de manera efectiva.<\/p>\n","protected":false},"excerpt":{"rendered":"<p>El Observatorio de Femicidios del Defensor del Pueblo de la Naci\u00f3n, en su publicaci\u00f3n del informe anual de 2018 durante el per\u00edodo comprendido entre el 1\u00ba de enero y el 31 de diciembre, relev\u00f3 281 femicidios de los cuales 29 son vinculados y 6 son personas Trans. El trabajo contiene el total de casos relevados [&hellip;]<\/p>\n","protected":false},"author":3,"featured_media":28607,"comment_status":"closed","ping_status":"open","sticky":false,"template":"","format":"standard","meta":{"footnotes":""},"categories":[26],"tags":[],"class_list":["post-29502","post","type-post","status-publish","format-standard","has-post-thumbnail","hentry","category-sociedad"],"yoast_head":"<!-- This site is optimized with the Yoast SEO plugin v25.9 - https:\/\/yoast.com\/wordpress\/plugins\/seo\/ -->\n<title>Durante el 2018 se cometieron 281 femicidios en todo el pa\u00eds, seg\u00fan un relevamiento del Defensor del Pueblo de la Naci\u00f3n - Noticias Radio Reflejos<\/title>\n<meta name=\"robots\" content=\"index, follow, max-snippet:-1, max-image-preview:large, max-video-preview:-1\" \/>\n<link rel=\"canonical\" href=\"https:\/\/www.noticiasradioreflejos.com.ar\/2021\/durante-el-2018-se-cometieron-281-femicidios-en-todo-el-pais-segun-un-relevamiento-del-defensor-del-pueblo-de-la-nacion\/\" \/>\n<meta property=\"og:locale\" content=\"es_ES\" \/>\n<meta property=\"og:type\" content=\"article\" \/>\n<meta property=\"og:title\" content=\"Durante el 2018 se cometieron 281 femicidios en todo el pa\u00eds, seg\u00fan un relevamiento del Defensor del Pueblo de la Naci\u00f3n - Noticias Radio Reflejos\" \/>\n<meta property=\"og:description\" content=\"El Observatorio de Femicidios del Defensor del Pueblo de la Naci\u00f3n, en su publicaci\u00f3n del informe anual de 2018 durante el per\u00edodo comprendido entre el 1\u00ba de enero y el 31 de diciembre, relev\u00f3 281 femicidios de los cuales 29 son vinculados y 6 son personas Trans. El trabajo contiene el total de casos relevados [&hellip;]\" \/>\n<meta property=\"og:url\" content=\"https:\/\/www.noticiasradioreflejos.com.ar\/2021\/durante-el-2018-se-cometieron-281-femicidios-en-todo-el-pais-segun-un-relevamiento-del-defensor-del-pueblo-de-la-nacion\/\" \/>\n<meta property=\"og:site_name\" content=\"Noticias Radio Reflejos\" \/>\n<meta property=\"article:published_time\" content=\"2019-03-07T14:46:46+00:00\" \/>\n<meta property=\"og:image\" content=\"https:\/\/www.noticiasradioreflejos.com.ar\/2021\/wp-content\/uploads\/2019\/02\/violencia-de-genero.png\" \/>\n\t<meta property=\"og:image:width\" content=\"596\" \/>\n\t<meta property=\"og:image:height\" content=\"321\" \/>\n\t<meta property=\"og:image:type\" content=\"image\/png\" \/>\n<meta name=\"author\" content=\"Arnaldo Botto\" \/>\n<meta name=\"twitter:card\" content=\"summary_large_image\" \/>\n<script type=\"application\/ld+json\" class=\"yoast-schema-graph\">{\"@context\":\"https:\/\/schema.org\",\"@graph\":[{\"@type\":\"WebPage\",\"@id\":\"https:\/\/www.noticiasradioreflejos.com.ar\/2021\/durante-el-2018-se-cometieron-281-femicidios-en-todo-el-pais-segun-un-relevamiento-del-defensor-del-pueblo-de-la-nacion\/\",\"url\":\"https:\/\/www.noticiasradioreflejos.com.ar\/2021\/durante-el-2018-se-cometieron-281-femicidios-en-todo-el-pais-segun-un-relevamiento-del-defensor-del-pueblo-de-la-nacion\/\",\"name\":\"Durante el 2018 se cometieron 281 femicidios en todo el pa\u00eds, seg\u00fan un relevamiento del Defensor del Pueblo de la Naci\u00f3n - Noticias Radio Reflejos\",\"isPartOf\":{\"@id\":\"https:\/\/www.noticiasradioreflejos.com.ar\/2021\/#website\"},\"primaryImageOfPage\":{\"@id\":\"https:\/\/www.noticiasradioreflejos.com.ar\/2021\/durante-el-2018-se-cometieron-281-femicidios-en-todo-el-pais-segun-un-relevamiento-del-defensor-del-pueblo-de-la-nacion\/#primaryimage\"},\"image\":{\"@id\":\"https:\/\/www.noticiasradioreflejos.com.ar\/2021\/durante-el-2018-se-cometieron-281-femicidios-en-todo-el-pais-segun-un-relevamiento-del-defensor-del-pueblo-de-la-nacion\/#primaryimage\"},\"thumbnailUrl\":\"https:\/\/www.noticiasradioreflejos.com.ar\/2021\/wp-content\/uploads\/2019\/02\/violencia-de-genero.png\",\"datePublished\":\"2019-03-07T14:46:46+00:00\",\"author\":{\"@id\":\"https:\/\/www.noticiasradioreflejos.com.ar\/2021\/#\/schema\/person\/ad82545263dcc5ec0996818884fd5fb1\"},\"breadcrumb\":{\"@id\":\"https:\/\/www.noticiasradioreflejos.com.ar\/2021\/durante-el-2018-se-cometieron-281-femicidios-en-todo-el-pais-segun-un-relevamiento-del-defensor-del-pueblo-de-la-nacion\/#breadcrumb\"},\"inLanguage\":\"es\",\"potentialAction\":[{\"@type\":\"ReadAction\",\"target\":[\"https:\/\/www.noticiasradioreflejos.com.ar\/2021\/durante-el-2018-se-cometieron-281-femicidios-en-todo-el-pais-segun-un-relevamiento-del-defensor-del-pueblo-de-la-nacion\/\"]}]},{\"@type\":\"ImageObject\",\"inLanguage\":\"es\",\"@id\":\"https:\/\/www.noticiasradioreflejos.com.ar\/2021\/durante-el-2018-se-cometieron-281-femicidios-en-todo-el-pais-segun-un-relevamiento-del-defensor-del-pueblo-de-la-nacion\/#primaryimage\",\"url\":\"https:\/\/www.noticiasradioreflejos.com.ar\/2021\/wp-content\/uploads\/2019\/02\/violencia-de-genero.png\",\"contentUrl\":\"https:\/\/www.noticiasradioreflejos.com.ar\/2021\/wp-content\/uploads\/2019\/02\/violencia-de-genero.png\",\"width\":596,\"height\":321},{\"@type\":\"BreadcrumbList\",\"@id\":\"https:\/\/www.noticiasradioreflejos.com.ar\/2021\/durante-el-2018-se-cometieron-281-femicidios-en-todo-el-pais-segun-un-relevamiento-del-defensor-del-pueblo-de-la-nacion\/#breadcrumb\",\"itemListElement\":[{\"@type\":\"ListItem\",\"position\":1,\"name\":\"Portada\",\"item\":\"https:\/\/www.noticiasradioreflejos.com.ar\/2021\/\"},{\"@type\":\"ListItem\",\"position\":2,\"name\":\"Durante el 2018 se cometieron 281 femicidios en todo el pa\u00eds, seg\u00fan un relevamiento del Defensor del Pueblo de la Naci\u00f3n\"}]},{\"@type\":\"WebSite\",\"@id\":\"https:\/\/www.noticiasradioreflejos.com.ar\/2021\/#website\",\"url\":\"https:\/\/www.noticiasradioreflejos.com.ar\/2021\/\",\"name\":\"Noticias Radio Reflejos\",\"description\":\"Las noticias de mi comarca\",\"potentialAction\":[{\"@type\":\"SearchAction\",\"target\":{\"@type\":\"EntryPoint\",\"urlTemplate\":\"https:\/\/www.noticiasradioreflejos.com.ar\/2021\/?s={search_term_string}\"},\"query-input\":{\"@type\":\"PropertyValueSpecification\",\"valueRequired\":true,\"valueName\":\"search_term_string\"}}],\"inLanguage\":\"es\"},{\"@type\":\"Person\",\"@id\":\"https:\/\/www.noticiasradioreflejos.com.ar\/2021\/#\/schema\/person\/ad82545263dcc5ec0996818884fd5fb1\",\"name\":\"Arnaldo Botto\",\"image\":{\"@type\":\"ImageObject\",\"inLanguage\":\"es\",\"@id\":\"https:\/\/www.noticiasradioreflejos.com.ar\/2021\/#\/schema\/person\/image\/\",\"url\":\"https:\/\/secure.gravatar.com\/avatar\/55cb5e37c1efa326397366e6974cb338056df65cb50e7d64d1cf314e87504837?s=96&d=mm&r=g\",\"contentUrl\":\"https:\/\/secure.gravatar.com\/avatar\/55cb5e37c1efa326397366e6974cb338056df65cb50e7d64d1cf314e87504837?s=96&d=mm&r=g\",\"caption\":\"Arnaldo Botto\"},\"url\":\"https:\/\/www.noticiasradioreflejos.com.ar\/2021\/author\/arnaldo\/\"}]}<\/script>\n<!-- \/ Yoast SEO plugin. -->","yoast_head_json":{"title":"Durante el 2018 se cometieron 281 femicidios en todo el pa\u00eds, seg\u00fan un relevamiento del Defensor del Pueblo de la Naci\u00f3n - Noticias Radio Reflejos","robots":{"index":"index","follow":"follow","max-snippet":"max-snippet:-1","max-image-preview":"max-image-preview:large","max-video-preview":"max-video-preview:-1"},"canonical":"https:\/\/www.noticiasradioreflejos.com.ar\/2021\/durante-el-2018-se-cometieron-281-femicidios-en-todo-el-pais-segun-un-relevamiento-del-defensor-del-pueblo-de-la-nacion\/","og_locale":"es_ES","og_type":"article","og_title":"Durante el 2018 se cometieron 281 femicidios en todo el pa\u00eds, seg\u00fan un relevamiento del Defensor del Pueblo de la Naci\u00f3n - Noticias Radio Reflejos","og_description":"El Observatorio de Femicidios del Defensor del Pueblo de la Naci\u00f3n, en su publicaci\u00f3n del informe anual de 2018 durante el per\u00edodo comprendido entre el 1\u00ba de enero y el 31 de diciembre, relev\u00f3 281 femicidios de los cuales 29 son vinculados y 6 son personas Trans. El trabajo contiene el total de casos relevados [&hellip;]","og_url":"https:\/\/www.noticiasradioreflejos.com.ar\/2021\/durante-el-2018-se-cometieron-281-femicidios-en-todo-el-pais-segun-un-relevamiento-del-defensor-del-pueblo-de-la-nacion\/","og_site_name":"Noticias Radio Reflejos","article_published_time":"2019-03-07T14:46:46+00:00","og_image":[{"width":596,"height":321,"url":"https:\/\/www.noticiasradioreflejos.com.ar\/2021\/wp-content\/uploads\/2019\/02\/violencia-de-genero.png","type":"image\/png"}],"author":"Arnaldo Botto","twitter_card":"summary_large_image","schema":{"@context":"https:\/\/schema.org","@graph":[{"@type":"WebPage","@id":"https:\/\/www.noticiasradioreflejos.com.ar\/2021\/durante-el-2018-se-cometieron-281-femicidios-en-todo-el-pais-segun-un-relevamiento-del-defensor-del-pueblo-de-la-nacion\/","url":"https:\/\/www.noticiasradioreflejos.com.ar\/2021\/durante-el-2018-se-cometieron-281-femicidios-en-todo-el-pais-segun-un-relevamiento-del-defensor-del-pueblo-de-la-nacion\/","name":"Durante el 2018 se cometieron 281 femicidios en todo el pa\u00eds, seg\u00fan un relevamiento del Defensor del Pueblo de la Naci\u00f3n - Noticias Radio Reflejos","isPartOf":{"@id":"https:\/\/www.noticiasradioreflejos.com.ar\/2021\/#website"},"primaryImageOfPage":{"@id":"https:\/\/www.noticiasradioreflejos.com.ar\/2021\/durante-el-2018-se-cometieron-281-femicidios-en-todo-el-pais-segun-un-relevamiento-del-defensor-del-pueblo-de-la-nacion\/#primaryimage"},"image":{"@id":"https:\/\/www.noticiasradioreflejos.com.ar\/2021\/durante-el-2018-se-cometieron-281-femicidios-en-todo-el-pais-segun-un-relevamiento-del-defensor-del-pueblo-de-la-nacion\/#primaryimage"},"thumbnailUrl":"https:\/\/www.noticiasradioreflejos.com.ar\/2021\/wp-content\/uploads\/2019\/02\/violencia-de-genero.png","datePublished":"2019-03-07T14:46:46+00:00","author":{"@id":"https:\/\/www.noticiasradioreflejos.com.ar\/2021\/#\/schema\/person\/ad82545263dcc5ec0996818884fd5fb1"},"breadcrumb":{"@id":"https:\/\/www.noticiasradioreflejos.com.ar\/2021\/durante-el-2018-se-cometieron-281-femicidios-en-todo-el-pais-segun-un-relevamiento-del-defensor-del-pueblo-de-la-nacion\/#breadcrumb"},"inLanguage":"es","potentialAction":[{"@type":"ReadAction","target":["https:\/\/www.noticiasradioreflejos.com.ar\/2021\/durante-el-2018-se-cometieron-281-femicidios-en-todo-el-pais-segun-un-relevamiento-del-defensor-del-pueblo-de-la-nacion\/"]}]},{"@type":"ImageObject","inLanguage":"es","@id":"https:\/\/www.noticiasradioreflejos.com.ar\/2021\/durante-el-2018-se-cometieron-281-femicidios-en-todo-el-pais-segun-un-relevamiento-del-defensor-del-pueblo-de-la-nacion\/#primaryimage","url":"https:\/\/www.noticiasradioreflejos.com.ar\/2021\/wp-content\/uploads\/2019\/02\/violencia-de-genero.png","contentUrl":"https:\/\/www.noticiasradioreflejos.com.ar\/2021\/wp-content\/uploads\/2019\/02\/violencia-de-genero.png","width":596,"height":321},{"@type":"BreadcrumbList","@id":"https:\/\/www.noticiasradioreflejos.com.ar\/2021\/durante-el-2018-se-cometieron-281-femicidios-en-todo-el-pais-segun-un-relevamiento-del-defensor-del-pueblo-de-la-nacion\/#breadcrumb","itemListElement":[{"@type":"ListItem","position":1,"name":"Portada","item":"https:\/\/www.noticiasradioreflejos.com.ar\/2021\/"},{"@type":"ListItem","position":2,"name":"Durante el 2018 se cometieron 281 femicidios en todo el pa\u00eds, seg\u00fan un relevamiento del Defensor del Pueblo de la Naci\u00f3n"}]},{"@type":"WebSite","@id":"https:\/\/www.noticiasradioreflejos.com.ar\/2021\/#website","url":"https:\/\/www.noticiasradioreflejos.com.ar\/2021\/","name":"Noticias Radio Reflejos","description":"Las noticias de mi comarca","potentialAction":[{"@type":"SearchAction","target":{"@type":"EntryPoint","urlTemplate":"https:\/\/www.noticiasradioreflejos.com.ar\/2021\/?s={search_term_string}"},"query-input":{"@type":"PropertyValueSpecification","valueRequired":true,"valueName":"search_term_string"}}],"inLanguage":"es"},{"@type":"Person","@id":"https:\/\/www.noticiasradioreflejos.com.ar\/2021\/#\/schema\/person\/ad82545263dcc5ec0996818884fd5fb1","name":"Arnaldo Botto","image":{"@type":"ImageObject","inLanguage":"es","@id":"https:\/\/www.noticiasradioreflejos.com.ar\/2021\/#\/schema\/person\/image\/","url":"https:\/\/secure.gravatar.com\/avatar\/55cb5e37c1efa326397366e6974cb338056df65cb50e7d64d1cf314e87504837?s=96&d=mm&r=g","contentUrl":"https:\/\/secure.gravatar.com\/avatar\/55cb5e37c1efa326397366e6974cb338056df65cb50e7d64d1cf314e87504837?s=96&d=mm&r=g","caption":"Arnaldo Botto"},"url":"https:\/\/www.noticiasradioreflejos.com.ar\/2021\/author\/arnaldo\/"}]}},"_links":{"self":[{"href":"https:\/\/www.noticiasradioreflejos.com.ar\/2021\/wp-json\/wp\/v2\/posts\/29502","targetHints":{"allow":["GET"]}}],"collection":[{"href":"https:\/\/www.noticiasradioreflejos.com.ar\/2021\/wp-json\/wp\/v2\/posts"}],"about":[{"href":"https:\/\/www.noticiasradioreflejos.com.ar\/2021\/wp-json\/wp\/v2\/types\/post"}],"author":[{"embeddable":true,"href":"https:\/\/www.noticiasradioreflejos.com.ar\/2021\/wp-json\/wp\/v2\/users\/3"}],"replies":[{"embeddable":true,"href":"https:\/\/www.noticiasradioreflejos.com.ar\/2021\/wp-json\/wp\/v2\/comments?post=29502"}],"version-history":[{"count":0,"href":"https:\/\/www.noticiasradioreflejos.com.ar\/2021\/wp-json\/wp\/v2\/posts\/29502\/revisions"}],"wp:featuredmedia":[{"embeddable":true,"href":"https:\/\/www.noticiasradioreflejos.com.ar\/2021\/wp-json\/wp\/v2\/media\/28607"}],"wp:attachment":[{"href":"https:\/\/www.noticiasradioreflejos.com.ar\/2021\/wp-json\/wp\/v2\/media?parent=29502"}],"wp:term":[{"taxonomy":"category","embeddable":true,"href":"https:\/\/www.noticiasradioreflejos.com.ar\/2021\/wp-json\/wp\/v2\/categories?post=29502"},{"taxonomy":"post_tag","embeddable":true,"href":"https:\/\/www.noticiasradioreflejos.com.ar\/2021\/wp-json\/wp\/v2\/tags?post=29502"}],"curies":[{"name":"wp","href":"https:\/\/api.w.org\/{rel}","templated":true}]}}