{"id":29497,"date":"2019-03-07T11:02:35","date_gmt":"2019-03-07T14:02:35","guid":{"rendered":"http:\/\/www.noticiasradioreflejos.com.ar\/noticias\/?p=29497"},"modified":"2019-03-07T11:02:35","modified_gmt":"2019-03-07T14:02:35","slug":"durante-el-receso-escolar-continuaron-las-tareas-de-mejoras-de-infraestructura-de-edificios-educativos","status":"publish","type":"post","link":"https:\/\/www.noticiasradioreflejos.com.ar\/2021\/durante-el-receso-escolar-continuaron-las-tareas-de-mejoras-de-infraestructura-de-edificios-educativos\/","title":{"rendered":"Durante el receso escolar continuaron las tareas de mejoras de infraestructura de edificios educativos"},"content":{"rendered":"<p>El Consejo Escolar de Tornquist informa que, durante el receso escolar, continuaron las acciones destinadas a mejorar y mantener la infraestructura de los edificios educativos del distrito de Tornquist, de acuerdo a las necesidades de cada instituci\u00f3n. El objetivo es garantizar las condiciones y correcto estado de los espacios destinados la ense\u00f1anza.<!--more--><br \/>\nA continuaci\u00f3n detallamos los trabajos realizados:<br \/>\n\u2022\tE.P N\u00b01(Tornquist) y N\u00b03(Tres Picos), y Jard\u00edn N\u00b0909 (Tres Picos): sanitarios,<br \/>\n\u2022\tE.P.N\u00b024 (Chasic\u00f3) y E.S N\u00b04 (Saldungaray): reparaci\u00f3n de cubiertas y recambio de cielorrasos,<br \/>\n\u2022\tE.E.E. N\u00b0501(Tornquist): refacci\u00f3n de sanitarios,<br \/>\n\u2022\tE.P N\u00b012 (Fuerte Argentino) y E.P. N\u00b013 (La Querencia): reparaci\u00f3n de cubiertas, recambio de cielorrasos y pintura,<br \/>\n\u2022\tE.S N\u00b01 (Tornquist): refacci\u00f3n de alero,<br \/>\n\u2022\tPruebas de estanqueidad y hermeticidad en todos los establecimientos escolares del distrito.<br \/>\nEn Ejecuci\u00f3n:<br \/>\n\u2022\tUnidad Acad\u00e9mica \u201cE. Tornquist\u201d: refacci\u00f3n de laboratorio;<br \/>\n\u2022\tJard\u00edn N\u00b0903 (Sierra de la Ventana): obra de gas y ampliaci\u00f3n de dep\u00f3sito;<br \/>\n\u2022\tE.E.E N\u00b0502 (Saldungaray): reparaci\u00f3n de cubiertas;<br \/>\n\u2022\tJard\u00edn N\u00b0906 (Villa Ventana): recambio de cubierta de vivero;<br \/>\n\u2022\tE.P N\u00b021 y E.E.S N\u00b05 (Villa Ventana): terminaci\u00f3n de obra.<br \/>\nPor otro lado entre las tareas programadas, pr\u00f3ximas a ejecutarse, podemos mencionar:<br \/>\n\u2022\tJard\u00edn N\u00b0 904 (Chasic\u00f3): instalaci\u00f3n el\u00e9ctrica y refacci\u00f3n de sanitarios;<br \/>\n\u2022\tE.P N\u00b024 (Chasic\u00f3): recambio de cubierta;<br \/>\n\u2022\tCEPT N\u00b0 12 (Villa Ventana): obra de gas,<br \/>\n\u2022\tE.P N\u00b010 (Estancia Chica): reparaci\u00f3n de cubierta,<br \/>\n\u2022\tEESA- Anexo 801 (Villa Ventana): recambio de cubierta del vivero.<br \/>\nPor otro lado, como todos los a\u00f1os, se est\u00e1n realizado limpiezas de tanques de agua, control de extintores y se dar\u00e1 inicio al mantenimiento de calefactores.<br \/>\nSe recuerda que la actual gesti\u00f3n otorg\u00f3 la administraci\u00f3n del 50% del \u00abFondo Educativo\u00bb al Consejo Escolar.<\/p>\n","protected":false},"excerpt":{"rendered":"<p>El Consejo Escolar de Tornquist informa que, durante el receso escolar, continuaron las acciones destinadas a mejorar y mantener la infraestructura de los edificios educativos del distrito de Tornquist, de acuerdo a las necesidades de cada instituci\u00f3n. El objetivo es garantizar las condiciones y correcto estado de los espacios destinados la ense\u00f1anza.<\/p>\n","protected":false},"author":3,"featured_media":0,"comment_status":"closed","ping_status":"open","sticky":false,"template":"","format":"standard","meta":{"footnotes":""},"categories":[34],"tags":[],"class_list":["post-29497","post","type-post","status-publish","format-standard","hentry","category-educacion"],"yoast_head":"<!-- This site is optimized with the Yoast SEO plugin v25.9 - https:\/\/yoast.com\/wordpress\/plugins\/seo\/ -->\n<title>Durante el receso escolar continuaron las tareas de mejoras de infraestructura de edificios educativos - Noticias Radio Reflejos<\/title>\n<meta name=\"robots\" content=\"index, follow, max-snippet:-1, max-image-preview:large, max-video-preview:-1\" \/>\n<link rel=\"canonical\" href=\"https:\/\/www.noticiasradioreflejos.com.ar\/2021\/durante-el-receso-escolar-continuaron-las-tareas-de-mejoras-de-infraestructura-de-edificios-educativos\/\" \/>\n<meta property=\"og:locale\" content=\"es_ES\" \/>\n<meta property=\"og:type\" content=\"article\" \/>\n<meta property=\"og:title\" content=\"Durante el receso escolar continuaron las tareas de mejoras de infraestructura de edificios educativos - Noticias Radio Reflejos\" \/>\n<meta property=\"og:description\" content=\"El Consejo Escolar de Tornquist informa que, durante el receso escolar, continuaron las acciones destinadas a mejorar y mantener la infraestructura de los edificios educativos del distrito de Tornquist, de acuerdo a las necesidades de cada instituci\u00f3n. El objetivo es garantizar las condiciones y correcto estado de los espacios destinados la ense\u00f1anza.\" \/>\n<meta property=\"og:url\" content=\"https:\/\/www.noticiasradioreflejos.com.ar\/2021\/durante-el-receso-escolar-continuaron-las-tareas-de-mejoras-de-infraestructura-de-edificios-educativos\/\" \/>\n<meta property=\"og:site_name\" content=\"Noticias Radio Reflejos\" \/>\n<meta property=\"article:published_time\" content=\"2019-03-07T14:02:35+00:00\" \/>\n<meta property=\"og:image\" content=\"https:\/\/www.noticiasradioreflejos.com.ar\/2021\/wp-content\/uploads\/2021\/07\/logosol300x200.png\" \/>\n\t<meta property=\"og:image:width\" content=\"300\" \/>\n\t<meta property=\"og:image:height\" content=\"200\" \/>\n\t<meta property=\"og:image:type\" content=\"image\/png\" \/>\n<meta name=\"author\" content=\"Arnaldo Botto\" \/>\n<meta name=\"twitter:card\" content=\"summary_large_image\" \/>\n<script type=\"application\/ld+json\" class=\"yoast-schema-graph\">{\"@context\":\"https:\/\/schema.org\",\"@graph\":[{\"@type\":\"WebPage\",\"@id\":\"https:\/\/www.noticiasradioreflejos.com.ar\/2021\/durante-el-receso-escolar-continuaron-las-tareas-de-mejoras-de-infraestructura-de-edificios-educativos\/\",\"url\":\"https:\/\/www.noticiasradioreflejos.com.ar\/2021\/durante-el-receso-escolar-continuaron-las-tareas-de-mejoras-de-infraestructura-de-edificios-educativos\/\",\"name\":\"Durante el receso escolar continuaron las tareas de mejoras de infraestructura de edificios educativos - Noticias Radio Reflejos\",\"isPartOf\":{\"@id\":\"https:\/\/www.noticiasradioreflejos.com.ar\/2021\/#website\"},\"datePublished\":\"2019-03-07T14:02:35+00:00\",\"author\":{\"@id\":\"https:\/\/www.noticiasradioreflejos.com.ar\/2021\/#\/schema\/person\/ad82545263dcc5ec0996818884fd5fb1\"},\"breadcrumb\":{\"@id\":\"https:\/\/www.noticiasradioreflejos.com.ar\/2021\/durante-el-receso-escolar-continuaron-las-tareas-de-mejoras-de-infraestructura-de-edificios-educativos\/#breadcrumb\"},\"inLanguage\":\"es\",\"potentialAction\":[{\"@type\":\"ReadAction\",\"target\":[\"https:\/\/www.noticiasradioreflejos.com.ar\/2021\/durante-el-receso-escolar-continuaron-las-tareas-de-mejoras-de-infraestructura-de-edificios-educativos\/\"]}]},{\"@type\":\"BreadcrumbList\",\"@id\":\"https:\/\/www.noticiasradioreflejos.com.ar\/2021\/durante-el-receso-escolar-continuaron-las-tareas-de-mejoras-de-infraestructura-de-edificios-educativos\/#breadcrumb\",\"itemListElement\":[{\"@type\":\"ListItem\",\"position\":1,\"name\":\"Portada\",\"item\":\"https:\/\/www.noticiasradioreflejos.com.ar\/2021\/\"},{\"@type\":\"ListItem\",\"position\":2,\"name\":\"Durante el receso escolar continuaron las tareas de mejoras de infraestructura de edificios educativos\"}]},{\"@type\":\"WebSite\",\"@id\":\"https:\/\/www.noticiasradioreflejos.com.ar\/2021\/#website\",\"url\":\"https:\/\/www.noticiasradioreflejos.com.ar\/2021\/\",\"name\":\"Noticias Radio Reflejos\",\"description\":\"Las noticias de mi comarca\",\"potentialAction\":[{\"@type\":\"SearchAction\",\"target\":{\"@type\":\"EntryPoint\",\"urlTemplate\":\"https:\/\/www.noticiasradioreflejos.com.ar\/2021\/?s={search_term_string}\"},\"query-input\":{\"@type\":\"PropertyValueSpecification\",\"valueRequired\":true,\"valueName\":\"search_term_string\"}}],\"inLanguage\":\"es\"},{\"@type\":\"Person\",\"@id\":\"https:\/\/www.noticiasradioreflejos.com.ar\/2021\/#\/schema\/person\/ad82545263dcc5ec0996818884fd5fb1\",\"name\":\"Arnaldo Botto\",\"image\":{\"@type\":\"ImageObject\",\"inLanguage\":\"es\",\"@id\":\"https:\/\/www.noticiasradioreflejos.com.ar\/2021\/#\/schema\/person\/image\/\",\"url\":\"https:\/\/secure.gravatar.com\/avatar\/55cb5e37c1efa326397366e6974cb338056df65cb50e7d64d1cf314e87504837?s=96&d=mm&r=g\",\"contentUrl\":\"https:\/\/secure.gravatar.com\/avatar\/55cb5e37c1efa326397366e6974cb338056df65cb50e7d64d1cf314e87504837?s=96&d=mm&r=g\",\"caption\":\"Arnaldo Botto\"},\"url\":\"https:\/\/www.noticiasradioreflejos.com.ar\/2021\/author\/arnaldo\/\"}]}<\/script>\n<!-- \/ Yoast SEO plugin. -->","yoast_head_json":{"title":"Durante el receso escolar continuaron las tareas de mejoras de infraestructura de edificios educativos - Noticias Radio Reflejos","robots":{"index":"index","follow":"follow","max-snippet":"max-snippet:-1","max-image-preview":"max-image-preview:large","max-video-preview":"max-video-preview:-1"},"canonical":"https:\/\/www.noticiasradioreflejos.com.ar\/2021\/durante-el-receso-escolar-continuaron-las-tareas-de-mejoras-de-infraestructura-de-edificios-educativos\/","og_locale":"es_ES","og_type":"article","og_title":"Durante el receso escolar continuaron las tareas de mejoras de infraestructura de edificios educativos - Noticias Radio Reflejos","og_description":"El Consejo Escolar de Tornquist informa que, durante el receso escolar, continuaron las acciones destinadas a mejorar y mantener la infraestructura de los edificios educativos del distrito de Tornquist, de acuerdo a las necesidades de cada instituci\u00f3n. El objetivo es garantizar las condiciones y correcto estado de los espacios destinados la ense\u00f1anza.","og_url":"https:\/\/www.noticiasradioreflejos.com.ar\/2021\/durante-el-receso-escolar-continuaron-las-tareas-de-mejoras-de-infraestructura-de-edificios-educativos\/","og_site_name":"Noticias Radio Reflejos","article_published_time":"2019-03-07T14:02:35+00:00","og_image":[{"width":300,"height":200,"url":"https:\/\/www.noticiasradioreflejos.com.ar\/2021\/wp-content\/uploads\/2021\/07\/logosol300x200.png","type":"image\/png"}],"author":"Arnaldo Botto","twitter_card":"summary_large_image","schema":{"@context":"https:\/\/schema.org","@graph":[{"@type":"WebPage","@id":"https:\/\/www.noticiasradioreflejos.com.ar\/2021\/durante-el-receso-escolar-continuaron-las-tareas-de-mejoras-de-infraestructura-de-edificios-educativos\/","url":"https:\/\/www.noticiasradioreflejos.com.ar\/2021\/durante-el-receso-escolar-continuaron-las-tareas-de-mejoras-de-infraestructura-de-edificios-educativos\/","name":"Durante el receso escolar continuaron las tareas de mejoras de infraestructura de edificios educativos - Noticias Radio Reflejos","isPartOf":{"@id":"https:\/\/www.noticiasradioreflejos.com.ar\/2021\/#website"},"datePublished":"2019-03-07T14:02:35+00:00","author":{"@id":"https:\/\/www.noticiasradioreflejos.com.ar\/2021\/#\/schema\/person\/ad82545263dcc5ec0996818884fd5fb1"},"breadcrumb":{"@id":"https:\/\/www.noticiasradioreflejos.com.ar\/2021\/durante-el-receso-escolar-continuaron-las-tareas-de-mejoras-de-infraestructura-de-edificios-educativos\/#breadcrumb"},"inLanguage":"es","potentialAction":[{"@type":"ReadAction","target":["https:\/\/www.noticiasradioreflejos.com.ar\/2021\/durante-el-receso-escolar-continuaron-las-tareas-de-mejoras-de-infraestructura-de-edificios-educativos\/"]}]},{"@type":"BreadcrumbList","@id":"https:\/\/www.noticiasradioreflejos.com.ar\/2021\/durante-el-receso-escolar-continuaron-las-tareas-de-mejoras-de-infraestructura-de-edificios-educativos\/#breadcrumb","itemListElement":[{"@type":"ListItem","position":1,"name":"Portada","item":"https:\/\/www.noticiasradioreflejos.com.ar\/2021\/"},{"@type":"ListItem","position":2,"name":"Durante el receso escolar continuaron las tareas de mejoras de infraestructura de edificios educativos"}]},{"@type":"WebSite","@id":"https:\/\/www.noticiasradioreflejos.com.ar\/2021\/#website","url":"https:\/\/www.noticiasradioreflejos.com.ar\/2021\/","name":"Noticias Radio Reflejos","description":"Las noticias de mi comarca","potentialAction":[{"@type":"SearchAction","target":{"@type":"EntryPoint","urlTemplate":"https:\/\/www.noticiasradioreflejos.com.ar\/2021\/?s={search_term_string}"},"query-input":{"@type":"PropertyValueSpecification","valueRequired":true,"valueName":"search_term_string"}}],"inLanguage":"es"},{"@type":"Person","@id":"https:\/\/www.noticiasradioreflejos.com.ar\/2021\/#\/schema\/person\/ad82545263dcc5ec0996818884fd5fb1","name":"Arnaldo Botto","image":{"@type":"ImageObject","inLanguage":"es","@id":"https:\/\/www.noticiasradioreflejos.com.ar\/2021\/#\/schema\/person\/image\/","url":"https:\/\/secure.gravatar.com\/avatar\/55cb5e37c1efa326397366e6974cb338056df65cb50e7d64d1cf314e87504837?s=96&d=mm&r=g","contentUrl":"https:\/\/secure.gravatar.com\/avatar\/55cb5e37c1efa326397366e6974cb338056df65cb50e7d64d1cf314e87504837?s=96&d=mm&r=g","caption":"Arnaldo Botto"},"url":"https:\/\/www.noticiasradioreflejos.com.ar\/2021\/author\/arnaldo\/"}]}},"_links":{"self":[{"href":"https:\/\/www.noticiasradioreflejos.com.ar\/2021\/wp-json\/wp\/v2\/posts\/29497","targetHints":{"allow":["GET"]}}],"collection":[{"href":"https:\/\/www.noticiasradioreflejos.com.ar\/2021\/wp-json\/wp\/v2\/posts"}],"about":[{"href":"https:\/\/www.noticiasradioreflejos.com.ar\/2021\/wp-json\/wp\/v2\/types\/post"}],"author":[{"embeddable":true,"href":"https:\/\/www.noticiasradioreflejos.com.ar\/2021\/wp-json\/wp\/v2\/users\/3"}],"replies":[{"embeddable":true,"href":"https:\/\/www.noticiasradioreflejos.com.ar\/2021\/wp-json\/wp\/v2\/comments?post=29497"}],"version-history":[{"count":0,"href":"https:\/\/www.noticiasradioreflejos.com.ar\/2021\/wp-json\/wp\/v2\/posts\/29497\/revisions"}],"wp:attachment":[{"href":"https:\/\/www.noticiasradioreflejos.com.ar\/2021\/wp-json\/wp\/v2\/media?parent=29497"}],"wp:term":[{"taxonomy":"category","embeddable":true,"href":"https:\/\/www.noticiasradioreflejos.com.ar\/2021\/wp-json\/wp\/v2\/categories?post=29497"},{"taxonomy":"post_tag","embeddable":true,"href":"https:\/\/www.noticiasradioreflejos.com.ar\/2021\/wp-json\/wp\/v2\/tags?post=29497"}],"curies":[{"name":"wp","href":"https:\/\/api.w.org\/{rel}","templated":true}]}}