{"id":29409,"date":"2019-03-05T09:52:21","date_gmt":"2019-03-05T12:52:21","guid":{"rendered":"http:\/\/www.noticiasradioreflejos.com.ar\/noticias\/?p=29409"},"modified":"2019-03-05T09:52:21","modified_gmt":"2019-03-05T12:52:21","slug":"abrieron-los-carnavales-en-la-ciudad-de-tornquist-con-mucha-fiesta","status":"publish","type":"post","link":"https:\/\/www.noticiasradioreflejos.com.ar\/2021\/abrieron-los-carnavales-en-la-ciudad-de-tornquist-con-mucha-fiesta\/","title":{"rendered":"Abrieron los carnavales en la ciudad de Tornquist con mucha fiesta"},"content":{"rendered":"<p><a title=\"110_a26a_20190304_195718_1551749336.jpg_1360\" href=\"http:\/\/farm8.staticflickr.com\/7832\/47236464152_b18eed4a12.jpg\" rel=\"\"><img loading=\"lazy\" decoding=\"async\" class=\"alignleft\" style=\"float: left;\" title=\"110_a26a_20190304_195718_1551749336.jpg_1360\" src=\"http:\/\/farm8.staticflickr.com\/7832\/47236464152_b18eed4a12.jpg\" alt=\"110_a26a_20190304_195718_1551749336.jpg_1360\" width=\"500\" height=\"375\" \/><\/a>Buena participaci\u00f3n de concursantes y mucha diversi\u00f3n con las comparsas. EL Rey de los corsos Natalio abri\u00f3 junto al Intendente Sergio Bordoni y Mario Rodr\u00edguez de la C\u00e1mara de Comercio la edici\u00f3n 2019.<!--more--><br \/>\nCon muy buena cantidad de participantes abrieron los corsos de carnaval 2019 en la avenida Moreno frente al Parque Lineal.<br \/>\nEn diferentes categor\u00edas se inscribieron para participar y darle vida a esta nueva edici\u00f3n organizado por la C\u00e1mara de Comercio y el auspicio de la municipalidad.<br \/>\nHacia la hora 20.30 el Rey de estos carnavales el popular y conocido \u201cNatalio\u201d con su llave en mano y en compa\u00f1\u00eda del Intendente Sergio Bordoni, le dio apertura junto a Mario Rodr\u00edguez a la fiesta de dos d\u00edas.<br \/>\nAl principio algunas gotas que ca\u00edan hicieron temer por la fiesta pero nada ocuri\u00f3 la noche fue estupenda y la gente acompa\u00f1\u00f3 colmando las instalaciones donde adem\u00e1s existe una muy buena oferta gastron\u00f3mica<br \/>\nSe lucieron las comparsas de Lobos \u201cSuena la Percu\u201d, \u201cLa Diferente\u201d de Saladillo y Los Cusifai. Ma\u00f1ana ser\u00e1 el turno de otras comparsas de la zona.<br \/>\nCierra Kaiser Carabela y ma\u00f1ana La Chancha (Espect\u00e1culos)<br \/>\n<strong><a href=\"https:\/\/www.youtube.com\/watch?v=2GEo1KE2o5U\" target=\"_blank\" rel=\"noopener\">VIDEO DISFRACES DESFILE<\/a><\/strong><br \/>\n<iframe loading=\"lazy\" width=\"560\" height=\"315\" src=\"https:\/\/www.youtube.com\/embed\/El-NswM8M2Q\" frameborder=\"0\" allow=\"accelerometer; autoplay; encrypted-media; gyroscope; picture-in-picture\" allowfullscreen><\/iframe><br \/>\n<strong><a href=\"https:\/\/www.facebook.com\/pg\/Noticias-Tornquist-826029020802350\/photos\/?tab=album&amp;album_id=2541136092624959\" target=\"_blank\" rel=\"noopener\">FOTOS ADELANTO<\/a><\/strong><br \/>\n<a title=\"53030467_2541170849288150_2723332990234001408_n\" href=\"http:\/\/farm8.staticflickr.com\/7904\/40323947683_27902a1b2a_z.jpg\" rel=\"\"><img loading=\"lazy\" decoding=\"async\" class=\"aligncenter\" title=\"53030467_2541170849288150_2723332990234001408_n\" src=\"http:\/\/farm8.staticflickr.com\/7904\/40323947683_27902a1b2a_z.jpg\" alt=\"53030467_2541170849288150_2723332990234001408_n\" width=\"640\" height=\"426\" \/><\/a><br \/>\n<a title=\"53376274_2541343952604173_8024121626264076288_n\" href=\"http:\/\/farm8.staticflickr.com\/7898\/47236463252_be270a8dae_z.jpg\" rel=\"\"><img loading=\"lazy\" decoding=\"async\" class=\"aligncenter\" title=\"53376274_2541343952604173_8024121626264076288_n\" src=\"http:\/\/farm8.staticflickr.com\/7898\/47236463252_be270a8dae_z.jpg\" alt=\"53376274_2541343952604173_8024121626264076288_n\" width=\"640\" height=\"323\" \/><\/a><br \/>\n<a title=\"52927532_2541344759270759_571712923655733248_n\" href=\"http:\/\/farm8.staticflickr.com\/7876\/40323947153_e1e7fe6923_z.jpg\" rel=\"\"><img loading=\"lazy\" decoding=\"async\" class=\"aligncenter\" title=\"52927532_2541344759270759_571712923655733248_n\" src=\"http:\/\/farm8.staticflickr.com\/7876\/40323947153_e1e7fe6923_z.jpg\" alt=\"52927532_2541344759270759_571712923655733248_n\" width=\"640\" height=\"284\" \/><\/a><\/p>\n","protected":false},"excerpt":{"rendered":"<p>Buena participaci\u00f3n de concursantes y mucha diversi\u00f3n con las comparsas. EL Rey de los corsos Natalio abri\u00f3 junto al Intendente Sergio Bordoni y Mario Rodr\u00edguez de la C\u00e1mara de Comercio la edici\u00f3n 2019.<\/p>\n","protected":false},"author":3,"featured_media":0,"comment_status":"closed","ping_status":"open","sticky":false,"template":"","format":"standard","meta":{"footnotes":""},"categories":[25],"tags":[],"class_list":["post-29409","post","type-post","status-publish","format-standard","hentry","category-uncategorized"],"yoast_head":"<!-- This site is optimized with the Yoast SEO plugin v25.9 - https:\/\/yoast.com\/wordpress\/plugins\/seo\/ -->\n<title>Abrieron los carnavales en la ciudad de Tornquist con mucha fiesta - Noticias Radio Reflejos<\/title>\n<meta name=\"robots\" content=\"index, follow, max-snippet:-1, max-image-preview:large, max-video-preview:-1\" \/>\n<link rel=\"canonical\" href=\"https:\/\/www.noticiasradioreflejos.com.ar\/2021\/abrieron-los-carnavales-en-la-ciudad-de-tornquist-con-mucha-fiesta\/\" \/>\n<meta property=\"og:locale\" content=\"es_ES\" \/>\n<meta property=\"og:type\" content=\"article\" \/>\n<meta property=\"og:title\" content=\"Abrieron los carnavales en la ciudad de Tornquist con mucha fiesta - Noticias Radio Reflejos\" \/>\n<meta property=\"og:description\" content=\"Buena participaci\u00f3n de concursantes y mucha diversi\u00f3n con las comparsas. EL Rey de los corsos Natalio abri\u00f3 junto al Intendente Sergio Bordoni y Mario Rodr\u00edguez de la C\u00e1mara de Comercio la edici\u00f3n 2019.\" \/>\n<meta property=\"og:url\" content=\"https:\/\/www.noticiasradioreflejos.com.ar\/2021\/abrieron-los-carnavales-en-la-ciudad-de-tornquist-con-mucha-fiesta\/\" \/>\n<meta property=\"og:site_name\" content=\"Noticias Radio Reflejos\" \/>\n<meta property=\"article:published_time\" content=\"2019-03-05T12:52:21+00:00\" \/>\n<meta property=\"og:image\" content=\"http:\/\/farm8.staticflickr.com\/7832\/47236464152_b18eed4a12.jpg\" \/>\n<meta name=\"author\" content=\"Arnaldo Botto\" \/>\n<meta name=\"twitter:card\" content=\"summary_large_image\" \/>\n<script type=\"application\/ld+json\" class=\"yoast-schema-graph\">{\"@context\":\"https:\/\/schema.org\",\"@graph\":[{\"@type\":\"WebPage\",\"@id\":\"https:\/\/www.noticiasradioreflejos.com.ar\/2021\/abrieron-los-carnavales-en-la-ciudad-de-tornquist-con-mucha-fiesta\/\",\"url\":\"https:\/\/www.noticiasradioreflejos.com.ar\/2021\/abrieron-los-carnavales-en-la-ciudad-de-tornquist-con-mucha-fiesta\/\",\"name\":\"Abrieron los carnavales en la ciudad de Tornquist con mucha fiesta - Noticias Radio Reflejos\",\"isPartOf\":{\"@id\":\"https:\/\/www.noticiasradioreflejos.com.ar\/2021\/#website\"},\"primaryImageOfPage\":{\"@id\":\"https:\/\/www.noticiasradioreflejos.com.ar\/2021\/abrieron-los-carnavales-en-la-ciudad-de-tornquist-con-mucha-fiesta\/#primaryimage\"},\"image\":{\"@id\":\"https:\/\/www.noticiasradioreflejos.com.ar\/2021\/abrieron-los-carnavales-en-la-ciudad-de-tornquist-con-mucha-fiesta\/#primaryimage\"},\"thumbnailUrl\":\"http:\/\/farm8.staticflickr.com\/7832\/47236464152_b18eed4a12.jpg\",\"datePublished\":\"2019-03-05T12:52:21+00:00\",\"author\":{\"@id\":\"https:\/\/www.noticiasradioreflejos.com.ar\/2021\/#\/schema\/person\/ad82545263dcc5ec0996818884fd5fb1\"},\"breadcrumb\":{\"@id\":\"https:\/\/www.noticiasradioreflejos.com.ar\/2021\/abrieron-los-carnavales-en-la-ciudad-de-tornquist-con-mucha-fiesta\/#breadcrumb\"},\"inLanguage\":\"es\",\"potentialAction\":[{\"@type\":\"ReadAction\",\"target\":[\"https:\/\/www.noticiasradioreflejos.com.ar\/2021\/abrieron-los-carnavales-en-la-ciudad-de-tornquist-con-mucha-fiesta\/\"]}]},{\"@type\":\"ImageObject\",\"inLanguage\":\"es\",\"@id\":\"https:\/\/www.noticiasradioreflejos.com.ar\/2021\/abrieron-los-carnavales-en-la-ciudad-de-tornquist-con-mucha-fiesta\/#primaryimage\",\"url\":\"http:\/\/farm8.staticflickr.com\/7832\/47236464152_b18eed4a12.jpg\",\"contentUrl\":\"http:\/\/farm8.staticflickr.com\/7832\/47236464152_b18eed4a12.jpg\"},{\"@type\":\"BreadcrumbList\",\"@id\":\"https:\/\/www.noticiasradioreflejos.com.ar\/2021\/abrieron-los-carnavales-en-la-ciudad-de-tornquist-con-mucha-fiesta\/#breadcrumb\",\"itemListElement\":[{\"@type\":\"ListItem\",\"position\":1,\"name\":\"Portada\",\"item\":\"https:\/\/www.noticiasradioreflejos.com.ar\/2021\/\"},{\"@type\":\"ListItem\",\"position\":2,\"name\":\"Abrieron los carnavales en la ciudad de Tornquist con mucha fiesta\"}]},{\"@type\":\"WebSite\",\"@id\":\"https:\/\/www.noticiasradioreflejos.com.ar\/2021\/#website\",\"url\":\"https:\/\/www.noticiasradioreflejos.com.ar\/2021\/\",\"name\":\"Noticias Radio Reflejos\",\"description\":\"Las noticias de mi comarca\",\"potentialAction\":[{\"@type\":\"SearchAction\",\"target\":{\"@type\":\"EntryPoint\",\"urlTemplate\":\"https:\/\/www.noticiasradioreflejos.com.ar\/2021\/?s={search_term_string}\"},\"query-input\":{\"@type\":\"PropertyValueSpecification\",\"valueRequired\":true,\"valueName\":\"search_term_string\"}}],\"inLanguage\":\"es\"},{\"@type\":\"Person\",\"@id\":\"https:\/\/www.noticiasradioreflejos.com.ar\/2021\/#\/schema\/person\/ad82545263dcc5ec0996818884fd5fb1\",\"name\":\"Arnaldo Botto\",\"image\":{\"@type\":\"ImageObject\",\"inLanguage\":\"es\",\"@id\":\"https:\/\/www.noticiasradioreflejos.com.ar\/2021\/#\/schema\/person\/image\/\",\"url\":\"https:\/\/secure.gravatar.com\/avatar\/55cb5e37c1efa326397366e6974cb338056df65cb50e7d64d1cf314e87504837?s=96&d=mm&r=g\",\"contentUrl\":\"https:\/\/secure.gravatar.com\/avatar\/55cb5e37c1efa326397366e6974cb338056df65cb50e7d64d1cf314e87504837?s=96&d=mm&r=g\",\"caption\":\"Arnaldo Botto\"},\"url\":\"https:\/\/www.noticiasradioreflejos.com.ar\/2021\/author\/arnaldo\/\"}]}<\/script>\n<!-- \/ Yoast SEO plugin. -->","yoast_head_json":{"title":"Abrieron los carnavales en la ciudad de Tornquist con mucha fiesta - Noticias Radio Reflejos","robots":{"index":"index","follow":"follow","max-snippet":"max-snippet:-1","max-image-preview":"max-image-preview:large","max-video-preview":"max-video-preview:-1"},"canonical":"https:\/\/www.noticiasradioreflejos.com.ar\/2021\/abrieron-los-carnavales-en-la-ciudad-de-tornquist-con-mucha-fiesta\/","og_locale":"es_ES","og_type":"article","og_title":"Abrieron los carnavales en la ciudad de Tornquist con mucha fiesta - Noticias Radio Reflejos","og_description":"Buena participaci\u00f3n de concursantes y mucha diversi\u00f3n con las comparsas. EL Rey de los corsos Natalio abri\u00f3 junto al Intendente Sergio Bordoni y Mario Rodr\u00edguez de la C\u00e1mara de Comercio la edici\u00f3n 2019.","og_url":"https:\/\/www.noticiasradioreflejos.com.ar\/2021\/abrieron-los-carnavales-en-la-ciudad-de-tornquist-con-mucha-fiesta\/","og_site_name":"Noticias Radio Reflejos","article_published_time":"2019-03-05T12:52:21+00:00","og_image":[{"url":"http:\/\/farm8.staticflickr.com\/7832\/47236464152_b18eed4a12.jpg","type":"","width":"","height":""}],"author":"Arnaldo Botto","twitter_card":"summary_large_image","schema":{"@context":"https:\/\/schema.org","@graph":[{"@type":"WebPage","@id":"https:\/\/www.noticiasradioreflejos.com.ar\/2021\/abrieron-los-carnavales-en-la-ciudad-de-tornquist-con-mucha-fiesta\/","url":"https:\/\/www.noticiasradioreflejos.com.ar\/2021\/abrieron-los-carnavales-en-la-ciudad-de-tornquist-con-mucha-fiesta\/","name":"Abrieron los carnavales en la ciudad de Tornquist con mucha fiesta - Noticias Radio Reflejos","isPartOf":{"@id":"https:\/\/www.noticiasradioreflejos.com.ar\/2021\/#website"},"primaryImageOfPage":{"@id":"https:\/\/www.noticiasradioreflejos.com.ar\/2021\/abrieron-los-carnavales-en-la-ciudad-de-tornquist-con-mucha-fiesta\/#primaryimage"},"image":{"@id":"https:\/\/www.noticiasradioreflejos.com.ar\/2021\/abrieron-los-carnavales-en-la-ciudad-de-tornquist-con-mucha-fiesta\/#primaryimage"},"thumbnailUrl":"http:\/\/farm8.staticflickr.com\/7832\/47236464152_b18eed4a12.jpg","datePublished":"2019-03-05T12:52:21+00:00","author":{"@id":"https:\/\/www.noticiasradioreflejos.com.ar\/2021\/#\/schema\/person\/ad82545263dcc5ec0996818884fd5fb1"},"breadcrumb":{"@id":"https:\/\/www.noticiasradioreflejos.com.ar\/2021\/abrieron-los-carnavales-en-la-ciudad-de-tornquist-con-mucha-fiesta\/#breadcrumb"},"inLanguage":"es","potentialAction":[{"@type":"ReadAction","target":["https:\/\/www.noticiasradioreflejos.com.ar\/2021\/abrieron-los-carnavales-en-la-ciudad-de-tornquist-con-mucha-fiesta\/"]}]},{"@type":"ImageObject","inLanguage":"es","@id":"https:\/\/www.noticiasradioreflejos.com.ar\/2021\/abrieron-los-carnavales-en-la-ciudad-de-tornquist-con-mucha-fiesta\/#primaryimage","url":"http:\/\/farm8.staticflickr.com\/7832\/47236464152_b18eed4a12.jpg","contentUrl":"http:\/\/farm8.staticflickr.com\/7832\/47236464152_b18eed4a12.jpg"},{"@type":"BreadcrumbList","@id":"https:\/\/www.noticiasradioreflejos.com.ar\/2021\/abrieron-los-carnavales-en-la-ciudad-de-tornquist-con-mucha-fiesta\/#breadcrumb","itemListElement":[{"@type":"ListItem","position":1,"name":"Portada","item":"https:\/\/www.noticiasradioreflejos.com.ar\/2021\/"},{"@type":"ListItem","position":2,"name":"Abrieron los carnavales en la ciudad de Tornquist con mucha fiesta"}]},{"@type":"WebSite","@id":"https:\/\/www.noticiasradioreflejos.com.ar\/2021\/#website","url":"https:\/\/www.noticiasradioreflejos.com.ar\/2021\/","name":"Noticias Radio Reflejos","description":"Las noticias de mi comarca","potentialAction":[{"@type":"SearchAction","target":{"@type":"EntryPoint","urlTemplate":"https:\/\/www.noticiasradioreflejos.com.ar\/2021\/?s={search_term_string}"},"query-input":{"@type":"PropertyValueSpecification","valueRequired":true,"valueName":"search_term_string"}}],"inLanguage":"es"},{"@type":"Person","@id":"https:\/\/www.noticiasradioreflejos.com.ar\/2021\/#\/schema\/person\/ad82545263dcc5ec0996818884fd5fb1","name":"Arnaldo Botto","image":{"@type":"ImageObject","inLanguage":"es","@id":"https:\/\/www.noticiasradioreflejos.com.ar\/2021\/#\/schema\/person\/image\/","url":"https:\/\/secure.gravatar.com\/avatar\/55cb5e37c1efa326397366e6974cb338056df65cb50e7d64d1cf314e87504837?s=96&d=mm&r=g","contentUrl":"https:\/\/secure.gravatar.com\/avatar\/55cb5e37c1efa326397366e6974cb338056df65cb50e7d64d1cf314e87504837?s=96&d=mm&r=g","caption":"Arnaldo Botto"},"url":"https:\/\/www.noticiasradioreflejos.com.ar\/2021\/author\/arnaldo\/"}]}},"_links":{"self":[{"href":"https:\/\/www.noticiasradioreflejos.com.ar\/2021\/wp-json\/wp\/v2\/posts\/29409","targetHints":{"allow":["GET"]}}],"collection":[{"href":"https:\/\/www.noticiasradioreflejos.com.ar\/2021\/wp-json\/wp\/v2\/posts"}],"about":[{"href":"https:\/\/www.noticiasradioreflejos.com.ar\/2021\/wp-json\/wp\/v2\/types\/post"}],"author":[{"embeddable":true,"href":"https:\/\/www.noticiasradioreflejos.com.ar\/2021\/wp-json\/wp\/v2\/users\/3"}],"replies":[{"embeddable":true,"href":"https:\/\/www.noticiasradioreflejos.com.ar\/2021\/wp-json\/wp\/v2\/comments?post=29409"}],"version-history":[{"count":0,"href":"https:\/\/www.noticiasradioreflejos.com.ar\/2021\/wp-json\/wp\/v2\/posts\/29409\/revisions"}],"wp:attachment":[{"href":"https:\/\/www.noticiasradioreflejos.com.ar\/2021\/wp-json\/wp\/v2\/media?parent=29409"}],"wp:term":[{"taxonomy":"category","embeddable":true,"href":"https:\/\/www.noticiasradioreflejos.com.ar\/2021\/wp-json\/wp\/v2\/categories?post=29409"},{"taxonomy":"post_tag","embeddable":true,"href":"https:\/\/www.noticiasradioreflejos.com.ar\/2021\/wp-json\/wp\/v2\/tags?post=29409"}],"curies":[{"name":"wp","href":"https:\/\/api.w.org\/{rel}","templated":true}]}}