{"id":29393,"date":"2019-03-04T12:14:45","date_gmt":"2019-03-04T15:14:45","guid":{"rendered":"http:\/\/www.noticiasradioreflejos.com.ar\/noticias\/?p=29393"},"modified":"2019-03-04T12:14:45","modified_gmt":"2019-03-04T15:14:45","slug":"el-carnaval-cerro-con-gran-brillo-en-sierra-de-la-ventana","status":"publish","type":"post","link":"https:\/\/www.noticiasradioreflejos.com.ar\/2021\/el-carnaval-cerro-con-gran-brillo-en-sierra-de-la-ventana\/","title":{"rendered":"El carnaval cerr\u00f3 con gran brillo en Sierra de la Ventana."},"content":{"rendered":"<p><a title=\"Carnaval 19 CAV (15)\" href=\"http:\/\/farm8.staticflickr.com\/7904\/46364302675_c2e36722f6.jpg\" rel=\"\"><img loading=\"lazy\" decoding=\"async\" style=\"float: left;\" title=\"Carnaval 19 CAV (15)\" src=\"http:\/\/farm8.staticflickr.com\/7904\/46364302675_c2e36722f6.jpg\" alt=\"Carnaval 19 CAV (15)\" width=\"500\" height=\"281\" \/><\/a>Dos d\u00edas de festejo para estos carnavales propuso el Club A. Ventana y dentro de su sede social brind\u00f3 espect\u00e1culos musicales, bandas en vivo, murgas, patio de comidas y premios a disfraces que fue acompa\u00f1ado por una gran concurrencia de turistas y vecinos de la comarca.<!--more--><br \/>\nS\u00e1bado y domingo de carnavales con espect\u00e1culos, bandas en vivo y el domingo con toda la magia, tuvieron como centro la sede social del Club Ventana, que junto al Municipio de Tornquist organizaron este nueva edici\u00f3n del Carnaval 2019 en Sierra de la Ventana.<br \/>\nLa localidad y toda la comarca tienen una propuesta que fue mutando a trav\u00e9s de los a\u00f1os desde que fue reinstitu\u00eddo el festejo de los carnavales en la localidad.<br \/>\n<a title=\"Carnaval 19 CAV (38)\" href=\"http:\/\/farm8.staticflickr.com\/7895\/46555624854_86e18419d3.jpg\" rel=\"\"><img loading=\"lazy\" decoding=\"async\" class=\"alignleft\" style=\"float: left;\" title=\"Carnaval 19 CAV (38)\" src=\"http:\/\/farm8.staticflickr.com\/7895\/46555624854_86e18419d3.jpg\" alt=\"Carnaval 19 CAV (38)\" width=\"500\" height=\"281\" \/><\/a>Perdido por d\u00e9cadas, el Club Ventana, tuvo la feliz idea de hacer resurgir los corsos en Av. Roca, y con much\u00edsimo esfuerzo fue logrando a\u00f1o tras a\u00f1o, brindarle a la fecha tur\u00edstica de mayor concurrencia de visitantes, un atractivo para alegrar la vista y el alma.<br \/>\nEn esta oportunidad, la lluvia oblig\u00f3 a la organizaci\u00f3n a un plan B, y en vez de desarrollar el tradicional corso en la calle, como estaba previsto, se prepar\u00f3 todo en un formato diferente, frente al escenario de su sede, con los portones del gimnasio abiertos para permitir que parte del p\u00fablico pueda observar sentados y bajo techo, lo que se fuera presentando.<br \/>\nCasi puntualmente, subi\u00f3 al escenario \u00abFlorinda\u00bb con su espect\u00e1culo audiovisual y de canciones para los m\u00e1s chicos, seguidamente se realiz\u00f3 la presentaci\u00f3n de los participantes en disfraces, que desfilaron por una pasarela frente al escenario, mientras el p\u00fablico observaba detr\u00e1s de un vallado circular.<br \/>\nLleg\u00f3 m\u00e1s tarde la murga de Saldungaray, que ingresaron desde la calle Jos\u00e9 Hern\u00e1ndez, para luego mostrar todo su despliegue de movimientos en el centro del predio. Los aplausos del p\u00fablico acompa\u00f1aron aprobando toda la entrega de <strong>\u00abLos Cusifai\u00bb<\/strong>.<br \/>\nMinutos despu\u00e9s, tuvo su presentaci\u00f3n la Murga \u00abV\u00eda Libre\u00bb de Bah\u00eda Blanca, con m\u00e1s de 70 integrantes que se esforzaron para poder desarrollar su entrega, dividida en un grupo sobre el escenario, con canciones propias y movimientos, en tanto un nutrido grupo m\u00e1s de participantes lo hac\u00eda al pie de escenario, acompa\u00f1ados por bombos, redoblantes, estandartes y un impecable vestuario que deslumbr\u00f3 al p\u00fablico. Tras la actuaci\u00f3n de V\u00eda Libre, lleg\u00f3 el veredicto del jurado, para premiar a los disfrazados que participaron en cada categor\u00eda.<br \/>\n<a title=\"Carnaval 19 CAV (1)\" href=\"http:\/\/farm8.staticflickr.com\/7874\/46555626344_f2225968b5.jpg\" rel=\"\"><img loading=\"lazy\" decoding=\"async\" class=\"alignleft\" style=\"float: left;\" title=\"Carnaval 19 CAV (1)\" src=\"http:\/\/farm8.staticflickr.com\/7874\/46555626344_f2225968b5.jpg\" alt=\"Carnaval 19 CAV (1)\" width=\"500\" height=\"281\" \/><\/a>Los premios se repartieron de la siguiente manera:<br \/>\n<strong>*Disfraz colectivo<\/strong><br \/>\nHappy Hours<br \/>\nLa familia de Eat<br \/>\n<strong>*Disfraz individual mayor<\/strong><br \/>\nTatiana Jeff they killer<br \/>\n<strong>* Disfraz infantil<\/strong><br \/>\n16-Mirko &#8211; Lanza guisante<br \/>\n26- Bautista Parotti &#8211; Mr. robot<br \/>\n5 Emili Campos &#8211; La bella durmiente<br \/>\n25 Mateo Parotti &#8211; Mr Espuma<br \/>\n8 Mariposita &#8211; Bianca<br \/>\n13 Francisco &#8211; Zombi<br \/>\n3 Emilia &#8211; Mu\u00f1eca Frozen<br \/>\n1 Juanito &#8211; El cient\u00edfico<br \/>\n12 Emma Reeb Aurora<br \/>\n14 Facundo Zombi<br \/>\n11 Sof\u00eda Sundais &#8211; Elsa<br \/>\n10 Gonzalo G\u00f3mez &#8211; Pirata<br \/>\n4 Clara Campos &#8211; Blancanieves<br \/>\n15 Samira Casanova &#8211; Frozen<br \/>\nCerr\u00f3 la noche \u00abLo que salga\u00bb con su m\u00fasica, mientras en el patio de comidas se pudo disfrutar de variedad de cervezas artesanales y la gastronom\u00eda de la cantina del Club.<br \/>\n<iframe loading=\"lazy\" src=\"https:\/\/www.youtube.com\/embed\/KzvwRKJizRk\" width=\"560\" height=\"315\" frameborder=\"0\" allowfullscreen=\"allowfullscreen\"><\/iframe><br \/>\n<a title=\"Carnaval 19 CAV (59)\" href=\"http:\/\/farm8.staticflickr.com\/7822\/46364300345_9d76acecd4_z.jpg\" rel=\"\"><img loading=\"lazy\" decoding=\"async\" class=\"aligncenter\" title=\"Carnaval 19 CAV (59)\" src=\"http:\/\/farm8.staticflickr.com\/7822\/46364300345_9d76acecd4_z.jpg\" alt=\"Carnaval 19 CAV (59)\" width=\"640\" height=\"360\" \/><\/a><br \/>\n<a title=\"Carnaval 19 CAV (64)\" href=\"http:\/\/farm8.staticflickr.com\/7800\/46555623254_c33c9be837_z.jpg\" rel=\"\"><img loading=\"lazy\" decoding=\"async\" class=\"aligncenter\" title=\"Carnaval 19 CAV (64)\" src=\"http:\/\/farm8.staticflickr.com\/7800\/46555623254_c33c9be837_z.jpg\" alt=\"Carnaval 19 CAV (64)\" width=\"640\" height=\"360\" \/><\/a><br \/>\n<a title=\"Carnaval 19 CAV (81)\" href=\"http:\/\/farm8.staticflickr.com\/7835\/47226828542_fc72c7859a_z.jpg\" rel=\"\"><img loading=\"lazy\" decoding=\"async\" class=\"aligncenter\" title=\"Carnaval 19 CAV (81)\" src=\"http:\/\/farm8.staticflickr.com\/7835\/47226828542_fc72c7859a_z.jpg\" alt=\"Carnaval 19 CAV (81)\" width=\"640\" height=\"360\" \/><\/a><br \/>\n&nbsp;<br \/>\n&nbsp;<\/p>\n","protected":false},"excerpt":{"rendered":"<p>Dos d\u00edas de festejo para estos carnavales propuso el Club A. Ventana y dentro de su sede social brind\u00f3 espect\u00e1culos musicales, bandas en vivo, murgas, patio de comidas y premios a disfraces que fue acompa\u00f1ado por una gran concurrencia de turistas y vecinos de la comarca.<\/p>\n","protected":false},"author":3,"featured_media":0,"comment_status":"closed","ping_status":"open","sticky":false,"template":"","format":"standard","meta":{"footnotes":""},"categories":[26],"tags":[],"class_list":["post-29393","post","type-post","status-publish","format-standard","hentry","category-sociedad"],"yoast_head":"<!-- This site is optimized with the Yoast SEO plugin v25.9 - https:\/\/yoast.com\/wordpress\/plugins\/seo\/ -->\n<title>El carnaval cerr\u00f3 con gran brillo en Sierra de la Ventana. - Noticias Radio Reflejos<\/title>\n<meta name=\"robots\" content=\"index, follow, max-snippet:-1, max-image-preview:large, max-video-preview:-1\" \/>\n<link rel=\"canonical\" href=\"https:\/\/www.noticiasradioreflejos.com.ar\/2021\/el-carnaval-cerro-con-gran-brillo-en-sierra-de-la-ventana\/\" \/>\n<meta property=\"og:locale\" content=\"es_ES\" \/>\n<meta property=\"og:type\" content=\"article\" \/>\n<meta property=\"og:title\" content=\"El carnaval cerr\u00f3 con gran brillo en Sierra de la Ventana. - Noticias Radio Reflejos\" \/>\n<meta property=\"og:description\" content=\"Dos d\u00edas de festejo para estos carnavales propuso el Club A. Ventana y dentro de su sede social brind\u00f3 espect\u00e1culos musicales, bandas en vivo, murgas, patio de comidas y premios a disfraces que fue acompa\u00f1ado por una gran concurrencia de turistas y vecinos de la comarca.\" \/>\n<meta property=\"og:url\" content=\"https:\/\/www.noticiasradioreflejos.com.ar\/2021\/el-carnaval-cerro-con-gran-brillo-en-sierra-de-la-ventana\/\" \/>\n<meta property=\"og:site_name\" content=\"Noticias Radio Reflejos\" \/>\n<meta property=\"article:published_time\" content=\"2019-03-04T15:14:45+00:00\" \/>\n<meta property=\"og:image\" content=\"http:\/\/farm8.staticflickr.com\/7904\/46364302675_c2e36722f6.jpg\" \/>\n<meta name=\"author\" content=\"Arnaldo Botto\" \/>\n<meta name=\"twitter:card\" content=\"summary_large_image\" \/>\n<script type=\"application\/ld+json\" class=\"yoast-schema-graph\">{\"@context\":\"https:\/\/schema.org\",\"@graph\":[{\"@type\":\"WebPage\",\"@id\":\"https:\/\/www.noticiasradioreflejos.com.ar\/2021\/el-carnaval-cerro-con-gran-brillo-en-sierra-de-la-ventana\/\",\"url\":\"https:\/\/www.noticiasradioreflejos.com.ar\/2021\/el-carnaval-cerro-con-gran-brillo-en-sierra-de-la-ventana\/\",\"name\":\"El carnaval cerr\u00f3 con gran brillo en Sierra de la Ventana. - Noticias Radio Reflejos\",\"isPartOf\":{\"@id\":\"https:\/\/www.noticiasradioreflejos.com.ar\/2021\/#website\"},\"primaryImageOfPage\":{\"@id\":\"https:\/\/www.noticiasradioreflejos.com.ar\/2021\/el-carnaval-cerro-con-gran-brillo-en-sierra-de-la-ventana\/#primaryimage\"},\"image\":{\"@id\":\"https:\/\/www.noticiasradioreflejos.com.ar\/2021\/el-carnaval-cerro-con-gran-brillo-en-sierra-de-la-ventana\/#primaryimage\"},\"thumbnailUrl\":\"http:\/\/farm8.staticflickr.com\/7904\/46364302675_c2e36722f6.jpg\",\"datePublished\":\"2019-03-04T15:14:45+00:00\",\"author\":{\"@id\":\"https:\/\/www.noticiasradioreflejos.com.ar\/2021\/#\/schema\/person\/ad82545263dcc5ec0996818884fd5fb1\"},\"breadcrumb\":{\"@id\":\"https:\/\/www.noticiasradioreflejos.com.ar\/2021\/el-carnaval-cerro-con-gran-brillo-en-sierra-de-la-ventana\/#breadcrumb\"},\"inLanguage\":\"es\",\"potentialAction\":[{\"@type\":\"ReadAction\",\"target\":[\"https:\/\/www.noticiasradioreflejos.com.ar\/2021\/el-carnaval-cerro-con-gran-brillo-en-sierra-de-la-ventana\/\"]}]},{\"@type\":\"ImageObject\",\"inLanguage\":\"es\",\"@id\":\"https:\/\/www.noticiasradioreflejos.com.ar\/2021\/el-carnaval-cerro-con-gran-brillo-en-sierra-de-la-ventana\/#primaryimage\",\"url\":\"http:\/\/farm8.staticflickr.com\/7904\/46364302675_c2e36722f6.jpg\",\"contentUrl\":\"http:\/\/farm8.staticflickr.com\/7904\/46364302675_c2e36722f6.jpg\"},{\"@type\":\"BreadcrumbList\",\"@id\":\"https:\/\/www.noticiasradioreflejos.com.ar\/2021\/el-carnaval-cerro-con-gran-brillo-en-sierra-de-la-ventana\/#breadcrumb\",\"itemListElement\":[{\"@type\":\"ListItem\",\"position\":1,\"name\":\"Portada\",\"item\":\"https:\/\/www.noticiasradioreflejos.com.ar\/2021\/\"},{\"@type\":\"ListItem\",\"position\":2,\"name\":\"El carnaval cerr\u00f3 con gran brillo en Sierra de la Ventana.\"}]},{\"@type\":\"WebSite\",\"@id\":\"https:\/\/www.noticiasradioreflejos.com.ar\/2021\/#website\",\"url\":\"https:\/\/www.noticiasradioreflejos.com.ar\/2021\/\",\"name\":\"Noticias Radio Reflejos\",\"description\":\"Las noticias de mi comarca\",\"potentialAction\":[{\"@type\":\"SearchAction\",\"target\":{\"@type\":\"EntryPoint\",\"urlTemplate\":\"https:\/\/www.noticiasradioreflejos.com.ar\/2021\/?s={search_term_string}\"},\"query-input\":{\"@type\":\"PropertyValueSpecification\",\"valueRequired\":true,\"valueName\":\"search_term_string\"}}],\"inLanguage\":\"es\"},{\"@type\":\"Person\",\"@id\":\"https:\/\/www.noticiasradioreflejos.com.ar\/2021\/#\/schema\/person\/ad82545263dcc5ec0996818884fd5fb1\",\"name\":\"Arnaldo Botto\",\"image\":{\"@type\":\"ImageObject\",\"inLanguage\":\"es\",\"@id\":\"https:\/\/www.noticiasradioreflejos.com.ar\/2021\/#\/schema\/person\/image\/\",\"url\":\"https:\/\/secure.gravatar.com\/avatar\/55cb5e37c1efa326397366e6974cb338056df65cb50e7d64d1cf314e87504837?s=96&d=mm&r=g\",\"contentUrl\":\"https:\/\/secure.gravatar.com\/avatar\/55cb5e37c1efa326397366e6974cb338056df65cb50e7d64d1cf314e87504837?s=96&d=mm&r=g\",\"caption\":\"Arnaldo Botto\"},\"url\":\"https:\/\/www.noticiasradioreflejos.com.ar\/2021\/author\/arnaldo\/\"}]}<\/script>\n<!-- \/ Yoast SEO plugin. -->","yoast_head_json":{"title":"El carnaval cerr\u00f3 con gran brillo en Sierra de la Ventana. - Noticias Radio Reflejos","robots":{"index":"index","follow":"follow","max-snippet":"max-snippet:-1","max-image-preview":"max-image-preview:large","max-video-preview":"max-video-preview:-1"},"canonical":"https:\/\/www.noticiasradioreflejos.com.ar\/2021\/el-carnaval-cerro-con-gran-brillo-en-sierra-de-la-ventana\/","og_locale":"es_ES","og_type":"article","og_title":"El carnaval cerr\u00f3 con gran brillo en Sierra de la Ventana. - Noticias Radio Reflejos","og_description":"Dos d\u00edas de festejo para estos carnavales propuso el Club A. Ventana y dentro de su sede social brind\u00f3 espect\u00e1culos musicales, bandas en vivo, murgas, patio de comidas y premios a disfraces que fue acompa\u00f1ado por una gran concurrencia de turistas y vecinos de la comarca.","og_url":"https:\/\/www.noticiasradioreflejos.com.ar\/2021\/el-carnaval-cerro-con-gran-brillo-en-sierra-de-la-ventana\/","og_site_name":"Noticias Radio Reflejos","article_published_time":"2019-03-04T15:14:45+00:00","og_image":[{"url":"http:\/\/farm8.staticflickr.com\/7904\/46364302675_c2e36722f6.jpg","type":"","width":"","height":""}],"author":"Arnaldo Botto","twitter_card":"summary_large_image","schema":{"@context":"https:\/\/schema.org","@graph":[{"@type":"WebPage","@id":"https:\/\/www.noticiasradioreflejos.com.ar\/2021\/el-carnaval-cerro-con-gran-brillo-en-sierra-de-la-ventana\/","url":"https:\/\/www.noticiasradioreflejos.com.ar\/2021\/el-carnaval-cerro-con-gran-brillo-en-sierra-de-la-ventana\/","name":"El carnaval cerr\u00f3 con gran brillo en Sierra de la Ventana. - Noticias Radio Reflejos","isPartOf":{"@id":"https:\/\/www.noticiasradioreflejos.com.ar\/2021\/#website"},"primaryImageOfPage":{"@id":"https:\/\/www.noticiasradioreflejos.com.ar\/2021\/el-carnaval-cerro-con-gran-brillo-en-sierra-de-la-ventana\/#primaryimage"},"image":{"@id":"https:\/\/www.noticiasradioreflejos.com.ar\/2021\/el-carnaval-cerro-con-gran-brillo-en-sierra-de-la-ventana\/#primaryimage"},"thumbnailUrl":"http:\/\/farm8.staticflickr.com\/7904\/46364302675_c2e36722f6.jpg","datePublished":"2019-03-04T15:14:45+00:00","author":{"@id":"https:\/\/www.noticiasradioreflejos.com.ar\/2021\/#\/schema\/person\/ad82545263dcc5ec0996818884fd5fb1"},"breadcrumb":{"@id":"https:\/\/www.noticiasradioreflejos.com.ar\/2021\/el-carnaval-cerro-con-gran-brillo-en-sierra-de-la-ventana\/#breadcrumb"},"inLanguage":"es","potentialAction":[{"@type":"ReadAction","target":["https:\/\/www.noticiasradioreflejos.com.ar\/2021\/el-carnaval-cerro-con-gran-brillo-en-sierra-de-la-ventana\/"]}]},{"@type":"ImageObject","inLanguage":"es","@id":"https:\/\/www.noticiasradioreflejos.com.ar\/2021\/el-carnaval-cerro-con-gran-brillo-en-sierra-de-la-ventana\/#primaryimage","url":"http:\/\/farm8.staticflickr.com\/7904\/46364302675_c2e36722f6.jpg","contentUrl":"http:\/\/farm8.staticflickr.com\/7904\/46364302675_c2e36722f6.jpg"},{"@type":"BreadcrumbList","@id":"https:\/\/www.noticiasradioreflejos.com.ar\/2021\/el-carnaval-cerro-con-gran-brillo-en-sierra-de-la-ventana\/#breadcrumb","itemListElement":[{"@type":"ListItem","position":1,"name":"Portada","item":"https:\/\/www.noticiasradioreflejos.com.ar\/2021\/"},{"@type":"ListItem","position":2,"name":"El carnaval cerr\u00f3 con gran brillo en Sierra de la Ventana."}]},{"@type":"WebSite","@id":"https:\/\/www.noticiasradioreflejos.com.ar\/2021\/#website","url":"https:\/\/www.noticiasradioreflejos.com.ar\/2021\/","name":"Noticias Radio Reflejos","description":"Las noticias de mi comarca","potentialAction":[{"@type":"SearchAction","target":{"@type":"EntryPoint","urlTemplate":"https:\/\/www.noticiasradioreflejos.com.ar\/2021\/?s={search_term_string}"},"query-input":{"@type":"PropertyValueSpecification","valueRequired":true,"valueName":"search_term_string"}}],"inLanguage":"es"},{"@type":"Person","@id":"https:\/\/www.noticiasradioreflejos.com.ar\/2021\/#\/schema\/person\/ad82545263dcc5ec0996818884fd5fb1","name":"Arnaldo Botto","image":{"@type":"ImageObject","inLanguage":"es","@id":"https:\/\/www.noticiasradioreflejos.com.ar\/2021\/#\/schema\/person\/image\/","url":"https:\/\/secure.gravatar.com\/avatar\/55cb5e37c1efa326397366e6974cb338056df65cb50e7d64d1cf314e87504837?s=96&d=mm&r=g","contentUrl":"https:\/\/secure.gravatar.com\/avatar\/55cb5e37c1efa326397366e6974cb338056df65cb50e7d64d1cf314e87504837?s=96&d=mm&r=g","caption":"Arnaldo Botto"},"url":"https:\/\/www.noticiasradioreflejos.com.ar\/2021\/author\/arnaldo\/"}]}},"_links":{"self":[{"href":"https:\/\/www.noticiasradioreflejos.com.ar\/2021\/wp-json\/wp\/v2\/posts\/29393","targetHints":{"allow":["GET"]}}],"collection":[{"href":"https:\/\/www.noticiasradioreflejos.com.ar\/2021\/wp-json\/wp\/v2\/posts"}],"about":[{"href":"https:\/\/www.noticiasradioreflejos.com.ar\/2021\/wp-json\/wp\/v2\/types\/post"}],"author":[{"embeddable":true,"href":"https:\/\/www.noticiasradioreflejos.com.ar\/2021\/wp-json\/wp\/v2\/users\/3"}],"replies":[{"embeddable":true,"href":"https:\/\/www.noticiasradioreflejos.com.ar\/2021\/wp-json\/wp\/v2\/comments?post=29393"}],"version-history":[{"count":0,"href":"https:\/\/www.noticiasradioreflejos.com.ar\/2021\/wp-json\/wp\/v2\/posts\/29393\/revisions"}],"wp:attachment":[{"href":"https:\/\/www.noticiasradioreflejos.com.ar\/2021\/wp-json\/wp\/v2\/media?parent=29393"}],"wp:term":[{"taxonomy":"category","embeddable":true,"href":"https:\/\/www.noticiasradioreflejos.com.ar\/2021\/wp-json\/wp\/v2\/categories?post=29393"},{"taxonomy":"post_tag","embeddable":true,"href":"https:\/\/www.noticiasradioreflejos.com.ar\/2021\/wp-json\/wp\/v2\/tags?post=29393"}],"curies":[{"name":"wp","href":"https:\/\/api.w.org\/{rel}","templated":true}]}}