{"id":29387,"date":"2019-03-04T10:16:17","date_gmt":"2019-03-04T13:16:17","guid":{"rendered":"http:\/\/www.noticiasradioreflejos.com.ar\/noticias\/?p=29387"},"modified":"2019-03-04T10:16:17","modified_gmt":"2019-03-04T13:16:17","slug":"escribana-pringlense-pierde-la-vida-tras-vuelco-en-ruta-51","status":"publish","type":"post","link":"https:\/\/www.noticiasradioreflejos.com.ar\/2021\/escribana-pringlense-pierde-la-vida-tras-vuelco-en-ruta-51\/","title":{"rendered":"Escribana Pringlense pierde la vida tras vuelco en Ruta 51."},"content":{"rendered":"<p><a title=\"Sin t\u00edtulo\" href=\"http:\/\/farm8.staticflickr.com\/7800\/32336510047_d94b36faa8.jpg\" rel=\"\"><img loading=\"lazy\" decoding=\"async\" class=\"alignleft\" style=\"float: left;\" title=\"Sin t\u00edtulo\" src=\"http:\/\/farm8.staticflickr.com\/7800\/32336510047_d94b36faa8.jpg\" alt=\"Sin t\u00edtulo\" width=\"500\" height=\"316\" \/><\/a>El vuelco de un veh\u00edculo se produjo en el kil\u00f3metro 653 de la Ruta 51, alrededor de las 14.00 hs, en proximidades a la bajada de Paraje \u00abEl Divisorio\u00bb. En ese punto, por causas que se tratan de establecer, un veh\u00edculo perdi\u00f3 el control, volc\u00f3 y luego, se incendi\u00f3.<!--more--><br \/>\nEn el rodado viajaban dos personas, perdiendo lamentablemente la vida la Escribana Cecilia Di Filippo, muy querida y reconocida en Cnel Pringles. En tanto, Rub\u00e9n Roark, quien conduc\u00eda el veh\u00edculo involucrado en el siniestro, pudo ser rescatado y fue trasladado de urgencia al Hospital Municipal.<br \/>\nBomberos Voluntarios de Pringles trabajaron en el lugar del hecho, junto a efectivos bomberiles de Saldungaray. Polic\u00eda Cient\u00edfica tambi\u00e9n trabaj\u00f3 en el lugar. Vale destacar que en su momento, \u00abEl Diario\u00bb advirti\u00f3 sobre el mal estado de las banquinas en la Ruta 51, pese a que se est\u00e1n llevando a cabo tareas de ensanchamiento en la misma. Por eso, se pide circular con precauci\u00f3n teniendo presente que a\u00fan falta para culminar los trabajos mencionados.<br \/>\nLa causa fue caratulada: \u00abHomicidio Culposo y Lesiones Culposas\u00bb<br \/>\nMediante un parte de prensa policial se dieron a conocer m\u00e1s detalles de lo sucedido.<br \/>\nEn el rodado que volc\u00f3 sobre Ruta 51 viajaban la pringlense, Cecilia DI Filippo (quien perdi\u00f3 la vida), Escribana de 62 a\u00f1os, domiciliada Pellegrini Nro. 695, y el ciudadano, Rub\u00e9n Roack (63), domiciliado en el mismo domicilio. La causa fue caratulada: \u00abHomicidio Culposo y Lesiones Culposas\u00bb.<br \/>\n<iframe loading=\"lazy\" src=\"https:\/\/www.youtube.com\/embed\/6tjk2sAd9bQ\" width=\"560\" height=\"315\" frameborder=\"0\" allowfullscreen=\"allowfullscreen\"><\/iframe><br \/>\nSobre lo sucedido se indic\u00f3 que tras recepcionarse llamado telef\u00f3nico, se inform\u00f3 que en la Ruta provincial 51, Km<br \/>\n653 de esta localidad- por causas que se tratan de establecer- despist\u00f3 una Pick Up Saveiro, color blanca, dominio ISL 236, ocupada por dos personas, produci\u00e9ndose el fallecimiento de la mujer. El ciudadano Roack fue derivado de urgencia al nosocomio local donde el m\u00e9dico de guardia inform\u00f3 que posee diversas lesiones: traumatismo de neumot\u00f3rax cerrado con hemotorax izquierdo, fractura de costillas varias y laceraci\u00f3n del p\u00f3mulo izquierdo, que son consideradas lesiones grav\u00edsimas.<br \/>\nTras el accidente se solicit\u00f3 la morguera de Bah\u00eda Blanca, la presencia de Polic\u00eda Cient\u00edfica Coronel Su\u00e1rez. Se dispuso operaci\u00f3n autopsia para hoy, lunes 04 de marzo a las 08 horas en Pringles. El Rodado en menci\u00f3n fue secuestrado. Interviene Ayudant\u00eda Fiscal de Cnel. Pringles y UFIJ N\u00ba 01 a cargo del Dr. Cristian Aguilar, Especialista en Delitos Culposos, Dto. Jud. B. Bca. Estuvo presente<br \/>\nen el lugar del hecho, el Ayudante de Fiscal local, Dr. V\u00e1zquez Javier.<br \/>\nfuente Multimedios Pringles<\/p>\n","protected":false},"excerpt":{"rendered":"<p>El vuelco de un veh\u00edculo se produjo en el kil\u00f3metro 653 de la Ruta 51, alrededor de las 14.00 hs, en proximidades a la bajada de Paraje \u00abEl Divisorio\u00bb. En ese punto, por causas que se tratan de establecer, un veh\u00edculo perdi\u00f3 el control, volc\u00f3 y luego, se incendi\u00f3.<\/p>\n","protected":false},"author":3,"featured_media":0,"comment_status":"closed","ping_status":"open","sticky":false,"template":"","format":"standard","meta":{"footnotes":""},"categories":[29],"tags":[],"class_list":["post-29387","post","type-post","status-publish","format-standard","hentry","category-policiales"],"yoast_head":"<!-- This site is optimized with the Yoast SEO plugin v25.9 - https:\/\/yoast.com\/wordpress\/plugins\/seo\/ -->\n<title>Escribana Pringlense pierde la vida tras vuelco en Ruta 51. - Noticias Radio Reflejos<\/title>\n<meta name=\"robots\" content=\"index, follow, max-snippet:-1, max-image-preview:large, max-video-preview:-1\" \/>\n<link rel=\"canonical\" href=\"https:\/\/www.noticiasradioreflejos.com.ar\/2021\/escribana-pringlense-pierde-la-vida-tras-vuelco-en-ruta-51\/\" \/>\n<meta property=\"og:locale\" content=\"es_ES\" \/>\n<meta property=\"og:type\" content=\"article\" \/>\n<meta property=\"og:title\" content=\"Escribana Pringlense pierde la vida tras vuelco en Ruta 51. - Noticias Radio Reflejos\" \/>\n<meta property=\"og:description\" content=\"El vuelco de un veh\u00edculo se produjo en el kil\u00f3metro 653 de la Ruta 51, alrededor de las 14.00 hs, en proximidades a la bajada de Paraje \u00abEl Divisorio\u00bb. En ese punto, por causas que se tratan de establecer, un veh\u00edculo perdi\u00f3 el control, volc\u00f3 y luego, se incendi\u00f3.\" \/>\n<meta property=\"og:url\" content=\"https:\/\/www.noticiasradioreflejos.com.ar\/2021\/escribana-pringlense-pierde-la-vida-tras-vuelco-en-ruta-51\/\" \/>\n<meta property=\"og:site_name\" content=\"Noticias Radio Reflejos\" \/>\n<meta property=\"article:published_time\" content=\"2019-03-04T13:16:17+00:00\" \/>\n<meta property=\"og:image\" content=\"http:\/\/farm8.staticflickr.com\/7800\/32336510047_d94b36faa8.jpg\" \/>\n<meta name=\"author\" content=\"Arnaldo Botto\" \/>\n<meta name=\"twitter:card\" content=\"summary_large_image\" \/>\n<script type=\"application\/ld+json\" class=\"yoast-schema-graph\">{\"@context\":\"https:\/\/schema.org\",\"@graph\":[{\"@type\":\"WebPage\",\"@id\":\"https:\/\/www.noticiasradioreflejos.com.ar\/2021\/escribana-pringlense-pierde-la-vida-tras-vuelco-en-ruta-51\/\",\"url\":\"https:\/\/www.noticiasradioreflejos.com.ar\/2021\/escribana-pringlense-pierde-la-vida-tras-vuelco-en-ruta-51\/\",\"name\":\"Escribana Pringlense pierde la vida tras vuelco en Ruta 51. - Noticias Radio Reflejos\",\"isPartOf\":{\"@id\":\"https:\/\/www.noticiasradioreflejos.com.ar\/2021\/#website\"},\"primaryImageOfPage\":{\"@id\":\"https:\/\/www.noticiasradioreflejos.com.ar\/2021\/escribana-pringlense-pierde-la-vida-tras-vuelco-en-ruta-51\/#primaryimage\"},\"image\":{\"@id\":\"https:\/\/www.noticiasradioreflejos.com.ar\/2021\/escribana-pringlense-pierde-la-vida-tras-vuelco-en-ruta-51\/#primaryimage\"},\"thumbnailUrl\":\"http:\/\/farm8.staticflickr.com\/7800\/32336510047_d94b36faa8.jpg\",\"datePublished\":\"2019-03-04T13:16:17+00:00\",\"author\":{\"@id\":\"https:\/\/www.noticiasradioreflejos.com.ar\/2021\/#\/schema\/person\/ad82545263dcc5ec0996818884fd5fb1\"},\"breadcrumb\":{\"@id\":\"https:\/\/www.noticiasradioreflejos.com.ar\/2021\/escribana-pringlense-pierde-la-vida-tras-vuelco-en-ruta-51\/#breadcrumb\"},\"inLanguage\":\"es\",\"potentialAction\":[{\"@type\":\"ReadAction\",\"target\":[\"https:\/\/www.noticiasradioreflejos.com.ar\/2021\/escribana-pringlense-pierde-la-vida-tras-vuelco-en-ruta-51\/\"]}]},{\"@type\":\"ImageObject\",\"inLanguage\":\"es\",\"@id\":\"https:\/\/www.noticiasradioreflejos.com.ar\/2021\/escribana-pringlense-pierde-la-vida-tras-vuelco-en-ruta-51\/#primaryimage\",\"url\":\"http:\/\/farm8.staticflickr.com\/7800\/32336510047_d94b36faa8.jpg\",\"contentUrl\":\"http:\/\/farm8.staticflickr.com\/7800\/32336510047_d94b36faa8.jpg\"},{\"@type\":\"BreadcrumbList\",\"@id\":\"https:\/\/www.noticiasradioreflejos.com.ar\/2021\/escribana-pringlense-pierde-la-vida-tras-vuelco-en-ruta-51\/#breadcrumb\",\"itemListElement\":[{\"@type\":\"ListItem\",\"position\":1,\"name\":\"Portada\",\"item\":\"https:\/\/www.noticiasradioreflejos.com.ar\/2021\/\"},{\"@type\":\"ListItem\",\"position\":2,\"name\":\"Escribana Pringlense pierde la vida tras vuelco en Ruta 51.\"}]},{\"@type\":\"WebSite\",\"@id\":\"https:\/\/www.noticiasradioreflejos.com.ar\/2021\/#website\",\"url\":\"https:\/\/www.noticiasradioreflejos.com.ar\/2021\/\",\"name\":\"Noticias Radio Reflejos\",\"description\":\"Las noticias de mi comarca\",\"potentialAction\":[{\"@type\":\"SearchAction\",\"target\":{\"@type\":\"EntryPoint\",\"urlTemplate\":\"https:\/\/www.noticiasradioreflejos.com.ar\/2021\/?s={search_term_string}\"},\"query-input\":{\"@type\":\"PropertyValueSpecification\",\"valueRequired\":true,\"valueName\":\"search_term_string\"}}],\"inLanguage\":\"es\"},{\"@type\":\"Person\",\"@id\":\"https:\/\/www.noticiasradioreflejos.com.ar\/2021\/#\/schema\/person\/ad82545263dcc5ec0996818884fd5fb1\",\"name\":\"Arnaldo Botto\",\"image\":{\"@type\":\"ImageObject\",\"inLanguage\":\"es\",\"@id\":\"https:\/\/www.noticiasradioreflejos.com.ar\/2021\/#\/schema\/person\/image\/\",\"url\":\"https:\/\/secure.gravatar.com\/avatar\/55cb5e37c1efa326397366e6974cb338056df65cb50e7d64d1cf314e87504837?s=96&d=mm&r=g\",\"contentUrl\":\"https:\/\/secure.gravatar.com\/avatar\/55cb5e37c1efa326397366e6974cb338056df65cb50e7d64d1cf314e87504837?s=96&d=mm&r=g\",\"caption\":\"Arnaldo Botto\"},\"url\":\"https:\/\/www.noticiasradioreflejos.com.ar\/2021\/author\/arnaldo\/\"}]}<\/script>\n<!-- \/ Yoast SEO plugin. -->","yoast_head_json":{"title":"Escribana Pringlense pierde la vida tras vuelco en Ruta 51. - Noticias Radio Reflejos","robots":{"index":"index","follow":"follow","max-snippet":"max-snippet:-1","max-image-preview":"max-image-preview:large","max-video-preview":"max-video-preview:-1"},"canonical":"https:\/\/www.noticiasradioreflejos.com.ar\/2021\/escribana-pringlense-pierde-la-vida-tras-vuelco-en-ruta-51\/","og_locale":"es_ES","og_type":"article","og_title":"Escribana Pringlense pierde la vida tras vuelco en Ruta 51. - Noticias Radio Reflejos","og_description":"El vuelco de un veh\u00edculo se produjo en el kil\u00f3metro 653 de la Ruta 51, alrededor de las 14.00 hs, en proximidades a la bajada de Paraje \u00abEl Divisorio\u00bb. En ese punto, por causas que se tratan de establecer, un veh\u00edculo perdi\u00f3 el control, volc\u00f3 y luego, se incendi\u00f3.","og_url":"https:\/\/www.noticiasradioreflejos.com.ar\/2021\/escribana-pringlense-pierde-la-vida-tras-vuelco-en-ruta-51\/","og_site_name":"Noticias Radio Reflejos","article_published_time":"2019-03-04T13:16:17+00:00","og_image":[{"url":"http:\/\/farm8.staticflickr.com\/7800\/32336510047_d94b36faa8.jpg","type":"","width":"","height":""}],"author":"Arnaldo Botto","twitter_card":"summary_large_image","schema":{"@context":"https:\/\/schema.org","@graph":[{"@type":"WebPage","@id":"https:\/\/www.noticiasradioreflejos.com.ar\/2021\/escribana-pringlense-pierde-la-vida-tras-vuelco-en-ruta-51\/","url":"https:\/\/www.noticiasradioreflejos.com.ar\/2021\/escribana-pringlense-pierde-la-vida-tras-vuelco-en-ruta-51\/","name":"Escribana Pringlense pierde la vida tras vuelco en Ruta 51. - Noticias Radio Reflejos","isPartOf":{"@id":"https:\/\/www.noticiasradioreflejos.com.ar\/2021\/#website"},"primaryImageOfPage":{"@id":"https:\/\/www.noticiasradioreflejos.com.ar\/2021\/escribana-pringlense-pierde-la-vida-tras-vuelco-en-ruta-51\/#primaryimage"},"image":{"@id":"https:\/\/www.noticiasradioreflejos.com.ar\/2021\/escribana-pringlense-pierde-la-vida-tras-vuelco-en-ruta-51\/#primaryimage"},"thumbnailUrl":"http:\/\/farm8.staticflickr.com\/7800\/32336510047_d94b36faa8.jpg","datePublished":"2019-03-04T13:16:17+00:00","author":{"@id":"https:\/\/www.noticiasradioreflejos.com.ar\/2021\/#\/schema\/person\/ad82545263dcc5ec0996818884fd5fb1"},"breadcrumb":{"@id":"https:\/\/www.noticiasradioreflejos.com.ar\/2021\/escribana-pringlense-pierde-la-vida-tras-vuelco-en-ruta-51\/#breadcrumb"},"inLanguage":"es","potentialAction":[{"@type":"ReadAction","target":["https:\/\/www.noticiasradioreflejos.com.ar\/2021\/escribana-pringlense-pierde-la-vida-tras-vuelco-en-ruta-51\/"]}]},{"@type":"ImageObject","inLanguage":"es","@id":"https:\/\/www.noticiasradioreflejos.com.ar\/2021\/escribana-pringlense-pierde-la-vida-tras-vuelco-en-ruta-51\/#primaryimage","url":"http:\/\/farm8.staticflickr.com\/7800\/32336510047_d94b36faa8.jpg","contentUrl":"http:\/\/farm8.staticflickr.com\/7800\/32336510047_d94b36faa8.jpg"},{"@type":"BreadcrumbList","@id":"https:\/\/www.noticiasradioreflejos.com.ar\/2021\/escribana-pringlense-pierde-la-vida-tras-vuelco-en-ruta-51\/#breadcrumb","itemListElement":[{"@type":"ListItem","position":1,"name":"Portada","item":"https:\/\/www.noticiasradioreflejos.com.ar\/2021\/"},{"@type":"ListItem","position":2,"name":"Escribana Pringlense pierde la vida tras vuelco en Ruta 51."}]},{"@type":"WebSite","@id":"https:\/\/www.noticiasradioreflejos.com.ar\/2021\/#website","url":"https:\/\/www.noticiasradioreflejos.com.ar\/2021\/","name":"Noticias Radio Reflejos","description":"Las noticias de mi comarca","potentialAction":[{"@type":"SearchAction","target":{"@type":"EntryPoint","urlTemplate":"https:\/\/www.noticiasradioreflejos.com.ar\/2021\/?s={search_term_string}"},"query-input":{"@type":"PropertyValueSpecification","valueRequired":true,"valueName":"search_term_string"}}],"inLanguage":"es"},{"@type":"Person","@id":"https:\/\/www.noticiasradioreflejos.com.ar\/2021\/#\/schema\/person\/ad82545263dcc5ec0996818884fd5fb1","name":"Arnaldo Botto","image":{"@type":"ImageObject","inLanguage":"es","@id":"https:\/\/www.noticiasradioreflejos.com.ar\/2021\/#\/schema\/person\/image\/","url":"https:\/\/secure.gravatar.com\/avatar\/55cb5e37c1efa326397366e6974cb338056df65cb50e7d64d1cf314e87504837?s=96&d=mm&r=g","contentUrl":"https:\/\/secure.gravatar.com\/avatar\/55cb5e37c1efa326397366e6974cb338056df65cb50e7d64d1cf314e87504837?s=96&d=mm&r=g","caption":"Arnaldo Botto"},"url":"https:\/\/www.noticiasradioreflejos.com.ar\/2021\/author\/arnaldo\/"}]}},"_links":{"self":[{"href":"https:\/\/www.noticiasradioreflejos.com.ar\/2021\/wp-json\/wp\/v2\/posts\/29387","targetHints":{"allow":["GET"]}}],"collection":[{"href":"https:\/\/www.noticiasradioreflejos.com.ar\/2021\/wp-json\/wp\/v2\/posts"}],"about":[{"href":"https:\/\/www.noticiasradioreflejos.com.ar\/2021\/wp-json\/wp\/v2\/types\/post"}],"author":[{"embeddable":true,"href":"https:\/\/www.noticiasradioreflejos.com.ar\/2021\/wp-json\/wp\/v2\/users\/3"}],"replies":[{"embeddable":true,"href":"https:\/\/www.noticiasradioreflejos.com.ar\/2021\/wp-json\/wp\/v2\/comments?post=29387"}],"version-history":[{"count":0,"href":"https:\/\/www.noticiasradioreflejos.com.ar\/2021\/wp-json\/wp\/v2\/posts\/29387\/revisions"}],"wp:attachment":[{"href":"https:\/\/www.noticiasradioreflejos.com.ar\/2021\/wp-json\/wp\/v2\/media?parent=29387"}],"wp:term":[{"taxonomy":"category","embeddable":true,"href":"https:\/\/www.noticiasradioreflejos.com.ar\/2021\/wp-json\/wp\/v2\/categories?post=29387"},{"taxonomy":"post_tag","embeddable":true,"href":"https:\/\/www.noticiasradioreflejos.com.ar\/2021\/wp-json\/wp\/v2\/tags?post=29387"}],"curies":[{"name":"wp","href":"https:\/\/api.w.org\/{rel}","templated":true}]}}