{"id":29385,"date":"2019-03-04T10:00:21","date_gmt":"2019-03-04T13:00:21","guid":{"rendered":"http:\/\/www.noticiasradioreflejos.com.ar\/noticias\/?p=29385"},"modified":"2019-03-04T10:00:21","modified_gmt":"2019-03-04T13:00:21","slug":"actividades-por-el-dia-internacional-de-la-mujer-trabajadora","status":"publish","type":"post","link":"https:\/\/www.noticiasradioreflejos.com.ar\/2021\/actividades-por-el-dia-internacional-de-la-mujer-trabajadora\/","title":{"rendered":"Actividades por el D\u00eda Internacional de la Mujer Trabajadora"},"content":{"rendered":"<p><a title=\"AFICHE 8 MARZO 2019\" href=\"http:\/\/farm8.staticflickr.com\/7867\/40313758063_63dce76c18.jpg\" rel=\"\"><img loading=\"lazy\" decoding=\"async\" class=\"alignleft\" style=\"float: left;\" title=\"AFICHE 8 MARZO 2019\" src=\"http:\/\/farm8.staticflickr.com\/7867\/40313758063_63dce76c18.jpg\" alt=\"AFICHE 8 MARZO 2019\" width=\"500\" height=\"385\" \/><\/a>El 8 de marzo, a partir de las 16 y hasta las 20, en Sierra de la Ventana realizaremos una serie de actividades para conmemorar el D\u00eda Internacional de la Mujer Trabajadora, comenzando con charla y taller frente al Mural del cuartel de Bomberos Voluntarios.<!--more--> M\u00e1s tarde, inauguraci\u00f3n del Banco Rojo en la Plazoleta (antes Del Reloj) de la Avenida San Mart\u00edn, finalizando con la Intervenci\u00f3n Teatral de \u201cTeatreras de las Sierras\u201d en la Estaci\u00f3n del Tren.<br \/>\nEl 9 de marzo, a partir de la 17 y en el mismo marco conmemorativo, en Saldungaray inauguraci\u00f3n del Banco Rojo en la plaza y actividades en referencia al Paro Internacional de Mujeres.<br \/>\nCONSEJO MUNICIPAL DE LAS MUJERES<\/p>\n","protected":false},"excerpt":{"rendered":"<p>El 8 de marzo, a partir de las 16 y hasta las 20, en Sierra de la Ventana realizaremos una serie de actividades para conmemorar el D\u00eda Internacional de la Mujer Trabajadora, comenzando con charla y taller frente al Mural del cuartel de Bomberos Voluntarios.<\/p>\n","protected":false},"author":3,"featured_media":0,"comment_status":"closed","ping_status":"open","sticky":false,"template":"","format":"standard","meta":{"footnotes":""},"categories":[24],"tags":[],"class_list":["post-29385","post","type-post","status-publish","format-standard","hentry","category-politica"],"yoast_head":"<!-- This site is optimized with the Yoast SEO plugin v25.9 - https:\/\/yoast.com\/wordpress\/plugins\/seo\/ -->\n<title>Actividades por el D\u00eda Internacional de la Mujer Trabajadora - Noticias Radio Reflejos<\/title>\n<meta name=\"robots\" content=\"index, follow, max-snippet:-1, max-image-preview:large, max-video-preview:-1\" \/>\n<link rel=\"canonical\" href=\"https:\/\/www.noticiasradioreflejos.com.ar\/2021\/actividades-por-el-dia-internacional-de-la-mujer-trabajadora\/\" \/>\n<meta property=\"og:locale\" content=\"es_ES\" \/>\n<meta property=\"og:type\" content=\"article\" \/>\n<meta property=\"og:title\" content=\"Actividades por el D\u00eda Internacional de la Mujer Trabajadora - Noticias Radio Reflejos\" \/>\n<meta property=\"og:description\" content=\"El 8 de marzo, a partir de las 16 y hasta las 20, en Sierra de la Ventana realizaremos una serie de actividades para conmemorar el D\u00eda Internacional de la Mujer Trabajadora, comenzando con charla y taller frente al Mural del cuartel de Bomberos Voluntarios.\" \/>\n<meta property=\"og:url\" content=\"https:\/\/www.noticiasradioreflejos.com.ar\/2021\/actividades-por-el-dia-internacional-de-la-mujer-trabajadora\/\" \/>\n<meta property=\"og:site_name\" content=\"Noticias Radio Reflejos\" \/>\n<meta property=\"article:published_time\" content=\"2019-03-04T13:00:21+00:00\" \/>\n<meta property=\"og:image\" content=\"http:\/\/farm8.staticflickr.com\/7867\/40313758063_63dce76c18.jpg\" \/>\n<meta name=\"author\" content=\"Arnaldo Botto\" \/>\n<meta name=\"twitter:card\" content=\"summary_large_image\" \/>\n<script type=\"application\/ld+json\" class=\"yoast-schema-graph\">{\"@context\":\"https:\/\/schema.org\",\"@graph\":[{\"@type\":\"WebPage\",\"@id\":\"https:\/\/www.noticiasradioreflejos.com.ar\/2021\/actividades-por-el-dia-internacional-de-la-mujer-trabajadora\/\",\"url\":\"https:\/\/www.noticiasradioreflejos.com.ar\/2021\/actividades-por-el-dia-internacional-de-la-mujer-trabajadora\/\",\"name\":\"Actividades por el D\u00eda Internacional de la Mujer Trabajadora - Noticias Radio Reflejos\",\"isPartOf\":{\"@id\":\"https:\/\/www.noticiasradioreflejos.com.ar\/2021\/#website\"},\"primaryImageOfPage\":{\"@id\":\"https:\/\/www.noticiasradioreflejos.com.ar\/2021\/actividades-por-el-dia-internacional-de-la-mujer-trabajadora\/#primaryimage\"},\"image\":{\"@id\":\"https:\/\/www.noticiasradioreflejos.com.ar\/2021\/actividades-por-el-dia-internacional-de-la-mujer-trabajadora\/#primaryimage\"},\"thumbnailUrl\":\"http:\/\/farm8.staticflickr.com\/7867\/40313758063_63dce76c18.jpg\",\"datePublished\":\"2019-03-04T13:00:21+00:00\",\"author\":{\"@id\":\"https:\/\/www.noticiasradioreflejos.com.ar\/2021\/#\/schema\/person\/ad82545263dcc5ec0996818884fd5fb1\"},\"breadcrumb\":{\"@id\":\"https:\/\/www.noticiasradioreflejos.com.ar\/2021\/actividades-por-el-dia-internacional-de-la-mujer-trabajadora\/#breadcrumb\"},\"inLanguage\":\"es\",\"potentialAction\":[{\"@type\":\"ReadAction\",\"target\":[\"https:\/\/www.noticiasradioreflejos.com.ar\/2021\/actividades-por-el-dia-internacional-de-la-mujer-trabajadora\/\"]}]},{\"@type\":\"ImageObject\",\"inLanguage\":\"es\",\"@id\":\"https:\/\/www.noticiasradioreflejos.com.ar\/2021\/actividades-por-el-dia-internacional-de-la-mujer-trabajadora\/#primaryimage\",\"url\":\"http:\/\/farm8.staticflickr.com\/7867\/40313758063_63dce76c18.jpg\",\"contentUrl\":\"http:\/\/farm8.staticflickr.com\/7867\/40313758063_63dce76c18.jpg\"},{\"@type\":\"BreadcrumbList\",\"@id\":\"https:\/\/www.noticiasradioreflejos.com.ar\/2021\/actividades-por-el-dia-internacional-de-la-mujer-trabajadora\/#breadcrumb\",\"itemListElement\":[{\"@type\":\"ListItem\",\"position\":1,\"name\":\"Portada\",\"item\":\"https:\/\/www.noticiasradioreflejos.com.ar\/2021\/\"},{\"@type\":\"ListItem\",\"position\":2,\"name\":\"Actividades por el D\u00eda Internacional de la Mujer Trabajadora\"}]},{\"@type\":\"WebSite\",\"@id\":\"https:\/\/www.noticiasradioreflejos.com.ar\/2021\/#website\",\"url\":\"https:\/\/www.noticiasradioreflejos.com.ar\/2021\/\",\"name\":\"Noticias Radio Reflejos\",\"description\":\"Las noticias de mi comarca\",\"potentialAction\":[{\"@type\":\"SearchAction\",\"target\":{\"@type\":\"EntryPoint\",\"urlTemplate\":\"https:\/\/www.noticiasradioreflejos.com.ar\/2021\/?s={search_term_string}\"},\"query-input\":{\"@type\":\"PropertyValueSpecification\",\"valueRequired\":true,\"valueName\":\"search_term_string\"}}],\"inLanguage\":\"es\"},{\"@type\":\"Person\",\"@id\":\"https:\/\/www.noticiasradioreflejos.com.ar\/2021\/#\/schema\/person\/ad82545263dcc5ec0996818884fd5fb1\",\"name\":\"Arnaldo Botto\",\"image\":{\"@type\":\"ImageObject\",\"inLanguage\":\"es\",\"@id\":\"https:\/\/www.noticiasradioreflejos.com.ar\/2021\/#\/schema\/person\/image\/\",\"url\":\"https:\/\/secure.gravatar.com\/avatar\/55cb5e37c1efa326397366e6974cb338056df65cb50e7d64d1cf314e87504837?s=96&d=mm&r=g\",\"contentUrl\":\"https:\/\/secure.gravatar.com\/avatar\/55cb5e37c1efa326397366e6974cb338056df65cb50e7d64d1cf314e87504837?s=96&d=mm&r=g\",\"caption\":\"Arnaldo Botto\"},\"url\":\"https:\/\/www.noticiasradioreflejos.com.ar\/2021\/author\/arnaldo\/\"}]}<\/script>\n<!-- \/ Yoast SEO plugin. -->","yoast_head_json":{"title":"Actividades por el D\u00eda Internacional de la Mujer Trabajadora - Noticias Radio Reflejos","robots":{"index":"index","follow":"follow","max-snippet":"max-snippet:-1","max-image-preview":"max-image-preview:large","max-video-preview":"max-video-preview:-1"},"canonical":"https:\/\/www.noticiasradioreflejos.com.ar\/2021\/actividades-por-el-dia-internacional-de-la-mujer-trabajadora\/","og_locale":"es_ES","og_type":"article","og_title":"Actividades por el D\u00eda Internacional de la Mujer Trabajadora - Noticias Radio Reflejos","og_description":"El 8 de marzo, a partir de las 16 y hasta las 20, en Sierra de la Ventana realizaremos una serie de actividades para conmemorar el D\u00eda Internacional de la Mujer Trabajadora, comenzando con charla y taller frente al Mural del cuartel de Bomberos Voluntarios.","og_url":"https:\/\/www.noticiasradioreflejos.com.ar\/2021\/actividades-por-el-dia-internacional-de-la-mujer-trabajadora\/","og_site_name":"Noticias Radio Reflejos","article_published_time":"2019-03-04T13:00:21+00:00","og_image":[{"url":"http:\/\/farm8.staticflickr.com\/7867\/40313758063_63dce76c18.jpg","type":"","width":"","height":""}],"author":"Arnaldo Botto","twitter_card":"summary_large_image","schema":{"@context":"https:\/\/schema.org","@graph":[{"@type":"WebPage","@id":"https:\/\/www.noticiasradioreflejos.com.ar\/2021\/actividades-por-el-dia-internacional-de-la-mujer-trabajadora\/","url":"https:\/\/www.noticiasradioreflejos.com.ar\/2021\/actividades-por-el-dia-internacional-de-la-mujer-trabajadora\/","name":"Actividades por el D\u00eda Internacional de la Mujer Trabajadora - Noticias Radio Reflejos","isPartOf":{"@id":"https:\/\/www.noticiasradioreflejos.com.ar\/2021\/#website"},"primaryImageOfPage":{"@id":"https:\/\/www.noticiasradioreflejos.com.ar\/2021\/actividades-por-el-dia-internacional-de-la-mujer-trabajadora\/#primaryimage"},"image":{"@id":"https:\/\/www.noticiasradioreflejos.com.ar\/2021\/actividades-por-el-dia-internacional-de-la-mujer-trabajadora\/#primaryimage"},"thumbnailUrl":"http:\/\/farm8.staticflickr.com\/7867\/40313758063_63dce76c18.jpg","datePublished":"2019-03-04T13:00:21+00:00","author":{"@id":"https:\/\/www.noticiasradioreflejos.com.ar\/2021\/#\/schema\/person\/ad82545263dcc5ec0996818884fd5fb1"},"breadcrumb":{"@id":"https:\/\/www.noticiasradioreflejos.com.ar\/2021\/actividades-por-el-dia-internacional-de-la-mujer-trabajadora\/#breadcrumb"},"inLanguage":"es","potentialAction":[{"@type":"ReadAction","target":["https:\/\/www.noticiasradioreflejos.com.ar\/2021\/actividades-por-el-dia-internacional-de-la-mujer-trabajadora\/"]}]},{"@type":"ImageObject","inLanguage":"es","@id":"https:\/\/www.noticiasradioreflejos.com.ar\/2021\/actividades-por-el-dia-internacional-de-la-mujer-trabajadora\/#primaryimage","url":"http:\/\/farm8.staticflickr.com\/7867\/40313758063_63dce76c18.jpg","contentUrl":"http:\/\/farm8.staticflickr.com\/7867\/40313758063_63dce76c18.jpg"},{"@type":"BreadcrumbList","@id":"https:\/\/www.noticiasradioreflejos.com.ar\/2021\/actividades-por-el-dia-internacional-de-la-mujer-trabajadora\/#breadcrumb","itemListElement":[{"@type":"ListItem","position":1,"name":"Portada","item":"https:\/\/www.noticiasradioreflejos.com.ar\/2021\/"},{"@type":"ListItem","position":2,"name":"Actividades por el D\u00eda Internacional de la Mujer Trabajadora"}]},{"@type":"WebSite","@id":"https:\/\/www.noticiasradioreflejos.com.ar\/2021\/#website","url":"https:\/\/www.noticiasradioreflejos.com.ar\/2021\/","name":"Noticias Radio Reflejos","description":"Las noticias de mi comarca","potentialAction":[{"@type":"SearchAction","target":{"@type":"EntryPoint","urlTemplate":"https:\/\/www.noticiasradioreflejos.com.ar\/2021\/?s={search_term_string}"},"query-input":{"@type":"PropertyValueSpecification","valueRequired":true,"valueName":"search_term_string"}}],"inLanguage":"es"},{"@type":"Person","@id":"https:\/\/www.noticiasradioreflejos.com.ar\/2021\/#\/schema\/person\/ad82545263dcc5ec0996818884fd5fb1","name":"Arnaldo Botto","image":{"@type":"ImageObject","inLanguage":"es","@id":"https:\/\/www.noticiasradioreflejos.com.ar\/2021\/#\/schema\/person\/image\/","url":"https:\/\/secure.gravatar.com\/avatar\/55cb5e37c1efa326397366e6974cb338056df65cb50e7d64d1cf314e87504837?s=96&d=mm&r=g","contentUrl":"https:\/\/secure.gravatar.com\/avatar\/55cb5e37c1efa326397366e6974cb338056df65cb50e7d64d1cf314e87504837?s=96&d=mm&r=g","caption":"Arnaldo Botto"},"url":"https:\/\/www.noticiasradioreflejos.com.ar\/2021\/author\/arnaldo\/"}]}},"_links":{"self":[{"href":"https:\/\/www.noticiasradioreflejos.com.ar\/2021\/wp-json\/wp\/v2\/posts\/29385","targetHints":{"allow":["GET"]}}],"collection":[{"href":"https:\/\/www.noticiasradioreflejos.com.ar\/2021\/wp-json\/wp\/v2\/posts"}],"about":[{"href":"https:\/\/www.noticiasradioreflejos.com.ar\/2021\/wp-json\/wp\/v2\/types\/post"}],"author":[{"embeddable":true,"href":"https:\/\/www.noticiasradioreflejos.com.ar\/2021\/wp-json\/wp\/v2\/users\/3"}],"replies":[{"embeddable":true,"href":"https:\/\/www.noticiasradioreflejos.com.ar\/2021\/wp-json\/wp\/v2\/comments?post=29385"}],"version-history":[{"count":0,"href":"https:\/\/www.noticiasradioreflejos.com.ar\/2021\/wp-json\/wp\/v2\/posts\/29385\/revisions"}],"wp:attachment":[{"href":"https:\/\/www.noticiasradioreflejos.com.ar\/2021\/wp-json\/wp\/v2\/media?parent=29385"}],"wp:term":[{"taxonomy":"category","embeddable":true,"href":"https:\/\/www.noticiasradioreflejos.com.ar\/2021\/wp-json\/wp\/v2\/categories?post=29385"},{"taxonomy":"post_tag","embeddable":true,"href":"https:\/\/www.noticiasradioreflejos.com.ar\/2021\/wp-json\/wp\/v2\/tags?post=29385"}],"curies":[{"name":"wp","href":"https:\/\/api.w.org\/{rel}","templated":true}]}}