{"id":29383,"date":"2019-03-04T09:54:31","date_gmt":"2019-03-04T12:54:31","guid":{"rendered":"http:\/\/www.noticiasradioreflejos.com.ar\/noticias\/?p=29383"},"modified":"2019-03-04T09:54:31","modified_gmt":"2019-03-04T12:54:31","slug":"devaluados","status":"publish","type":"post","link":"https:\/\/www.noticiasradioreflejos.com.ar\/2021\/devaluados\/","title":{"rendered":"Devaluados"},"content":{"rendered":"<p><strong>Carta de lectores del Sr. Jos\u00e9 Luis Medina:<\/strong><br \/>\nEn tiempos de CAMBIEMOS ,la palabra DEVALUACI\u00d3N se puso de moda ,nos devaluaron el peso ,por ende nuestros ingresos y tambi\u00e9n escuchamos las palabras en ingl\u00e9s LOW COST (Servicios a bajo costo) .<!--more--><br \/>\n Un discurso de apertura de sesiones ordinarias en el Congreso de Mauricio Macri ,devaluado ,de bajo costo ,de cuarta ,donde nos sigue tomando el pelo ,subestimando a todos nosotros diciendo que estamos mejor que en el 2015 jaja una cosa de locos ,donde vive \u00e9ste tipo? ,en la Provincia Heidi Vidal  mostr\u00f3 m\u00e1s de lo mismo ,una cara de cenicienta ,y s\u00ed me llam\u00f3 la atenci\u00f3n la palabra LEGADO ,ja ,que se la ve complicada ganar en la Provincia??? y por \u00faltimo anoche viv\u00ed en el Concejo Deliberante la apertura de Sesiones Ordinarias del Distrito con el discurso de Pino BORDONI ,totalmente DEVALUADO ,repiti\u00f3 no se cuantas veces la obra de gas natural de Sierra de la Ventana ,viviendas en Chasic\u00f3 ,despu\u00e9s fue todo sarasa ,verso ,propaganda electoral .<br \/>\nLlegaron como un Globo Aerost\u00e1tico y hoy despu\u00e9s de casi cuatro a\u00f1os de no-gesti\u00f3n son una bombucha amarilla de carnaval ,en un momento mis neuronas empezaron a entrar en ebullici\u00f3n cuando BORDONI nos dijo que con los parques e\u00f3licos vamos a tener una atracci\u00f3n tur\u00edstica ,jaja es muy fuerte ,es muy fuerte ja alguien que viaja seguido vi\u00f3 alguna vez turistas mirando un ventilador gigante? Encima generalmente est\u00e1n lejos de la ruta jaja lo \u00fanico que le faltaba era decir que era Don Quijote peleando con los molinos ,de terror ,donde tuvimos LA PEOR TEMPORADA con o sin parque e\u00f3licos ,despu\u00e9s se disculp\u00f3 con los vecinos de Tornquist por que no va a poder construir ninguna vivienda ,as\u00ed que a llorar a Vidal o a Macri.-Hizo alarde de la ayuda social (NO HAB\u00cdA NADIE DE LA SECRETAR\u00cdA DE INACCI\u00d3N SOCIAL) ,eso es una verg\u00fcenza ,por que es el resultado de la MISERIA a que nos llev\u00f3 MACRI-VIDAL .<br \/>\n Un p\u00e1rrafo aparte  en su alocuci\u00f3n  BORDONI fue cuando habl\u00f3 de \u00f1oquis en la pol\u00edtica ,sin dar nombres ,cobarde ,tira la piedra pero esconde la mano ,nunca haci\u00e9ndose cargo ,despu\u00e9s hablando de respeto al opositor y en plena alocuci\u00f3n de la Concejal Skolak ,una impresentable del oficialismo Silvia Pessolani Presidenta de la Uni\u00f3n C\u00edvica Radical empez\u00f3 a increpar a la Concejal ,verg\u00fcenza.-Otra verg\u00fcenza fue cuando trataron de explicar lo inexplicable de haber sacado la pauta oficial a dos medios locales por criticar a \u00e9sta gesti\u00f3n y al gobierno nacional y provincial ,el Concejal Bassi aludiendo que fue una cuesti\u00f3n de austeridad ,MENTIRA ,el mismo Gabella lo dijo que le sacaron la pauta por que no estaban de acuerdo con la linea editorial de dichos medios ,otra verg\u00fcenza.- En s\u00edntesis ,llegaron MINTIENDO ,con mucha soberbia ,que eran los campeones del DISTRITO y hoy despu\u00e9s de casi cuatro a\u00f1os NO TIENEN NADA para mostrar y por m\u00e1s que quiera despegarse BORDONI de VIDAL-MACRI SON LO MISMO ,haganse cargo del DESASTRE a donde nos llevaron!!!!<br \/>\n<strong>MEDINA JOSE LUIS<br \/>\nDNI 14853294<br \/>\nVILLA VENTANA<br \/>\nUNIDOS Y ORGANIZADOS<\/strong><\/p>\n","protected":false},"excerpt":{"rendered":"<p>Carta de lectores del Sr. Jos\u00e9 Luis Medina: En tiempos de CAMBIEMOS ,la palabra DEVALUACI\u00d3N se puso de moda ,nos devaluaron el peso ,por ende nuestros ingresos y tambi\u00e9n escuchamos las palabras en ingl\u00e9s LOW COST (Servicios a bajo costo) .<\/p>\n","protected":false},"author":3,"featured_media":0,"comment_status":"closed","ping_status":"open","sticky":false,"template":"","format":"standard","meta":{"footnotes":""},"categories":[26],"tags":[],"class_list":["post-29383","post","type-post","status-publish","format-standard","hentry","category-sociedad"],"yoast_head":"<!-- This site is optimized with the Yoast SEO plugin v25.9 - https:\/\/yoast.com\/wordpress\/plugins\/seo\/ -->\n<title>Devaluados - Noticias Radio Reflejos<\/title>\n<meta name=\"robots\" content=\"index, follow, max-snippet:-1, max-image-preview:large, max-video-preview:-1\" \/>\n<link rel=\"canonical\" href=\"https:\/\/www.noticiasradioreflejos.com.ar\/2021\/devaluados\/\" \/>\n<meta property=\"og:locale\" content=\"es_ES\" \/>\n<meta property=\"og:type\" content=\"article\" \/>\n<meta property=\"og:title\" content=\"Devaluados - Noticias Radio Reflejos\" \/>\n<meta property=\"og:description\" content=\"Carta de lectores del Sr. Jos\u00e9 Luis Medina: En tiempos de CAMBIEMOS ,la palabra DEVALUACI\u00d3N se puso de moda ,nos devaluaron el peso ,por ende nuestros ingresos y tambi\u00e9n escuchamos las palabras en ingl\u00e9s LOW COST (Servicios a bajo costo) .\" \/>\n<meta property=\"og:url\" content=\"https:\/\/www.noticiasradioreflejos.com.ar\/2021\/devaluados\/\" \/>\n<meta property=\"og:site_name\" content=\"Noticias Radio Reflejos\" \/>\n<meta property=\"article:published_time\" content=\"2019-03-04T12:54:31+00:00\" \/>\n<meta property=\"og:image\" content=\"https:\/\/www.noticiasradioreflejos.com.ar\/2021\/wp-content\/uploads\/2018\/04\/carta_lector_1.jpg\" \/>\n\t<meta property=\"og:image:width\" content=\"935\" \/>\n\t<meta property=\"og:image:height\" content=\"595\" \/>\n\t<meta property=\"og:image:type\" content=\"image\/jpeg\" \/>\n<meta name=\"author\" content=\"Arnaldo Botto\" \/>\n<meta name=\"twitter:card\" content=\"summary_large_image\" \/>\n<script type=\"application\/ld+json\" class=\"yoast-schema-graph\">{\"@context\":\"https:\/\/schema.org\",\"@graph\":[{\"@type\":\"WebPage\",\"@id\":\"https:\/\/www.noticiasradioreflejos.com.ar\/2021\/devaluados\/\",\"url\":\"https:\/\/www.noticiasradioreflejos.com.ar\/2021\/devaluados\/\",\"name\":\"Devaluados - Noticias Radio Reflejos\",\"isPartOf\":{\"@id\":\"https:\/\/www.noticiasradioreflejos.com.ar\/2021\/#website\"},\"datePublished\":\"2019-03-04T12:54:31+00:00\",\"author\":{\"@id\":\"https:\/\/www.noticiasradioreflejos.com.ar\/2021\/#\/schema\/person\/ad82545263dcc5ec0996818884fd5fb1\"},\"breadcrumb\":{\"@id\":\"https:\/\/www.noticiasradioreflejos.com.ar\/2021\/devaluados\/#breadcrumb\"},\"inLanguage\":\"es\",\"potentialAction\":[{\"@type\":\"ReadAction\",\"target\":[\"https:\/\/www.noticiasradioreflejos.com.ar\/2021\/devaluados\/\"]}]},{\"@type\":\"BreadcrumbList\",\"@id\":\"https:\/\/www.noticiasradioreflejos.com.ar\/2021\/devaluados\/#breadcrumb\",\"itemListElement\":[{\"@type\":\"ListItem\",\"position\":1,\"name\":\"Portada\",\"item\":\"https:\/\/www.noticiasradioreflejos.com.ar\/2021\/\"},{\"@type\":\"ListItem\",\"position\":2,\"name\":\"Devaluados\"}]},{\"@type\":\"WebSite\",\"@id\":\"https:\/\/www.noticiasradioreflejos.com.ar\/2021\/#website\",\"url\":\"https:\/\/www.noticiasradioreflejos.com.ar\/2021\/\",\"name\":\"Noticias Radio Reflejos\",\"description\":\"Las noticias de mi comarca\",\"potentialAction\":[{\"@type\":\"SearchAction\",\"target\":{\"@type\":\"EntryPoint\",\"urlTemplate\":\"https:\/\/www.noticiasradioreflejos.com.ar\/2021\/?s={search_term_string}\"},\"query-input\":{\"@type\":\"PropertyValueSpecification\",\"valueRequired\":true,\"valueName\":\"search_term_string\"}}],\"inLanguage\":\"es\"},{\"@type\":\"Person\",\"@id\":\"https:\/\/www.noticiasradioreflejos.com.ar\/2021\/#\/schema\/person\/ad82545263dcc5ec0996818884fd5fb1\",\"name\":\"Arnaldo Botto\",\"image\":{\"@type\":\"ImageObject\",\"inLanguage\":\"es\",\"@id\":\"https:\/\/www.noticiasradioreflejos.com.ar\/2021\/#\/schema\/person\/image\/\",\"url\":\"https:\/\/secure.gravatar.com\/avatar\/55cb5e37c1efa326397366e6974cb338056df65cb50e7d64d1cf314e87504837?s=96&d=mm&r=g\",\"contentUrl\":\"https:\/\/secure.gravatar.com\/avatar\/55cb5e37c1efa326397366e6974cb338056df65cb50e7d64d1cf314e87504837?s=96&d=mm&r=g\",\"caption\":\"Arnaldo Botto\"},\"url\":\"https:\/\/www.noticiasradioreflejos.com.ar\/2021\/author\/arnaldo\/\"}]}<\/script>\n<!-- \/ Yoast SEO plugin. -->","yoast_head_json":{"title":"Devaluados - Noticias Radio Reflejos","robots":{"index":"index","follow":"follow","max-snippet":"max-snippet:-1","max-image-preview":"max-image-preview:large","max-video-preview":"max-video-preview:-1"},"canonical":"https:\/\/www.noticiasradioreflejos.com.ar\/2021\/devaluados\/","og_locale":"es_ES","og_type":"article","og_title":"Devaluados - Noticias Radio Reflejos","og_description":"Carta de lectores del Sr. Jos\u00e9 Luis Medina: En tiempos de CAMBIEMOS ,la palabra DEVALUACI\u00d3N se puso de moda ,nos devaluaron el peso ,por ende nuestros ingresos y tambi\u00e9n escuchamos las palabras en ingl\u00e9s LOW COST (Servicios a bajo costo) .","og_url":"https:\/\/www.noticiasradioreflejos.com.ar\/2021\/devaluados\/","og_site_name":"Noticias Radio Reflejos","article_published_time":"2019-03-04T12:54:31+00:00","og_image":[{"width":935,"height":595,"url":"https:\/\/www.noticiasradioreflejos.com.ar\/2021\/wp-content\/uploads\/2018\/04\/carta_lector_1.jpg","type":"image\/jpeg"}],"author":"Arnaldo Botto","twitter_card":"summary_large_image","schema":{"@context":"https:\/\/schema.org","@graph":[{"@type":"WebPage","@id":"https:\/\/www.noticiasradioreflejos.com.ar\/2021\/devaluados\/","url":"https:\/\/www.noticiasradioreflejos.com.ar\/2021\/devaluados\/","name":"Devaluados - Noticias Radio Reflejos","isPartOf":{"@id":"https:\/\/www.noticiasradioreflejos.com.ar\/2021\/#website"},"datePublished":"2019-03-04T12:54:31+00:00","author":{"@id":"https:\/\/www.noticiasradioreflejos.com.ar\/2021\/#\/schema\/person\/ad82545263dcc5ec0996818884fd5fb1"},"breadcrumb":{"@id":"https:\/\/www.noticiasradioreflejos.com.ar\/2021\/devaluados\/#breadcrumb"},"inLanguage":"es","potentialAction":[{"@type":"ReadAction","target":["https:\/\/www.noticiasradioreflejos.com.ar\/2021\/devaluados\/"]}]},{"@type":"BreadcrumbList","@id":"https:\/\/www.noticiasradioreflejos.com.ar\/2021\/devaluados\/#breadcrumb","itemListElement":[{"@type":"ListItem","position":1,"name":"Portada","item":"https:\/\/www.noticiasradioreflejos.com.ar\/2021\/"},{"@type":"ListItem","position":2,"name":"Devaluados"}]},{"@type":"WebSite","@id":"https:\/\/www.noticiasradioreflejos.com.ar\/2021\/#website","url":"https:\/\/www.noticiasradioreflejos.com.ar\/2021\/","name":"Noticias Radio Reflejos","description":"Las noticias de mi comarca","potentialAction":[{"@type":"SearchAction","target":{"@type":"EntryPoint","urlTemplate":"https:\/\/www.noticiasradioreflejos.com.ar\/2021\/?s={search_term_string}"},"query-input":{"@type":"PropertyValueSpecification","valueRequired":true,"valueName":"search_term_string"}}],"inLanguage":"es"},{"@type":"Person","@id":"https:\/\/www.noticiasradioreflejos.com.ar\/2021\/#\/schema\/person\/ad82545263dcc5ec0996818884fd5fb1","name":"Arnaldo Botto","image":{"@type":"ImageObject","inLanguage":"es","@id":"https:\/\/www.noticiasradioreflejos.com.ar\/2021\/#\/schema\/person\/image\/","url":"https:\/\/secure.gravatar.com\/avatar\/55cb5e37c1efa326397366e6974cb338056df65cb50e7d64d1cf314e87504837?s=96&d=mm&r=g","contentUrl":"https:\/\/secure.gravatar.com\/avatar\/55cb5e37c1efa326397366e6974cb338056df65cb50e7d64d1cf314e87504837?s=96&d=mm&r=g","caption":"Arnaldo Botto"},"url":"https:\/\/www.noticiasradioreflejos.com.ar\/2021\/author\/arnaldo\/"}]}},"_links":{"self":[{"href":"https:\/\/www.noticiasradioreflejos.com.ar\/2021\/wp-json\/wp\/v2\/posts\/29383","targetHints":{"allow":["GET"]}}],"collection":[{"href":"https:\/\/www.noticiasradioreflejos.com.ar\/2021\/wp-json\/wp\/v2\/posts"}],"about":[{"href":"https:\/\/www.noticiasradioreflejos.com.ar\/2021\/wp-json\/wp\/v2\/types\/post"}],"author":[{"embeddable":true,"href":"https:\/\/www.noticiasradioreflejos.com.ar\/2021\/wp-json\/wp\/v2\/users\/3"}],"replies":[{"embeddable":true,"href":"https:\/\/www.noticiasradioreflejos.com.ar\/2021\/wp-json\/wp\/v2\/comments?post=29383"}],"version-history":[{"count":0,"href":"https:\/\/www.noticiasradioreflejos.com.ar\/2021\/wp-json\/wp\/v2\/posts\/29383\/revisions"}],"wp:attachment":[{"href":"https:\/\/www.noticiasradioreflejos.com.ar\/2021\/wp-json\/wp\/v2\/media?parent=29383"}],"wp:term":[{"taxonomy":"category","embeddable":true,"href":"https:\/\/www.noticiasradioreflejos.com.ar\/2021\/wp-json\/wp\/v2\/categories?post=29383"},{"taxonomy":"post_tag","embeddable":true,"href":"https:\/\/www.noticiasradioreflejos.com.ar\/2021\/wp-json\/wp\/v2\/tags?post=29383"}],"curies":[{"name":"wp","href":"https:\/\/api.w.org\/{rel}","templated":true}]}}