{"id":29379,"date":"2019-03-02T11:35:47","date_gmt":"2019-03-02T14:35:47","guid":{"rendered":"http:\/\/www.noticiasradioreflejos.com.ar\/noticias\/?p=29379"},"modified":"2019-03-02T11:35:47","modified_gmt":"2019-03-02T14:35:47","slug":"el-resurgir-de-un-lugar-que-enamora-dique-de-san-bernardo","status":"publish","type":"post","link":"https:\/\/www.noticiasradioreflejos.com.ar\/2021\/el-resurgir-de-un-lugar-que-enamora-dique-de-san-bernardo\/","title":{"rendered":"&quot;El resurgir de un lugar que enamora&#8230;!! Dique de San Bernardo."},"content":{"rendered":"<p><a title=\"11990189\" href=\"http:\/\/farm8.staticflickr.com\/7808\/46292908395_23f4ba40fc.jpg\" rel=\"\"><img loading=\"lazy\" decoding=\"async\" class=\"alignleft\" style=\"float: left;\" title=\"11990189\" src=\"http:\/\/farm8.staticflickr.com\/7808\/46292908395_23f4ba40fc.jpg\" alt=\"11990189\" width=\"500\" height=\"281\" \/><\/a><strong>Carta de lectores de Valeria C\u00e1mara y Gabriel Allende<\/strong>:<br \/>\nLleg\u00f3 marzo y la temporada comienza a despedirse, ya el oto\u00f1o est\u00e1 mostrando que se quiere instalar, con d\u00edas un poco frescos y temperaturas que oscilan de lo alto a lo bajo.<br \/>\nPasaron dos meses desde que nos hicimos cargo de poner en marcha el parador del dique San Bernardo, gracias a la buena predisposici\u00f3n de las autoridades de la sociedad de fomento de dicho barrio, autoridades municipales, y medio de prensa, cuando se nos present\u00f3 el desaf\u00edo no dudamos ni un instante en emprender tama\u00f1a empresa.<!--more--><br \/>\nMuchos a\u00f1os de abandono, desolaci\u00f3n, roturas, se nos mostr\u00f3 apenas abrimos la puerta del lugar, en pocos d\u00edas logramos cambiar al menos algo la imagen del mismo, y empez\u00f3 enero con las puertas abiertas, una peque\u00f1a proveedur\u00eda, ba\u00f1os, y alg\u00fan servicio que antes estaba extinto, y as\u00ed atravesamos toda la temporada.<br \/>\nNo lo vimos como un punto comercial, sino m\u00e1s bien como un lugar de crecimiento personal y espiritual, y el mayor emprendimiento sobre todo esto, era cuidar de todo el sector que comprende, no solamente a la proveedur\u00eda, sino al bosque que circunda al diquecito y asumimos no como obligaci\u00f3n, sino como compromiso, mantener a diario la limpieza de todo el sector, cada tarde cuando ya el \u00faltimo turista abandonaba el lugar, nos dispon\u00edamos a juntar todos los residuos que dejaban \u00abolvidados\u00bb, fuera de los tachos destinados a tal fin, y en m\u00e1s de una oportunidad, hemos llenado dos bolsas completas de consorcio con todo tipo de basura, pa\u00f1ales, botellas de cerveza, botellas de vino, bolsas de nylon, etc ..<br \/>\n<a title=\"WhatsApp Image 2019-03-02 at 11.15.29\" href=\"http:\/\/farm8.staticflickr.com\/7877\/46533329694_f52827a5b1.jpg\" rel=\"\"><img loading=\"lazy\" decoding=\"async\" class=\"alignleft\" style=\"float: left;\" title=\"WhatsApp Image 2019-03-02 at 11.15.29\" src=\"http:\/\/farm8.staticflickr.com\/7877\/46533329694_f52827a5b1.jpg\" alt=\"WhatsApp Image 2019-03-02 at 11.15.29\" width=\"375\" height=\"500\" \/><\/a>Y a veces, aunque en forma conjunta con personal del municipio tratamos de mantener la limpieza del lugar, no alcanza&#8230; Porque tanto turistas como lugare\u00f1os, no respetan las normas de sana convivencia, algo tan simple como depositar los residuos en su lugar correspondiente, o simplemente llevarlos, y algo tan grave como encender fuego dentro del bosque, desestimando la leyenda que rezan los carteles <strong>\u00abProhibido hacer fuego &#8211; Municipio de Tornquist\u00bb<\/strong>, no solo se desoye al hacerlo, sino que tambi\u00e9n se infringe una ley vigente, en m\u00e1s de una oportunidad, he cruzado palabras, a pesar del respeto con el que uno se dirige, con ciertos personajes, a los cuales poco le importa el lugar.<br \/>\nA pesar de la labor diaria, de sacar las piedras de una parrilla improvisada, es una escena que se repite a diario, cada fin de semana deshacemos esos fogones y barremos los vestigios de una hoguera.<br \/>\nCuidar del lugar, creo, es responsabilidad de todos, denunciar ante las autoridades TAMBI\u00c9N, y tener las precauciones necesarias para conservar el lugar, es otra cosa que deber\u00edamos tener en cuenta. A veces uno escucha o lee, ciertos comentarios que son cr\u00edticas destructivas, son esos dedos inquisidores que se\u00f1alan \u00abesto est\u00e1 mal\u00bb, \u00abaquello tambi\u00e9n\u00bb, y a veces, entiendo, que roza lo pol\u00edtico ese tipo de comentarios.<br \/>\nNuestra labor, junto con personal del municipio, es una labor que se realiza en completo silencio y en soledad, no se publica, simplemente se ve, y como dije anteriormente, aveces los recursos no alcanzan, porque una labor que te demanda 4\/5 horas embelleciendo el lugar, en tan solo diez minutos se ve destruida, por la acci\u00f3n de personas inescrupulosas y faltos de sentido com\u00fan y amor por la naturaleza.<br \/>\nQuiero agradecer por este medio, para finalizar, la ayuda de la delegaci\u00f3n municipal y del Municipio de Tornquist, quienes no dejan de prestar sus servicios para levantar y mantener el \u00abdiquecito de San Bernardo\u00bb, cerramos la temporada este fin de semana largo y nos comprometemos hasta la pr\u00f3xima temporada, personalmente, a mejorar las prestaciones de todo el sector, para que el a\u00f1o pr\u00f3ximo, el turista pueda acceder a otras prestaciones que el lugar pueda brindar.<br \/>\nNo todas fueron malas, sino que tambi\u00e9n hubo gente del pueblo que se acerc\u00f3 y nos brind\u00f3 muestras de apoyo sinceras y notaron el peque\u00f1o cambio del resurgimiento del dique San Bernardo, gracias a todos.<br \/>\n<strong>Parador Namaste!!!<\/strong><br \/>\n<a title=\"51486393_311880819671261_4532972651009802240_n\" href=\"http:\/\/farm8.staticflickr.com\/7899\/32314931367_8a34249b5d_z.jpg\" rel=\"\"><img loading=\"lazy\" decoding=\"async\" class=\"aligncenter\" title=\"51486393_311880819671261_4532972651009802240_n\" src=\"http:\/\/farm8.staticflickr.com\/7899\/32314931367_8a34249b5d_z.jpg\" alt=\"51486393_311880819671261_4532972651009802240_n\" width=\"640\" height=\"480\" \/><\/a><br \/>\n<a title=\"11990147\" href=\"http:\/\/farm8.staticflickr.com\/7893\/46292905705_def14683d3_z.jpg\" rel=\"\"><img loading=\"lazy\" decoding=\"async\" class=\"aligncenter\" title=\"11990147\" src=\"http:\/\/farm8.staticflickr.com\/7893\/46292905705_def14683d3_z.jpg\" alt=\"11990147\" width=\"640\" height=\"360\" \/><\/a><\/p>\n","protected":false},"excerpt":{"rendered":"<p>Carta de lectores de Valeria C\u00e1mara y Gabriel Allende: Lleg\u00f3 marzo y la temporada comienza a despedirse, ya el oto\u00f1o est\u00e1 mostrando que se quiere instalar, con d\u00edas un poco frescos y temperaturas que oscilan de lo alto a lo bajo. Pasaron dos meses desde que nos hicimos cargo de poner en marcha el parador [&hellip;]<\/p>\n","protected":false},"author":3,"featured_media":0,"comment_status":"closed","ping_status":"open","sticky":false,"template":"","format":"standard","meta":{"footnotes":""},"categories":[26],"tags":[],"class_list":["post-29379","post","type-post","status-publish","format-standard","hentry","category-sociedad"],"yoast_head":"<!-- This site is optimized with the Yoast SEO plugin v25.9 - https:\/\/yoast.com\/wordpress\/plugins\/seo\/ -->\n<title>&quot;El resurgir de un lugar que enamora...!! Dique de San Bernardo. - Noticias Radio Reflejos<\/title>\n<meta name=\"robots\" content=\"index, follow, max-snippet:-1, max-image-preview:large, max-video-preview:-1\" \/>\n<link rel=\"canonical\" href=\"https:\/\/www.noticiasradioreflejos.com.ar\/2021\/el-resurgir-de-un-lugar-que-enamora-dique-de-san-bernardo\/\" \/>\n<meta property=\"og:locale\" content=\"es_ES\" \/>\n<meta property=\"og:type\" content=\"article\" \/>\n<meta property=\"og:title\" content=\"&quot;El resurgir de un lugar que enamora...!! Dique de San Bernardo. - Noticias Radio Reflejos\" \/>\n<meta property=\"og:description\" content=\"Carta de lectores de Valeria C\u00e1mara y Gabriel Allende: Lleg\u00f3 marzo y la temporada comienza a despedirse, ya el oto\u00f1o est\u00e1 mostrando que se quiere instalar, con d\u00edas un poco frescos y temperaturas que oscilan de lo alto a lo bajo. Pasaron dos meses desde que nos hicimos cargo de poner en marcha el parador [&hellip;]\" \/>\n<meta property=\"og:url\" content=\"https:\/\/www.noticiasradioreflejos.com.ar\/2021\/el-resurgir-de-un-lugar-que-enamora-dique-de-san-bernardo\/\" \/>\n<meta property=\"og:site_name\" content=\"Noticias Radio Reflejos\" \/>\n<meta property=\"article:published_time\" content=\"2019-03-02T14:35:47+00:00\" \/>\n<meta property=\"og:image\" content=\"http:\/\/farm8.staticflickr.com\/7808\/46292908395_23f4ba40fc.jpg\" \/>\n<meta name=\"author\" content=\"Arnaldo Botto\" \/>\n<meta name=\"twitter:card\" content=\"summary_large_image\" \/>\n<script type=\"application\/ld+json\" class=\"yoast-schema-graph\">{\"@context\":\"https:\/\/schema.org\",\"@graph\":[{\"@type\":\"WebPage\",\"@id\":\"https:\/\/www.noticiasradioreflejos.com.ar\/2021\/el-resurgir-de-un-lugar-que-enamora-dique-de-san-bernardo\/\",\"url\":\"https:\/\/www.noticiasradioreflejos.com.ar\/2021\/el-resurgir-de-un-lugar-que-enamora-dique-de-san-bernardo\/\",\"name\":\"&quot;El resurgir de un lugar que enamora...!! Dique de San Bernardo. - Noticias Radio Reflejos\",\"isPartOf\":{\"@id\":\"https:\/\/www.noticiasradioreflejos.com.ar\/2021\/#website\"},\"primaryImageOfPage\":{\"@id\":\"https:\/\/www.noticiasradioreflejos.com.ar\/2021\/el-resurgir-de-un-lugar-que-enamora-dique-de-san-bernardo\/#primaryimage\"},\"image\":{\"@id\":\"https:\/\/www.noticiasradioreflejos.com.ar\/2021\/el-resurgir-de-un-lugar-que-enamora-dique-de-san-bernardo\/#primaryimage\"},\"thumbnailUrl\":\"http:\/\/farm8.staticflickr.com\/7808\/46292908395_23f4ba40fc.jpg\",\"datePublished\":\"2019-03-02T14:35:47+00:00\",\"author\":{\"@id\":\"https:\/\/www.noticiasradioreflejos.com.ar\/2021\/#\/schema\/person\/ad82545263dcc5ec0996818884fd5fb1\"},\"breadcrumb\":{\"@id\":\"https:\/\/www.noticiasradioreflejos.com.ar\/2021\/el-resurgir-de-un-lugar-que-enamora-dique-de-san-bernardo\/#breadcrumb\"},\"inLanguage\":\"es\",\"potentialAction\":[{\"@type\":\"ReadAction\",\"target\":[\"https:\/\/www.noticiasradioreflejos.com.ar\/2021\/el-resurgir-de-un-lugar-que-enamora-dique-de-san-bernardo\/\"]}]},{\"@type\":\"ImageObject\",\"inLanguage\":\"es\",\"@id\":\"https:\/\/www.noticiasradioreflejos.com.ar\/2021\/el-resurgir-de-un-lugar-que-enamora-dique-de-san-bernardo\/#primaryimage\",\"url\":\"http:\/\/farm8.staticflickr.com\/7808\/46292908395_23f4ba40fc.jpg\",\"contentUrl\":\"http:\/\/farm8.staticflickr.com\/7808\/46292908395_23f4ba40fc.jpg\"},{\"@type\":\"BreadcrumbList\",\"@id\":\"https:\/\/www.noticiasradioreflejos.com.ar\/2021\/el-resurgir-de-un-lugar-que-enamora-dique-de-san-bernardo\/#breadcrumb\",\"itemListElement\":[{\"@type\":\"ListItem\",\"position\":1,\"name\":\"Portada\",\"item\":\"https:\/\/www.noticiasradioreflejos.com.ar\/2021\/\"},{\"@type\":\"ListItem\",\"position\":2,\"name\":\"&quot;El resurgir de un lugar que enamora&#8230;!! Dique de San Bernardo.\"}]},{\"@type\":\"WebSite\",\"@id\":\"https:\/\/www.noticiasradioreflejos.com.ar\/2021\/#website\",\"url\":\"https:\/\/www.noticiasradioreflejos.com.ar\/2021\/\",\"name\":\"Noticias Radio Reflejos\",\"description\":\"Las noticias de mi comarca\",\"potentialAction\":[{\"@type\":\"SearchAction\",\"target\":{\"@type\":\"EntryPoint\",\"urlTemplate\":\"https:\/\/www.noticiasradioreflejos.com.ar\/2021\/?s={search_term_string}\"},\"query-input\":{\"@type\":\"PropertyValueSpecification\",\"valueRequired\":true,\"valueName\":\"search_term_string\"}}],\"inLanguage\":\"es\"},{\"@type\":\"Person\",\"@id\":\"https:\/\/www.noticiasradioreflejos.com.ar\/2021\/#\/schema\/person\/ad82545263dcc5ec0996818884fd5fb1\",\"name\":\"Arnaldo Botto\",\"image\":{\"@type\":\"ImageObject\",\"inLanguage\":\"es\",\"@id\":\"https:\/\/www.noticiasradioreflejos.com.ar\/2021\/#\/schema\/person\/image\/\",\"url\":\"https:\/\/secure.gravatar.com\/avatar\/55cb5e37c1efa326397366e6974cb338056df65cb50e7d64d1cf314e87504837?s=96&d=mm&r=g\",\"contentUrl\":\"https:\/\/secure.gravatar.com\/avatar\/55cb5e37c1efa326397366e6974cb338056df65cb50e7d64d1cf314e87504837?s=96&d=mm&r=g\",\"caption\":\"Arnaldo Botto\"},\"url\":\"https:\/\/www.noticiasradioreflejos.com.ar\/2021\/author\/arnaldo\/\"}]}<\/script>\n<!-- \/ Yoast SEO plugin. -->","yoast_head_json":{"title":"&quot;El resurgir de un lugar que enamora...!! Dique de San Bernardo. - Noticias Radio Reflejos","robots":{"index":"index","follow":"follow","max-snippet":"max-snippet:-1","max-image-preview":"max-image-preview:large","max-video-preview":"max-video-preview:-1"},"canonical":"https:\/\/www.noticiasradioreflejos.com.ar\/2021\/el-resurgir-de-un-lugar-que-enamora-dique-de-san-bernardo\/","og_locale":"es_ES","og_type":"article","og_title":"&quot;El resurgir de un lugar que enamora...!! Dique de San Bernardo. - Noticias Radio Reflejos","og_description":"Carta de lectores de Valeria C\u00e1mara y Gabriel Allende: Lleg\u00f3 marzo y la temporada comienza a despedirse, ya el oto\u00f1o est\u00e1 mostrando que se quiere instalar, con d\u00edas un poco frescos y temperaturas que oscilan de lo alto a lo bajo. Pasaron dos meses desde que nos hicimos cargo de poner en marcha el parador [&hellip;]","og_url":"https:\/\/www.noticiasradioreflejos.com.ar\/2021\/el-resurgir-de-un-lugar-que-enamora-dique-de-san-bernardo\/","og_site_name":"Noticias Radio Reflejos","article_published_time":"2019-03-02T14:35:47+00:00","og_image":[{"url":"http:\/\/farm8.staticflickr.com\/7808\/46292908395_23f4ba40fc.jpg","type":"","width":"","height":""}],"author":"Arnaldo Botto","twitter_card":"summary_large_image","schema":{"@context":"https:\/\/schema.org","@graph":[{"@type":"WebPage","@id":"https:\/\/www.noticiasradioreflejos.com.ar\/2021\/el-resurgir-de-un-lugar-que-enamora-dique-de-san-bernardo\/","url":"https:\/\/www.noticiasradioreflejos.com.ar\/2021\/el-resurgir-de-un-lugar-que-enamora-dique-de-san-bernardo\/","name":"&quot;El resurgir de un lugar que enamora...!! Dique de San Bernardo. - Noticias Radio Reflejos","isPartOf":{"@id":"https:\/\/www.noticiasradioreflejos.com.ar\/2021\/#website"},"primaryImageOfPage":{"@id":"https:\/\/www.noticiasradioreflejos.com.ar\/2021\/el-resurgir-de-un-lugar-que-enamora-dique-de-san-bernardo\/#primaryimage"},"image":{"@id":"https:\/\/www.noticiasradioreflejos.com.ar\/2021\/el-resurgir-de-un-lugar-que-enamora-dique-de-san-bernardo\/#primaryimage"},"thumbnailUrl":"http:\/\/farm8.staticflickr.com\/7808\/46292908395_23f4ba40fc.jpg","datePublished":"2019-03-02T14:35:47+00:00","author":{"@id":"https:\/\/www.noticiasradioreflejos.com.ar\/2021\/#\/schema\/person\/ad82545263dcc5ec0996818884fd5fb1"},"breadcrumb":{"@id":"https:\/\/www.noticiasradioreflejos.com.ar\/2021\/el-resurgir-de-un-lugar-que-enamora-dique-de-san-bernardo\/#breadcrumb"},"inLanguage":"es","potentialAction":[{"@type":"ReadAction","target":["https:\/\/www.noticiasradioreflejos.com.ar\/2021\/el-resurgir-de-un-lugar-que-enamora-dique-de-san-bernardo\/"]}]},{"@type":"ImageObject","inLanguage":"es","@id":"https:\/\/www.noticiasradioreflejos.com.ar\/2021\/el-resurgir-de-un-lugar-que-enamora-dique-de-san-bernardo\/#primaryimage","url":"http:\/\/farm8.staticflickr.com\/7808\/46292908395_23f4ba40fc.jpg","contentUrl":"http:\/\/farm8.staticflickr.com\/7808\/46292908395_23f4ba40fc.jpg"},{"@type":"BreadcrumbList","@id":"https:\/\/www.noticiasradioreflejos.com.ar\/2021\/el-resurgir-de-un-lugar-que-enamora-dique-de-san-bernardo\/#breadcrumb","itemListElement":[{"@type":"ListItem","position":1,"name":"Portada","item":"https:\/\/www.noticiasradioreflejos.com.ar\/2021\/"},{"@type":"ListItem","position":2,"name":"&quot;El resurgir de un lugar que enamora&#8230;!! Dique de San Bernardo."}]},{"@type":"WebSite","@id":"https:\/\/www.noticiasradioreflejos.com.ar\/2021\/#website","url":"https:\/\/www.noticiasradioreflejos.com.ar\/2021\/","name":"Noticias Radio Reflejos","description":"Las noticias de mi comarca","potentialAction":[{"@type":"SearchAction","target":{"@type":"EntryPoint","urlTemplate":"https:\/\/www.noticiasradioreflejos.com.ar\/2021\/?s={search_term_string}"},"query-input":{"@type":"PropertyValueSpecification","valueRequired":true,"valueName":"search_term_string"}}],"inLanguage":"es"},{"@type":"Person","@id":"https:\/\/www.noticiasradioreflejos.com.ar\/2021\/#\/schema\/person\/ad82545263dcc5ec0996818884fd5fb1","name":"Arnaldo Botto","image":{"@type":"ImageObject","inLanguage":"es","@id":"https:\/\/www.noticiasradioreflejos.com.ar\/2021\/#\/schema\/person\/image\/","url":"https:\/\/secure.gravatar.com\/avatar\/55cb5e37c1efa326397366e6974cb338056df65cb50e7d64d1cf314e87504837?s=96&d=mm&r=g","contentUrl":"https:\/\/secure.gravatar.com\/avatar\/55cb5e37c1efa326397366e6974cb338056df65cb50e7d64d1cf314e87504837?s=96&d=mm&r=g","caption":"Arnaldo Botto"},"url":"https:\/\/www.noticiasradioreflejos.com.ar\/2021\/author\/arnaldo\/"}]}},"_links":{"self":[{"href":"https:\/\/www.noticiasradioreflejos.com.ar\/2021\/wp-json\/wp\/v2\/posts\/29379","targetHints":{"allow":["GET"]}}],"collection":[{"href":"https:\/\/www.noticiasradioreflejos.com.ar\/2021\/wp-json\/wp\/v2\/posts"}],"about":[{"href":"https:\/\/www.noticiasradioreflejos.com.ar\/2021\/wp-json\/wp\/v2\/types\/post"}],"author":[{"embeddable":true,"href":"https:\/\/www.noticiasradioreflejos.com.ar\/2021\/wp-json\/wp\/v2\/users\/3"}],"replies":[{"embeddable":true,"href":"https:\/\/www.noticiasradioreflejos.com.ar\/2021\/wp-json\/wp\/v2\/comments?post=29379"}],"version-history":[{"count":0,"href":"https:\/\/www.noticiasradioreflejos.com.ar\/2021\/wp-json\/wp\/v2\/posts\/29379\/revisions"}],"wp:attachment":[{"href":"https:\/\/www.noticiasradioreflejos.com.ar\/2021\/wp-json\/wp\/v2\/media?parent=29379"}],"wp:term":[{"taxonomy":"category","embeddable":true,"href":"https:\/\/www.noticiasradioreflejos.com.ar\/2021\/wp-json\/wp\/v2\/categories?post=29379"},{"taxonomy":"post_tag","embeddable":true,"href":"https:\/\/www.noticiasradioreflejos.com.ar\/2021\/wp-json\/wp\/v2\/tags?post=29379"}],"curies":[{"name":"wp","href":"https:\/\/api.w.org\/{rel}","templated":true}]}}