{"id":29372,"date":"2019-03-02T10:59:39","date_gmt":"2019-03-02T13:59:39","guid":{"rendered":"http:\/\/www.noticiasradioreflejos.com.ar\/noticias\/?p=29372"},"modified":"2019-03-02T10:59:39","modified_gmt":"2019-03-02T13:59:39","slug":"hay-que-trabajar-para-que-en-6-o-7-meses-esten-los-basureros-erradicados","status":"publish","type":"post","link":"https:\/\/www.noticiasradioreflejos.com.ar\/2021\/hay-que-trabajar-para-que-en-6-o-7-meses-esten-los-basureros-erradicados\/","title":{"rendered":"&quot;Hay que trabajar para que en 6 o 7 meses est\u00e9n los basureros erradicados&quot;"},"content":{"rendered":"<p>Sergio Bordoni mostr\u00f3 su satisfacci\u00f3n por la gesti\u00f3n que logr\u00f3 en el desembolso de 15 millones que solucionar\u00e1 un problema de d\u00e9cadas. Adelant\u00f3 en una entrevista que Chasic\u00f3 tendr\u00e1 m\u00e1s obras.<br \/>\n\u00abMe tengo mucha fe. Recuerdo a la hermana Marta que me dec\u00eda: Hacer obras con lata, lo hace cualquiera; hacerla sin plat es el secreto\u00bb dijo Bordoni.<!--more--><br \/>\n\u00abAs\u00ed fue cuando pensamos en la obra de Valle Hermoso y La Cumbre, que no ten\u00edamos un peso pero sab\u00edamos que la plata de los molinos iba a estar\u00bb se\u00f1al\u00f3 el jefe comunal luego de una amplia exposici\u00f3n en la sesi\u00f3n inaugural del HCD.<br \/>\n\u00abHoy a las 2 de la tarde me avisaron de econom\u00eda que el proyecto \u00abviajaba\u00bb sent\u00ed un alivio total porque podemos ponernos a trabajar en lo inmediato y comenzar a hacer las licitaciones de la maquinaria y los galpones que hay que comprar y darle la mayor celeridad posible para que en seis o siete meses tengamos los basureros erradicados y que la gente entienda que una gesti\u00f3n de gobierno hizo lo que 35 a\u00f1os de democracia y elecciones que hubo donde siempre se discut\u00eda\u201d<br \/>\n\u201cEste a\u00f1o en la mesa de debate este tema no estar\u00e1\u00bb se ilusiona Sergio Bordoni a la vez que no oculta su orgullo y emoci\u00f3n por haber gestionado una obra largamente esperada.<br \/>\n\u00abEs un esfuerzo que vamos a hacer porque es necesario\u00bb dijo el Intendente Municipal<br \/>\nFoto: Ricardo Echevarr\u00eda, Secretario de Producci\u00f3n felicita al Intendente por el anuncio de este viernes<br \/>\n\u00abEra una obra que la promet\u00ed en campa\u00f1a, ahora depende del Concejo Deliberante y espero que salga por unanimidad\u00bb se ilusiona el jefe comunal\u201d<br \/>\nBordoni explic\u00f3 que se trata de una deuda que se contrae a cuatro a\u00f1os.<br \/>\n\u00abEsta es una obra que no va a quedar inconclusa estoy muy contento y ojala nos den cuatro a\u00f1os mas de gobierno para poder responderle a la gente que le promet\u00ed que \u00edbamos a hacer viviendas y de no ser as\u00ed le quedar\u00e1n tierras para la gente que venga. Fui el \u00fanico intendente que logr\u00f3 adquirir tierras en la provincia de Buenos Aires\u00bb asegura<br \/>\n\u00abMe da pena por la gente que estaba esperanzada en tener una vivienda y\u00e1 pero van a tener que esperar un poquito m\u00e1s, pero en el 2019 no vamos a llegar en Tornquist; s\u00ed en Saldungaray ya que cuando culmine Chasic\u00f3 seguramente podremos arrancar\u201d<br \/>\nSala de Primeros Auxilios en Chasic\u00f3<br \/>\nCuando dialog\u00f3 con este medio sobre las viviendas de Chasic\u00f3 Bordoni adelant\u00f3 que en esta localidad se construir\u00e1 una sala de primeros auxilios.<br \/>\n\u00abEstamos en una sala que es de la Sociedad de Fomento de Chasic\u00f3 y la idea de esta instituci\u00f3n es lograr un mini geri\u00e1trico para los abuelos de Chasic\u00f3, obra en la cual vamos a ayudar\u00bb Asegur\u00f3.<br \/>\n\u00abEsta gesti\u00f3n tan mala, como dicen algunos, ha podido solucionar problemas de larga data pese a la crisis econ\u00f3mica, Tratamos de que la gente de Tornquist est\u00e9 contenida y es eso lo que estamos haciendo\u00bb sostuvo el jefe comunal.<br \/>\n\u00abLas obras que se hacen van a quedar para el pueblo no se las lleva Sergio Bordoni y me llena de orgullo que estas elecciones no tengamos que hablar de los basureros a cielo abierto\u00bb subray\u00f3.<br \/>\n<iframe loading=\"lazy\" width=\"100%\" height=\"166\" scrolling=\"no\" frameborder=\"no\" allow=\"autoplay\" src=\"https:\/\/w.soundcloud.com\/player\/?url=https%3A\/\/api.soundcloud.com\/tracks\/583832610&#038;color=%23ff5500&#038;auto_play=false&#038;hide_related=false&#038;show_comments=true&#038;show_user=true&#038;show_reposts=false&#038;show_teaser=true\"><\/iframe><\/p>\n","protected":false},"excerpt":{"rendered":"<p>Sergio Bordoni mostr\u00f3 su satisfacci\u00f3n por la gesti\u00f3n que logr\u00f3 en el desembolso de 15 millones que solucionar\u00e1 un problema de d\u00e9cadas. Adelant\u00f3 en una entrevista que Chasic\u00f3 tendr\u00e1 m\u00e1s obras. \u00abMe tengo mucha fe. Recuerdo a la hermana Marta que me dec\u00eda: Hacer obras con lata, lo hace cualquiera; hacerla sin plat es el [&hellip;]<\/p>\n","protected":false},"author":3,"featured_media":0,"comment_status":"closed","ping_status":"open","sticky":false,"template":"","format":"standard","meta":{"footnotes":""},"categories":[24],"tags":[],"class_list":["post-29372","post","type-post","status-publish","format-standard","hentry","category-politica"],"yoast_head":"<!-- This site is optimized with the Yoast SEO plugin v25.9 - https:\/\/yoast.com\/wordpress\/plugins\/seo\/ -->\n<title>&quot;Hay que trabajar para que en 6 o 7 meses est\u00e9n los basureros erradicados&quot; - Noticias Radio Reflejos<\/title>\n<meta name=\"robots\" content=\"index, follow, max-snippet:-1, max-image-preview:large, max-video-preview:-1\" \/>\n<link rel=\"canonical\" href=\"https:\/\/www.noticiasradioreflejos.com.ar\/2021\/hay-que-trabajar-para-que-en-6-o-7-meses-esten-los-basureros-erradicados\/\" \/>\n<meta property=\"og:locale\" content=\"es_ES\" \/>\n<meta property=\"og:type\" content=\"article\" \/>\n<meta property=\"og:title\" content=\"&quot;Hay que trabajar para que en 6 o 7 meses est\u00e9n los basureros erradicados&quot; - Noticias Radio Reflejos\" \/>\n<meta property=\"og:description\" content=\"Sergio Bordoni mostr\u00f3 su satisfacci\u00f3n por la gesti\u00f3n que logr\u00f3 en el desembolso de 15 millones que solucionar\u00e1 un problema de d\u00e9cadas. Adelant\u00f3 en una entrevista que Chasic\u00f3 tendr\u00e1 m\u00e1s obras. \u00abMe tengo mucha fe. Recuerdo a la hermana Marta que me dec\u00eda: Hacer obras con lata, lo hace cualquiera; hacerla sin plat es el [&hellip;]\" \/>\n<meta property=\"og:url\" content=\"https:\/\/www.noticiasradioreflejos.com.ar\/2021\/hay-que-trabajar-para-que-en-6-o-7-meses-esten-los-basureros-erradicados\/\" \/>\n<meta property=\"og:site_name\" content=\"Noticias Radio Reflejos\" \/>\n<meta property=\"article:published_time\" content=\"2019-03-02T13:59:39+00:00\" \/>\n<meta property=\"og:image\" content=\"https:\/\/www.noticiasradioreflejos.com.ar\/2021\/wp-content\/uploads\/2021\/07\/logosol300x200.png\" \/>\n\t<meta property=\"og:image:width\" content=\"300\" \/>\n\t<meta property=\"og:image:height\" content=\"200\" \/>\n\t<meta property=\"og:image:type\" content=\"image\/png\" \/>\n<meta name=\"author\" content=\"Arnaldo Botto\" \/>\n<meta name=\"twitter:card\" content=\"summary_large_image\" \/>\n<script type=\"application\/ld+json\" class=\"yoast-schema-graph\">{\"@context\":\"https:\/\/schema.org\",\"@graph\":[{\"@type\":\"WebPage\",\"@id\":\"https:\/\/www.noticiasradioreflejos.com.ar\/2021\/hay-que-trabajar-para-que-en-6-o-7-meses-esten-los-basureros-erradicados\/\",\"url\":\"https:\/\/www.noticiasradioreflejos.com.ar\/2021\/hay-que-trabajar-para-que-en-6-o-7-meses-esten-los-basureros-erradicados\/\",\"name\":\"&quot;Hay que trabajar para que en 6 o 7 meses est\u00e9n los basureros erradicados&quot; - Noticias Radio Reflejos\",\"isPartOf\":{\"@id\":\"https:\/\/www.noticiasradioreflejos.com.ar\/2021\/#website\"},\"datePublished\":\"2019-03-02T13:59:39+00:00\",\"author\":{\"@id\":\"https:\/\/www.noticiasradioreflejos.com.ar\/2021\/#\/schema\/person\/ad82545263dcc5ec0996818884fd5fb1\"},\"breadcrumb\":{\"@id\":\"https:\/\/www.noticiasradioreflejos.com.ar\/2021\/hay-que-trabajar-para-que-en-6-o-7-meses-esten-los-basureros-erradicados\/#breadcrumb\"},\"inLanguage\":\"es\",\"potentialAction\":[{\"@type\":\"ReadAction\",\"target\":[\"https:\/\/www.noticiasradioreflejos.com.ar\/2021\/hay-que-trabajar-para-que-en-6-o-7-meses-esten-los-basureros-erradicados\/\"]}]},{\"@type\":\"BreadcrumbList\",\"@id\":\"https:\/\/www.noticiasradioreflejos.com.ar\/2021\/hay-que-trabajar-para-que-en-6-o-7-meses-esten-los-basureros-erradicados\/#breadcrumb\",\"itemListElement\":[{\"@type\":\"ListItem\",\"position\":1,\"name\":\"Portada\",\"item\":\"https:\/\/www.noticiasradioreflejos.com.ar\/2021\/\"},{\"@type\":\"ListItem\",\"position\":2,\"name\":\"&quot;Hay que trabajar para que en 6 o 7 meses est\u00e9n los basureros erradicados&quot;\"}]},{\"@type\":\"WebSite\",\"@id\":\"https:\/\/www.noticiasradioreflejos.com.ar\/2021\/#website\",\"url\":\"https:\/\/www.noticiasradioreflejos.com.ar\/2021\/\",\"name\":\"Noticias Radio Reflejos\",\"description\":\"Las noticias de mi comarca\",\"potentialAction\":[{\"@type\":\"SearchAction\",\"target\":{\"@type\":\"EntryPoint\",\"urlTemplate\":\"https:\/\/www.noticiasradioreflejos.com.ar\/2021\/?s={search_term_string}\"},\"query-input\":{\"@type\":\"PropertyValueSpecification\",\"valueRequired\":true,\"valueName\":\"search_term_string\"}}],\"inLanguage\":\"es\"},{\"@type\":\"Person\",\"@id\":\"https:\/\/www.noticiasradioreflejos.com.ar\/2021\/#\/schema\/person\/ad82545263dcc5ec0996818884fd5fb1\",\"name\":\"Arnaldo Botto\",\"image\":{\"@type\":\"ImageObject\",\"inLanguage\":\"es\",\"@id\":\"https:\/\/www.noticiasradioreflejos.com.ar\/2021\/#\/schema\/person\/image\/\",\"url\":\"https:\/\/secure.gravatar.com\/avatar\/55cb5e37c1efa326397366e6974cb338056df65cb50e7d64d1cf314e87504837?s=96&d=mm&r=g\",\"contentUrl\":\"https:\/\/secure.gravatar.com\/avatar\/55cb5e37c1efa326397366e6974cb338056df65cb50e7d64d1cf314e87504837?s=96&d=mm&r=g\",\"caption\":\"Arnaldo Botto\"},\"url\":\"https:\/\/www.noticiasradioreflejos.com.ar\/2021\/author\/arnaldo\/\"}]}<\/script>\n<!-- \/ Yoast SEO plugin. -->","yoast_head_json":{"title":"&quot;Hay que trabajar para que en 6 o 7 meses est\u00e9n los basureros erradicados&quot; - Noticias Radio Reflejos","robots":{"index":"index","follow":"follow","max-snippet":"max-snippet:-1","max-image-preview":"max-image-preview:large","max-video-preview":"max-video-preview:-1"},"canonical":"https:\/\/www.noticiasradioreflejos.com.ar\/2021\/hay-que-trabajar-para-que-en-6-o-7-meses-esten-los-basureros-erradicados\/","og_locale":"es_ES","og_type":"article","og_title":"&quot;Hay que trabajar para que en 6 o 7 meses est\u00e9n los basureros erradicados&quot; - Noticias Radio Reflejos","og_description":"Sergio Bordoni mostr\u00f3 su satisfacci\u00f3n por la gesti\u00f3n que logr\u00f3 en el desembolso de 15 millones que solucionar\u00e1 un problema de d\u00e9cadas. Adelant\u00f3 en una entrevista que Chasic\u00f3 tendr\u00e1 m\u00e1s obras. \u00abMe tengo mucha fe. Recuerdo a la hermana Marta que me dec\u00eda: Hacer obras con lata, lo hace cualquiera; hacerla sin plat es el [&hellip;]","og_url":"https:\/\/www.noticiasradioreflejos.com.ar\/2021\/hay-que-trabajar-para-que-en-6-o-7-meses-esten-los-basureros-erradicados\/","og_site_name":"Noticias Radio Reflejos","article_published_time":"2019-03-02T13:59:39+00:00","og_image":[{"width":300,"height":200,"url":"https:\/\/www.noticiasradioreflejos.com.ar\/2021\/wp-content\/uploads\/2021\/07\/logosol300x200.png","type":"image\/png"}],"author":"Arnaldo Botto","twitter_card":"summary_large_image","schema":{"@context":"https:\/\/schema.org","@graph":[{"@type":"WebPage","@id":"https:\/\/www.noticiasradioreflejos.com.ar\/2021\/hay-que-trabajar-para-que-en-6-o-7-meses-esten-los-basureros-erradicados\/","url":"https:\/\/www.noticiasradioreflejos.com.ar\/2021\/hay-que-trabajar-para-que-en-6-o-7-meses-esten-los-basureros-erradicados\/","name":"&quot;Hay que trabajar para que en 6 o 7 meses est\u00e9n los basureros erradicados&quot; - Noticias Radio Reflejos","isPartOf":{"@id":"https:\/\/www.noticiasradioreflejos.com.ar\/2021\/#website"},"datePublished":"2019-03-02T13:59:39+00:00","author":{"@id":"https:\/\/www.noticiasradioreflejos.com.ar\/2021\/#\/schema\/person\/ad82545263dcc5ec0996818884fd5fb1"},"breadcrumb":{"@id":"https:\/\/www.noticiasradioreflejos.com.ar\/2021\/hay-que-trabajar-para-que-en-6-o-7-meses-esten-los-basureros-erradicados\/#breadcrumb"},"inLanguage":"es","potentialAction":[{"@type":"ReadAction","target":["https:\/\/www.noticiasradioreflejos.com.ar\/2021\/hay-que-trabajar-para-que-en-6-o-7-meses-esten-los-basureros-erradicados\/"]}]},{"@type":"BreadcrumbList","@id":"https:\/\/www.noticiasradioreflejos.com.ar\/2021\/hay-que-trabajar-para-que-en-6-o-7-meses-esten-los-basureros-erradicados\/#breadcrumb","itemListElement":[{"@type":"ListItem","position":1,"name":"Portada","item":"https:\/\/www.noticiasradioreflejos.com.ar\/2021\/"},{"@type":"ListItem","position":2,"name":"&quot;Hay que trabajar para que en 6 o 7 meses est\u00e9n los basureros erradicados&quot;"}]},{"@type":"WebSite","@id":"https:\/\/www.noticiasradioreflejos.com.ar\/2021\/#website","url":"https:\/\/www.noticiasradioreflejos.com.ar\/2021\/","name":"Noticias Radio Reflejos","description":"Las noticias de mi comarca","potentialAction":[{"@type":"SearchAction","target":{"@type":"EntryPoint","urlTemplate":"https:\/\/www.noticiasradioreflejos.com.ar\/2021\/?s={search_term_string}"},"query-input":{"@type":"PropertyValueSpecification","valueRequired":true,"valueName":"search_term_string"}}],"inLanguage":"es"},{"@type":"Person","@id":"https:\/\/www.noticiasradioreflejos.com.ar\/2021\/#\/schema\/person\/ad82545263dcc5ec0996818884fd5fb1","name":"Arnaldo Botto","image":{"@type":"ImageObject","inLanguage":"es","@id":"https:\/\/www.noticiasradioreflejos.com.ar\/2021\/#\/schema\/person\/image\/","url":"https:\/\/secure.gravatar.com\/avatar\/55cb5e37c1efa326397366e6974cb338056df65cb50e7d64d1cf314e87504837?s=96&d=mm&r=g","contentUrl":"https:\/\/secure.gravatar.com\/avatar\/55cb5e37c1efa326397366e6974cb338056df65cb50e7d64d1cf314e87504837?s=96&d=mm&r=g","caption":"Arnaldo Botto"},"url":"https:\/\/www.noticiasradioreflejos.com.ar\/2021\/author\/arnaldo\/"}]}},"_links":{"self":[{"href":"https:\/\/www.noticiasradioreflejos.com.ar\/2021\/wp-json\/wp\/v2\/posts\/29372","targetHints":{"allow":["GET"]}}],"collection":[{"href":"https:\/\/www.noticiasradioreflejos.com.ar\/2021\/wp-json\/wp\/v2\/posts"}],"about":[{"href":"https:\/\/www.noticiasradioreflejos.com.ar\/2021\/wp-json\/wp\/v2\/types\/post"}],"author":[{"embeddable":true,"href":"https:\/\/www.noticiasradioreflejos.com.ar\/2021\/wp-json\/wp\/v2\/users\/3"}],"replies":[{"embeddable":true,"href":"https:\/\/www.noticiasradioreflejos.com.ar\/2021\/wp-json\/wp\/v2\/comments?post=29372"}],"version-history":[{"count":0,"href":"https:\/\/www.noticiasradioreflejos.com.ar\/2021\/wp-json\/wp\/v2\/posts\/29372\/revisions"}],"wp:attachment":[{"href":"https:\/\/www.noticiasradioreflejos.com.ar\/2021\/wp-json\/wp\/v2\/media?parent=29372"}],"wp:term":[{"taxonomy":"category","embeddable":true,"href":"https:\/\/www.noticiasradioreflejos.com.ar\/2021\/wp-json\/wp\/v2\/categories?post=29372"},{"taxonomy":"post_tag","embeddable":true,"href":"https:\/\/www.noticiasradioreflejos.com.ar\/2021\/wp-json\/wp\/v2\/tags?post=29372"}],"curies":[{"name":"wp","href":"https:\/\/api.w.org\/{rel}","templated":true}]}}