{"id":29369,"date":"2019-03-02T10:48:47","date_gmt":"2019-03-02T13:48:47","guid":{"rendered":"http:\/\/www.noticiasradioreflejos.com.ar\/noticias\/?p=29369"},"modified":"2019-03-02T10:48:47","modified_gmt":"2019-03-02T13:48:47","slug":"opiniones-de-concejales-tras-la-sesion-inuagural","status":"publish","type":"post","link":"https:\/\/www.noticiasradioreflejos.com.ar\/2021\/opiniones-de-concejales-tras-la-sesion-inuagural\/","title":{"rendered":"Opiniones de concejales tras la sesi\u00f3n inuagural."},"content":{"rendered":"<p>La concejal del FPV\u00a0\u00a0Mar\u00eda Ofelia Skolak afirm\u00f3 que sinti\u00f3 \u00ab<strong>\u00a0una alocuci\u00f3n de campa\u00f1a\u201d, <\/strong>en tanto que Sebasti\u00e1n Bass\u00ed,\u00a0 que asumi\u00f3 en reemplazo de Germ\u00e1n De Larena, Tuvo una mirada cr\u00edtica al gobierna nacional y asegur\u00f3:\u00a0<strong>\u00abBordoni ha sido cr\u00edtico con el gobierno nacional y provincial y no hubo castigos. En eso Cambiemos es distinto\u00bb.<\/strong><br \/>\nEntrevistas realizadas por Noticias Tornquist:<!--more--><br \/>\n<strong><a title=\"110_da13_DSC_0066Z1600x1200_1551498075.jpg_1360\" href=\"http:\/\/farm8.staticflickr.com\/7842\/40291685723_2b41792002.jpg\" rel=\"\"><img loading=\"lazy\" decoding=\"async\" class=\"alignleft\" style=\"float: left;\" title=\"110_da13_DSC_0066Z1600x1200_1551498075.jpg_1360\" src=\"http:\/\/farm8.staticflickr.com\/7842\/40291685723_2b41792002.jpg\" alt=\"110_da13_DSC_0066Z1600x1200_1551498075.jpg_1360\" width=\"500\" height=\"333\" \/><\/a>\u201cSent\u00ed como una alocuci\u00f3n de campa\u00f1a\u201d<\/strong><br \/>\nLo afirm\u00f3 la concejal del Frente para la Victoria Mar\u00eda Ofelia Skolak en la apertura de sesiones donde habl\u00f3 el Intendente.<br \/>\nLa actual concejal del FPV, Marita Skolak dijo que sinti\u00f3 a Bordoni hablar de Campa\u00f1a en su alocuci\u00f3n de la apertura de sesiones ordinarias.<br \/>\n\u201cMe imaginaba escuchar lo que escuche en un a\u00f1o de elecciones, seguramente se iba a presentar alguna propuesta. Nos da mucha alegr\u00eda lo de erradicar los basureros que era algo que ten\u00eda prometido en su campa\u00f1a de 2015. Estamos en una a\u00f1o de elecciones donde todo llega y ojal\u00e1 se concrete para el beneficio de todos los vecinos del distrito de Tornquist\u201d<br \/>\n\u201cEsto ingreso a las 14.30 y nos dimos por enterados m\u00e1s que nada por la alocuci\u00f3n del Intendente. Lo vamos a analizar, lo vamos a mirar y seguramente debe estar todo bien, haremos nuestros an\u00e1lisis y lo acompa\u00f1aremos\u201d<br \/>\n\u201cSenti como alocuci\u00f3n de campa\u00f1a. Por un lado reconoce la situaci\u00f3n econ\u00f3mica que est\u00e1 atravesando el Pa\u00eds. Por otro lado como dijo mi compa\u00f1era incrementa las tasas de manera excesiva porque este era un a\u00f1o para tener en cuenta. Le seguimos metiendo la mano en el bolsillo a los vecinos y por ah\u00ed en eso me qued\u00e9 bastante tildada porque se contradice bastante a la hora de hablar. Quiere quedar bien con el Gobierno y bien con los vecinos de Tornquist.Es lo que yo aprecio desde mi lugar\u201d<br \/>\n\u201cEs nuestro Intendente que hizo una alocuci\u00f3n bastante extensa con respecto a varios puntos y nosotros estaremos ac\u00e1 como lo hicimos siempre , presentando proyectos de Ordenanza en el cual ped\u00ed que se lleven adelante porque hay ordenanzas que est\u00e1n durmiendo y con respecto a los pedidos de informe que no nos contestan. El concejal Bassi refiere a que es m\u00e1s f\u00e1cil que vayamos a hablar con el Intendente. No. Tenemos la herramienta que es el pedido de informe para que nos den por escrito la informaci\u00f3n que solicitamos y hasta el momento hay m\u00e1s de 20 informes sin contestar. Evidentemente no est\u00e1 todo tan bien\u201d<br \/>\n\u201cNosotros cada vez que nos hemos opuesto a algo ha sido por falta de modificaciones que hemos pedido por cosas que no han estado claras. Nunca nos opusimos por querer oponernos . Al contrario estamos a favor de lo que se haga en beneficio del distrito\u201d-<br \/>\n<iframe loading=\"lazy\" src=\"https:\/\/w.soundcloud.com\/player\/?url=https%3A\/\/api.soundcloud.com\/tracks\/583826925&amp;color=%23ff5500&amp;auto_play=false&amp;hide_related=false&amp;show_comments=true&amp;show_user=true&amp;show_reposts=false&amp;show_teaser=true\" width=\"100%\" height=\"166\" frameborder=\"no\" scrolling=\"no\"><\/iframe><br \/>\n<a title=\"110_13ba_DSC_0076Z1600x1200_1551497248.jpg_1360\" href=\"http:\/\/farm8.staticflickr.com\/7854\/40291685803_1062d2664e.jpg\" rel=\"\"><img loading=\"lazy\" decoding=\"async\" class=\"alignleft\" style=\"float: left;\" title=\"110_13ba_DSC_0076Z1600x1200_1551497248.jpg_1360\" src=\"http:\/\/farm8.staticflickr.com\/7854\/40291685803_1062d2664e.jpg\" alt=\"110_13ba_DSC_0076Z1600x1200_1551497248.jpg_1360\" width=\"500\" height=\"333\" \/><\/a><strong>\u00abBordoni ha sido cr\u00edtico con el gobierno nacional y provincial y no hubo castigos. En eso Cambiemos es distinto\u00bb.<\/strong><br \/>\nSebasti\u00e1n Bassi asumi\u00f3 oficialmente hasta el 10 de Diciembre en reemplazo de Germ\u00e1n De Larena. Dijo que el discurso de Bordoni fue impecable.<br \/>\nLuego de la apertura de sesiones del Honorable Concejo Deliberante, el concejal Sebasti\u00e1n Bassi de Sierra de la Ventana dej\u00f3 unos breves conceptos en referencia a las palabras de Sergio Bordoni.<br \/>\n<strong>Su asunci\u00f3n<\/strong><br \/>\n\u201cEl m\u00edo es otro rol. No te digo desaf\u00edo porque hab\u00eda asumido una suplencia de cuatro meses pero ahora voy a culminar el per\u00edodo el 10 de Diciembre y como le dec\u00eda a Pino y al resto de los compa\u00f1eros poder estar a la altura de la circunstancia. Est\u00e9 en un cargo formal o no.Me gusta estar con los vecinos y en Sierra intento o dejo todo para hacerlo\u201d<br \/>\n<strong>Sobre el discurso de Bordoni<\/strong><br \/>\n\u201cLa verdad que muy bueno. Impecable. No me sorprende pero s\u00ed me enorgullece porque de coraz\u00f3n digo que le veo el crecimiento y su buen desarrollo.Entonces habl\u00f3 sincero, honesto como es \u00e9l. No escribi\u00f3 nada\u201d<br \/>\nAl respecto de la erradicaci\u00f3n de basurales a cielo abierto<br \/>\n\u201cEsto es hist\u00f3rico hace a\u00f1os se pide. Fue anuncio de campa\u00f1a, tras campa\u00f1a. Ahora nos queda a nosotros ponerle el mo\u00f1o. Lo vamos a tratar en un par de d\u00edas despu\u00e9s del feriado y el quiere aprobarlo porque es tentador y una soluci\u00f3n hist\u00f3rica para todos los habitantes y los que vendr\u00e1n al distrito de Tornquist. Es muy necesario\u201d<br \/>\nEn referencia a la actual situaci\u00f3n econ\u00f3mica<br \/>\n\u201cEs complicada. No ayuda. Es Triste .No se puede ni justificar ni negar es as\u00ed y siempre fuimos cr\u00edticos. Eso se debe rescatar y revalorizar . Sergio Bordoni ha sido cr\u00edtico con el gobierno nacional y provincial y no hubo castigos. En eso Cambiemos es distinto.<br \/>\n<iframe loading=\"lazy\" src=\"https:\/\/w.soundcloud.com\/player\/?url=https%3A\/\/api.soundcloud.com\/tracks\/583828770&amp;color=%23ff5500&amp;auto_play=false&amp;hide_related=false&amp;show_comments=true&amp;show_user=true&amp;show_reposts=false&amp;show_teaser=true\" width=\"100%\" height=\"166\" frameborder=\"no\" scrolling=\"no\"><\/iframe><\/p>\n","protected":false},"excerpt":{"rendered":"<p>La concejal del FPV\u00a0\u00a0Mar\u00eda Ofelia Skolak afirm\u00f3 que sinti\u00f3 \u00ab\u00a0una alocuci\u00f3n de campa\u00f1a\u201d, en tanto que Sebasti\u00e1n Bass\u00ed,\u00a0 que asumi\u00f3 en reemplazo de Germ\u00e1n De Larena, Tuvo una mirada cr\u00edtica al gobierna nacional y asegur\u00f3:\u00a0\u00abBordoni ha sido cr\u00edtico con el gobierno nacional y provincial y no hubo castigos. En eso Cambiemos es distinto\u00bb. Entrevistas realizadas [&hellip;]<\/p>\n","protected":false},"author":3,"featured_media":0,"comment_status":"closed","ping_status":"open","sticky":false,"template":"","format":"standard","meta":{"footnotes":""},"categories":[24],"tags":[],"class_list":["post-29369","post","type-post","status-publish","format-standard","hentry","category-politica"],"yoast_head":"<!-- This site is optimized with the Yoast SEO plugin v25.9 - https:\/\/yoast.com\/wordpress\/plugins\/seo\/ -->\n<title>Opiniones de concejales tras la sesi\u00f3n inuagural. - Noticias Radio Reflejos<\/title>\n<meta name=\"robots\" content=\"index, follow, max-snippet:-1, max-image-preview:large, max-video-preview:-1\" \/>\n<link rel=\"canonical\" href=\"https:\/\/www.noticiasradioreflejos.com.ar\/2021\/opiniones-de-concejales-tras-la-sesion-inuagural\/\" \/>\n<meta property=\"og:locale\" content=\"es_ES\" \/>\n<meta property=\"og:type\" content=\"article\" \/>\n<meta property=\"og:title\" content=\"Opiniones de concejales tras la sesi\u00f3n inuagural. - Noticias Radio Reflejos\" \/>\n<meta property=\"og:description\" content=\"La concejal del FPV\u00a0\u00a0Mar\u00eda Ofelia Skolak afirm\u00f3 que sinti\u00f3 \u00ab\u00a0una alocuci\u00f3n de campa\u00f1a\u201d, en tanto que Sebasti\u00e1n Bass\u00ed,\u00a0 que asumi\u00f3 en reemplazo de Germ\u00e1n De Larena, Tuvo una mirada cr\u00edtica al gobierna nacional y asegur\u00f3:\u00a0\u00abBordoni ha sido cr\u00edtico con el gobierno nacional y provincial y no hubo castigos. En eso Cambiemos es distinto\u00bb. Entrevistas realizadas [&hellip;]\" \/>\n<meta property=\"og:url\" content=\"https:\/\/www.noticiasradioreflejos.com.ar\/2021\/opiniones-de-concejales-tras-la-sesion-inuagural\/\" \/>\n<meta property=\"og:site_name\" content=\"Noticias Radio Reflejos\" \/>\n<meta property=\"article:published_time\" content=\"2019-03-02T13:48:47+00:00\" \/>\n<meta property=\"og:image\" content=\"http:\/\/farm8.staticflickr.com\/7842\/40291685723_2b41792002.jpg\" \/>\n<meta name=\"author\" content=\"Arnaldo Botto\" \/>\n<meta name=\"twitter:card\" content=\"summary_large_image\" \/>\n<script type=\"application\/ld+json\" class=\"yoast-schema-graph\">{\"@context\":\"https:\/\/schema.org\",\"@graph\":[{\"@type\":\"WebPage\",\"@id\":\"https:\/\/www.noticiasradioreflejos.com.ar\/2021\/opiniones-de-concejales-tras-la-sesion-inuagural\/\",\"url\":\"https:\/\/www.noticiasradioreflejos.com.ar\/2021\/opiniones-de-concejales-tras-la-sesion-inuagural\/\",\"name\":\"Opiniones de concejales tras la sesi\u00f3n inuagural. - Noticias Radio Reflejos\",\"isPartOf\":{\"@id\":\"https:\/\/www.noticiasradioreflejos.com.ar\/2021\/#website\"},\"primaryImageOfPage\":{\"@id\":\"https:\/\/www.noticiasradioreflejos.com.ar\/2021\/opiniones-de-concejales-tras-la-sesion-inuagural\/#primaryimage\"},\"image\":{\"@id\":\"https:\/\/www.noticiasradioreflejos.com.ar\/2021\/opiniones-de-concejales-tras-la-sesion-inuagural\/#primaryimage\"},\"thumbnailUrl\":\"http:\/\/farm8.staticflickr.com\/7842\/40291685723_2b41792002.jpg\",\"datePublished\":\"2019-03-02T13:48:47+00:00\",\"author\":{\"@id\":\"https:\/\/www.noticiasradioreflejos.com.ar\/2021\/#\/schema\/person\/ad82545263dcc5ec0996818884fd5fb1\"},\"breadcrumb\":{\"@id\":\"https:\/\/www.noticiasradioreflejos.com.ar\/2021\/opiniones-de-concejales-tras-la-sesion-inuagural\/#breadcrumb\"},\"inLanguage\":\"es\",\"potentialAction\":[{\"@type\":\"ReadAction\",\"target\":[\"https:\/\/www.noticiasradioreflejos.com.ar\/2021\/opiniones-de-concejales-tras-la-sesion-inuagural\/\"]}]},{\"@type\":\"ImageObject\",\"inLanguage\":\"es\",\"@id\":\"https:\/\/www.noticiasradioreflejos.com.ar\/2021\/opiniones-de-concejales-tras-la-sesion-inuagural\/#primaryimage\",\"url\":\"http:\/\/farm8.staticflickr.com\/7842\/40291685723_2b41792002.jpg\",\"contentUrl\":\"http:\/\/farm8.staticflickr.com\/7842\/40291685723_2b41792002.jpg\"},{\"@type\":\"BreadcrumbList\",\"@id\":\"https:\/\/www.noticiasradioreflejos.com.ar\/2021\/opiniones-de-concejales-tras-la-sesion-inuagural\/#breadcrumb\",\"itemListElement\":[{\"@type\":\"ListItem\",\"position\":1,\"name\":\"Portada\",\"item\":\"https:\/\/www.noticiasradioreflejos.com.ar\/2021\/\"},{\"@type\":\"ListItem\",\"position\":2,\"name\":\"Opiniones de concejales tras la sesi\u00f3n inuagural.\"}]},{\"@type\":\"WebSite\",\"@id\":\"https:\/\/www.noticiasradioreflejos.com.ar\/2021\/#website\",\"url\":\"https:\/\/www.noticiasradioreflejos.com.ar\/2021\/\",\"name\":\"Noticias Radio Reflejos\",\"description\":\"Las noticias de mi comarca\",\"potentialAction\":[{\"@type\":\"SearchAction\",\"target\":{\"@type\":\"EntryPoint\",\"urlTemplate\":\"https:\/\/www.noticiasradioreflejos.com.ar\/2021\/?s={search_term_string}\"},\"query-input\":{\"@type\":\"PropertyValueSpecification\",\"valueRequired\":true,\"valueName\":\"search_term_string\"}}],\"inLanguage\":\"es\"},{\"@type\":\"Person\",\"@id\":\"https:\/\/www.noticiasradioreflejos.com.ar\/2021\/#\/schema\/person\/ad82545263dcc5ec0996818884fd5fb1\",\"name\":\"Arnaldo Botto\",\"image\":{\"@type\":\"ImageObject\",\"inLanguage\":\"es\",\"@id\":\"https:\/\/www.noticiasradioreflejos.com.ar\/2021\/#\/schema\/person\/image\/\",\"url\":\"https:\/\/secure.gravatar.com\/avatar\/55cb5e37c1efa326397366e6974cb338056df65cb50e7d64d1cf314e87504837?s=96&d=mm&r=g\",\"contentUrl\":\"https:\/\/secure.gravatar.com\/avatar\/55cb5e37c1efa326397366e6974cb338056df65cb50e7d64d1cf314e87504837?s=96&d=mm&r=g\",\"caption\":\"Arnaldo Botto\"},\"url\":\"https:\/\/www.noticiasradioreflejos.com.ar\/2021\/author\/arnaldo\/\"}]}<\/script>\n<!-- \/ Yoast SEO plugin. -->","yoast_head_json":{"title":"Opiniones de concejales tras la sesi\u00f3n inuagural. - Noticias Radio Reflejos","robots":{"index":"index","follow":"follow","max-snippet":"max-snippet:-1","max-image-preview":"max-image-preview:large","max-video-preview":"max-video-preview:-1"},"canonical":"https:\/\/www.noticiasradioreflejos.com.ar\/2021\/opiniones-de-concejales-tras-la-sesion-inuagural\/","og_locale":"es_ES","og_type":"article","og_title":"Opiniones de concejales tras la sesi\u00f3n inuagural. - Noticias Radio Reflejos","og_description":"La concejal del FPV\u00a0\u00a0Mar\u00eda Ofelia Skolak afirm\u00f3 que sinti\u00f3 \u00ab\u00a0una alocuci\u00f3n de campa\u00f1a\u201d, en tanto que Sebasti\u00e1n Bass\u00ed,\u00a0 que asumi\u00f3 en reemplazo de Germ\u00e1n De Larena, Tuvo una mirada cr\u00edtica al gobierna nacional y asegur\u00f3:\u00a0\u00abBordoni ha sido cr\u00edtico con el gobierno nacional y provincial y no hubo castigos. En eso Cambiemos es distinto\u00bb. Entrevistas realizadas [&hellip;]","og_url":"https:\/\/www.noticiasradioreflejos.com.ar\/2021\/opiniones-de-concejales-tras-la-sesion-inuagural\/","og_site_name":"Noticias Radio Reflejos","article_published_time":"2019-03-02T13:48:47+00:00","og_image":[{"url":"http:\/\/farm8.staticflickr.com\/7842\/40291685723_2b41792002.jpg","type":"","width":"","height":""}],"author":"Arnaldo Botto","twitter_card":"summary_large_image","schema":{"@context":"https:\/\/schema.org","@graph":[{"@type":"WebPage","@id":"https:\/\/www.noticiasradioreflejos.com.ar\/2021\/opiniones-de-concejales-tras-la-sesion-inuagural\/","url":"https:\/\/www.noticiasradioreflejos.com.ar\/2021\/opiniones-de-concejales-tras-la-sesion-inuagural\/","name":"Opiniones de concejales tras la sesi\u00f3n inuagural. - Noticias Radio Reflejos","isPartOf":{"@id":"https:\/\/www.noticiasradioreflejos.com.ar\/2021\/#website"},"primaryImageOfPage":{"@id":"https:\/\/www.noticiasradioreflejos.com.ar\/2021\/opiniones-de-concejales-tras-la-sesion-inuagural\/#primaryimage"},"image":{"@id":"https:\/\/www.noticiasradioreflejos.com.ar\/2021\/opiniones-de-concejales-tras-la-sesion-inuagural\/#primaryimage"},"thumbnailUrl":"http:\/\/farm8.staticflickr.com\/7842\/40291685723_2b41792002.jpg","datePublished":"2019-03-02T13:48:47+00:00","author":{"@id":"https:\/\/www.noticiasradioreflejos.com.ar\/2021\/#\/schema\/person\/ad82545263dcc5ec0996818884fd5fb1"},"breadcrumb":{"@id":"https:\/\/www.noticiasradioreflejos.com.ar\/2021\/opiniones-de-concejales-tras-la-sesion-inuagural\/#breadcrumb"},"inLanguage":"es","potentialAction":[{"@type":"ReadAction","target":["https:\/\/www.noticiasradioreflejos.com.ar\/2021\/opiniones-de-concejales-tras-la-sesion-inuagural\/"]}]},{"@type":"ImageObject","inLanguage":"es","@id":"https:\/\/www.noticiasradioreflejos.com.ar\/2021\/opiniones-de-concejales-tras-la-sesion-inuagural\/#primaryimage","url":"http:\/\/farm8.staticflickr.com\/7842\/40291685723_2b41792002.jpg","contentUrl":"http:\/\/farm8.staticflickr.com\/7842\/40291685723_2b41792002.jpg"},{"@type":"BreadcrumbList","@id":"https:\/\/www.noticiasradioreflejos.com.ar\/2021\/opiniones-de-concejales-tras-la-sesion-inuagural\/#breadcrumb","itemListElement":[{"@type":"ListItem","position":1,"name":"Portada","item":"https:\/\/www.noticiasradioreflejos.com.ar\/2021\/"},{"@type":"ListItem","position":2,"name":"Opiniones de concejales tras la sesi\u00f3n inuagural."}]},{"@type":"WebSite","@id":"https:\/\/www.noticiasradioreflejos.com.ar\/2021\/#website","url":"https:\/\/www.noticiasradioreflejos.com.ar\/2021\/","name":"Noticias Radio Reflejos","description":"Las noticias de mi comarca","potentialAction":[{"@type":"SearchAction","target":{"@type":"EntryPoint","urlTemplate":"https:\/\/www.noticiasradioreflejos.com.ar\/2021\/?s={search_term_string}"},"query-input":{"@type":"PropertyValueSpecification","valueRequired":true,"valueName":"search_term_string"}}],"inLanguage":"es"},{"@type":"Person","@id":"https:\/\/www.noticiasradioreflejos.com.ar\/2021\/#\/schema\/person\/ad82545263dcc5ec0996818884fd5fb1","name":"Arnaldo Botto","image":{"@type":"ImageObject","inLanguage":"es","@id":"https:\/\/www.noticiasradioreflejos.com.ar\/2021\/#\/schema\/person\/image\/","url":"https:\/\/secure.gravatar.com\/avatar\/55cb5e37c1efa326397366e6974cb338056df65cb50e7d64d1cf314e87504837?s=96&d=mm&r=g","contentUrl":"https:\/\/secure.gravatar.com\/avatar\/55cb5e37c1efa326397366e6974cb338056df65cb50e7d64d1cf314e87504837?s=96&d=mm&r=g","caption":"Arnaldo Botto"},"url":"https:\/\/www.noticiasradioreflejos.com.ar\/2021\/author\/arnaldo\/"}]}},"_links":{"self":[{"href":"https:\/\/www.noticiasradioreflejos.com.ar\/2021\/wp-json\/wp\/v2\/posts\/29369","targetHints":{"allow":["GET"]}}],"collection":[{"href":"https:\/\/www.noticiasradioreflejos.com.ar\/2021\/wp-json\/wp\/v2\/posts"}],"about":[{"href":"https:\/\/www.noticiasradioreflejos.com.ar\/2021\/wp-json\/wp\/v2\/types\/post"}],"author":[{"embeddable":true,"href":"https:\/\/www.noticiasradioreflejos.com.ar\/2021\/wp-json\/wp\/v2\/users\/3"}],"replies":[{"embeddable":true,"href":"https:\/\/www.noticiasradioreflejos.com.ar\/2021\/wp-json\/wp\/v2\/comments?post=29369"}],"version-history":[{"count":0,"href":"https:\/\/www.noticiasradioreflejos.com.ar\/2021\/wp-json\/wp\/v2\/posts\/29369\/revisions"}],"wp:attachment":[{"href":"https:\/\/www.noticiasradioreflejos.com.ar\/2021\/wp-json\/wp\/v2\/media?parent=29369"}],"wp:term":[{"taxonomy":"category","embeddable":true,"href":"https:\/\/www.noticiasradioreflejos.com.ar\/2021\/wp-json\/wp\/v2\/categories?post=29369"},{"taxonomy":"post_tag","embeddable":true,"href":"https:\/\/www.noticiasradioreflejos.com.ar\/2021\/wp-json\/wp\/v2\/tags?post=29369"}],"curies":[{"name":"wp","href":"https:\/\/api.w.org\/{rel}","templated":true}]}}