{"id":29364,"date":"2019-03-02T10:33:19","date_gmt":"2019-03-02T13:33:19","guid":{"rendered":"http:\/\/www.noticiasradioreflejos.com.ar\/noticias\/?p=29364"},"modified":"2019-03-02T10:33:19","modified_gmt":"2019-03-02T13:33:19","slug":"sergio-bordoni-lo-que-yo-he-prometido-esta-en-un-90-cumplido","status":"publish","type":"post","link":"https:\/\/www.noticiasradioreflejos.com.ar\/2021\/sergio-bordoni-lo-que-yo-he-prometido-esta-en-un-90-cumplido\/","title":{"rendered":"Sergio Bordoni: \u201cLo que yo he prometido est\u00e1 en un 90% cumplido\u201d"},"content":{"rendered":"<p><a title=\"sesi\u00f3n inaugural (11)\" href=\"http:\/\/farm8.staticflickr.com\/7819\/32314356937_6245ff6c05.jpg\" rel=\"\"><img loading=\"lazy\" decoding=\"async\" class=\"alignleft\" style=\"float: left;\" title=\"sesi\u00f3n inaugural (11)\" src=\"http:\/\/farm8.staticflickr.com\/7819\/32314356937_6245ff6c05.jpg\" alt=\"sesi\u00f3n inaugural (11)\" width=\"500\" height=\"333\" \/><\/a>Como estaba previsto, este viernes el intendente Sergio Bordoni dej\u00f3 oficialmente inaugurado el per\u00edodo 2019 de sesiones ordinarias del Honorable Concejo Deliberante.<br \/>\nCon un discurso que dur\u00f3 alrededor de 30 minutos, el jefe comunal hizo un repaso de sus principales obras de gobierno y anunci\u00f3 la erradicaci\u00f3n de los dos basureros a cielo abierto del distrito con una inversi\u00f3n de m\u00e1s de 15 millones de pesos.<!--more--><br \/>\n\u201cMe parece mentira que ya estemos en el cuarto a\u00f1o de gesti\u00f3n, pero tambi\u00e9n parece que pasa el tiempo de aquel momento que decid\u00ed iniciarme en la pol\u00edtica en 2009, en el que era un utop\u00eda llegar al puesto donde estoy hoy. Y atr\u00e1s de esa barra (haciendo referencia al sector del recinto para el p\u00fablico), siempre hab\u00eda una persona que quiero recordar, que me acompa\u00f1\u00f3 desde los inicios en la pol\u00edtica: Jorge Fern\u00e1ndez. Siempre me acompa\u00f1aba, en las buenas y en las malas, y siempre se hac\u00eda presente en el HCD. Para m\u00ed fue un gran ladero, un baluarte important\u00edsimo de mi vida pol\u00edtica\u201d, dijo primeramente.<br \/>\n\u201cVoy a hacer hincapi\u00e9 en algunas obras que realmente marcaron la trascendencia del distrito en estos \u00faltimos a\u00f1os de gesti\u00f3n \u2013continu\u00f3-. Pido perd\u00f3n porque los tiempos de la pol\u00edtica siguen siendo totalmente distintos a los que la gente necesita, y yo, en la poca experiencia como Ejecutivo, pens\u00e9 que iba a ser todo mucho m\u00e1s f\u00e1cil y no fue as\u00ed. Nos toca gobernar con una crisis que est\u00e1 a la vista y no se puede ocultar, pero jam\u00e1s nos olvidamos de la gente y en lo social siempre estuvimos presentes, aun con un presupuesto que no alcanzaba\u201d.<br \/>\n\u201cCuando me propuse ser pol\u00edtico me puse a disposici\u00f3n de la gente y eso es lo que le pido a todo mi Ejecutivo\u201d, afirm\u00f3.<br \/>\n\u201cHay temas que no voy a poder resolver porque no nos van a dar los tiempos y por eso decid\u00ed postularme nuevamente\u201d, afirm\u00f3 Bordoni y sostuvo: Uno de ellos fue el de viviendas en Tornquist, no lo pudimos resolver porque no ten\u00edamos tierras, pero este a\u00f1o se van a urbanizar cuatro de las manzanas que se compraron, pero no vamos a llegar a hacer las casas. Si en Chasic\u00f3, donde para junio se van a terminar, y en Saldungaray, que se van a construir 24; pero estoy en deuda con la gente de Tornquist y eso me duele en el alma\u201d.<br \/>\n\u201cHubo temas muy puntuales que hac\u00edan a\u00f1os que esperaban, como por ejemplo, es el primer verano que se pasa sin sentir el olor a cloaca de la planta del barrio norte de Tornquist, que se est\u00e1 poniendo en valor. M\u00e1s de 30 a\u00f1os se esper\u00f3 esa obra y hoy est\u00e1 hecha realidad\u201d, destac\u00f3.<br \/>\n<a title=\"sesi\u00f3n inaugural (3)\" href=\"http:\/\/farm8.staticflickr.com\/7821\/32314358027_df51e1c0b8.jpg\" rel=\"\"><img loading=\"lazy\" decoding=\"async\" class=\"alignleft\" style=\"float: left;\" title=\"sesi\u00f3n inaugural (3)\" src=\"http:\/\/farm8.staticflickr.com\/7821\/32314358027_df51e1c0b8.jpg\" alt=\"sesi\u00f3n inaugural (3)\" width=\"500\" height=\"333\" \/><\/a>\u201cTambi\u00e9n fue el primer verano, desde 2009, que no hubo que llevar agua en camiones cisterna a Villa Ventana \u2013sigui\u00f3-, porque en 2018 se hizo toda la obra nueva de instalaci\u00f3n de bombas para que el servicio funcionara como ten\u00eda que funcionar. Hoy tener eso terminado y que la gente de villa no haya tenido cortes durante todo el verano, nos llena de satisfacci\u00f3n\u201d.<br \/>\nM\u00e1s adelante, el intendente se refiri\u00f3 al desarrollo del turismo en el distrito. \u201cEscuchaba gente que dec\u00eda que en turismo no hicimos nada. Ayer venia de La Plata y en se\u00f1alizaci\u00f3n, donde antes Sierra no figuraba, ahora tenemos no menos de siete carteles que indican donde queda. Y una encuesta dice que somos uno de los 11 mejores lugares del pa\u00eds\u201d.<br \/>\n\u201cLO QUE YO HE PROMETIDO EST\u00c1 EN UN 90% CUMPLIDO\u201d<br \/>\n\u201cEntre obras que la gente ped\u00eda y que no promet\u00ed en campa\u00f1a, estamos a punto de culminar el 50% de gas de Valle hermoso y La Cumbre de Sierra de la Ventana, obra prometida muchas veces pero nunca cumplida. Y con un costo irrisorio para el frentista: $8.400 los diez metros lineales. Se consensu\u00f3 con Camuzzi, que puso los materiales, y la obra sali\u00f3 adelante, hac\u00eda falta y la gente la necesitaba\u201d, coment\u00f3.<br \/>\n\u201cCuando me postul\u00e9 dije tambi\u00e9n que en salud necesit\u00e1bamos invertir y mucho y apostamos muy fuerte. Todos saben la inversi\u00f3n que se hizo en el hospital de Tornquist y los profesionales que vinieron a trabajar. En la unidad sanitaria de Sierra de la Ventana estamos ejecutando una obra de 500 metros cuadrados, que la localidad necesitaba y siempre apuntando a que, si queremos seguir desarrollando el turismo, tenemos que tener la capacidad de recibir al turista\u201d.<br \/>\n\u201cPor eso mismo me gustar\u00eda que alguna vez se reconozca que no hemos sido el peor gobierno; no fuimos el mejor, pero el peor seguro no es. Se hicieron muchas obras, reconociendo que no pude cumplir con las viviendas, despu\u00e9s pueden revisar el archivo y ver que lo que yo he prometido est\u00e1 en un 90% cumplido\u201d.<br \/>\n<a title=\"sesi\u00f3n inaugural (12)\" href=\"http:\/\/farm8.staticflickr.com\/7908\/32314358647_87fba81d32.jpg\" rel=\"\"><img loading=\"lazy\" decoding=\"async\" class=\"alignleft\" style=\"float: left;\" title=\"sesi\u00f3n inaugural (12)\" src=\"http:\/\/farm8.staticflickr.com\/7908\/32314358647_87fba81d32.jpg\" alt=\"sesi\u00f3n inaugural (12)\" width=\"500\" height=\"333\" \/><\/a>$15.000.000 PARA LA ERRADICACI\u00d3N DE LOS BASUREROS A CIELO ABIERTO<br \/>\n\u201cAlgo que si promet\u00ed y todav\u00eda no hicimos, pero que hoy subimos al HCD su expediente para analizar y que los concejales decidan, es la erradicaci\u00f3n de los basureros a cielo abierto, tanto el de Sierra-Saldungaray como el de Tornquist\u201d, anunci\u00f3.<br \/>\nEn ese sentido, detall\u00f3: \u201cSer\u00e1 con una inversi\u00f3n de casi $15.700.000, de los cuales alrededor de $11.600.000 son de un pr\u00e9stamo que nos va a dar el Ministerio de Econom\u00eda a pagar en cuatro a\u00f1os, con una tasa de inter\u00e9s no superior al 12% y en pagos semestrales, un regalo en los tiempos que hoy vivimos. Ten\u00edamos iniciado un proyecto en 2013 en la gesti\u00f3n anterior con una inversi\u00f3n de $7.300.000, de los que se ejecutaron $2.400.000; nosotros lo vamos a continuar cambiando algunas cosas: se va a trasladar la planta de reciclaje al esqueleto que qued\u00f3 construido entre Sierra y Saldungaray, se le agregar\u00e1 un alero y se comprar\u00e1n dos palas cargadoras. Adem\u00e1s se adquirir\u00e1 (con recursos propios) una batea con un tractor, para que todos los residuos h\u00famedos se trasladen al relleno sanitario que se va a hacer en las tierras del Aero Club. Para eso, primero tenemos que empezar a hacer el traslado del club a las 50 hect\u00e1reas compradas por la gesti\u00f3n anterior, donde el exSPAR instal\u00f3 las bombas para alimentar a los aviones hidrantes\u201d.<br \/>\n\u201cYo vot\u00e9 por primera vez en 1983 y en cada elecci\u00f3n que hab\u00eda, el tema era los basureros a cielo abierto, y esta gesti\u00f3n, que para algunos es la peor, va a terminar con esa problem\u00e1tica. Me llena de orgullo poder anunciar esta obra, tantas veces criticada por la oposici\u00f3n de que no se estaba haciendo nada y se estaba trabajando para hacerla\u201d, se\u00f1al\u00f3.<br \/>\n\u201cLOS EMPLEADOS MUNICIPALES SIGUEN APOYANDO AL DESARROLLO DEL DISTRITO\u201d<br \/>\n\u201cQuiero agradecer a todos los empleados municipales: llevamos tres a\u00f1os de gesti\u00f3n, no tuvimos un paro por aumento salarial y siempre se le dio al trabajador lo que se le pudo dar y as\u00ed lo entendi\u00f3. La gente trabaja, se pone la camiseta y sigue apoyando al desarrollo del distrito, no de Cambiemos\u201d, afirm\u00f3.<br \/>\n\u201cHAY MAS DE 80 PERSONAS DE TORNQUIST TRABAJANDO EN LOS PARQUES E\u00d3LICOS\u201d<br \/>\n\u201cCon esta crisis \u2013continu\u00f3- vinieron a Tornquist tres parques e\u00f3licos con la posibilidad de que se instalen dos m\u00e1s. Hoy hay m\u00e1s de 80 personas trabajando ah\u00ed, y aunque sea solo por un a\u00f1o y medio, los sueldos les mejoraron la situaci\u00f3n econ\u00f3mica a muchos vecinos de la ciudad.<br \/>\n\u201cM\u00e1s all\u00e1 de empleo, es una obra de una magnitud terrible, cuando est\u00e9n parados esos molinos van a ser hasta un atracci\u00f3n tur\u00edstica. Mucha gente me pregunt\u00f3 c\u00f3mo se gestion\u00f3, y vino solo, esta vez el viento nos ayud\u00f3. Fui el \u00fanico intendente de la Provincia de Buenos Aires que cobr\u00f3 los derechos de construcci\u00f3n y eso nos permiti\u00f3 tomar aire fresco y no cerrar el 2018 tan deficitariamente\u201d, dijo.<br \/>\n<a title=\"sesi\u00f3n inaugural (5)\" href=\"http:\/\/farm8.staticflickr.com\/7839\/32314357417_04a138a08d.jpg\" rel=\"\"><img loading=\"lazy\" decoding=\"async\" class=\"alignleft\" style=\"float: left;\" title=\"sesi\u00f3n inaugural (5)\" src=\"http:\/\/farm8.staticflickr.com\/7839\/32314357417_04a138a08d.jpg\" alt=\"sesi\u00f3n inaugural (5)\" width=\"500\" height=\"333\" \/><\/a>\u201cHOY LA PLAZA YA TIENE OTRA POSTAL\u201d<br \/>\n\u201cCuando arrancamos con la plaza \u2018Ernesto Tornquist\u2019, mucha gente que hoy me felicita como est\u00e1 quedando, estaba disconforme con la extracci\u00f3n de pinos. Hoy la plaza ya tiene otra postal, podr\u00e1 gustar o no, pero es una plaza segura y a m\u00ed me interesa la seguridad, y por ese lado es donde hab\u00eda que encarar las cosas. Seguramente \u00edbamos a tener cr\u00edticas y el costo pol\u00edtico lo iba a pagar este intendente, porque ninguno iba a hacerlo, pero no me interes\u00f3 y se ejecut\u00f3\u201d.<br \/>\nSE FINALIZAR\u00c1N LAS ESCUELAS 5 Y 21 DE VILLA VENTANA<br \/>\n\u201cEn educaci\u00f3n es la primera vez en la historia del Consejo Escolar que llegan $10.000.000 destinados a ejecutar una obra y que est\u00e9n depositados ante de que salga la licitaci\u00f3n (para concluir las escuelas 5 y 21 de Villa Ventana). Y siempre se dec\u00eda que en Tornquist no hab\u00eda empresas para hacer obras de esa magnitud, y en nuestra gesti\u00f3n, salvo las casas de Chasic\u00f3, las dem\u00e1s obras, como ampliaci\u00f3n del hospital y de la sala de Sierra, la red de gas en Valle Hermoso y La Cumbre, las cloacas, cordones y sendas peatonales se hicieron todas con gente local, dando trabajo a la gente del pueblo; y si se pod\u00eda, hab\u00eda que buscarle la vuelta y hoy son de Tornquist los que est\u00e1n trabajando\u201d.<br \/>\n\u201cSe termin\u00f3 con este gobierno el intendente superh\u00e9roe que salvaba a todo el mundo y hab\u00eda que venir a buscar los cheques al despacho. Ac\u00e1 los cheques se retiran por ventanilla en la Oficina de Tesorer\u00eda, para las instituciones, para la gente carenciada y las ayudas problemas de salud. Este jefe comunal no se saca fotos, hace lo que tiene que hacer. La plata no es de Bordoni, es de todos ustedes y todos contribuimos para que esto vaya para adelante. No es una obra m\u00eda darle un subsidio a un club o a una escuela\u201d.<br \/>\n\u201cTORNQUIST VA A SEGUIR CRECIENDO A PESAR DE LA CRISIS\u201d<br \/>\n\u201cEs un a\u00f1o netamente pol\u00edtico, pero para nosotros es un a\u00f1o m\u00e1s, seguimos trabajando de la misma manera. No despreciemos a la gente en cuanto a que no sabe votar, en 2017 nos volvi\u00f3 a elegir, yo creo que si fu\u00e9ramos los peores en 2017 nos tendr\u00eda que haber echado. Ahora corremos con una gran responsabilidad que el gobierno baje la inflaci\u00f3n y mejore la situaci\u00f3n econ\u00f3mica, pero a nivel local corremos con la honestidad que nos caracteriza, la transparencia que hemos manejado las cosas y con la certeza de que estamos haciendo lo correcto\u201d.<br \/>\n\u201cNos ponemos a disposici\u00f3n del voto popular, la gente no se equivoca. Espero que en este 2019 pueda mejorar la situaci\u00f3n econ\u00f3mica del pa\u00eds, porque la gente va a estar mejor y es lo \u00fanico que me preocupa. No voy a sacar los pies del plato de Cambiemos, pero esto es lo que nos toca. Tornquist va a seguir creciendo a pesar de la crisis, no me cabe ninguna duda, pero necesitamos el apoyo de todos\u201d.<br \/>\n<iframe loading=\"lazy\" src=\"https:\/\/w.soundcloud.com\/player\/?url=https%3A\/\/api.soundcloud.com\/tracks\/583823187&amp;color=%23ff5500&amp;auto_play=false&amp;hide_related=false&amp;show_comments=true&amp;show_user=true&amp;show_reposts=false&amp;show_teaser=true\" width=\"100%\" height=\"166\" frameborder=\"no\" scrolling=\"no\"><\/iframe><br \/>\n<a title=\"sesi\u00f3n inaugural (7)\" href=\"http:\/\/farm8.staticflickr.com\/7832\/32314357167_cc34d9efb7_z.jpg\" rel=\"\"><img loading=\"lazy\" decoding=\"async\" class=\"aligncenter\" title=\"sesi\u00f3n inaugural (7)\" src=\"http:\/\/farm8.staticflickr.com\/7832\/32314357167_cc34d9efb7_z.jpg\" alt=\"sesi\u00f3n inaugural (7)\" width=\"640\" height=\"427\" \/><\/a><br \/>\n<a title=\"sesi\u00f3n inaugural (6)\" href=\"http:\/\/farm8.staticflickr.com\/7910\/46532805634_733bf15fe8_z.jpg\" rel=\"\"><img loading=\"lazy\" decoding=\"async\" class=\"aligncenter\" title=\"sesi\u00f3n inaugural (6)\" src=\"http:\/\/farm8.staticflickr.com\/7910\/46532805634_733bf15fe8_z.jpg\" alt=\"sesi\u00f3n inaugural (6)\" width=\"640\" height=\"427\" \/><\/a><br \/>\n<a title=\"sesi\u00f3n inaugural (4)\" href=\"http:\/\/farm8.staticflickr.com\/7836\/32314357807_cfa3cf01f0_z.jpg\" rel=\"\"><img loading=\"lazy\" decoding=\"async\" class=\"aligncenter\" title=\"sesi\u00f3n inaugural (4)\" src=\"http:\/\/farm8.staticflickr.com\/7836\/32314357807_cfa3cf01f0_z.jpg\" alt=\"sesi\u00f3n inaugural (4)\" width=\"640\" height=\"427\" \/><\/a><br \/>\n<a title=\"sesi\u00f3n inaugural (2)\" href=\"http:\/\/farm8.staticflickr.com\/7902\/32314358337_25e5cc39f3_z.jpg\" rel=\"\"><img loading=\"lazy\" decoding=\"async\" class=\"aligncenter\" title=\"sesi\u00f3n inaugural (2)\" src=\"http:\/\/farm8.staticflickr.com\/7902\/32314358337_25e5cc39f3_z.jpg\" alt=\"sesi\u00f3n inaugural (2)\" width=\"640\" height=\"427\" \/><\/a><br \/>\n<a href=\"http:\/\/www.noticiastornquist.com.ar\"><strong>Gentileza Noticias Tornquist<\/strong><\/a><\/p>\n","protected":false},"excerpt":{"rendered":"<p>Como estaba previsto, este viernes el intendente Sergio Bordoni dej\u00f3 oficialmente inaugurado el per\u00edodo 2019 de sesiones ordinarias del Honorable Concejo Deliberante. Con un discurso que dur\u00f3 alrededor de 30 minutos, el jefe comunal hizo un repaso de sus principales obras de gobierno y anunci\u00f3 la erradicaci\u00f3n de los dos basureros a cielo abierto del [&hellip;]<\/p>\n","protected":false},"author":3,"featured_media":0,"comment_status":"closed","ping_status":"open","sticky":false,"template":"","format":"standard","meta":{"footnotes":""},"categories":[24],"tags":[],"class_list":["post-29364","post","type-post","status-publish","format-standard","hentry","category-politica"],"yoast_head":"<!-- This site is optimized with the Yoast SEO plugin v25.9 - https:\/\/yoast.com\/wordpress\/plugins\/seo\/ -->\n<title>Sergio Bordoni: \u201cLo que yo he prometido est\u00e1 en un 90% cumplido\u201d - Noticias Radio Reflejos<\/title>\n<meta name=\"robots\" content=\"index, follow, max-snippet:-1, max-image-preview:large, max-video-preview:-1\" \/>\n<link rel=\"canonical\" href=\"https:\/\/www.noticiasradioreflejos.com.ar\/2021\/sergio-bordoni-lo-que-yo-he-prometido-esta-en-un-90-cumplido\/\" \/>\n<meta property=\"og:locale\" content=\"es_ES\" \/>\n<meta property=\"og:type\" content=\"article\" \/>\n<meta property=\"og:title\" content=\"Sergio Bordoni: \u201cLo que yo he prometido est\u00e1 en un 90% cumplido\u201d - Noticias Radio Reflejos\" \/>\n<meta property=\"og:description\" content=\"Como estaba previsto, este viernes el intendente Sergio Bordoni dej\u00f3 oficialmente inaugurado el per\u00edodo 2019 de sesiones ordinarias del Honorable Concejo Deliberante. Con un discurso que dur\u00f3 alrededor de 30 minutos, el jefe comunal hizo un repaso de sus principales obras de gobierno y anunci\u00f3 la erradicaci\u00f3n de los dos basureros a cielo abierto del [&hellip;]\" \/>\n<meta property=\"og:url\" content=\"https:\/\/www.noticiasradioreflejos.com.ar\/2021\/sergio-bordoni-lo-que-yo-he-prometido-esta-en-un-90-cumplido\/\" \/>\n<meta property=\"og:site_name\" content=\"Noticias Radio Reflejos\" \/>\n<meta property=\"article:published_time\" content=\"2019-03-02T13:33:19+00:00\" \/>\n<meta property=\"og:image\" content=\"http:\/\/farm8.staticflickr.com\/7819\/32314356937_6245ff6c05.jpg\" \/>\n<meta name=\"author\" content=\"Arnaldo Botto\" \/>\n<meta name=\"twitter:card\" content=\"summary_large_image\" \/>\n<script type=\"application\/ld+json\" class=\"yoast-schema-graph\">{\"@context\":\"https:\/\/schema.org\",\"@graph\":[{\"@type\":\"WebPage\",\"@id\":\"https:\/\/www.noticiasradioreflejos.com.ar\/2021\/sergio-bordoni-lo-que-yo-he-prometido-esta-en-un-90-cumplido\/\",\"url\":\"https:\/\/www.noticiasradioreflejos.com.ar\/2021\/sergio-bordoni-lo-que-yo-he-prometido-esta-en-un-90-cumplido\/\",\"name\":\"Sergio Bordoni: \u201cLo que yo he prometido est\u00e1 en un 90% cumplido\u201d - Noticias Radio Reflejos\",\"isPartOf\":{\"@id\":\"https:\/\/www.noticiasradioreflejos.com.ar\/2021\/#website\"},\"primaryImageOfPage\":{\"@id\":\"https:\/\/www.noticiasradioreflejos.com.ar\/2021\/sergio-bordoni-lo-que-yo-he-prometido-esta-en-un-90-cumplido\/#primaryimage\"},\"image\":{\"@id\":\"https:\/\/www.noticiasradioreflejos.com.ar\/2021\/sergio-bordoni-lo-que-yo-he-prometido-esta-en-un-90-cumplido\/#primaryimage\"},\"thumbnailUrl\":\"http:\/\/farm8.staticflickr.com\/7819\/32314356937_6245ff6c05.jpg\",\"datePublished\":\"2019-03-02T13:33:19+00:00\",\"author\":{\"@id\":\"https:\/\/www.noticiasradioreflejos.com.ar\/2021\/#\/schema\/person\/ad82545263dcc5ec0996818884fd5fb1\"},\"breadcrumb\":{\"@id\":\"https:\/\/www.noticiasradioreflejos.com.ar\/2021\/sergio-bordoni-lo-que-yo-he-prometido-esta-en-un-90-cumplido\/#breadcrumb\"},\"inLanguage\":\"es\",\"potentialAction\":[{\"@type\":\"ReadAction\",\"target\":[\"https:\/\/www.noticiasradioreflejos.com.ar\/2021\/sergio-bordoni-lo-que-yo-he-prometido-esta-en-un-90-cumplido\/\"]}]},{\"@type\":\"ImageObject\",\"inLanguage\":\"es\",\"@id\":\"https:\/\/www.noticiasradioreflejos.com.ar\/2021\/sergio-bordoni-lo-que-yo-he-prometido-esta-en-un-90-cumplido\/#primaryimage\",\"url\":\"http:\/\/farm8.staticflickr.com\/7819\/32314356937_6245ff6c05.jpg\",\"contentUrl\":\"http:\/\/farm8.staticflickr.com\/7819\/32314356937_6245ff6c05.jpg\"},{\"@type\":\"BreadcrumbList\",\"@id\":\"https:\/\/www.noticiasradioreflejos.com.ar\/2021\/sergio-bordoni-lo-que-yo-he-prometido-esta-en-un-90-cumplido\/#breadcrumb\",\"itemListElement\":[{\"@type\":\"ListItem\",\"position\":1,\"name\":\"Portada\",\"item\":\"https:\/\/www.noticiasradioreflejos.com.ar\/2021\/\"},{\"@type\":\"ListItem\",\"position\":2,\"name\":\"Sergio Bordoni: \u201cLo que yo he prometido est\u00e1 en un 90% cumplido\u201d\"}]},{\"@type\":\"WebSite\",\"@id\":\"https:\/\/www.noticiasradioreflejos.com.ar\/2021\/#website\",\"url\":\"https:\/\/www.noticiasradioreflejos.com.ar\/2021\/\",\"name\":\"Noticias Radio Reflejos\",\"description\":\"Las noticias de mi comarca\",\"potentialAction\":[{\"@type\":\"SearchAction\",\"target\":{\"@type\":\"EntryPoint\",\"urlTemplate\":\"https:\/\/www.noticiasradioreflejos.com.ar\/2021\/?s={search_term_string}\"},\"query-input\":{\"@type\":\"PropertyValueSpecification\",\"valueRequired\":true,\"valueName\":\"search_term_string\"}}],\"inLanguage\":\"es\"},{\"@type\":\"Person\",\"@id\":\"https:\/\/www.noticiasradioreflejos.com.ar\/2021\/#\/schema\/person\/ad82545263dcc5ec0996818884fd5fb1\",\"name\":\"Arnaldo Botto\",\"image\":{\"@type\":\"ImageObject\",\"inLanguage\":\"es\",\"@id\":\"https:\/\/www.noticiasradioreflejos.com.ar\/2021\/#\/schema\/person\/image\/\",\"url\":\"https:\/\/secure.gravatar.com\/avatar\/55cb5e37c1efa326397366e6974cb338056df65cb50e7d64d1cf314e87504837?s=96&d=mm&r=g\",\"contentUrl\":\"https:\/\/secure.gravatar.com\/avatar\/55cb5e37c1efa326397366e6974cb338056df65cb50e7d64d1cf314e87504837?s=96&d=mm&r=g\",\"caption\":\"Arnaldo Botto\"},\"url\":\"https:\/\/www.noticiasradioreflejos.com.ar\/2021\/author\/arnaldo\/\"}]}<\/script>\n<!-- \/ Yoast SEO plugin. -->","yoast_head_json":{"title":"Sergio Bordoni: \u201cLo que yo he prometido est\u00e1 en un 90% cumplido\u201d - Noticias Radio Reflejos","robots":{"index":"index","follow":"follow","max-snippet":"max-snippet:-1","max-image-preview":"max-image-preview:large","max-video-preview":"max-video-preview:-1"},"canonical":"https:\/\/www.noticiasradioreflejos.com.ar\/2021\/sergio-bordoni-lo-que-yo-he-prometido-esta-en-un-90-cumplido\/","og_locale":"es_ES","og_type":"article","og_title":"Sergio Bordoni: \u201cLo que yo he prometido est\u00e1 en un 90% cumplido\u201d - Noticias Radio Reflejos","og_description":"Como estaba previsto, este viernes el intendente Sergio Bordoni dej\u00f3 oficialmente inaugurado el per\u00edodo 2019 de sesiones ordinarias del Honorable Concejo Deliberante. Con un discurso que dur\u00f3 alrededor de 30 minutos, el jefe comunal hizo un repaso de sus principales obras de gobierno y anunci\u00f3 la erradicaci\u00f3n de los dos basureros a cielo abierto del [&hellip;]","og_url":"https:\/\/www.noticiasradioreflejos.com.ar\/2021\/sergio-bordoni-lo-que-yo-he-prometido-esta-en-un-90-cumplido\/","og_site_name":"Noticias Radio Reflejos","article_published_time":"2019-03-02T13:33:19+00:00","og_image":[{"url":"http:\/\/farm8.staticflickr.com\/7819\/32314356937_6245ff6c05.jpg","type":"","width":"","height":""}],"author":"Arnaldo Botto","twitter_card":"summary_large_image","schema":{"@context":"https:\/\/schema.org","@graph":[{"@type":"WebPage","@id":"https:\/\/www.noticiasradioreflejos.com.ar\/2021\/sergio-bordoni-lo-que-yo-he-prometido-esta-en-un-90-cumplido\/","url":"https:\/\/www.noticiasradioreflejos.com.ar\/2021\/sergio-bordoni-lo-que-yo-he-prometido-esta-en-un-90-cumplido\/","name":"Sergio Bordoni: \u201cLo que yo he prometido est\u00e1 en un 90% cumplido\u201d - Noticias Radio Reflejos","isPartOf":{"@id":"https:\/\/www.noticiasradioreflejos.com.ar\/2021\/#website"},"primaryImageOfPage":{"@id":"https:\/\/www.noticiasradioreflejos.com.ar\/2021\/sergio-bordoni-lo-que-yo-he-prometido-esta-en-un-90-cumplido\/#primaryimage"},"image":{"@id":"https:\/\/www.noticiasradioreflejos.com.ar\/2021\/sergio-bordoni-lo-que-yo-he-prometido-esta-en-un-90-cumplido\/#primaryimage"},"thumbnailUrl":"http:\/\/farm8.staticflickr.com\/7819\/32314356937_6245ff6c05.jpg","datePublished":"2019-03-02T13:33:19+00:00","author":{"@id":"https:\/\/www.noticiasradioreflejos.com.ar\/2021\/#\/schema\/person\/ad82545263dcc5ec0996818884fd5fb1"},"breadcrumb":{"@id":"https:\/\/www.noticiasradioreflejos.com.ar\/2021\/sergio-bordoni-lo-que-yo-he-prometido-esta-en-un-90-cumplido\/#breadcrumb"},"inLanguage":"es","potentialAction":[{"@type":"ReadAction","target":["https:\/\/www.noticiasradioreflejos.com.ar\/2021\/sergio-bordoni-lo-que-yo-he-prometido-esta-en-un-90-cumplido\/"]}]},{"@type":"ImageObject","inLanguage":"es","@id":"https:\/\/www.noticiasradioreflejos.com.ar\/2021\/sergio-bordoni-lo-que-yo-he-prometido-esta-en-un-90-cumplido\/#primaryimage","url":"http:\/\/farm8.staticflickr.com\/7819\/32314356937_6245ff6c05.jpg","contentUrl":"http:\/\/farm8.staticflickr.com\/7819\/32314356937_6245ff6c05.jpg"},{"@type":"BreadcrumbList","@id":"https:\/\/www.noticiasradioreflejos.com.ar\/2021\/sergio-bordoni-lo-que-yo-he-prometido-esta-en-un-90-cumplido\/#breadcrumb","itemListElement":[{"@type":"ListItem","position":1,"name":"Portada","item":"https:\/\/www.noticiasradioreflejos.com.ar\/2021\/"},{"@type":"ListItem","position":2,"name":"Sergio Bordoni: \u201cLo que yo he prometido est\u00e1 en un 90% cumplido\u201d"}]},{"@type":"WebSite","@id":"https:\/\/www.noticiasradioreflejos.com.ar\/2021\/#website","url":"https:\/\/www.noticiasradioreflejos.com.ar\/2021\/","name":"Noticias Radio Reflejos","description":"Las noticias de mi comarca","potentialAction":[{"@type":"SearchAction","target":{"@type":"EntryPoint","urlTemplate":"https:\/\/www.noticiasradioreflejos.com.ar\/2021\/?s={search_term_string}"},"query-input":{"@type":"PropertyValueSpecification","valueRequired":true,"valueName":"search_term_string"}}],"inLanguage":"es"},{"@type":"Person","@id":"https:\/\/www.noticiasradioreflejos.com.ar\/2021\/#\/schema\/person\/ad82545263dcc5ec0996818884fd5fb1","name":"Arnaldo Botto","image":{"@type":"ImageObject","inLanguage":"es","@id":"https:\/\/www.noticiasradioreflejos.com.ar\/2021\/#\/schema\/person\/image\/","url":"https:\/\/secure.gravatar.com\/avatar\/55cb5e37c1efa326397366e6974cb338056df65cb50e7d64d1cf314e87504837?s=96&d=mm&r=g","contentUrl":"https:\/\/secure.gravatar.com\/avatar\/55cb5e37c1efa326397366e6974cb338056df65cb50e7d64d1cf314e87504837?s=96&d=mm&r=g","caption":"Arnaldo Botto"},"url":"https:\/\/www.noticiasradioreflejos.com.ar\/2021\/author\/arnaldo\/"}]}},"_links":{"self":[{"href":"https:\/\/www.noticiasradioreflejos.com.ar\/2021\/wp-json\/wp\/v2\/posts\/29364","targetHints":{"allow":["GET"]}}],"collection":[{"href":"https:\/\/www.noticiasradioreflejos.com.ar\/2021\/wp-json\/wp\/v2\/posts"}],"about":[{"href":"https:\/\/www.noticiasradioreflejos.com.ar\/2021\/wp-json\/wp\/v2\/types\/post"}],"author":[{"embeddable":true,"href":"https:\/\/www.noticiasradioreflejos.com.ar\/2021\/wp-json\/wp\/v2\/users\/3"}],"replies":[{"embeddable":true,"href":"https:\/\/www.noticiasradioreflejos.com.ar\/2021\/wp-json\/wp\/v2\/comments?post=29364"}],"version-history":[{"count":0,"href":"https:\/\/www.noticiasradioreflejos.com.ar\/2021\/wp-json\/wp\/v2\/posts\/29364\/revisions"}],"wp:attachment":[{"href":"https:\/\/www.noticiasradioreflejos.com.ar\/2021\/wp-json\/wp\/v2\/media?parent=29364"}],"wp:term":[{"taxonomy":"category","embeddable":true,"href":"https:\/\/www.noticiasradioreflejos.com.ar\/2021\/wp-json\/wp\/v2\/categories?post=29364"},{"taxonomy":"post_tag","embeddable":true,"href":"https:\/\/www.noticiasradioreflejos.com.ar\/2021\/wp-json\/wp\/v2\/tags?post=29364"}],"curies":[{"name":"wp","href":"https:\/\/api.w.org\/{rel}","templated":true}]}}