{"id":29349,"date":"2019-03-01T14:42:22","date_gmt":"2019-03-01T17:42:22","guid":{"rendered":"http:\/\/www.noticiasradioreflejos.com.ar\/noticias\/?p=29349"},"modified":"2019-03-01T14:42:22","modified_gmt":"2019-03-01T17:42:22","slug":"automoto-tiene-nuevas-autoridades","status":"publish","type":"post","link":"https:\/\/www.noticiasradioreflejos.com.ar\/2021\/automoto-tiene-nuevas-autoridades\/","title":{"rendered":"Automoto tiene nuevas autoridades"},"content":{"rendered":"<p>Gabriel Ricardo Artola se convirti\u00f3 en el nuevo presidente del Automoto Club Deportivo, seg\u00fan se determin\u00f3 durante la Asamblea General Ordinaria desarrollada en la sede de la entidad.<!--more--><br \/>\n   El nuevo titular azulgrana estar\u00e1 acompa\u00f1ado por Mario Gandini y Marcelino Spialtini como vicepresidentes 1\u00b0 y 2\u00b0, respectivamente.<br \/>\n   La comisi\u00f3n directiva qued\u00f3 conformada de la siguiente manera:<br \/>\n&#8211;\tPresidente: Gabriel Artola.<br \/>\n&#8211;\tVicepresidente 1\u00b0: Mario Gandini.<br \/>\n&#8211;\tVicepresidente 2\u00b0: Marcelino Spialtini.<br \/>\n&#8211;\tTesorero: Rodrigo Fuhr.<br \/>\n&#8211;\tProtesorero: Jorge Scharff.<br \/>\n&#8211;\tSecretaria: Consuelo Bacci.<br \/>\n&#8211;\tProsecretaria: Ver\u00f3nica Villalba.<br \/>\n&#8211;\tVocal titular 1\u00b0: Boris Scharff.<br \/>\n&#8211;\tVocal titular 2\u00b0: Maira Delfino.<br \/>\n&#8211;\tVocal titular 3\u00b0: Alberto Aldecoa.<br \/>\n&#8211;\tVocal titular 4\u00b0: Carlos Latini.<br \/>\n&#8211;\tVocal titular 5\u00b0: Germ\u00e1n Gonz\u00e1lez.<br \/>\n&#8211;\tVocal suplente 1\u00b0: Gustavo Oostdyk.<br \/>\n&#8211;\tVocal suplente 2\u00b0: Cristian Ferreyra.<br \/>\n&#8211;\tVocal suplente 3\u00b0: Mara Janyistabro.<br \/>\n&#8211;\tVocal suplente 4\u00b0: Leandro Guerrero.<br \/>\n&#8211;\tRevisora de Cuenta Titular 1\u00b0: Luciana Delfino.<br \/>\n&#8211;\tRevisor de Cuenta Titular 2\u00b0: Otto L\u00f3pez.<br \/>\n&#8211;\tRevisor de Cuenta Titular 3\u00b0: Lucio Oostdyk.<br \/>\n&#8211;\tRevisor de Cuenta Suplente 1\u00b0: Rodrigo C\u00e1neva.<br \/>\n&#8211;\tRevisor de Cuenta Suplente 2\u00b0: Danilo Gar\u00f3foli.<br \/>\n   Por otra parte, durante la asamblea se aprob\u00f3 la Memoria, el Informe de la Comisi\u00f3n Revisora de Cuentas, el Estado de Situaci\u00f3n Patrimonial, el Estado de Recursos y Gastos, el Estado de Evoluci\u00f3n del Patrimonio Neto, el Estado de Flujo de Fondos, y los Cuadros y Anexos correspondientes al ejercicio finalizado el 31 de diciembre de 2018.<br \/>\n   Adem\u00e1s, se resolvi\u00f3 no incrementar moment\u00e1neamente la cuota societaria, aunque se facult\u00f3 a las autoridades a efectuarlo en el transcurso del a\u00f1o en caso de ser necesario.<br \/>\nDepartamento de Prensa \u2013 Automoto Club Deportivo<br \/>\nwww.clubautomotopasion.com.ar<br \/>\nFacebook: \/automototornquist<br \/>\nTwitter: @ClubAutomoto<br \/>\nYouTube: acdtvideos<\/p>\n","protected":false},"excerpt":{"rendered":"<p>Gabriel Ricardo Artola se convirti\u00f3 en el nuevo presidente del Automoto Club Deportivo, seg\u00fan se determin\u00f3 durante la Asamblea General Ordinaria desarrollada en la sede de la entidad.<\/p>\n","protected":false},"author":3,"featured_media":0,"comment_status":"closed","ping_status":"open","sticky":false,"template":"","format":"standard","meta":{"footnotes":""},"categories":[26],"tags":[],"class_list":["post-29349","post","type-post","status-publish","format-standard","hentry","category-sociedad"],"yoast_head":"<!-- This site is optimized with the Yoast SEO plugin v25.9 - https:\/\/yoast.com\/wordpress\/plugins\/seo\/ -->\n<title>Automoto tiene nuevas autoridades - Noticias Radio Reflejos<\/title>\n<meta name=\"robots\" content=\"index, follow, max-snippet:-1, max-image-preview:large, max-video-preview:-1\" \/>\n<link rel=\"canonical\" href=\"https:\/\/www.noticiasradioreflejos.com.ar\/2021\/automoto-tiene-nuevas-autoridades\/\" \/>\n<meta property=\"og:locale\" content=\"es_ES\" \/>\n<meta property=\"og:type\" content=\"article\" \/>\n<meta property=\"og:title\" content=\"Automoto tiene nuevas autoridades - Noticias Radio Reflejos\" \/>\n<meta property=\"og:description\" content=\"Gabriel Ricardo Artola se convirti\u00f3 en el nuevo presidente del Automoto Club Deportivo, seg\u00fan se determin\u00f3 durante la Asamblea General Ordinaria desarrollada en la sede de la entidad.\" \/>\n<meta property=\"og:url\" content=\"https:\/\/www.noticiasradioreflejos.com.ar\/2021\/automoto-tiene-nuevas-autoridades\/\" \/>\n<meta property=\"og:site_name\" content=\"Noticias Radio Reflejos\" \/>\n<meta property=\"article:published_time\" content=\"2019-03-01T17:42:22+00:00\" \/>\n<meta property=\"og:image\" content=\"https:\/\/www.noticiasradioreflejos.com.ar\/2021\/wp-content\/uploads\/2021\/07\/logosol300x200.png\" \/>\n\t<meta property=\"og:image:width\" content=\"300\" \/>\n\t<meta property=\"og:image:height\" content=\"200\" \/>\n\t<meta property=\"og:image:type\" content=\"image\/png\" \/>\n<meta name=\"author\" content=\"Arnaldo Botto\" \/>\n<meta name=\"twitter:card\" content=\"summary_large_image\" \/>\n<script type=\"application\/ld+json\" class=\"yoast-schema-graph\">{\"@context\":\"https:\/\/schema.org\",\"@graph\":[{\"@type\":\"WebPage\",\"@id\":\"https:\/\/www.noticiasradioreflejos.com.ar\/2021\/automoto-tiene-nuevas-autoridades\/\",\"url\":\"https:\/\/www.noticiasradioreflejos.com.ar\/2021\/automoto-tiene-nuevas-autoridades\/\",\"name\":\"Automoto tiene nuevas autoridades - Noticias Radio Reflejos\",\"isPartOf\":{\"@id\":\"https:\/\/www.noticiasradioreflejos.com.ar\/2021\/#website\"},\"datePublished\":\"2019-03-01T17:42:22+00:00\",\"author\":{\"@id\":\"https:\/\/www.noticiasradioreflejos.com.ar\/2021\/#\/schema\/person\/ad82545263dcc5ec0996818884fd5fb1\"},\"breadcrumb\":{\"@id\":\"https:\/\/www.noticiasradioreflejos.com.ar\/2021\/automoto-tiene-nuevas-autoridades\/#breadcrumb\"},\"inLanguage\":\"es\",\"potentialAction\":[{\"@type\":\"ReadAction\",\"target\":[\"https:\/\/www.noticiasradioreflejos.com.ar\/2021\/automoto-tiene-nuevas-autoridades\/\"]}]},{\"@type\":\"BreadcrumbList\",\"@id\":\"https:\/\/www.noticiasradioreflejos.com.ar\/2021\/automoto-tiene-nuevas-autoridades\/#breadcrumb\",\"itemListElement\":[{\"@type\":\"ListItem\",\"position\":1,\"name\":\"Portada\",\"item\":\"https:\/\/www.noticiasradioreflejos.com.ar\/2021\/\"},{\"@type\":\"ListItem\",\"position\":2,\"name\":\"Automoto tiene nuevas autoridades\"}]},{\"@type\":\"WebSite\",\"@id\":\"https:\/\/www.noticiasradioreflejos.com.ar\/2021\/#website\",\"url\":\"https:\/\/www.noticiasradioreflejos.com.ar\/2021\/\",\"name\":\"Noticias Radio Reflejos\",\"description\":\"Las noticias de mi comarca\",\"potentialAction\":[{\"@type\":\"SearchAction\",\"target\":{\"@type\":\"EntryPoint\",\"urlTemplate\":\"https:\/\/www.noticiasradioreflejos.com.ar\/2021\/?s={search_term_string}\"},\"query-input\":{\"@type\":\"PropertyValueSpecification\",\"valueRequired\":true,\"valueName\":\"search_term_string\"}}],\"inLanguage\":\"es\"},{\"@type\":\"Person\",\"@id\":\"https:\/\/www.noticiasradioreflejos.com.ar\/2021\/#\/schema\/person\/ad82545263dcc5ec0996818884fd5fb1\",\"name\":\"Arnaldo Botto\",\"image\":{\"@type\":\"ImageObject\",\"inLanguage\":\"es\",\"@id\":\"https:\/\/www.noticiasradioreflejos.com.ar\/2021\/#\/schema\/person\/image\/\",\"url\":\"https:\/\/secure.gravatar.com\/avatar\/55cb5e37c1efa326397366e6974cb338056df65cb50e7d64d1cf314e87504837?s=96&d=mm&r=g\",\"contentUrl\":\"https:\/\/secure.gravatar.com\/avatar\/55cb5e37c1efa326397366e6974cb338056df65cb50e7d64d1cf314e87504837?s=96&d=mm&r=g\",\"caption\":\"Arnaldo Botto\"},\"url\":\"https:\/\/www.noticiasradioreflejos.com.ar\/2021\/author\/arnaldo\/\"}]}<\/script>\n<!-- \/ Yoast SEO plugin. -->","yoast_head_json":{"title":"Automoto tiene nuevas autoridades - Noticias Radio Reflejos","robots":{"index":"index","follow":"follow","max-snippet":"max-snippet:-1","max-image-preview":"max-image-preview:large","max-video-preview":"max-video-preview:-1"},"canonical":"https:\/\/www.noticiasradioreflejos.com.ar\/2021\/automoto-tiene-nuevas-autoridades\/","og_locale":"es_ES","og_type":"article","og_title":"Automoto tiene nuevas autoridades - Noticias Radio Reflejos","og_description":"Gabriel Ricardo Artola se convirti\u00f3 en el nuevo presidente del Automoto Club Deportivo, seg\u00fan se determin\u00f3 durante la Asamblea General Ordinaria desarrollada en la sede de la entidad.","og_url":"https:\/\/www.noticiasradioreflejos.com.ar\/2021\/automoto-tiene-nuevas-autoridades\/","og_site_name":"Noticias Radio Reflejos","article_published_time":"2019-03-01T17:42:22+00:00","og_image":[{"width":300,"height":200,"url":"https:\/\/www.noticiasradioreflejos.com.ar\/2021\/wp-content\/uploads\/2021\/07\/logosol300x200.png","type":"image\/png"}],"author":"Arnaldo Botto","twitter_card":"summary_large_image","schema":{"@context":"https:\/\/schema.org","@graph":[{"@type":"WebPage","@id":"https:\/\/www.noticiasradioreflejos.com.ar\/2021\/automoto-tiene-nuevas-autoridades\/","url":"https:\/\/www.noticiasradioreflejos.com.ar\/2021\/automoto-tiene-nuevas-autoridades\/","name":"Automoto tiene nuevas autoridades - Noticias Radio Reflejos","isPartOf":{"@id":"https:\/\/www.noticiasradioreflejos.com.ar\/2021\/#website"},"datePublished":"2019-03-01T17:42:22+00:00","author":{"@id":"https:\/\/www.noticiasradioreflejos.com.ar\/2021\/#\/schema\/person\/ad82545263dcc5ec0996818884fd5fb1"},"breadcrumb":{"@id":"https:\/\/www.noticiasradioreflejos.com.ar\/2021\/automoto-tiene-nuevas-autoridades\/#breadcrumb"},"inLanguage":"es","potentialAction":[{"@type":"ReadAction","target":["https:\/\/www.noticiasradioreflejos.com.ar\/2021\/automoto-tiene-nuevas-autoridades\/"]}]},{"@type":"BreadcrumbList","@id":"https:\/\/www.noticiasradioreflejos.com.ar\/2021\/automoto-tiene-nuevas-autoridades\/#breadcrumb","itemListElement":[{"@type":"ListItem","position":1,"name":"Portada","item":"https:\/\/www.noticiasradioreflejos.com.ar\/2021\/"},{"@type":"ListItem","position":2,"name":"Automoto tiene nuevas autoridades"}]},{"@type":"WebSite","@id":"https:\/\/www.noticiasradioreflejos.com.ar\/2021\/#website","url":"https:\/\/www.noticiasradioreflejos.com.ar\/2021\/","name":"Noticias Radio Reflejos","description":"Las noticias de mi comarca","potentialAction":[{"@type":"SearchAction","target":{"@type":"EntryPoint","urlTemplate":"https:\/\/www.noticiasradioreflejos.com.ar\/2021\/?s={search_term_string}"},"query-input":{"@type":"PropertyValueSpecification","valueRequired":true,"valueName":"search_term_string"}}],"inLanguage":"es"},{"@type":"Person","@id":"https:\/\/www.noticiasradioreflejos.com.ar\/2021\/#\/schema\/person\/ad82545263dcc5ec0996818884fd5fb1","name":"Arnaldo Botto","image":{"@type":"ImageObject","inLanguage":"es","@id":"https:\/\/www.noticiasradioreflejos.com.ar\/2021\/#\/schema\/person\/image\/","url":"https:\/\/secure.gravatar.com\/avatar\/55cb5e37c1efa326397366e6974cb338056df65cb50e7d64d1cf314e87504837?s=96&d=mm&r=g","contentUrl":"https:\/\/secure.gravatar.com\/avatar\/55cb5e37c1efa326397366e6974cb338056df65cb50e7d64d1cf314e87504837?s=96&d=mm&r=g","caption":"Arnaldo Botto"},"url":"https:\/\/www.noticiasradioreflejos.com.ar\/2021\/author\/arnaldo\/"}]}},"_links":{"self":[{"href":"https:\/\/www.noticiasradioreflejos.com.ar\/2021\/wp-json\/wp\/v2\/posts\/29349","targetHints":{"allow":["GET"]}}],"collection":[{"href":"https:\/\/www.noticiasradioreflejos.com.ar\/2021\/wp-json\/wp\/v2\/posts"}],"about":[{"href":"https:\/\/www.noticiasradioreflejos.com.ar\/2021\/wp-json\/wp\/v2\/types\/post"}],"author":[{"embeddable":true,"href":"https:\/\/www.noticiasradioreflejos.com.ar\/2021\/wp-json\/wp\/v2\/users\/3"}],"replies":[{"embeddable":true,"href":"https:\/\/www.noticiasradioreflejos.com.ar\/2021\/wp-json\/wp\/v2\/comments?post=29349"}],"version-history":[{"count":0,"href":"https:\/\/www.noticiasradioreflejos.com.ar\/2021\/wp-json\/wp\/v2\/posts\/29349\/revisions"}],"wp:attachment":[{"href":"https:\/\/www.noticiasradioreflejos.com.ar\/2021\/wp-json\/wp\/v2\/media?parent=29349"}],"wp:term":[{"taxonomy":"category","embeddable":true,"href":"https:\/\/www.noticiasradioreflejos.com.ar\/2021\/wp-json\/wp\/v2\/categories?post=29349"},{"taxonomy":"post_tag","embeddable":true,"href":"https:\/\/www.noticiasradioreflejos.com.ar\/2021\/wp-json\/wp\/v2\/tags?post=29349"}],"curies":[{"name":"wp","href":"https:\/\/api.w.org\/{rel}","templated":true}]}}