{"id":29347,"date":"2019-03-01T14:41:27","date_gmt":"2019-03-01T17:41:27","guid":{"rendered":"http:\/\/www.noticiasradioreflejos.com.ar\/noticias\/?p=29347"},"modified":"2019-03-01T14:41:27","modified_gmt":"2019-03-01T17:41:27","slug":"el-consejo-escolar-informa-a-la-comunidad-que-sesionara-el-dia-jueves-07032019","status":"publish","type":"post","link":"https:\/\/www.noticiasradioreflejos.com.ar\/2021\/el-consejo-escolar-informa-a-la-comunidad-que-sesionara-el-dia-jueves-07032019\/","title":{"rendered":"El Consejo Escolar informa a la comunidad que sesionar\u00e1 el d\u00eda Jueves 07\/03\/2019"},"content":{"rendered":"<p>Ser\u00e1 a las 9 hs. en la sede de dicho organismo.<br \/>\n ORDEN DEL D\u00cdA <!--more--><br \/>\n.-Correspondencia recibida y remitida<br \/>\nINFRAESTRUCTURA<br \/>\n&#8211;\tVisitas a escuelas.<br \/>\n&#8211;\tS\u00edntesis de obras ejecutadas y en proceso:<br \/>\n&#8211;\tEP N\u00ba 21\/EES N\u00ba 5. Inicio de Obra.<br \/>\n&#8211;\tJI N\u00ba 906: Construcci\u00f3n de sala. Proceso de licitaci\u00f3n. \/ Sistema de desag\u00fces cloacales. Avance de obra. \/ Construcci\u00f3n de dep\u00f3sito. Avance de obra.<br \/>\n&#8211;\tEEST N\u00ba 1. Recambio de cielorraso.<br \/>\n&#8211;\tUnidad acad\u00e9mica. Proyecto refacci\u00f3n  del laboratorio. Avance de obra.<br \/>\n&#8211;\tLuminarias. Segunda etapa. Listado de tareas  ejecutadas y a ejecutar. Actualizaci\u00f3n.<br \/>\n&#8211;\tEEE N\u00ba 502: Reparaci\u00f3n de cubiertas y recambio de cielorrasos. Finalizaci\u00f3n de obra.<br \/>\n&#8211;\tEP N\u00ba 1: Reparaci\u00f3n de cubiertas y recambio de cielorrasos.<br \/>\n&#8211;\tEP N\u00ba 10. Reparaci\u00f3n de cubiertas y recambio de cielorrasos. An\u00e1lisis de presupuestos.<br \/>\n&#8211;\t EP N\u00ba 24. Recambio de cielorrasos y reparaci\u00f3n de cubierta. Aprobaci\u00f3n de presupuestos.<br \/>\n&#8211;\t CEPT N\u00ba 12. Obra de gas.<br \/>\n&#8211;\tJI N\u00ba 903: Obra de gas. Avance de obra.<br \/>\n&#8211;\tEESA -Anexo 801  Villa Ventana. Recambio de cubierta del Vivero.<br \/>\n&#8211;\tJI N\u00ba 904: refacci\u00f3n instalaci\u00f3n el\u00e9ctrica.<br \/>\nTESORERIA<br \/>\n&#8211;\tAutorizaciones por Fondo Compensador.<br \/>\n&#8211;\tEstado de cuentas a la fecha.<br \/>\n&#8211;\tPago a proveedores.<br \/>\n&#8211;\tRendiciones.<br \/>\nOTROS<br \/>\n&#8211;\tExtintores.<br \/>\n&#8211;\tLimpieza de tanques y clorinadores.<br \/>\n&#8211;\tContrataci\u00f3n Agua Potable.<br \/>\n&#8211;\tResumen viaje a La Plata.<br \/>\n&#8211;\tPartida de Desinfecci\u00f3n, desratizaci\u00f3n y desinsectaci\u00f3n<\/p>\n","protected":false},"excerpt":{"rendered":"<p>Ser\u00e1 a las 9 hs. en la sede de dicho organismo. ORDEN DEL D\u00cdA<\/p>\n","protected":false},"author":3,"featured_media":0,"comment_status":"closed","ping_status":"open","sticky":false,"template":"","format":"standard","meta":{"footnotes":""},"categories":[34],"tags":[],"class_list":["post-29347","post","type-post","status-publish","format-standard","hentry","category-educacion"],"yoast_head":"<!-- This site is optimized with the Yoast SEO plugin v25.9 - https:\/\/yoast.com\/wordpress\/plugins\/seo\/ -->\n<title>El Consejo Escolar informa a la comunidad que sesionar\u00e1 el d\u00eda Jueves 07\/03\/2019 - Noticias Radio Reflejos<\/title>\n<meta name=\"robots\" content=\"index, follow, max-snippet:-1, max-image-preview:large, max-video-preview:-1\" \/>\n<link rel=\"canonical\" href=\"https:\/\/www.noticiasradioreflejos.com.ar\/2021\/el-consejo-escolar-informa-a-la-comunidad-que-sesionara-el-dia-jueves-07032019\/\" \/>\n<meta property=\"og:locale\" content=\"es_ES\" \/>\n<meta property=\"og:type\" content=\"article\" \/>\n<meta property=\"og:title\" content=\"El Consejo Escolar informa a la comunidad que sesionar\u00e1 el d\u00eda Jueves 07\/03\/2019 - Noticias Radio Reflejos\" \/>\n<meta property=\"og:description\" content=\"Ser\u00e1 a las 9 hs. en la sede de dicho organismo. ORDEN DEL D\u00cdA\" \/>\n<meta property=\"og:url\" content=\"https:\/\/www.noticiasradioreflejos.com.ar\/2021\/el-consejo-escolar-informa-a-la-comunidad-que-sesionara-el-dia-jueves-07032019\/\" \/>\n<meta property=\"og:site_name\" content=\"Noticias Radio Reflejos\" \/>\n<meta property=\"article:published_time\" content=\"2019-03-01T17:41:27+00:00\" \/>\n<meta property=\"og:image\" content=\"https:\/\/www.noticiasradioreflejos.com.ar\/2021\/wp-content\/uploads\/2021\/07\/logosol300x200.png\" \/>\n\t<meta property=\"og:image:width\" content=\"300\" \/>\n\t<meta property=\"og:image:height\" content=\"200\" \/>\n\t<meta property=\"og:image:type\" content=\"image\/png\" \/>\n<meta name=\"author\" content=\"Arnaldo Botto\" \/>\n<meta name=\"twitter:card\" content=\"summary_large_image\" \/>\n<script type=\"application\/ld+json\" class=\"yoast-schema-graph\">{\"@context\":\"https:\/\/schema.org\",\"@graph\":[{\"@type\":\"WebPage\",\"@id\":\"https:\/\/www.noticiasradioreflejos.com.ar\/2021\/el-consejo-escolar-informa-a-la-comunidad-que-sesionara-el-dia-jueves-07032019\/\",\"url\":\"https:\/\/www.noticiasradioreflejos.com.ar\/2021\/el-consejo-escolar-informa-a-la-comunidad-que-sesionara-el-dia-jueves-07032019\/\",\"name\":\"El Consejo Escolar informa a la comunidad que sesionar\u00e1 el d\u00eda Jueves 07\/03\/2019 - Noticias Radio Reflejos\",\"isPartOf\":{\"@id\":\"https:\/\/www.noticiasradioreflejos.com.ar\/2021\/#website\"},\"datePublished\":\"2019-03-01T17:41:27+00:00\",\"author\":{\"@id\":\"https:\/\/www.noticiasradioreflejos.com.ar\/2021\/#\/schema\/person\/ad82545263dcc5ec0996818884fd5fb1\"},\"breadcrumb\":{\"@id\":\"https:\/\/www.noticiasradioreflejos.com.ar\/2021\/el-consejo-escolar-informa-a-la-comunidad-que-sesionara-el-dia-jueves-07032019\/#breadcrumb\"},\"inLanguage\":\"es\",\"potentialAction\":[{\"@type\":\"ReadAction\",\"target\":[\"https:\/\/www.noticiasradioreflejos.com.ar\/2021\/el-consejo-escolar-informa-a-la-comunidad-que-sesionara-el-dia-jueves-07032019\/\"]}]},{\"@type\":\"BreadcrumbList\",\"@id\":\"https:\/\/www.noticiasradioreflejos.com.ar\/2021\/el-consejo-escolar-informa-a-la-comunidad-que-sesionara-el-dia-jueves-07032019\/#breadcrumb\",\"itemListElement\":[{\"@type\":\"ListItem\",\"position\":1,\"name\":\"Portada\",\"item\":\"https:\/\/www.noticiasradioreflejos.com.ar\/2021\/\"},{\"@type\":\"ListItem\",\"position\":2,\"name\":\"El Consejo Escolar informa a la comunidad que sesionar\u00e1 el d\u00eda Jueves 07\/03\/2019\"}]},{\"@type\":\"WebSite\",\"@id\":\"https:\/\/www.noticiasradioreflejos.com.ar\/2021\/#website\",\"url\":\"https:\/\/www.noticiasradioreflejos.com.ar\/2021\/\",\"name\":\"Noticias Radio Reflejos\",\"description\":\"Las noticias de mi comarca\",\"potentialAction\":[{\"@type\":\"SearchAction\",\"target\":{\"@type\":\"EntryPoint\",\"urlTemplate\":\"https:\/\/www.noticiasradioreflejos.com.ar\/2021\/?s={search_term_string}\"},\"query-input\":{\"@type\":\"PropertyValueSpecification\",\"valueRequired\":true,\"valueName\":\"search_term_string\"}}],\"inLanguage\":\"es\"},{\"@type\":\"Person\",\"@id\":\"https:\/\/www.noticiasradioreflejos.com.ar\/2021\/#\/schema\/person\/ad82545263dcc5ec0996818884fd5fb1\",\"name\":\"Arnaldo Botto\",\"image\":{\"@type\":\"ImageObject\",\"inLanguage\":\"es\",\"@id\":\"https:\/\/www.noticiasradioreflejos.com.ar\/2021\/#\/schema\/person\/image\/\",\"url\":\"https:\/\/secure.gravatar.com\/avatar\/55cb5e37c1efa326397366e6974cb338056df65cb50e7d64d1cf314e87504837?s=96&d=mm&r=g\",\"contentUrl\":\"https:\/\/secure.gravatar.com\/avatar\/55cb5e37c1efa326397366e6974cb338056df65cb50e7d64d1cf314e87504837?s=96&d=mm&r=g\",\"caption\":\"Arnaldo Botto\"},\"url\":\"https:\/\/www.noticiasradioreflejos.com.ar\/2021\/author\/arnaldo\/\"}]}<\/script>\n<!-- \/ Yoast SEO plugin. -->","yoast_head_json":{"title":"El Consejo Escolar informa a la comunidad que sesionar\u00e1 el d\u00eda Jueves 07\/03\/2019 - Noticias Radio Reflejos","robots":{"index":"index","follow":"follow","max-snippet":"max-snippet:-1","max-image-preview":"max-image-preview:large","max-video-preview":"max-video-preview:-1"},"canonical":"https:\/\/www.noticiasradioreflejos.com.ar\/2021\/el-consejo-escolar-informa-a-la-comunidad-que-sesionara-el-dia-jueves-07032019\/","og_locale":"es_ES","og_type":"article","og_title":"El Consejo Escolar informa a la comunidad que sesionar\u00e1 el d\u00eda Jueves 07\/03\/2019 - Noticias Radio Reflejos","og_description":"Ser\u00e1 a las 9 hs. en la sede de dicho organismo. ORDEN DEL D\u00cdA","og_url":"https:\/\/www.noticiasradioreflejos.com.ar\/2021\/el-consejo-escolar-informa-a-la-comunidad-que-sesionara-el-dia-jueves-07032019\/","og_site_name":"Noticias Radio Reflejos","article_published_time":"2019-03-01T17:41:27+00:00","og_image":[{"width":300,"height":200,"url":"https:\/\/www.noticiasradioreflejos.com.ar\/2021\/wp-content\/uploads\/2021\/07\/logosol300x200.png","type":"image\/png"}],"author":"Arnaldo Botto","twitter_card":"summary_large_image","schema":{"@context":"https:\/\/schema.org","@graph":[{"@type":"WebPage","@id":"https:\/\/www.noticiasradioreflejos.com.ar\/2021\/el-consejo-escolar-informa-a-la-comunidad-que-sesionara-el-dia-jueves-07032019\/","url":"https:\/\/www.noticiasradioreflejos.com.ar\/2021\/el-consejo-escolar-informa-a-la-comunidad-que-sesionara-el-dia-jueves-07032019\/","name":"El Consejo Escolar informa a la comunidad que sesionar\u00e1 el d\u00eda Jueves 07\/03\/2019 - Noticias Radio Reflejos","isPartOf":{"@id":"https:\/\/www.noticiasradioreflejos.com.ar\/2021\/#website"},"datePublished":"2019-03-01T17:41:27+00:00","author":{"@id":"https:\/\/www.noticiasradioreflejos.com.ar\/2021\/#\/schema\/person\/ad82545263dcc5ec0996818884fd5fb1"},"breadcrumb":{"@id":"https:\/\/www.noticiasradioreflejos.com.ar\/2021\/el-consejo-escolar-informa-a-la-comunidad-que-sesionara-el-dia-jueves-07032019\/#breadcrumb"},"inLanguage":"es","potentialAction":[{"@type":"ReadAction","target":["https:\/\/www.noticiasradioreflejos.com.ar\/2021\/el-consejo-escolar-informa-a-la-comunidad-que-sesionara-el-dia-jueves-07032019\/"]}]},{"@type":"BreadcrumbList","@id":"https:\/\/www.noticiasradioreflejos.com.ar\/2021\/el-consejo-escolar-informa-a-la-comunidad-que-sesionara-el-dia-jueves-07032019\/#breadcrumb","itemListElement":[{"@type":"ListItem","position":1,"name":"Portada","item":"https:\/\/www.noticiasradioreflejos.com.ar\/2021\/"},{"@type":"ListItem","position":2,"name":"El Consejo Escolar informa a la comunidad que sesionar\u00e1 el d\u00eda Jueves 07\/03\/2019"}]},{"@type":"WebSite","@id":"https:\/\/www.noticiasradioreflejos.com.ar\/2021\/#website","url":"https:\/\/www.noticiasradioreflejos.com.ar\/2021\/","name":"Noticias Radio Reflejos","description":"Las noticias de mi comarca","potentialAction":[{"@type":"SearchAction","target":{"@type":"EntryPoint","urlTemplate":"https:\/\/www.noticiasradioreflejos.com.ar\/2021\/?s={search_term_string}"},"query-input":{"@type":"PropertyValueSpecification","valueRequired":true,"valueName":"search_term_string"}}],"inLanguage":"es"},{"@type":"Person","@id":"https:\/\/www.noticiasradioreflejos.com.ar\/2021\/#\/schema\/person\/ad82545263dcc5ec0996818884fd5fb1","name":"Arnaldo Botto","image":{"@type":"ImageObject","inLanguage":"es","@id":"https:\/\/www.noticiasradioreflejos.com.ar\/2021\/#\/schema\/person\/image\/","url":"https:\/\/secure.gravatar.com\/avatar\/55cb5e37c1efa326397366e6974cb338056df65cb50e7d64d1cf314e87504837?s=96&d=mm&r=g","contentUrl":"https:\/\/secure.gravatar.com\/avatar\/55cb5e37c1efa326397366e6974cb338056df65cb50e7d64d1cf314e87504837?s=96&d=mm&r=g","caption":"Arnaldo Botto"},"url":"https:\/\/www.noticiasradioreflejos.com.ar\/2021\/author\/arnaldo\/"}]}},"_links":{"self":[{"href":"https:\/\/www.noticiasradioreflejos.com.ar\/2021\/wp-json\/wp\/v2\/posts\/29347","targetHints":{"allow":["GET"]}}],"collection":[{"href":"https:\/\/www.noticiasradioreflejos.com.ar\/2021\/wp-json\/wp\/v2\/posts"}],"about":[{"href":"https:\/\/www.noticiasradioreflejos.com.ar\/2021\/wp-json\/wp\/v2\/types\/post"}],"author":[{"embeddable":true,"href":"https:\/\/www.noticiasradioreflejos.com.ar\/2021\/wp-json\/wp\/v2\/users\/3"}],"replies":[{"embeddable":true,"href":"https:\/\/www.noticiasradioreflejos.com.ar\/2021\/wp-json\/wp\/v2\/comments?post=29347"}],"version-history":[{"count":0,"href":"https:\/\/www.noticiasradioreflejos.com.ar\/2021\/wp-json\/wp\/v2\/posts\/29347\/revisions"}],"wp:attachment":[{"href":"https:\/\/www.noticiasradioreflejos.com.ar\/2021\/wp-json\/wp\/v2\/media?parent=29347"}],"wp:term":[{"taxonomy":"category","embeddable":true,"href":"https:\/\/www.noticiasradioreflejos.com.ar\/2021\/wp-json\/wp\/v2\/categories?post=29347"},{"taxonomy":"post_tag","embeddable":true,"href":"https:\/\/www.noticiasradioreflejos.com.ar\/2021\/wp-json\/wp\/v2\/tags?post=29347"}],"curies":[{"name":"wp","href":"https:\/\/api.w.org\/{rel}","templated":true}]}}