{"id":29345,"date":"2019-03-01T12:37:19","date_gmt":"2019-03-01T15:37:19","guid":{"rendered":"http:\/\/www.noticiasradioreflejos.com.ar\/noticias\/?p=29345"},"modified":"2019-03-01T12:37:19","modified_gmt":"2019-03-01T15:37:19","slug":"pedido-a-los-prestadores-de-alojamientos-de-la-comarca-sierras-de-la-ventana","status":"publish","type":"post","link":"https:\/\/www.noticiasradioreflejos.com.ar\/2021\/pedido-a-los-prestadores-de-alojamientos-de-la-comarca-sierras-de-la-ventana\/","title":{"rendered":"Pedido a los Prestadores de alojamientos de la Comarca Sierras de la Ventana"},"content":{"rendered":"<p>La Secretar\u00eda de Turismo, ante las constantes consultas recibidas acerca de la disponibilidad de hospedajes para este fin de semana de Carnavales, solicita a los prestadores de alojamientos de la Comarca Sierras de la Ventana, que brinden dicha informaci\u00f3n a las Oficinas de Informes Tur\u00edsticos de la Comarca.<!--more--><br \/>\nEs importante para nuestro destino poder dar respuestas a quienes nos eligen, esta es una de las maneras de garantizar calidad a los turistas.<br \/>\nA continuaci\u00f3n detallamos las v\u00edas de contacto de las  Oficinas de Informes Tur\u00edsticos del distrito para facilitar la comunicaci\u00f3n:<br \/>\nSALDUNGARAY<br \/>\nTel.: 0291- 154607675<br \/>\nturismosaldungaray@hotmail.com<br \/>\nSIERRA DE LA VENTANA<br \/>\nTel.: 0291- 4915303<br \/>\ndirturismosierraventana@yahoo.com.ar<br \/>\nTORNQUIST<br \/>\nTel.: 0291- 4940081<br \/>\nturismotornquist@hotmail.com<br \/>\nVILLA VENTANA<br \/>\nTel.: 0291- 4910095<br \/>\nturismovillaventana@hotmail.com<\/p>\n","protected":false},"excerpt":{"rendered":"<p>La Secretar\u00eda de Turismo, ante las constantes consultas recibidas acerca de la disponibilidad de hospedajes para este fin de semana de Carnavales, solicita a los prestadores de alojamientos de la Comarca Sierras de la Ventana, que brinden dicha informaci\u00f3n a las Oficinas de Informes Tur\u00edsticos de la Comarca.<\/p>\n","protected":false},"author":3,"featured_media":9152,"comment_status":"closed","ping_status":"open","sticky":false,"template":"","format":"standard","meta":{"footnotes":""},"categories":[33],"tags":[],"class_list":["post-29345","post","type-post","status-publish","format-standard","has-post-thumbnail","hentry","category-turismo"],"yoast_head":"<!-- This site is optimized with the Yoast SEO plugin v25.9 - https:\/\/yoast.com\/wordpress\/plugins\/seo\/ -->\n<title>Pedido a los Prestadores de alojamientos de la Comarca Sierras de la Ventana - Noticias Radio Reflejos<\/title>\n<meta name=\"robots\" content=\"index, follow, max-snippet:-1, max-image-preview:large, max-video-preview:-1\" \/>\n<link rel=\"canonical\" href=\"https:\/\/www.noticiasradioreflejos.com.ar\/2021\/pedido-a-los-prestadores-de-alojamientos-de-la-comarca-sierras-de-la-ventana\/\" \/>\n<meta property=\"og:locale\" content=\"es_ES\" \/>\n<meta property=\"og:type\" content=\"article\" \/>\n<meta property=\"og:title\" content=\"Pedido a los Prestadores de alojamientos de la Comarca Sierras de la Ventana - Noticias Radio Reflejos\" \/>\n<meta property=\"og:description\" content=\"La Secretar\u00eda de Turismo, ante las constantes consultas recibidas acerca de la disponibilidad de hospedajes para este fin de semana de Carnavales, solicita a los prestadores de alojamientos de la Comarca Sierras de la Ventana, que brinden dicha informaci\u00f3n a las Oficinas de Informes Tur\u00edsticos de la Comarca.\" \/>\n<meta property=\"og:url\" content=\"https:\/\/www.noticiasradioreflejos.com.ar\/2021\/pedido-a-los-prestadores-de-alojamientos-de-la-comarca-sierras-de-la-ventana\/\" \/>\n<meta property=\"og:site_name\" content=\"Noticias Radio Reflejos\" \/>\n<meta property=\"article:published_time\" content=\"2019-03-01T15:37:19+00:00\" \/>\n<meta property=\"og:image\" content=\"https:\/\/www.noticiasradioreflejos.com.ar\/2021\/wp-content\/uploads\/2017\/04\/IMG_20170414_161600021-2.jpg\" \/>\n\t<meta property=\"og:image:width\" content=\"1024\" \/>\n\t<meta property=\"og:image:height\" content=\"768\" \/>\n\t<meta property=\"og:image:type\" content=\"image\/jpeg\" \/>\n<meta name=\"author\" content=\"Arnaldo Botto\" \/>\n<meta name=\"twitter:card\" content=\"summary_large_image\" \/>\n<script type=\"application\/ld+json\" class=\"yoast-schema-graph\">{\"@context\":\"https:\/\/schema.org\",\"@graph\":[{\"@type\":\"WebPage\",\"@id\":\"https:\/\/www.noticiasradioreflejos.com.ar\/2021\/pedido-a-los-prestadores-de-alojamientos-de-la-comarca-sierras-de-la-ventana\/\",\"url\":\"https:\/\/www.noticiasradioreflejos.com.ar\/2021\/pedido-a-los-prestadores-de-alojamientos-de-la-comarca-sierras-de-la-ventana\/\",\"name\":\"Pedido a los Prestadores de alojamientos de la Comarca Sierras de la Ventana - Noticias Radio Reflejos\",\"isPartOf\":{\"@id\":\"https:\/\/www.noticiasradioreflejos.com.ar\/2021\/#website\"},\"primaryImageOfPage\":{\"@id\":\"https:\/\/www.noticiasradioreflejos.com.ar\/2021\/pedido-a-los-prestadores-de-alojamientos-de-la-comarca-sierras-de-la-ventana\/#primaryimage\"},\"image\":{\"@id\":\"https:\/\/www.noticiasradioreflejos.com.ar\/2021\/pedido-a-los-prestadores-de-alojamientos-de-la-comarca-sierras-de-la-ventana\/#primaryimage\"},\"thumbnailUrl\":\"https:\/\/www.noticiasradioreflejos.com.ar\/2021\/wp-content\/uploads\/2017\/04\/IMG_20170414_161600021-2.jpg\",\"datePublished\":\"2019-03-01T15:37:19+00:00\",\"author\":{\"@id\":\"https:\/\/www.noticiasradioreflejos.com.ar\/2021\/#\/schema\/person\/ad82545263dcc5ec0996818884fd5fb1\"},\"breadcrumb\":{\"@id\":\"https:\/\/www.noticiasradioreflejos.com.ar\/2021\/pedido-a-los-prestadores-de-alojamientos-de-la-comarca-sierras-de-la-ventana\/#breadcrumb\"},\"inLanguage\":\"es\",\"potentialAction\":[{\"@type\":\"ReadAction\",\"target\":[\"https:\/\/www.noticiasradioreflejos.com.ar\/2021\/pedido-a-los-prestadores-de-alojamientos-de-la-comarca-sierras-de-la-ventana\/\"]}]},{\"@type\":\"ImageObject\",\"inLanguage\":\"es\",\"@id\":\"https:\/\/www.noticiasradioreflejos.com.ar\/2021\/pedido-a-los-prestadores-de-alojamientos-de-la-comarca-sierras-de-la-ventana\/#primaryimage\",\"url\":\"https:\/\/www.noticiasradioreflejos.com.ar\/2021\/wp-content\/uploads\/2017\/04\/IMG_20170414_161600021-2.jpg\",\"contentUrl\":\"https:\/\/www.noticiasradioreflejos.com.ar\/2021\/wp-content\/uploads\/2017\/04\/IMG_20170414_161600021-2.jpg\",\"width\":1024,\"height\":768},{\"@type\":\"BreadcrumbList\",\"@id\":\"https:\/\/www.noticiasradioreflejos.com.ar\/2021\/pedido-a-los-prestadores-de-alojamientos-de-la-comarca-sierras-de-la-ventana\/#breadcrumb\",\"itemListElement\":[{\"@type\":\"ListItem\",\"position\":1,\"name\":\"Portada\",\"item\":\"https:\/\/www.noticiasradioreflejos.com.ar\/2021\/\"},{\"@type\":\"ListItem\",\"position\":2,\"name\":\"Pedido a los Prestadores de alojamientos de la Comarca Sierras de la Ventana\"}]},{\"@type\":\"WebSite\",\"@id\":\"https:\/\/www.noticiasradioreflejos.com.ar\/2021\/#website\",\"url\":\"https:\/\/www.noticiasradioreflejos.com.ar\/2021\/\",\"name\":\"Noticias Radio Reflejos\",\"description\":\"Las noticias de mi comarca\",\"potentialAction\":[{\"@type\":\"SearchAction\",\"target\":{\"@type\":\"EntryPoint\",\"urlTemplate\":\"https:\/\/www.noticiasradioreflejos.com.ar\/2021\/?s={search_term_string}\"},\"query-input\":{\"@type\":\"PropertyValueSpecification\",\"valueRequired\":true,\"valueName\":\"search_term_string\"}}],\"inLanguage\":\"es\"},{\"@type\":\"Person\",\"@id\":\"https:\/\/www.noticiasradioreflejos.com.ar\/2021\/#\/schema\/person\/ad82545263dcc5ec0996818884fd5fb1\",\"name\":\"Arnaldo Botto\",\"image\":{\"@type\":\"ImageObject\",\"inLanguage\":\"es\",\"@id\":\"https:\/\/www.noticiasradioreflejos.com.ar\/2021\/#\/schema\/person\/image\/\",\"url\":\"https:\/\/secure.gravatar.com\/avatar\/55cb5e37c1efa326397366e6974cb338056df65cb50e7d64d1cf314e87504837?s=96&d=mm&r=g\",\"contentUrl\":\"https:\/\/secure.gravatar.com\/avatar\/55cb5e37c1efa326397366e6974cb338056df65cb50e7d64d1cf314e87504837?s=96&d=mm&r=g\",\"caption\":\"Arnaldo Botto\"},\"url\":\"https:\/\/www.noticiasradioreflejos.com.ar\/2021\/author\/arnaldo\/\"}]}<\/script>\n<!-- \/ Yoast SEO plugin. -->","yoast_head_json":{"title":"Pedido a los Prestadores de alojamientos de la Comarca Sierras de la Ventana - Noticias Radio Reflejos","robots":{"index":"index","follow":"follow","max-snippet":"max-snippet:-1","max-image-preview":"max-image-preview:large","max-video-preview":"max-video-preview:-1"},"canonical":"https:\/\/www.noticiasradioreflejos.com.ar\/2021\/pedido-a-los-prestadores-de-alojamientos-de-la-comarca-sierras-de-la-ventana\/","og_locale":"es_ES","og_type":"article","og_title":"Pedido a los Prestadores de alojamientos de la Comarca Sierras de la Ventana - Noticias Radio Reflejos","og_description":"La Secretar\u00eda de Turismo, ante las constantes consultas recibidas acerca de la disponibilidad de hospedajes para este fin de semana de Carnavales, solicita a los prestadores de alojamientos de la Comarca Sierras de la Ventana, que brinden dicha informaci\u00f3n a las Oficinas de Informes Tur\u00edsticos de la Comarca.","og_url":"https:\/\/www.noticiasradioreflejos.com.ar\/2021\/pedido-a-los-prestadores-de-alojamientos-de-la-comarca-sierras-de-la-ventana\/","og_site_name":"Noticias Radio Reflejos","article_published_time":"2019-03-01T15:37:19+00:00","og_image":[{"width":1024,"height":768,"url":"https:\/\/www.noticiasradioreflejos.com.ar\/2021\/wp-content\/uploads\/2017\/04\/IMG_20170414_161600021-2.jpg","type":"image\/jpeg"}],"author":"Arnaldo Botto","twitter_card":"summary_large_image","schema":{"@context":"https:\/\/schema.org","@graph":[{"@type":"WebPage","@id":"https:\/\/www.noticiasradioreflejos.com.ar\/2021\/pedido-a-los-prestadores-de-alojamientos-de-la-comarca-sierras-de-la-ventana\/","url":"https:\/\/www.noticiasradioreflejos.com.ar\/2021\/pedido-a-los-prestadores-de-alojamientos-de-la-comarca-sierras-de-la-ventana\/","name":"Pedido a los Prestadores de alojamientos de la Comarca Sierras de la Ventana - Noticias Radio Reflejos","isPartOf":{"@id":"https:\/\/www.noticiasradioreflejos.com.ar\/2021\/#website"},"primaryImageOfPage":{"@id":"https:\/\/www.noticiasradioreflejos.com.ar\/2021\/pedido-a-los-prestadores-de-alojamientos-de-la-comarca-sierras-de-la-ventana\/#primaryimage"},"image":{"@id":"https:\/\/www.noticiasradioreflejos.com.ar\/2021\/pedido-a-los-prestadores-de-alojamientos-de-la-comarca-sierras-de-la-ventana\/#primaryimage"},"thumbnailUrl":"https:\/\/www.noticiasradioreflejos.com.ar\/2021\/wp-content\/uploads\/2017\/04\/IMG_20170414_161600021-2.jpg","datePublished":"2019-03-01T15:37:19+00:00","author":{"@id":"https:\/\/www.noticiasradioreflejos.com.ar\/2021\/#\/schema\/person\/ad82545263dcc5ec0996818884fd5fb1"},"breadcrumb":{"@id":"https:\/\/www.noticiasradioreflejos.com.ar\/2021\/pedido-a-los-prestadores-de-alojamientos-de-la-comarca-sierras-de-la-ventana\/#breadcrumb"},"inLanguage":"es","potentialAction":[{"@type":"ReadAction","target":["https:\/\/www.noticiasradioreflejos.com.ar\/2021\/pedido-a-los-prestadores-de-alojamientos-de-la-comarca-sierras-de-la-ventana\/"]}]},{"@type":"ImageObject","inLanguage":"es","@id":"https:\/\/www.noticiasradioreflejos.com.ar\/2021\/pedido-a-los-prestadores-de-alojamientos-de-la-comarca-sierras-de-la-ventana\/#primaryimage","url":"https:\/\/www.noticiasradioreflejos.com.ar\/2021\/wp-content\/uploads\/2017\/04\/IMG_20170414_161600021-2.jpg","contentUrl":"https:\/\/www.noticiasradioreflejos.com.ar\/2021\/wp-content\/uploads\/2017\/04\/IMG_20170414_161600021-2.jpg","width":1024,"height":768},{"@type":"BreadcrumbList","@id":"https:\/\/www.noticiasradioreflejos.com.ar\/2021\/pedido-a-los-prestadores-de-alojamientos-de-la-comarca-sierras-de-la-ventana\/#breadcrumb","itemListElement":[{"@type":"ListItem","position":1,"name":"Portada","item":"https:\/\/www.noticiasradioreflejos.com.ar\/2021\/"},{"@type":"ListItem","position":2,"name":"Pedido a los Prestadores de alojamientos de la Comarca Sierras de la Ventana"}]},{"@type":"WebSite","@id":"https:\/\/www.noticiasradioreflejos.com.ar\/2021\/#website","url":"https:\/\/www.noticiasradioreflejos.com.ar\/2021\/","name":"Noticias Radio Reflejos","description":"Las noticias de mi comarca","potentialAction":[{"@type":"SearchAction","target":{"@type":"EntryPoint","urlTemplate":"https:\/\/www.noticiasradioreflejos.com.ar\/2021\/?s={search_term_string}"},"query-input":{"@type":"PropertyValueSpecification","valueRequired":true,"valueName":"search_term_string"}}],"inLanguage":"es"},{"@type":"Person","@id":"https:\/\/www.noticiasradioreflejos.com.ar\/2021\/#\/schema\/person\/ad82545263dcc5ec0996818884fd5fb1","name":"Arnaldo Botto","image":{"@type":"ImageObject","inLanguage":"es","@id":"https:\/\/www.noticiasradioreflejos.com.ar\/2021\/#\/schema\/person\/image\/","url":"https:\/\/secure.gravatar.com\/avatar\/55cb5e37c1efa326397366e6974cb338056df65cb50e7d64d1cf314e87504837?s=96&d=mm&r=g","contentUrl":"https:\/\/secure.gravatar.com\/avatar\/55cb5e37c1efa326397366e6974cb338056df65cb50e7d64d1cf314e87504837?s=96&d=mm&r=g","caption":"Arnaldo Botto"},"url":"https:\/\/www.noticiasradioreflejos.com.ar\/2021\/author\/arnaldo\/"}]}},"_links":{"self":[{"href":"https:\/\/www.noticiasradioreflejos.com.ar\/2021\/wp-json\/wp\/v2\/posts\/29345","targetHints":{"allow":["GET"]}}],"collection":[{"href":"https:\/\/www.noticiasradioreflejos.com.ar\/2021\/wp-json\/wp\/v2\/posts"}],"about":[{"href":"https:\/\/www.noticiasradioreflejos.com.ar\/2021\/wp-json\/wp\/v2\/types\/post"}],"author":[{"embeddable":true,"href":"https:\/\/www.noticiasradioreflejos.com.ar\/2021\/wp-json\/wp\/v2\/users\/3"}],"replies":[{"embeddable":true,"href":"https:\/\/www.noticiasradioreflejos.com.ar\/2021\/wp-json\/wp\/v2\/comments?post=29345"}],"version-history":[{"count":0,"href":"https:\/\/www.noticiasradioreflejos.com.ar\/2021\/wp-json\/wp\/v2\/posts\/29345\/revisions"}],"wp:featuredmedia":[{"embeddable":true,"href":"https:\/\/www.noticiasradioreflejos.com.ar\/2021\/wp-json\/wp\/v2\/media\/9152"}],"wp:attachment":[{"href":"https:\/\/www.noticiasradioreflejos.com.ar\/2021\/wp-json\/wp\/v2\/media?parent=29345"}],"wp:term":[{"taxonomy":"category","embeddable":true,"href":"https:\/\/www.noticiasradioreflejos.com.ar\/2021\/wp-json\/wp\/v2\/categories?post=29345"},{"taxonomy":"post_tag","embeddable":true,"href":"https:\/\/www.noticiasradioreflejos.com.ar\/2021\/wp-json\/wp\/v2\/tags?post=29345"}],"curies":[{"name":"wp","href":"https:\/\/api.w.org\/{rel}","templated":true}]}}