{"id":29339,"date":"2019-03-01T10:52:18","date_gmt":"2019-03-01T13:52:18","guid":{"rendered":"http:\/\/www.noticiasradioreflejos.com.ar\/noticias\/?p=29339"},"modified":"2019-03-01T10:52:18","modified_gmt":"2019-03-01T13:52:18","slug":"se-aproxima-la-6ta-edicion-de-la-fiesta-de-la-vendimia","status":"publish","type":"post","link":"https:\/\/www.noticiasradioreflejos.com.ar\/2021\/se-aproxima-la-6ta-edicion-de-la-fiesta-de-la-vendimia\/","title":{"rendered":"Se aproxima la 6ta edici\u00f3n de la FIESTA DE LA VENDIMIA"},"content":{"rendered":"<p><a title=\"WhatsApp Image 2019-03-01 at 10.14.05\" href=\"http:\/\/farm8.staticflickr.com\/7846\/40282101713_be487a398f.jpg\" rel=\"\"><img loading=\"lazy\" decoding=\"async\" class=\"alignleft\" style=\"float: left;\" title=\"WhatsApp Image 2019-03-01 at 10.14.05\" src=\"http:\/\/farm8.staticflickr.com\/7846\/40282101713_be487a398f.jpg\" alt=\"WhatsApp Image 2019-03-01 at 10.14.05\" width=\"351\" height=\"500\" \/><\/a>Con nuevas propuestas culturales, deportivas, gastron\u00f3micas y de turismo activo, llega una nueva edici\u00f3n de la Fiesta de Vendimia. En esta oportunidad los visitantes se sumergir\u00e1n en la impronta del terru\u00f1o a trav\u00e9s de sus sabores.<br \/>\nLa 6ta edici\u00f3n de la FIESTA DE LA VENDIMIA, tendr\u00e1 lugar en la localidad de Saldungaray, en el Predio del Ferrocarril, los d\u00edas 16 y 17 de marzo. <!--more--><br \/>\nDentro de la gran variedad de actividades tendr\u00e1n especial inter\u00e9s las bodegas y gastronom\u00eda propias.<br \/>\nDesde el \u00e1rea de Turismo te invitamos a vivir esta fiesta en donde podr\u00e1s recorrer el stand de las bodegas de la provincia, disfrutar de los patios: gastron\u00f3mico, cervecero, de artesanos y regionales. Adem\u00e1s habr\u00e1 un trailler de cocina del Ministerio de Educaci\u00f3n, en donde se podr\u00e1 degustar y aprender recetas t\u00edpicas.<br \/>\nEntre las propuestas musicales nuestra grilla incluye una gran variedad de artistas, y la presentaci\u00f3n especial del grupo KAYMANTA.<br \/>\nA continuaci\u00f3n detallamos por d\u00eda las actuaciones:<br \/>\nS\u00c1BADO 16<br \/>\n\u2022 Apertura Escuela Folkl\u00f3rica Municipal<br \/>\n\u2022 APARCEROS<br \/>\n\u2022 EMILCE<br \/>\n\u2022 LOS MOSQUITOS<br \/>\n\u2022 VOCAL SHOW<br \/>\n\u2022 PE\u00d1A HUINCA MALAL<br \/>\n\u2022 KAYMANTA<br \/>\n\u2022 LOS REBELDES<br \/>\nDOMINGO 17<br \/>\n\u2022 MAYRA ESQUIVEL ( Espect\u00e1culo Infantil con M\u00fasica de Disney);<br \/>\n\u2022 MARA<br \/>\n\u2022 Duo Aguado Paredes<br \/>\n\u2022 Escuela Folkl\u00f3rica Municipal<br \/>\n\u2022 LA OTRA PARTE<br \/>\n\u2022 FABIO GONZ\u00c1LEZ<\/p>\n","protected":false},"excerpt":{"rendered":"<p>Con nuevas propuestas culturales, deportivas, gastron\u00f3micas y de turismo activo, llega una nueva edici\u00f3n de la Fiesta de Vendimia. En esta oportunidad los visitantes se sumergir\u00e1n en la impronta del terru\u00f1o a trav\u00e9s de sus sabores. La 6ta edici\u00f3n de la FIESTA DE LA VENDIMIA, tendr\u00e1 lugar en la localidad de Saldungaray, en el Predio [&hellip;]<\/p>\n","protected":false},"author":3,"featured_media":0,"comment_status":"closed","ping_status":"open","sticky":false,"template":"","format":"standard","meta":{"footnotes":""},"categories":[33],"tags":[],"class_list":["post-29339","post","type-post","status-publish","format-standard","hentry","category-turismo"],"yoast_head":"<!-- This site is optimized with the Yoast SEO plugin v25.9 - https:\/\/yoast.com\/wordpress\/plugins\/seo\/ -->\n<title>Se aproxima la 6ta edici\u00f3n de la FIESTA DE LA VENDIMIA - Noticias Radio Reflejos<\/title>\n<meta name=\"robots\" content=\"index, follow, max-snippet:-1, max-image-preview:large, max-video-preview:-1\" \/>\n<link rel=\"canonical\" href=\"https:\/\/www.noticiasradioreflejos.com.ar\/2021\/se-aproxima-la-6ta-edicion-de-la-fiesta-de-la-vendimia\/\" \/>\n<meta property=\"og:locale\" content=\"es_ES\" \/>\n<meta property=\"og:type\" content=\"article\" \/>\n<meta property=\"og:title\" content=\"Se aproxima la 6ta edici\u00f3n de la FIESTA DE LA VENDIMIA - Noticias Radio Reflejos\" \/>\n<meta property=\"og:description\" content=\"Con nuevas propuestas culturales, deportivas, gastron\u00f3micas y de turismo activo, llega una nueva edici\u00f3n de la Fiesta de Vendimia. En esta oportunidad los visitantes se sumergir\u00e1n en la impronta del terru\u00f1o a trav\u00e9s de sus sabores. La 6ta edici\u00f3n de la FIESTA DE LA VENDIMIA, tendr\u00e1 lugar en la localidad de Saldungaray, en el Predio [&hellip;]\" \/>\n<meta property=\"og:url\" content=\"https:\/\/www.noticiasradioreflejos.com.ar\/2021\/se-aproxima-la-6ta-edicion-de-la-fiesta-de-la-vendimia\/\" \/>\n<meta property=\"og:site_name\" content=\"Noticias Radio Reflejos\" \/>\n<meta property=\"article:published_time\" content=\"2019-03-01T13:52:18+00:00\" \/>\n<meta property=\"og:image\" content=\"http:\/\/farm8.staticflickr.com\/7846\/40282101713_be487a398f.jpg\" \/>\n<meta name=\"author\" content=\"Arnaldo Botto\" \/>\n<meta name=\"twitter:card\" content=\"summary_large_image\" \/>\n<script type=\"application\/ld+json\" class=\"yoast-schema-graph\">{\"@context\":\"https:\/\/schema.org\",\"@graph\":[{\"@type\":\"WebPage\",\"@id\":\"https:\/\/www.noticiasradioreflejos.com.ar\/2021\/se-aproxima-la-6ta-edicion-de-la-fiesta-de-la-vendimia\/\",\"url\":\"https:\/\/www.noticiasradioreflejos.com.ar\/2021\/se-aproxima-la-6ta-edicion-de-la-fiesta-de-la-vendimia\/\",\"name\":\"Se aproxima la 6ta edici\u00f3n de la FIESTA DE LA VENDIMIA - Noticias Radio Reflejos\",\"isPartOf\":{\"@id\":\"https:\/\/www.noticiasradioreflejos.com.ar\/2021\/#website\"},\"primaryImageOfPage\":{\"@id\":\"https:\/\/www.noticiasradioreflejos.com.ar\/2021\/se-aproxima-la-6ta-edicion-de-la-fiesta-de-la-vendimia\/#primaryimage\"},\"image\":{\"@id\":\"https:\/\/www.noticiasradioreflejos.com.ar\/2021\/se-aproxima-la-6ta-edicion-de-la-fiesta-de-la-vendimia\/#primaryimage\"},\"thumbnailUrl\":\"http:\/\/farm8.staticflickr.com\/7846\/40282101713_be487a398f.jpg\",\"datePublished\":\"2019-03-01T13:52:18+00:00\",\"author\":{\"@id\":\"https:\/\/www.noticiasradioreflejos.com.ar\/2021\/#\/schema\/person\/ad82545263dcc5ec0996818884fd5fb1\"},\"breadcrumb\":{\"@id\":\"https:\/\/www.noticiasradioreflejos.com.ar\/2021\/se-aproxima-la-6ta-edicion-de-la-fiesta-de-la-vendimia\/#breadcrumb\"},\"inLanguage\":\"es\",\"potentialAction\":[{\"@type\":\"ReadAction\",\"target\":[\"https:\/\/www.noticiasradioreflejos.com.ar\/2021\/se-aproxima-la-6ta-edicion-de-la-fiesta-de-la-vendimia\/\"]}]},{\"@type\":\"ImageObject\",\"inLanguage\":\"es\",\"@id\":\"https:\/\/www.noticiasradioreflejos.com.ar\/2021\/se-aproxima-la-6ta-edicion-de-la-fiesta-de-la-vendimia\/#primaryimage\",\"url\":\"http:\/\/farm8.staticflickr.com\/7846\/40282101713_be487a398f.jpg\",\"contentUrl\":\"http:\/\/farm8.staticflickr.com\/7846\/40282101713_be487a398f.jpg\"},{\"@type\":\"BreadcrumbList\",\"@id\":\"https:\/\/www.noticiasradioreflejos.com.ar\/2021\/se-aproxima-la-6ta-edicion-de-la-fiesta-de-la-vendimia\/#breadcrumb\",\"itemListElement\":[{\"@type\":\"ListItem\",\"position\":1,\"name\":\"Portada\",\"item\":\"https:\/\/www.noticiasradioreflejos.com.ar\/2021\/\"},{\"@type\":\"ListItem\",\"position\":2,\"name\":\"Se aproxima la 6ta edici\u00f3n de la FIESTA DE LA VENDIMIA\"}]},{\"@type\":\"WebSite\",\"@id\":\"https:\/\/www.noticiasradioreflejos.com.ar\/2021\/#website\",\"url\":\"https:\/\/www.noticiasradioreflejos.com.ar\/2021\/\",\"name\":\"Noticias Radio Reflejos\",\"description\":\"Las noticias de mi comarca\",\"potentialAction\":[{\"@type\":\"SearchAction\",\"target\":{\"@type\":\"EntryPoint\",\"urlTemplate\":\"https:\/\/www.noticiasradioreflejos.com.ar\/2021\/?s={search_term_string}\"},\"query-input\":{\"@type\":\"PropertyValueSpecification\",\"valueRequired\":true,\"valueName\":\"search_term_string\"}}],\"inLanguage\":\"es\"},{\"@type\":\"Person\",\"@id\":\"https:\/\/www.noticiasradioreflejos.com.ar\/2021\/#\/schema\/person\/ad82545263dcc5ec0996818884fd5fb1\",\"name\":\"Arnaldo Botto\",\"image\":{\"@type\":\"ImageObject\",\"inLanguage\":\"es\",\"@id\":\"https:\/\/www.noticiasradioreflejos.com.ar\/2021\/#\/schema\/person\/image\/\",\"url\":\"https:\/\/secure.gravatar.com\/avatar\/55cb5e37c1efa326397366e6974cb338056df65cb50e7d64d1cf314e87504837?s=96&d=mm&r=g\",\"contentUrl\":\"https:\/\/secure.gravatar.com\/avatar\/55cb5e37c1efa326397366e6974cb338056df65cb50e7d64d1cf314e87504837?s=96&d=mm&r=g\",\"caption\":\"Arnaldo Botto\"},\"url\":\"https:\/\/www.noticiasradioreflejos.com.ar\/2021\/author\/arnaldo\/\"}]}<\/script>\n<!-- \/ Yoast SEO plugin. -->","yoast_head_json":{"title":"Se aproxima la 6ta edici\u00f3n de la FIESTA DE LA VENDIMIA - Noticias Radio Reflejos","robots":{"index":"index","follow":"follow","max-snippet":"max-snippet:-1","max-image-preview":"max-image-preview:large","max-video-preview":"max-video-preview:-1"},"canonical":"https:\/\/www.noticiasradioreflejos.com.ar\/2021\/se-aproxima-la-6ta-edicion-de-la-fiesta-de-la-vendimia\/","og_locale":"es_ES","og_type":"article","og_title":"Se aproxima la 6ta edici\u00f3n de la FIESTA DE LA VENDIMIA - Noticias Radio Reflejos","og_description":"Con nuevas propuestas culturales, deportivas, gastron\u00f3micas y de turismo activo, llega una nueva edici\u00f3n de la Fiesta de Vendimia. En esta oportunidad los visitantes se sumergir\u00e1n en la impronta del terru\u00f1o a trav\u00e9s de sus sabores. La 6ta edici\u00f3n de la FIESTA DE LA VENDIMIA, tendr\u00e1 lugar en la localidad de Saldungaray, en el Predio [&hellip;]","og_url":"https:\/\/www.noticiasradioreflejos.com.ar\/2021\/se-aproxima-la-6ta-edicion-de-la-fiesta-de-la-vendimia\/","og_site_name":"Noticias Radio Reflejos","article_published_time":"2019-03-01T13:52:18+00:00","og_image":[{"url":"http:\/\/farm8.staticflickr.com\/7846\/40282101713_be487a398f.jpg","type":"","width":"","height":""}],"author":"Arnaldo Botto","twitter_card":"summary_large_image","schema":{"@context":"https:\/\/schema.org","@graph":[{"@type":"WebPage","@id":"https:\/\/www.noticiasradioreflejos.com.ar\/2021\/se-aproxima-la-6ta-edicion-de-la-fiesta-de-la-vendimia\/","url":"https:\/\/www.noticiasradioreflejos.com.ar\/2021\/se-aproxima-la-6ta-edicion-de-la-fiesta-de-la-vendimia\/","name":"Se aproxima la 6ta edici\u00f3n de la FIESTA DE LA VENDIMIA - Noticias Radio Reflejos","isPartOf":{"@id":"https:\/\/www.noticiasradioreflejos.com.ar\/2021\/#website"},"primaryImageOfPage":{"@id":"https:\/\/www.noticiasradioreflejos.com.ar\/2021\/se-aproxima-la-6ta-edicion-de-la-fiesta-de-la-vendimia\/#primaryimage"},"image":{"@id":"https:\/\/www.noticiasradioreflejos.com.ar\/2021\/se-aproxima-la-6ta-edicion-de-la-fiesta-de-la-vendimia\/#primaryimage"},"thumbnailUrl":"http:\/\/farm8.staticflickr.com\/7846\/40282101713_be487a398f.jpg","datePublished":"2019-03-01T13:52:18+00:00","author":{"@id":"https:\/\/www.noticiasradioreflejos.com.ar\/2021\/#\/schema\/person\/ad82545263dcc5ec0996818884fd5fb1"},"breadcrumb":{"@id":"https:\/\/www.noticiasradioreflejos.com.ar\/2021\/se-aproxima-la-6ta-edicion-de-la-fiesta-de-la-vendimia\/#breadcrumb"},"inLanguage":"es","potentialAction":[{"@type":"ReadAction","target":["https:\/\/www.noticiasradioreflejos.com.ar\/2021\/se-aproxima-la-6ta-edicion-de-la-fiesta-de-la-vendimia\/"]}]},{"@type":"ImageObject","inLanguage":"es","@id":"https:\/\/www.noticiasradioreflejos.com.ar\/2021\/se-aproxima-la-6ta-edicion-de-la-fiesta-de-la-vendimia\/#primaryimage","url":"http:\/\/farm8.staticflickr.com\/7846\/40282101713_be487a398f.jpg","contentUrl":"http:\/\/farm8.staticflickr.com\/7846\/40282101713_be487a398f.jpg"},{"@type":"BreadcrumbList","@id":"https:\/\/www.noticiasradioreflejos.com.ar\/2021\/se-aproxima-la-6ta-edicion-de-la-fiesta-de-la-vendimia\/#breadcrumb","itemListElement":[{"@type":"ListItem","position":1,"name":"Portada","item":"https:\/\/www.noticiasradioreflejos.com.ar\/2021\/"},{"@type":"ListItem","position":2,"name":"Se aproxima la 6ta edici\u00f3n de la FIESTA DE LA VENDIMIA"}]},{"@type":"WebSite","@id":"https:\/\/www.noticiasradioreflejos.com.ar\/2021\/#website","url":"https:\/\/www.noticiasradioreflejos.com.ar\/2021\/","name":"Noticias Radio Reflejos","description":"Las noticias de mi comarca","potentialAction":[{"@type":"SearchAction","target":{"@type":"EntryPoint","urlTemplate":"https:\/\/www.noticiasradioreflejos.com.ar\/2021\/?s={search_term_string}"},"query-input":{"@type":"PropertyValueSpecification","valueRequired":true,"valueName":"search_term_string"}}],"inLanguage":"es"},{"@type":"Person","@id":"https:\/\/www.noticiasradioreflejos.com.ar\/2021\/#\/schema\/person\/ad82545263dcc5ec0996818884fd5fb1","name":"Arnaldo Botto","image":{"@type":"ImageObject","inLanguage":"es","@id":"https:\/\/www.noticiasradioreflejos.com.ar\/2021\/#\/schema\/person\/image\/","url":"https:\/\/secure.gravatar.com\/avatar\/55cb5e37c1efa326397366e6974cb338056df65cb50e7d64d1cf314e87504837?s=96&d=mm&r=g","contentUrl":"https:\/\/secure.gravatar.com\/avatar\/55cb5e37c1efa326397366e6974cb338056df65cb50e7d64d1cf314e87504837?s=96&d=mm&r=g","caption":"Arnaldo Botto"},"url":"https:\/\/www.noticiasradioreflejos.com.ar\/2021\/author\/arnaldo\/"}]}},"_links":{"self":[{"href":"https:\/\/www.noticiasradioreflejos.com.ar\/2021\/wp-json\/wp\/v2\/posts\/29339","targetHints":{"allow":["GET"]}}],"collection":[{"href":"https:\/\/www.noticiasradioreflejos.com.ar\/2021\/wp-json\/wp\/v2\/posts"}],"about":[{"href":"https:\/\/www.noticiasradioreflejos.com.ar\/2021\/wp-json\/wp\/v2\/types\/post"}],"author":[{"embeddable":true,"href":"https:\/\/www.noticiasradioreflejos.com.ar\/2021\/wp-json\/wp\/v2\/users\/3"}],"replies":[{"embeddable":true,"href":"https:\/\/www.noticiasradioreflejos.com.ar\/2021\/wp-json\/wp\/v2\/comments?post=29339"}],"version-history":[{"count":0,"href":"https:\/\/www.noticiasradioreflejos.com.ar\/2021\/wp-json\/wp\/v2\/posts\/29339\/revisions"}],"wp:attachment":[{"href":"https:\/\/www.noticiasradioreflejos.com.ar\/2021\/wp-json\/wp\/v2\/media?parent=29339"}],"wp:term":[{"taxonomy":"category","embeddable":true,"href":"https:\/\/www.noticiasradioreflejos.com.ar\/2021\/wp-json\/wp\/v2\/categories?post=29339"},{"taxonomy":"post_tag","embeddable":true,"href":"https:\/\/www.noticiasradioreflejos.com.ar\/2021\/wp-json\/wp\/v2\/tags?post=29339"}],"curies":[{"name":"wp","href":"https:\/\/api.w.org\/{rel}","templated":true}]}}