{"id":29333,"date":"2019-03-01T09:53:19","date_gmt":"2019-03-01T12:53:19","guid":{"rendered":"http:\/\/www.noticiasradioreflejos.com.ar\/noticias\/?p=29333"},"modified":"2019-03-01T09:53:19","modified_gmt":"2019-03-01T12:53:19","slug":"el-intendente-municipal-abrira-las-sesiones-del-concejo-deliberante-con-importantes-anuncios","status":"publish","type":"post","link":"https:\/\/www.noticiasradioreflejos.com.ar\/2021\/el-intendente-municipal-abrira-las-sesiones-del-concejo-deliberante-con-importantes-anuncios\/","title":{"rendered":"El Intendente municipal abrir\u00e1  las sesiones del Concejo Deliberante con importantes anuncios."},"content":{"rendered":"<p>Est\u00e1 prevista para la hora 20 y se dar\u00edan a conocer anuncios importantes.<br \/>\nEsta noche a la hora 20, se llevar\u00e1 a cabo la apertura de sesiones del Honorable Concejo Deliberante.<!--more--><br \/>\nAdem\u00e1s de la distribuci\u00f3n de comisiones internas del cuerpo, se escuchar\u00e1 el balance de la gesti\u00f3n del Intendente municipal SERGIO BORDONI que brindar\u00eda adem\u00e1s importantes anuncios.<br \/>\nDECRETO N\u00ba 02\/19<br \/>\nVISTO:<br \/>\nEl d\u00eda 1 de Marzo como primer d\u00eda h\u00e1bil del mes, y;<br \/>\nCONSIDERANDO:<br \/>\nQue la Sesi\u00f3n Ordinaria Inaugural del Cuerpo Deliberativo, debe celebrarse el d\u00eda 1\u00ba de Marzo de cada a\u00f1o conforme a lo dispuesto por la Ley Org\u00e1nica de las Municipalidades en su Art\u00edculo 68\u00ba, inciso 2\u00ba y en su Art\u00edculo 76\u00ba, como asimismo en nuestro Reglamento Interno, en los art\u00edculos 6\u00ba y 30\u00ba;<br \/>\nQue adem\u00e1s de lo antes mencionado, el Cuerpo debe fijar en tal oportunidad, los d\u00edas y el horario para la realizaci\u00f3n de las Sesiones Ordinarias (Art\u00edculo 6\u00ba del Reglamento Interno);<br \/>\nPOR ELLO:<br \/>\nEL PRESIDENTE del HONORABLE CONCEJO DELIBERANTE<br \/>\nen uso de sus facultades,<br \/>\nD E C R E T A<br \/>\nARTICULO 1\u00ba: Conv\u00f3quese a los miembros que componen el Honorable Concejo Deliberante, a la Sesi\u00f3n ORDINARIA INAUGURAL del per\u00edodo 2019, la que se llevar\u00e1 a cabo el d\u00eda viernes 1 de MARZO, a la hora 20:00; en cuyo transcurso deber\u00e1 tratarse lo siguiente:<br \/>\nDeterminaci\u00f3n de los d\u00edas y el horario de las Sesiones Ordinarias, como as\u00ed tambi\u00e9n de las Reuniones de Trabajo, sin perjuicio de lo establecido en el Art\u00edculo 48\u00ba del Reglamento Interno.<br \/>\nDesignaci\u00f3n de las Comisiones Permanentes Internas de este Cuerpo Deliberativo, de conformidad con el Art\u00edculo 30\u00ba del Reglamento Interno, a saber: ECOLOGIA y MEDIO AMBIENTE, TURISMO y DESARROLLO, PRODUCCION, COMERCIO e INDUSTRIA, OBRAS PUBLICAS, PRESUPUESTO y HACIENDA, INTERPRETACION y REGLAMENTO, ASUNTOS MUNICIPALES y SALUD PUBLICA.<br \/>\nARTICULO 2\u00ba: Comun\u00edquese a los Sres. Concejales y al Departamento Ejecutivo, Publ\u00edquese, Reg\u00edstrese y Cumplido: ARCHIVESE.-<br \/>\nTornquist, 27 de febrero de 2019.<br \/>\nGerm\u00e1n de Larena Gustavo Moroncini<br \/>\nSecretario H.C.D Presidente H.C.D.<\/p>\n","protected":false},"excerpt":{"rendered":"<p>Est\u00e1 prevista para la hora 20 y se dar\u00edan a conocer anuncios importantes. Esta noche a la hora 20, se llevar\u00e1 a cabo la apertura de sesiones del Honorable Concejo Deliberante.<\/p>\n","protected":false},"author":3,"featured_media":0,"comment_status":"closed","ping_status":"open","sticky":false,"template":"","format":"standard","meta":{"footnotes":""},"categories":[28],"tags":[],"class_list":["post-29333","post","type-post","status-publish","format-standard","hentry","category-municipales"],"yoast_head":"<!-- This site is optimized with the Yoast SEO plugin v25.9 - https:\/\/yoast.com\/wordpress\/plugins\/seo\/ -->\n<title>El Intendente municipal abrir\u00e1 las sesiones del Concejo Deliberante con importantes anuncios. - Noticias Radio Reflejos<\/title>\n<meta name=\"robots\" content=\"index, follow, max-snippet:-1, max-image-preview:large, max-video-preview:-1\" \/>\n<link rel=\"canonical\" href=\"https:\/\/www.noticiasradioreflejos.com.ar\/2021\/el-intendente-municipal-abrira-las-sesiones-del-concejo-deliberante-con-importantes-anuncios\/\" \/>\n<meta property=\"og:locale\" content=\"es_ES\" \/>\n<meta property=\"og:type\" content=\"article\" \/>\n<meta property=\"og:title\" content=\"El Intendente municipal abrir\u00e1 las sesiones del Concejo Deliberante con importantes anuncios. - Noticias Radio Reflejos\" \/>\n<meta property=\"og:description\" content=\"Est\u00e1 prevista para la hora 20 y se dar\u00edan a conocer anuncios importantes. Esta noche a la hora 20, se llevar\u00e1 a cabo la apertura de sesiones del Honorable Concejo Deliberante.\" \/>\n<meta property=\"og:url\" content=\"https:\/\/www.noticiasradioreflejos.com.ar\/2021\/el-intendente-municipal-abrira-las-sesiones-del-concejo-deliberante-con-importantes-anuncios\/\" \/>\n<meta property=\"og:site_name\" content=\"Noticias Radio Reflejos\" \/>\n<meta property=\"article:published_time\" content=\"2019-03-01T12:53:19+00:00\" \/>\n<meta property=\"og:image\" content=\"https:\/\/www.noticiasradioreflejos.com.ar\/2021\/wp-content\/uploads\/2021\/07\/logosol300x200.png\" \/>\n\t<meta property=\"og:image:width\" content=\"300\" \/>\n\t<meta property=\"og:image:height\" content=\"200\" \/>\n\t<meta property=\"og:image:type\" content=\"image\/png\" \/>\n<meta name=\"author\" content=\"Arnaldo Botto\" \/>\n<meta name=\"twitter:card\" content=\"summary_large_image\" \/>\n<script type=\"application\/ld+json\" class=\"yoast-schema-graph\">{\"@context\":\"https:\/\/schema.org\",\"@graph\":[{\"@type\":\"WebPage\",\"@id\":\"https:\/\/www.noticiasradioreflejos.com.ar\/2021\/el-intendente-municipal-abrira-las-sesiones-del-concejo-deliberante-con-importantes-anuncios\/\",\"url\":\"https:\/\/www.noticiasradioreflejos.com.ar\/2021\/el-intendente-municipal-abrira-las-sesiones-del-concejo-deliberante-con-importantes-anuncios\/\",\"name\":\"El Intendente municipal abrir\u00e1 las sesiones del Concejo Deliberante con importantes anuncios. - Noticias Radio Reflejos\",\"isPartOf\":{\"@id\":\"https:\/\/www.noticiasradioreflejos.com.ar\/2021\/#website\"},\"datePublished\":\"2019-03-01T12:53:19+00:00\",\"author\":{\"@id\":\"https:\/\/www.noticiasradioreflejos.com.ar\/2021\/#\/schema\/person\/ad82545263dcc5ec0996818884fd5fb1\"},\"breadcrumb\":{\"@id\":\"https:\/\/www.noticiasradioreflejos.com.ar\/2021\/el-intendente-municipal-abrira-las-sesiones-del-concejo-deliberante-con-importantes-anuncios\/#breadcrumb\"},\"inLanguage\":\"es\",\"potentialAction\":[{\"@type\":\"ReadAction\",\"target\":[\"https:\/\/www.noticiasradioreflejos.com.ar\/2021\/el-intendente-municipal-abrira-las-sesiones-del-concejo-deliberante-con-importantes-anuncios\/\"]}]},{\"@type\":\"BreadcrumbList\",\"@id\":\"https:\/\/www.noticiasradioreflejos.com.ar\/2021\/el-intendente-municipal-abrira-las-sesiones-del-concejo-deliberante-con-importantes-anuncios\/#breadcrumb\",\"itemListElement\":[{\"@type\":\"ListItem\",\"position\":1,\"name\":\"Portada\",\"item\":\"https:\/\/www.noticiasradioreflejos.com.ar\/2021\/\"},{\"@type\":\"ListItem\",\"position\":2,\"name\":\"El Intendente municipal abrir\u00e1 las sesiones del Concejo Deliberante con importantes anuncios.\"}]},{\"@type\":\"WebSite\",\"@id\":\"https:\/\/www.noticiasradioreflejos.com.ar\/2021\/#website\",\"url\":\"https:\/\/www.noticiasradioreflejos.com.ar\/2021\/\",\"name\":\"Noticias Radio Reflejos\",\"description\":\"Las noticias de mi comarca\",\"potentialAction\":[{\"@type\":\"SearchAction\",\"target\":{\"@type\":\"EntryPoint\",\"urlTemplate\":\"https:\/\/www.noticiasradioreflejos.com.ar\/2021\/?s={search_term_string}\"},\"query-input\":{\"@type\":\"PropertyValueSpecification\",\"valueRequired\":true,\"valueName\":\"search_term_string\"}}],\"inLanguage\":\"es\"},{\"@type\":\"Person\",\"@id\":\"https:\/\/www.noticiasradioreflejos.com.ar\/2021\/#\/schema\/person\/ad82545263dcc5ec0996818884fd5fb1\",\"name\":\"Arnaldo Botto\",\"image\":{\"@type\":\"ImageObject\",\"inLanguage\":\"es\",\"@id\":\"https:\/\/www.noticiasradioreflejos.com.ar\/2021\/#\/schema\/person\/image\/\",\"url\":\"https:\/\/secure.gravatar.com\/avatar\/55cb5e37c1efa326397366e6974cb338056df65cb50e7d64d1cf314e87504837?s=96&d=mm&r=g\",\"contentUrl\":\"https:\/\/secure.gravatar.com\/avatar\/55cb5e37c1efa326397366e6974cb338056df65cb50e7d64d1cf314e87504837?s=96&d=mm&r=g\",\"caption\":\"Arnaldo Botto\"},\"url\":\"https:\/\/www.noticiasradioreflejos.com.ar\/2021\/author\/arnaldo\/\"}]}<\/script>\n<!-- \/ Yoast SEO plugin. -->","yoast_head_json":{"title":"El Intendente municipal abrir\u00e1 las sesiones del Concejo Deliberante con importantes anuncios. - Noticias Radio Reflejos","robots":{"index":"index","follow":"follow","max-snippet":"max-snippet:-1","max-image-preview":"max-image-preview:large","max-video-preview":"max-video-preview:-1"},"canonical":"https:\/\/www.noticiasradioreflejos.com.ar\/2021\/el-intendente-municipal-abrira-las-sesiones-del-concejo-deliberante-con-importantes-anuncios\/","og_locale":"es_ES","og_type":"article","og_title":"El Intendente municipal abrir\u00e1 las sesiones del Concejo Deliberante con importantes anuncios. - Noticias Radio Reflejos","og_description":"Est\u00e1 prevista para la hora 20 y se dar\u00edan a conocer anuncios importantes. Esta noche a la hora 20, se llevar\u00e1 a cabo la apertura de sesiones del Honorable Concejo Deliberante.","og_url":"https:\/\/www.noticiasradioreflejos.com.ar\/2021\/el-intendente-municipal-abrira-las-sesiones-del-concejo-deliberante-con-importantes-anuncios\/","og_site_name":"Noticias Radio Reflejos","article_published_time":"2019-03-01T12:53:19+00:00","og_image":[{"width":300,"height":200,"url":"https:\/\/www.noticiasradioreflejos.com.ar\/2021\/wp-content\/uploads\/2021\/07\/logosol300x200.png","type":"image\/png"}],"author":"Arnaldo Botto","twitter_card":"summary_large_image","schema":{"@context":"https:\/\/schema.org","@graph":[{"@type":"WebPage","@id":"https:\/\/www.noticiasradioreflejos.com.ar\/2021\/el-intendente-municipal-abrira-las-sesiones-del-concejo-deliberante-con-importantes-anuncios\/","url":"https:\/\/www.noticiasradioreflejos.com.ar\/2021\/el-intendente-municipal-abrira-las-sesiones-del-concejo-deliberante-con-importantes-anuncios\/","name":"El Intendente municipal abrir\u00e1 las sesiones del Concejo Deliberante con importantes anuncios. - Noticias Radio Reflejos","isPartOf":{"@id":"https:\/\/www.noticiasradioreflejos.com.ar\/2021\/#website"},"datePublished":"2019-03-01T12:53:19+00:00","author":{"@id":"https:\/\/www.noticiasradioreflejos.com.ar\/2021\/#\/schema\/person\/ad82545263dcc5ec0996818884fd5fb1"},"breadcrumb":{"@id":"https:\/\/www.noticiasradioreflejos.com.ar\/2021\/el-intendente-municipal-abrira-las-sesiones-del-concejo-deliberante-con-importantes-anuncios\/#breadcrumb"},"inLanguage":"es","potentialAction":[{"@type":"ReadAction","target":["https:\/\/www.noticiasradioreflejos.com.ar\/2021\/el-intendente-municipal-abrira-las-sesiones-del-concejo-deliberante-con-importantes-anuncios\/"]}]},{"@type":"BreadcrumbList","@id":"https:\/\/www.noticiasradioreflejos.com.ar\/2021\/el-intendente-municipal-abrira-las-sesiones-del-concejo-deliberante-con-importantes-anuncios\/#breadcrumb","itemListElement":[{"@type":"ListItem","position":1,"name":"Portada","item":"https:\/\/www.noticiasradioreflejos.com.ar\/2021\/"},{"@type":"ListItem","position":2,"name":"El Intendente municipal abrir\u00e1 las sesiones del Concejo Deliberante con importantes anuncios."}]},{"@type":"WebSite","@id":"https:\/\/www.noticiasradioreflejos.com.ar\/2021\/#website","url":"https:\/\/www.noticiasradioreflejos.com.ar\/2021\/","name":"Noticias Radio Reflejos","description":"Las noticias de mi comarca","potentialAction":[{"@type":"SearchAction","target":{"@type":"EntryPoint","urlTemplate":"https:\/\/www.noticiasradioreflejos.com.ar\/2021\/?s={search_term_string}"},"query-input":{"@type":"PropertyValueSpecification","valueRequired":true,"valueName":"search_term_string"}}],"inLanguage":"es"},{"@type":"Person","@id":"https:\/\/www.noticiasradioreflejos.com.ar\/2021\/#\/schema\/person\/ad82545263dcc5ec0996818884fd5fb1","name":"Arnaldo Botto","image":{"@type":"ImageObject","inLanguage":"es","@id":"https:\/\/www.noticiasradioreflejos.com.ar\/2021\/#\/schema\/person\/image\/","url":"https:\/\/secure.gravatar.com\/avatar\/55cb5e37c1efa326397366e6974cb338056df65cb50e7d64d1cf314e87504837?s=96&d=mm&r=g","contentUrl":"https:\/\/secure.gravatar.com\/avatar\/55cb5e37c1efa326397366e6974cb338056df65cb50e7d64d1cf314e87504837?s=96&d=mm&r=g","caption":"Arnaldo Botto"},"url":"https:\/\/www.noticiasradioreflejos.com.ar\/2021\/author\/arnaldo\/"}]}},"_links":{"self":[{"href":"https:\/\/www.noticiasradioreflejos.com.ar\/2021\/wp-json\/wp\/v2\/posts\/29333","targetHints":{"allow":["GET"]}}],"collection":[{"href":"https:\/\/www.noticiasradioreflejos.com.ar\/2021\/wp-json\/wp\/v2\/posts"}],"about":[{"href":"https:\/\/www.noticiasradioreflejos.com.ar\/2021\/wp-json\/wp\/v2\/types\/post"}],"author":[{"embeddable":true,"href":"https:\/\/www.noticiasradioreflejos.com.ar\/2021\/wp-json\/wp\/v2\/users\/3"}],"replies":[{"embeddable":true,"href":"https:\/\/www.noticiasradioreflejos.com.ar\/2021\/wp-json\/wp\/v2\/comments?post=29333"}],"version-history":[{"count":0,"href":"https:\/\/www.noticiasradioreflejos.com.ar\/2021\/wp-json\/wp\/v2\/posts\/29333\/revisions"}],"wp:attachment":[{"href":"https:\/\/www.noticiasradioreflejos.com.ar\/2021\/wp-json\/wp\/v2\/media?parent=29333"}],"wp:term":[{"taxonomy":"category","embeddable":true,"href":"https:\/\/www.noticiasradioreflejos.com.ar\/2021\/wp-json\/wp\/v2\/categories?post=29333"},{"taxonomy":"post_tag","embeddable":true,"href":"https:\/\/www.noticiasradioreflejos.com.ar\/2021\/wp-json\/wp\/v2\/tags?post=29333"}],"curies":[{"name":"wp","href":"https:\/\/api.w.org\/{rel}","templated":true}]}}