{"id":29329,"date":"2019-03-01T09:42:04","date_gmt":"2019-03-01T12:42:04","guid":{"rendered":"http:\/\/www.noticiasradioreflejos.com.ar\/noticias\/?p=29329"},"modified":"2019-03-01T09:42:04","modified_gmt":"2019-03-01T12:42:04","slug":"nuevas-propuestas-de-la-upso-para-el-distrito","status":"publish","type":"post","link":"https:\/\/www.noticiasradioreflejos.com.ar\/2021\/nuevas-propuestas-de-la-upso-para-el-distrito\/","title":{"rendered":"Nuevas propuestas de la UPSO para el distrito"},"content":{"rendered":"<p>Se llev\u00f3 a cabo ayer, jueves 28, en la Agencia de  Desarrollo una reuni\u00f3n entre el municipio, la Universidad Provincial del Sudoeste,  la Inspectora Jefa Distrital y  los directores de la Escuela de Educaci\u00f3n Secundaria  T\u00e9cnica N\u00b01 y del Centro de Formaci\u00f3n Profesional N\u00b0 402.<!--more--><br \/>\nEl objetivo del encuentro fue dar a conocer las propuestas acad\u00e9micas para el presente ciclo lectivo, de inter\u00e9s especial para egresados de la Escuela T\u00e9cnica, quienes contar\u00e1n con la posibilidad de que se le reconozcan materias al cursar una tecnicatura en la UPSO.<br \/>\nPor otro lado, el rector Hern\u00e1n Vigier, adelant\u00f3 que se trabaja en una nueva carrera de oficios sobre energ\u00edas renovables que se coordinar\u00e1 con el Centro de Formaci\u00f3n Profesional. Esta propuesta de articulaci\u00f3n surge en vinculaci\u00f3n directa con lo que est\u00e1 ocurriendo en la regi\u00f3n en cuanto a este tipo de energ\u00edas.<br \/>\nParticiparon del encuentro el Secretario de Desarrollo, Gonzalo Iparraguirre; el rector y la vicerrectora de la UPSO, Hern\u00e1n Vigier y Andrea Savoretti, respectivamente; Julieta Turani (UPSO); la Inspectora Jefe Distrital , Mar\u00eda Rosa Gonz\u00e1lez; el Director de E.E.T N\u00b0 1, Luis Quintana y el Director del Centro de Formaci\u00f3n Profesional N\u00b0 402, Gerardo Bras.<\/p>\n","protected":false},"excerpt":{"rendered":"<p>Se llev\u00f3 a cabo ayer, jueves 28, en la Agencia de Desarrollo una reuni\u00f3n entre el municipio, la Universidad Provincial del Sudoeste, la Inspectora Jefa Distrital y los directores de la Escuela de Educaci\u00f3n Secundaria T\u00e9cnica N\u00b01 y del Centro de Formaci\u00f3n Profesional N\u00b0 402.<\/p>\n","protected":false},"author":3,"featured_media":0,"comment_status":"closed","ping_status":"open","sticky":false,"template":"","format":"standard","meta":{"footnotes":""},"categories":[34],"tags":[],"class_list":["post-29329","post","type-post","status-publish","format-standard","hentry","category-educacion"],"yoast_head":"<!-- This site is optimized with the Yoast SEO plugin v25.9 - https:\/\/yoast.com\/wordpress\/plugins\/seo\/ -->\n<title>Nuevas propuestas de la UPSO para el distrito - Noticias Radio Reflejos<\/title>\n<meta name=\"robots\" content=\"index, follow, max-snippet:-1, max-image-preview:large, max-video-preview:-1\" \/>\n<link rel=\"canonical\" href=\"https:\/\/www.noticiasradioreflejos.com.ar\/2021\/nuevas-propuestas-de-la-upso-para-el-distrito\/\" \/>\n<meta property=\"og:locale\" content=\"es_ES\" \/>\n<meta property=\"og:type\" content=\"article\" \/>\n<meta property=\"og:title\" content=\"Nuevas propuestas de la UPSO para el distrito - Noticias Radio Reflejos\" \/>\n<meta property=\"og:description\" content=\"Se llev\u00f3 a cabo ayer, jueves 28, en la Agencia de Desarrollo una reuni\u00f3n entre el municipio, la Universidad Provincial del Sudoeste, la Inspectora Jefa Distrital y los directores de la Escuela de Educaci\u00f3n Secundaria T\u00e9cnica N\u00b01 y del Centro de Formaci\u00f3n Profesional N\u00b0 402.\" \/>\n<meta property=\"og:url\" content=\"https:\/\/www.noticiasradioreflejos.com.ar\/2021\/nuevas-propuestas-de-la-upso-para-el-distrito\/\" \/>\n<meta property=\"og:site_name\" content=\"Noticias Radio Reflejos\" \/>\n<meta property=\"article:published_time\" content=\"2019-03-01T12:42:04+00:00\" \/>\n<meta property=\"og:image\" content=\"https:\/\/www.noticiasradioreflejos.com.ar\/2021\/wp-content\/uploads\/2021\/07\/logosol300x200.png\" \/>\n\t<meta property=\"og:image:width\" content=\"300\" \/>\n\t<meta property=\"og:image:height\" content=\"200\" \/>\n\t<meta property=\"og:image:type\" content=\"image\/png\" \/>\n<meta name=\"author\" content=\"Arnaldo Botto\" \/>\n<meta name=\"twitter:card\" content=\"summary_large_image\" \/>\n<script type=\"application\/ld+json\" class=\"yoast-schema-graph\">{\"@context\":\"https:\/\/schema.org\",\"@graph\":[{\"@type\":\"WebPage\",\"@id\":\"https:\/\/www.noticiasradioreflejos.com.ar\/2021\/nuevas-propuestas-de-la-upso-para-el-distrito\/\",\"url\":\"https:\/\/www.noticiasradioreflejos.com.ar\/2021\/nuevas-propuestas-de-la-upso-para-el-distrito\/\",\"name\":\"Nuevas propuestas de la UPSO para el distrito - Noticias Radio Reflejos\",\"isPartOf\":{\"@id\":\"https:\/\/www.noticiasradioreflejos.com.ar\/2021\/#website\"},\"datePublished\":\"2019-03-01T12:42:04+00:00\",\"author\":{\"@id\":\"https:\/\/www.noticiasradioreflejos.com.ar\/2021\/#\/schema\/person\/ad82545263dcc5ec0996818884fd5fb1\"},\"breadcrumb\":{\"@id\":\"https:\/\/www.noticiasradioreflejos.com.ar\/2021\/nuevas-propuestas-de-la-upso-para-el-distrito\/#breadcrumb\"},\"inLanguage\":\"es\",\"potentialAction\":[{\"@type\":\"ReadAction\",\"target\":[\"https:\/\/www.noticiasradioreflejos.com.ar\/2021\/nuevas-propuestas-de-la-upso-para-el-distrito\/\"]}]},{\"@type\":\"BreadcrumbList\",\"@id\":\"https:\/\/www.noticiasradioreflejos.com.ar\/2021\/nuevas-propuestas-de-la-upso-para-el-distrito\/#breadcrumb\",\"itemListElement\":[{\"@type\":\"ListItem\",\"position\":1,\"name\":\"Portada\",\"item\":\"https:\/\/www.noticiasradioreflejos.com.ar\/2021\/\"},{\"@type\":\"ListItem\",\"position\":2,\"name\":\"Nuevas propuestas de la UPSO para el distrito\"}]},{\"@type\":\"WebSite\",\"@id\":\"https:\/\/www.noticiasradioreflejos.com.ar\/2021\/#website\",\"url\":\"https:\/\/www.noticiasradioreflejos.com.ar\/2021\/\",\"name\":\"Noticias Radio Reflejos\",\"description\":\"Las noticias de mi comarca\",\"potentialAction\":[{\"@type\":\"SearchAction\",\"target\":{\"@type\":\"EntryPoint\",\"urlTemplate\":\"https:\/\/www.noticiasradioreflejos.com.ar\/2021\/?s={search_term_string}\"},\"query-input\":{\"@type\":\"PropertyValueSpecification\",\"valueRequired\":true,\"valueName\":\"search_term_string\"}}],\"inLanguage\":\"es\"},{\"@type\":\"Person\",\"@id\":\"https:\/\/www.noticiasradioreflejos.com.ar\/2021\/#\/schema\/person\/ad82545263dcc5ec0996818884fd5fb1\",\"name\":\"Arnaldo Botto\",\"image\":{\"@type\":\"ImageObject\",\"inLanguage\":\"es\",\"@id\":\"https:\/\/www.noticiasradioreflejos.com.ar\/2021\/#\/schema\/person\/image\/\",\"url\":\"https:\/\/secure.gravatar.com\/avatar\/55cb5e37c1efa326397366e6974cb338056df65cb50e7d64d1cf314e87504837?s=96&d=mm&r=g\",\"contentUrl\":\"https:\/\/secure.gravatar.com\/avatar\/55cb5e37c1efa326397366e6974cb338056df65cb50e7d64d1cf314e87504837?s=96&d=mm&r=g\",\"caption\":\"Arnaldo Botto\"},\"url\":\"https:\/\/www.noticiasradioreflejos.com.ar\/2021\/author\/arnaldo\/\"}]}<\/script>\n<!-- \/ Yoast SEO plugin. -->","yoast_head_json":{"title":"Nuevas propuestas de la UPSO para el distrito - Noticias Radio Reflejos","robots":{"index":"index","follow":"follow","max-snippet":"max-snippet:-1","max-image-preview":"max-image-preview:large","max-video-preview":"max-video-preview:-1"},"canonical":"https:\/\/www.noticiasradioreflejos.com.ar\/2021\/nuevas-propuestas-de-la-upso-para-el-distrito\/","og_locale":"es_ES","og_type":"article","og_title":"Nuevas propuestas de la UPSO para el distrito - Noticias Radio Reflejos","og_description":"Se llev\u00f3 a cabo ayer, jueves 28, en la Agencia de Desarrollo una reuni\u00f3n entre el municipio, la Universidad Provincial del Sudoeste, la Inspectora Jefa Distrital y los directores de la Escuela de Educaci\u00f3n Secundaria T\u00e9cnica N\u00b01 y del Centro de Formaci\u00f3n Profesional N\u00b0 402.","og_url":"https:\/\/www.noticiasradioreflejos.com.ar\/2021\/nuevas-propuestas-de-la-upso-para-el-distrito\/","og_site_name":"Noticias Radio Reflejos","article_published_time":"2019-03-01T12:42:04+00:00","og_image":[{"width":300,"height":200,"url":"https:\/\/www.noticiasradioreflejos.com.ar\/2021\/wp-content\/uploads\/2021\/07\/logosol300x200.png","type":"image\/png"}],"author":"Arnaldo Botto","twitter_card":"summary_large_image","schema":{"@context":"https:\/\/schema.org","@graph":[{"@type":"WebPage","@id":"https:\/\/www.noticiasradioreflejos.com.ar\/2021\/nuevas-propuestas-de-la-upso-para-el-distrito\/","url":"https:\/\/www.noticiasradioreflejos.com.ar\/2021\/nuevas-propuestas-de-la-upso-para-el-distrito\/","name":"Nuevas propuestas de la UPSO para el distrito - Noticias Radio Reflejos","isPartOf":{"@id":"https:\/\/www.noticiasradioreflejos.com.ar\/2021\/#website"},"datePublished":"2019-03-01T12:42:04+00:00","author":{"@id":"https:\/\/www.noticiasradioreflejos.com.ar\/2021\/#\/schema\/person\/ad82545263dcc5ec0996818884fd5fb1"},"breadcrumb":{"@id":"https:\/\/www.noticiasradioreflejos.com.ar\/2021\/nuevas-propuestas-de-la-upso-para-el-distrito\/#breadcrumb"},"inLanguage":"es","potentialAction":[{"@type":"ReadAction","target":["https:\/\/www.noticiasradioreflejos.com.ar\/2021\/nuevas-propuestas-de-la-upso-para-el-distrito\/"]}]},{"@type":"BreadcrumbList","@id":"https:\/\/www.noticiasradioreflejos.com.ar\/2021\/nuevas-propuestas-de-la-upso-para-el-distrito\/#breadcrumb","itemListElement":[{"@type":"ListItem","position":1,"name":"Portada","item":"https:\/\/www.noticiasradioreflejos.com.ar\/2021\/"},{"@type":"ListItem","position":2,"name":"Nuevas propuestas de la UPSO para el distrito"}]},{"@type":"WebSite","@id":"https:\/\/www.noticiasradioreflejos.com.ar\/2021\/#website","url":"https:\/\/www.noticiasradioreflejos.com.ar\/2021\/","name":"Noticias Radio Reflejos","description":"Las noticias de mi comarca","potentialAction":[{"@type":"SearchAction","target":{"@type":"EntryPoint","urlTemplate":"https:\/\/www.noticiasradioreflejos.com.ar\/2021\/?s={search_term_string}"},"query-input":{"@type":"PropertyValueSpecification","valueRequired":true,"valueName":"search_term_string"}}],"inLanguage":"es"},{"@type":"Person","@id":"https:\/\/www.noticiasradioreflejos.com.ar\/2021\/#\/schema\/person\/ad82545263dcc5ec0996818884fd5fb1","name":"Arnaldo Botto","image":{"@type":"ImageObject","inLanguage":"es","@id":"https:\/\/www.noticiasradioreflejos.com.ar\/2021\/#\/schema\/person\/image\/","url":"https:\/\/secure.gravatar.com\/avatar\/55cb5e37c1efa326397366e6974cb338056df65cb50e7d64d1cf314e87504837?s=96&d=mm&r=g","contentUrl":"https:\/\/secure.gravatar.com\/avatar\/55cb5e37c1efa326397366e6974cb338056df65cb50e7d64d1cf314e87504837?s=96&d=mm&r=g","caption":"Arnaldo Botto"},"url":"https:\/\/www.noticiasradioreflejos.com.ar\/2021\/author\/arnaldo\/"}]}},"_links":{"self":[{"href":"https:\/\/www.noticiasradioreflejos.com.ar\/2021\/wp-json\/wp\/v2\/posts\/29329","targetHints":{"allow":["GET"]}}],"collection":[{"href":"https:\/\/www.noticiasradioreflejos.com.ar\/2021\/wp-json\/wp\/v2\/posts"}],"about":[{"href":"https:\/\/www.noticiasradioreflejos.com.ar\/2021\/wp-json\/wp\/v2\/types\/post"}],"author":[{"embeddable":true,"href":"https:\/\/www.noticiasradioreflejos.com.ar\/2021\/wp-json\/wp\/v2\/users\/3"}],"replies":[{"embeddable":true,"href":"https:\/\/www.noticiasradioreflejos.com.ar\/2021\/wp-json\/wp\/v2\/comments?post=29329"}],"version-history":[{"count":0,"href":"https:\/\/www.noticiasradioreflejos.com.ar\/2021\/wp-json\/wp\/v2\/posts\/29329\/revisions"}],"wp:attachment":[{"href":"https:\/\/www.noticiasradioreflejos.com.ar\/2021\/wp-json\/wp\/v2\/media?parent=29329"}],"wp:term":[{"taxonomy":"category","embeddable":true,"href":"https:\/\/www.noticiasradioreflejos.com.ar\/2021\/wp-json\/wp\/v2\/categories?post=29329"},{"taxonomy":"post_tag","embeddable":true,"href":"https:\/\/www.noticiasradioreflejos.com.ar\/2021\/wp-json\/wp\/v2\/tags?post=29329"}],"curies":[{"name":"wp","href":"https:\/\/api.w.org\/{rel}","templated":true}]}}