{"id":29316,"date":"2019-03-01T08:06:47","date_gmt":"2019-03-01T11:06:47","guid":{"rendered":"http:\/\/www.noticiasradioreflejos.com.ar\/noticias\/?p=29316"},"modified":"2019-03-01T08:06:47","modified_gmt":"2019-03-01T11:06:47","slug":"nuevos-incrementos-tarifarios-de-la-energia-electrica","status":"publish","type":"post","link":"https:\/\/www.noticiasradioreflejos.com.ar\/2021\/nuevos-incrementos-tarifarios-de-la-energia-electrica\/","title":{"rendered":"Nuevos incrementos tarifarios de la energ\u00eda el\u00e9ctrica."},"content":{"rendered":"<p>A trav\u00e9s de un comunicado de prensa, CONAICE:\u00a0 Confederaci\u00f3n Argentina Interfederativa de Cooperativas de Electricidad y Otros Servicios P\u00fablicos Ltda. brinda informaci\u00f3n a los usuarios sobre\u00a0el\u00a0 origen y aplicaci\u00f3n de los nuevos\u00a0incrementos tarifarios de la energ\u00eda el\u00e9ctrica.<br \/>\n1. \u00bfA qu\u00e9 responden los incrementos tarifarios en el servicio de energ\u00eda el\u00e9ctrica que rigen durante este mes de febrero y qui\u00e9n los dispuso?<!--more--><br \/>\nFueron dispuestos por el Gobierno provincial, a trav\u00e9s de la Resoluci\u00f3n 186\/19 del Ministerio de Infraestructura y Servicios P\u00fablicos publicada en el Bolet\u00edn Oficial el 01\/02\/2019 y contemplan:<br \/>\n\u2022 Nuevos precios de energ\u00eda mayorista sancionados por la Secretar\u00eda de Energ\u00eda de la Naci\u00f3n a trav\u00e9s de su Resoluci\u00f3n 366\/18 (valor de compra que paga la cooperativa).<br \/>\n\u2022 Incrementos del Valor de Agregado de Distribuci\u00f3n &#8211; VAD (importe que la cooperativa destina a afrontar los costos que significa construir, operar y mantener la infraestructura de la red el\u00e9ctrica, es decir: obras, insumos, maquinarias, salarios, etc.) que ya hab\u00edan sido aprobados el 18\/09\/2018 mediante resoluci\u00f3n MIySP 1297\/18.<br \/>\n\u2022 Concepto Incremento Costos Tarifarios (ICT). Se aprueba, por espacio de 6 meses, el cobro de la mitad del incremento de los costos de distribuci\u00f3n previstos en el cuadro tarifario anterior (23\/09\/18 &#8211; 31\/01\/19), que hab\u00edan sido pospuestos por decisi\u00f3n del Gobierno provincial, estableciendo su cobranza a partir de febrero de 2019.<br \/>\nEstas tarifas deben ser aplicadas por todos los distribuidores de energ\u00eda que act\u00faan en el \u00e1mbito provincial, entre ellas las cooperativas.<br \/>\n2. \u00bfA cu\u00e1nto asciende el incremento de tarifas previsto durante 2019?<br \/>\nLa Resoluci\u00f3n 186\/19 determina:<br \/>\n\u2022 Un primer per\u00edodo del 02\/02 al 30\/04, cuyo incremento promedio rondar\u00e1 entre el 25% y 35%, dependiendo de la categor\u00eda en la que se encuentre encuadrado el asociado\/usuario del servicio el\u00e9ctrico y el \u00e1rea a la cual pertenezca.<br \/>\n\u2022 Y dos per\u00edodos adicionales que regir\u00e1n entre el 01\/05\/19 y el 31\/07\/19 (incremento promedio aproximado del 5%) y entre el 01\/08\/19 &#8211; 31\/10\/19 (incremento promedio aproximado del 5%) respectivamente.<br \/>\n3. \u00bfQu\u00e9 otros cambios prev\u00e9 la normativa recientemente sancionada?<br \/>\nSe elimina el llamado Plan Est\u00edmulo que establec\u00eda beneficios para aquellos asociados\/usuarios que ahorrasen energ\u00eda respecto de igual per\u00edodo del a\u00f1o 2015.<br \/>\nSe mantienen los descuentos en la Tarifa Social, solo que ahora se hace cargo de dicho subsidio la Provincia de Buenos Aires en lugar de la Naci\u00f3n. Se mantiene la tarifa de entidades de bien p\u00fablico y la gratuidad del servicio para los electro-dependientes.<br \/>\n4. \u00bfLa tarifa se aplica de igual modo en toda la provincia de Buenos Aires?<br \/>\nLa Provincia tiene cuatro \u00e1reas claramente delimitadas (RIO DE LA PLATA, ATL\u00c1NTICA, NORTE y SUR), cada una con su cuadro tarifario.<br \/>\nNo obstante, la tarifa es igual para todos los distribuidores (tanto provinciales como cooperativas de una misma \u00e1rea y los aumentos se dan en todas las \u00e1reas simult\u00e1neamente.<br \/>\n5. \u00bfC\u00f3mo est\u00e1 compuesta la tarifa el\u00e9ctrica en la provincia de Buenos Aires?<br \/>\nEl valor del KWh (en las facturas se discriminan en cargo fijo y cargo variable) incluye el precio de compra mayorista de la energ\u00eda, el transporte, m\u00e1s el valor agregado de distribuci\u00f3n.<br \/>\nA ello deben sumarse los siguientes tributos y\/o conceptos:<br \/>\n\u2022 Ley 11.769 art. 72 bis (0, 001%): con destino a Rentas generales de la provincia.<br \/>\n\u2022 Ley 11.769 art. 72 ter (6%): con destino al municipio local.<br \/>\n\u2022 Fondo Provincial Compensador Tarifario (5%, 3% y 2% seg\u00fan tipo de tarifa): compensa las diferencias de costos propios de distribuci\u00f3n entre los distintos concesionarios municipales.<br \/>\n\u2022 IVA (21% para consumidor final y 27% para responsables inscriptos y monotributistas).<br \/>\n\u2022 Tambi\u00e9n relacionado con el rubro el\u00e9ctrico, y en el marco de la Ley provincial 10740, debe adicionarse la Tasa de Alumbrado P\u00fablico que disponga la ordenanza impositiva municipal en cada distrito.<br \/>\n6. \u00bfC\u00f3mo repercute en una factura promedio (residencial \u2013 T1R) este aumento?<br \/>\nEjemplo para consumo de 180 KWh\/mes en las distintas \u00c1REAS incluyendo los impuestos (sin ICT).<br \/>\n&nbsp;<\/p>\n<table width=\"596\">\n<tbody>\n<tr>\n<td width=\"209\"><\/td>\n<td width=\"94\"><strong>ATLANTICA<\/strong><\/td>\n<td width=\"104\"><strong>NORTE<\/strong><\/td>\n<td width=\"95\"><strong>SUR<\/strong><\/td>\n<td width=\"94\"><strong>RIO DE LA PLATA<\/strong><\/td>\n<\/tr>\n<tr>\n<td width=\"209\">TARIFA T1R &#8211; TARIFA PLENA<\/td>\n<td width=\"94\">180 KWh\/mes<\/td>\n<td width=\"104\">180 KWh\/mes<\/td>\n<td width=\"95\">180 KWh\/mes<\/td>\n<td width=\"94\">180 KWh\/mes<\/td>\n<\/tr>\n<tr>\n<td width=\"209\">Res.1297\/18 tramo 1 en $ c\/imp.<\/td>\n<td width=\"94\">$828,32<\/td>\n<td width=\"104\">$917,67<\/td>\n<td width=\"95\">$977,70<\/td>\n<td width=\"94\">\u00a0$764,78<\/td>\n<\/tr>\n<tr>\n<td width=\"209\">Res.186\/19 tramo 1 en $ c\/imp.<\/td>\n<td width=\"94\">$1.061,35<\/td>\n<td width=\"104\">$1.165,64<\/td>\n<td width=\"95\">$1.230,49<\/td>\n<td width=\"94\">$1.030,46<\/td>\n<\/tr>\n<tr>\n<td width=\"209\">Incremento en $ con impuestos<\/td>\n<td width=\"94\">$233,03<\/td>\n<td width=\"104\">$247,97<\/td>\n<td width=\"95\">$252,78<\/td>\n<td width=\"94\">$265,68<\/td>\n<\/tr>\n<tr>\n<td width=\"209\"><strong>Incremento porcentual<\/strong><\/td>\n<td width=\"94\"><strong>28,13%<\/strong><\/td>\n<td width=\"104\"><strong>27,02%<\/strong><\/td>\n<td width=\"95\"><strong>25,85%<\/strong><\/td>\n<td width=\"94\"><strong>34,74%<\/strong><\/td>\n<\/tr>\n<\/tbody>\n<\/table>\n<p>&nbsp;<br \/>\n&nbsp;<\/p>\n","protected":false},"excerpt":{"rendered":"<p>A trav\u00e9s de un comunicado de prensa, CONAICE:\u00a0 Confederaci\u00f3n Argentina Interfederativa de Cooperativas de Electricidad y Otros Servicios P\u00fablicos Ltda. brinda informaci\u00f3n a los usuarios sobre\u00a0el\u00a0 origen y aplicaci\u00f3n de los nuevos\u00a0incrementos tarifarios de la energ\u00eda el\u00e9ctrica. 1. \u00bfA qu\u00e9 responden los incrementos tarifarios en el servicio de energ\u00eda el\u00e9ctrica que rigen durante este mes [&hellip;]<\/p>\n","protected":false},"author":3,"featured_media":0,"comment_status":"closed","ping_status":"open","sticky":false,"template":"","format":"standard","meta":{"footnotes":""},"categories":[36],"tags":[],"class_list":["post-29316","post","type-post","status-publish","format-standard","hentry","category-economia"],"yoast_head":"<!-- This site is optimized with the Yoast SEO plugin v25.9 - https:\/\/yoast.com\/wordpress\/plugins\/seo\/ -->\n<title>Nuevos incrementos tarifarios de la energ\u00eda el\u00e9ctrica. - Noticias Radio Reflejos<\/title>\n<meta name=\"robots\" content=\"index, follow, max-snippet:-1, max-image-preview:large, max-video-preview:-1\" \/>\n<link rel=\"canonical\" href=\"https:\/\/www.noticiasradioreflejos.com.ar\/2021\/nuevos-incrementos-tarifarios-de-la-energia-electrica\/\" \/>\n<meta property=\"og:locale\" content=\"es_ES\" \/>\n<meta property=\"og:type\" content=\"article\" \/>\n<meta property=\"og:title\" content=\"Nuevos incrementos tarifarios de la energ\u00eda el\u00e9ctrica. - Noticias Radio Reflejos\" \/>\n<meta property=\"og:description\" content=\"A trav\u00e9s de un comunicado de prensa, CONAICE:\u00a0 Confederaci\u00f3n Argentina Interfederativa de Cooperativas de Electricidad y Otros Servicios P\u00fablicos Ltda. brinda informaci\u00f3n a los usuarios sobre\u00a0el\u00a0 origen y aplicaci\u00f3n de los nuevos\u00a0incrementos tarifarios de la energ\u00eda el\u00e9ctrica. 1. \u00bfA qu\u00e9 responden los incrementos tarifarios en el servicio de energ\u00eda el\u00e9ctrica que rigen durante este mes [&hellip;]\" \/>\n<meta property=\"og:url\" content=\"https:\/\/www.noticiasradioreflejos.com.ar\/2021\/nuevos-incrementos-tarifarios-de-la-energia-electrica\/\" \/>\n<meta property=\"og:site_name\" content=\"Noticias Radio Reflejos\" \/>\n<meta property=\"article:published_time\" content=\"2019-03-01T11:06:47+00:00\" \/>\n<meta property=\"og:image\" content=\"https:\/\/www.noticiasradioreflejos.com.ar\/2021\/wp-content\/uploads\/2021\/07\/logosol300x200.png\" \/>\n\t<meta property=\"og:image:width\" content=\"300\" \/>\n\t<meta property=\"og:image:height\" content=\"200\" \/>\n\t<meta property=\"og:image:type\" content=\"image\/png\" \/>\n<meta name=\"author\" content=\"Arnaldo Botto\" \/>\n<meta name=\"twitter:card\" content=\"summary_large_image\" \/>\n<script type=\"application\/ld+json\" class=\"yoast-schema-graph\">{\"@context\":\"https:\/\/schema.org\",\"@graph\":[{\"@type\":\"WebPage\",\"@id\":\"https:\/\/www.noticiasradioreflejos.com.ar\/2021\/nuevos-incrementos-tarifarios-de-la-energia-electrica\/\",\"url\":\"https:\/\/www.noticiasradioreflejos.com.ar\/2021\/nuevos-incrementos-tarifarios-de-la-energia-electrica\/\",\"name\":\"Nuevos incrementos tarifarios de la energ\u00eda el\u00e9ctrica. - Noticias Radio Reflejos\",\"isPartOf\":{\"@id\":\"https:\/\/www.noticiasradioreflejos.com.ar\/2021\/#website\"},\"datePublished\":\"2019-03-01T11:06:47+00:00\",\"author\":{\"@id\":\"https:\/\/www.noticiasradioreflejos.com.ar\/2021\/#\/schema\/person\/ad82545263dcc5ec0996818884fd5fb1\"},\"breadcrumb\":{\"@id\":\"https:\/\/www.noticiasradioreflejos.com.ar\/2021\/nuevos-incrementos-tarifarios-de-la-energia-electrica\/#breadcrumb\"},\"inLanguage\":\"es\",\"potentialAction\":[{\"@type\":\"ReadAction\",\"target\":[\"https:\/\/www.noticiasradioreflejos.com.ar\/2021\/nuevos-incrementos-tarifarios-de-la-energia-electrica\/\"]}]},{\"@type\":\"BreadcrumbList\",\"@id\":\"https:\/\/www.noticiasradioreflejos.com.ar\/2021\/nuevos-incrementos-tarifarios-de-la-energia-electrica\/#breadcrumb\",\"itemListElement\":[{\"@type\":\"ListItem\",\"position\":1,\"name\":\"Portada\",\"item\":\"https:\/\/www.noticiasradioreflejos.com.ar\/2021\/\"},{\"@type\":\"ListItem\",\"position\":2,\"name\":\"Nuevos incrementos tarifarios de la energ\u00eda el\u00e9ctrica.\"}]},{\"@type\":\"WebSite\",\"@id\":\"https:\/\/www.noticiasradioreflejos.com.ar\/2021\/#website\",\"url\":\"https:\/\/www.noticiasradioreflejos.com.ar\/2021\/\",\"name\":\"Noticias Radio Reflejos\",\"description\":\"Las noticias de mi comarca\",\"potentialAction\":[{\"@type\":\"SearchAction\",\"target\":{\"@type\":\"EntryPoint\",\"urlTemplate\":\"https:\/\/www.noticiasradioreflejos.com.ar\/2021\/?s={search_term_string}\"},\"query-input\":{\"@type\":\"PropertyValueSpecification\",\"valueRequired\":true,\"valueName\":\"search_term_string\"}}],\"inLanguage\":\"es\"},{\"@type\":\"Person\",\"@id\":\"https:\/\/www.noticiasradioreflejos.com.ar\/2021\/#\/schema\/person\/ad82545263dcc5ec0996818884fd5fb1\",\"name\":\"Arnaldo Botto\",\"image\":{\"@type\":\"ImageObject\",\"inLanguage\":\"es\",\"@id\":\"https:\/\/www.noticiasradioreflejos.com.ar\/2021\/#\/schema\/person\/image\/\",\"url\":\"https:\/\/secure.gravatar.com\/avatar\/55cb5e37c1efa326397366e6974cb338056df65cb50e7d64d1cf314e87504837?s=96&d=mm&r=g\",\"contentUrl\":\"https:\/\/secure.gravatar.com\/avatar\/55cb5e37c1efa326397366e6974cb338056df65cb50e7d64d1cf314e87504837?s=96&d=mm&r=g\",\"caption\":\"Arnaldo Botto\"},\"url\":\"https:\/\/www.noticiasradioreflejos.com.ar\/2021\/author\/arnaldo\/\"}]}<\/script>\n<!-- \/ Yoast SEO plugin. -->","yoast_head_json":{"title":"Nuevos incrementos tarifarios de la energ\u00eda el\u00e9ctrica. - Noticias Radio Reflejos","robots":{"index":"index","follow":"follow","max-snippet":"max-snippet:-1","max-image-preview":"max-image-preview:large","max-video-preview":"max-video-preview:-1"},"canonical":"https:\/\/www.noticiasradioreflejos.com.ar\/2021\/nuevos-incrementos-tarifarios-de-la-energia-electrica\/","og_locale":"es_ES","og_type":"article","og_title":"Nuevos incrementos tarifarios de la energ\u00eda el\u00e9ctrica. - Noticias Radio Reflejos","og_description":"A trav\u00e9s de un comunicado de prensa, CONAICE:\u00a0 Confederaci\u00f3n Argentina Interfederativa de Cooperativas de Electricidad y Otros Servicios P\u00fablicos Ltda. brinda informaci\u00f3n a los usuarios sobre\u00a0el\u00a0 origen y aplicaci\u00f3n de los nuevos\u00a0incrementos tarifarios de la energ\u00eda el\u00e9ctrica. 1. \u00bfA qu\u00e9 responden los incrementos tarifarios en el servicio de energ\u00eda el\u00e9ctrica que rigen durante este mes [&hellip;]","og_url":"https:\/\/www.noticiasradioreflejos.com.ar\/2021\/nuevos-incrementos-tarifarios-de-la-energia-electrica\/","og_site_name":"Noticias Radio Reflejos","article_published_time":"2019-03-01T11:06:47+00:00","og_image":[{"width":300,"height":200,"url":"https:\/\/www.noticiasradioreflejos.com.ar\/2021\/wp-content\/uploads\/2021\/07\/logosol300x200.png","type":"image\/png"}],"author":"Arnaldo Botto","twitter_card":"summary_large_image","schema":{"@context":"https:\/\/schema.org","@graph":[{"@type":"WebPage","@id":"https:\/\/www.noticiasradioreflejos.com.ar\/2021\/nuevos-incrementos-tarifarios-de-la-energia-electrica\/","url":"https:\/\/www.noticiasradioreflejos.com.ar\/2021\/nuevos-incrementos-tarifarios-de-la-energia-electrica\/","name":"Nuevos incrementos tarifarios de la energ\u00eda el\u00e9ctrica. - Noticias Radio Reflejos","isPartOf":{"@id":"https:\/\/www.noticiasradioreflejos.com.ar\/2021\/#website"},"datePublished":"2019-03-01T11:06:47+00:00","author":{"@id":"https:\/\/www.noticiasradioreflejos.com.ar\/2021\/#\/schema\/person\/ad82545263dcc5ec0996818884fd5fb1"},"breadcrumb":{"@id":"https:\/\/www.noticiasradioreflejos.com.ar\/2021\/nuevos-incrementos-tarifarios-de-la-energia-electrica\/#breadcrumb"},"inLanguage":"es","potentialAction":[{"@type":"ReadAction","target":["https:\/\/www.noticiasradioreflejos.com.ar\/2021\/nuevos-incrementos-tarifarios-de-la-energia-electrica\/"]}]},{"@type":"BreadcrumbList","@id":"https:\/\/www.noticiasradioreflejos.com.ar\/2021\/nuevos-incrementos-tarifarios-de-la-energia-electrica\/#breadcrumb","itemListElement":[{"@type":"ListItem","position":1,"name":"Portada","item":"https:\/\/www.noticiasradioreflejos.com.ar\/2021\/"},{"@type":"ListItem","position":2,"name":"Nuevos incrementos tarifarios de la energ\u00eda el\u00e9ctrica."}]},{"@type":"WebSite","@id":"https:\/\/www.noticiasradioreflejos.com.ar\/2021\/#website","url":"https:\/\/www.noticiasradioreflejos.com.ar\/2021\/","name":"Noticias Radio Reflejos","description":"Las noticias de mi comarca","potentialAction":[{"@type":"SearchAction","target":{"@type":"EntryPoint","urlTemplate":"https:\/\/www.noticiasradioreflejos.com.ar\/2021\/?s={search_term_string}"},"query-input":{"@type":"PropertyValueSpecification","valueRequired":true,"valueName":"search_term_string"}}],"inLanguage":"es"},{"@type":"Person","@id":"https:\/\/www.noticiasradioreflejos.com.ar\/2021\/#\/schema\/person\/ad82545263dcc5ec0996818884fd5fb1","name":"Arnaldo Botto","image":{"@type":"ImageObject","inLanguage":"es","@id":"https:\/\/www.noticiasradioreflejos.com.ar\/2021\/#\/schema\/person\/image\/","url":"https:\/\/secure.gravatar.com\/avatar\/55cb5e37c1efa326397366e6974cb338056df65cb50e7d64d1cf314e87504837?s=96&d=mm&r=g","contentUrl":"https:\/\/secure.gravatar.com\/avatar\/55cb5e37c1efa326397366e6974cb338056df65cb50e7d64d1cf314e87504837?s=96&d=mm&r=g","caption":"Arnaldo Botto"},"url":"https:\/\/www.noticiasradioreflejos.com.ar\/2021\/author\/arnaldo\/"}]}},"_links":{"self":[{"href":"https:\/\/www.noticiasradioreflejos.com.ar\/2021\/wp-json\/wp\/v2\/posts\/29316","targetHints":{"allow":["GET"]}}],"collection":[{"href":"https:\/\/www.noticiasradioreflejos.com.ar\/2021\/wp-json\/wp\/v2\/posts"}],"about":[{"href":"https:\/\/www.noticiasradioreflejos.com.ar\/2021\/wp-json\/wp\/v2\/types\/post"}],"author":[{"embeddable":true,"href":"https:\/\/www.noticiasradioreflejos.com.ar\/2021\/wp-json\/wp\/v2\/users\/3"}],"replies":[{"embeddable":true,"href":"https:\/\/www.noticiasradioreflejos.com.ar\/2021\/wp-json\/wp\/v2\/comments?post=29316"}],"version-history":[{"count":0,"href":"https:\/\/www.noticiasradioreflejos.com.ar\/2021\/wp-json\/wp\/v2\/posts\/29316\/revisions"}],"wp:attachment":[{"href":"https:\/\/www.noticiasradioreflejos.com.ar\/2021\/wp-json\/wp\/v2\/media?parent=29316"}],"wp:term":[{"taxonomy":"category","embeddable":true,"href":"https:\/\/www.noticiasradioreflejos.com.ar\/2021\/wp-json\/wp\/v2\/categories?post=29316"},{"taxonomy":"post_tag","embeddable":true,"href":"https:\/\/www.noticiasradioreflejos.com.ar\/2021\/wp-json\/wp\/v2\/tags?post=29316"}],"curies":[{"name":"wp","href":"https:\/\/api.w.org\/{rel}","templated":true}]}}