{"id":29312,"date":"2019-03-01T07:57:39","date_gmt":"2019-03-01T10:57:39","guid":{"rendered":"http:\/\/www.noticiasradioreflejos.com.ar\/noticias\/?p=29312"},"modified":"2019-03-01T07:57:39","modified_gmt":"2019-03-01T10:57:39","slug":"las-empresas-cooperativas-no-son-merecedoras-de-los-conceptos-descalificadores-vertidos-en-las-redes-sociales","status":"publish","type":"post","link":"https:\/\/www.noticiasradioreflejos.com.ar\/2021\/las-empresas-cooperativas-no-son-merecedoras-de-los-conceptos-descalificadores-vertidos-en-las-redes-sociales\/","title":{"rendered":"\u201cLas empresas cooperativas no son merecedoras de los conceptos descalificadores vertidos en las redes sociales&quot;"},"content":{"rendered":"<p><strong>Comunicado cooperativas el\u00e9ctricas:<\/strong> La Confederaci\u00f3n Argentina Interfederativa de Cooperativas de Electricidad y Otros Servicios P\u00fablicos Ltda. (CONAICE), entidad a la cual est\u00e1 asociada FEDECOBA, se pronunci\u00f3 respecto de las declaraciones del presidente Macri sobre las cooperativas el\u00e9ctricas. Texto completo.<br \/>\nLa Confederaci\u00f3n Argentina Interfederativa de Cooperativas de Electricidad y Otros Servicios P\u00fablicos Ltda. (CONAICE), manifiesta su pesar ante las declaraciones en redes sociales del presidente de la Naci\u00f3n, Ing. Mauricio Macri en las que califica de \u201cagregados escandalosos\u201d, \u201cabuso injustificable\u201d y de \u201cterminar con estas avivadas\u201d al referirse a las prestaciones que los asociados\/usuarios gestionan en forma cooperativa en miles de pueblos y ciudades.<!--more--><br \/>\nLejos estamos de buscar confrontar con el Estado o con los gobiernos de turno. Hemos sido, somos y seremos aliados estrat\u00e9gicos en la b\u00fasqueda del desarrollo sostenible (social, econ\u00f3mico, ambiental) de cada una de las comunidades. Por eso, abogamos para que nuestros gobernantes puedan percibir adecuadamente la contribuci\u00f3n que hacen nuestras cooperativas \u2013que no son ni m\u00e1s ni menos que los propios vecinos organizados de manera asociativa- autogestionando de manera democr\u00e1tica su propia empresa de servicios p\u00fablicos y sociales.<br \/>\nSentimos que las empresas cooperativas no son merecedoras de los conceptos descalificadores vertidos en las redes sociales, que no se dimensiona adecuadamente ni su naturaleza jur\u00eddica ni el rol que desempe\u00f1an cubriendo servicios esenciales que contribuyen a fortalecer el tejido social de las comunidades del interior profundo, sino porque tambi\u00e9n hemos sobrevivido (y acompa\u00f1ando como \u201ccolch\u00f3n\u201d a nuestras comunidades a las cuales pertenecemos) a todas las crisis que sufri\u00f3 el pa\u00eds, porque tenemos sensibilidad social y el capital m\u00e1s valioso: nuestra gente. La misma gente que ante la ausencia del Estado se uni\u00f3 para auto-prestarse servicios p\u00fablicos (energ\u00eda, agua, cloacas, gas, telecomunicaciones) y sociales (sepelios, ambulancias, enfermer\u00eda, entre tantos otros, que de ninguna manera son compulsivos), que hoy resultan esenciales para la vida digna de los pobladores de m\u00e1s de 700 pueblos que habr\u00edan desaparecido o convertido en pueblos fantasmas. Esta responsabilidad social no es un mero maquillaje, el compromiso con la comunidad est\u00e1 en nuestros principios y se transforma en acci\u00f3n concreta.<br \/>\nSiempre hemos sido respetuosos de las normativas emanadas por la autoridad competente, tanto sea nacional como en cada una de las provincias. Aun con marcos legales que hayan resultado desfavorables hacia el sector. El di\u00e1logo y la b\u00fasqueda de consensos es una pr\u00e1ctica habitual porque est\u00e1 en la naturaleza de nuestras organizaciones. Ese mismo di\u00e1logo es el que propiciamos con el Estado; de all\u00ed que cuanto menos duelen estas declaraciones extempor\u00e1neas que en nada minimizan el impacto de los aumentos tarifarios en la econom\u00eda de nuestros asociados\/usuarios.<br \/>\nEstamos donde siempre estuvimos, auto-gestionando soluciones en servicios esenciales desde hace casi un siglo. Y vamos a seguir estando porque somos vecinos de nuestras propias comunidades, construimos econom\u00eda con ra\u00edces, en manos de la gente, garantizando trabajo genuino y estable, y el arraigo territorial de millones de argentinos.<\/p>\n","protected":false},"excerpt":{"rendered":"<p>Comunicado cooperativas el\u00e9ctricas: La Confederaci\u00f3n Argentina Interfederativa de Cooperativas de Electricidad y Otros Servicios P\u00fablicos Ltda. (CONAICE), entidad a la cual est\u00e1 asociada FEDECOBA, se pronunci\u00f3 respecto de las declaraciones del presidente Macri sobre las cooperativas el\u00e9ctricas. Texto completo. La Confederaci\u00f3n Argentina Interfederativa de Cooperativas de Electricidad y Otros Servicios P\u00fablicos Ltda. (CONAICE), manifiesta su [&hellip;]<\/p>\n","protected":false},"author":3,"featured_media":0,"comment_status":"closed","ping_status":"open","sticky":false,"template":"","format":"standard","meta":{"footnotes":""},"categories":[26],"tags":[],"class_list":["post-29312","post","type-post","status-publish","format-standard","hentry","category-sociedad"],"yoast_head":"<!-- This site is optimized with the Yoast SEO plugin v25.9 - https:\/\/yoast.com\/wordpress\/plugins\/seo\/ -->\n<title>\u201cLas empresas cooperativas no son merecedoras de los conceptos descalificadores vertidos en las redes sociales&quot; - Noticias Radio Reflejos<\/title>\n<meta name=\"robots\" content=\"index, follow, max-snippet:-1, max-image-preview:large, max-video-preview:-1\" \/>\n<link rel=\"canonical\" href=\"https:\/\/www.noticiasradioreflejos.com.ar\/2021\/las-empresas-cooperativas-no-son-merecedoras-de-los-conceptos-descalificadores-vertidos-en-las-redes-sociales\/\" \/>\n<meta property=\"og:locale\" content=\"es_ES\" \/>\n<meta property=\"og:type\" content=\"article\" \/>\n<meta property=\"og:title\" content=\"\u201cLas empresas cooperativas no son merecedoras de los conceptos descalificadores vertidos en las redes sociales&quot; - Noticias Radio Reflejos\" \/>\n<meta property=\"og:description\" content=\"Comunicado cooperativas el\u00e9ctricas: La Confederaci\u00f3n Argentina Interfederativa de Cooperativas de Electricidad y Otros Servicios P\u00fablicos Ltda. (CONAICE), entidad a la cual est\u00e1 asociada FEDECOBA, se pronunci\u00f3 respecto de las declaraciones del presidente Macri sobre las cooperativas el\u00e9ctricas. Texto completo. La Confederaci\u00f3n Argentina Interfederativa de Cooperativas de Electricidad y Otros Servicios P\u00fablicos Ltda. (CONAICE), manifiesta su [&hellip;]\" \/>\n<meta property=\"og:url\" content=\"https:\/\/www.noticiasradioreflejos.com.ar\/2021\/las-empresas-cooperativas-no-son-merecedoras-de-los-conceptos-descalificadores-vertidos-en-las-redes-sociales\/\" \/>\n<meta property=\"og:site_name\" content=\"Noticias Radio Reflejos\" \/>\n<meta property=\"article:published_time\" content=\"2019-03-01T10:57:39+00:00\" \/>\n<meta property=\"og:image\" content=\"https:\/\/www.noticiasradioreflejos.com.ar\/2021\/wp-content\/uploads\/2021\/07\/logosol300x200.png\" \/>\n\t<meta property=\"og:image:width\" content=\"300\" \/>\n\t<meta property=\"og:image:height\" content=\"200\" \/>\n\t<meta property=\"og:image:type\" content=\"image\/png\" \/>\n<meta name=\"author\" content=\"Arnaldo Botto\" \/>\n<meta name=\"twitter:card\" content=\"summary_large_image\" \/>\n<script type=\"application\/ld+json\" class=\"yoast-schema-graph\">{\"@context\":\"https:\/\/schema.org\",\"@graph\":[{\"@type\":\"WebPage\",\"@id\":\"https:\/\/www.noticiasradioreflejos.com.ar\/2021\/las-empresas-cooperativas-no-son-merecedoras-de-los-conceptos-descalificadores-vertidos-en-las-redes-sociales\/\",\"url\":\"https:\/\/www.noticiasradioreflejos.com.ar\/2021\/las-empresas-cooperativas-no-son-merecedoras-de-los-conceptos-descalificadores-vertidos-en-las-redes-sociales\/\",\"name\":\"\u201cLas empresas cooperativas no son merecedoras de los conceptos descalificadores vertidos en las redes sociales&quot; - Noticias Radio Reflejos\",\"isPartOf\":{\"@id\":\"https:\/\/www.noticiasradioreflejos.com.ar\/2021\/#website\"},\"datePublished\":\"2019-03-01T10:57:39+00:00\",\"author\":{\"@id\":\"https:\/\/www.noticiasradioreflejos.com.ar\/2021\/#\/schema\/person\/ad82545263dcc5ec0996818884fd5fb1\"},\"breadcrumb\":{\"@id\":\"https:\/\/www.noticiasradioreflejos.com.ar\/2021\/las-empresas-cooperativas-no-son-merecedoras-de-los-conceptos-descalificadores-vertidos-en-las-redes-sociales\/#breadcrumb\"},\"inLanguage\":\"es\",\"potentialAction\":[{\"@type\":\"ReadAction\",\"target\":[\"https:\/\/www.noticiasradioreflejos.com.ar\/2021\/las-empresas-cooperativas-no-son-merecedoras-de-los-conceptos-descalificadores-vertidos-en-las-redes-sociales\/\"]}]},{\"@type\":\"BreadcrumbList\",\"@id\":\"https:\/\/www.noticiasradioreflejos.com.ar\/2021\/las-empresas-cooperativas-no-son-merecedoras-de-los-conceptos-descalificadores-vertidos-en-las-redes-sociales\/#breadcrumb\",\"itemListElement\":[{\"@type\":\"ListItem\",\"position\":1,\"name\":\"Portada\",\"item\":\"https:\/\/www.noticiasradioreflejos.com.ar\/2021\/\"},{\"@type\":\"ListItem\",\"position\":2,\"name\":\"\u201cLas empresas cooperativas no son merecedoras de los conceptos descalificadores vertidos en las redes sociales&quot;\"}]},{\"@type\":\"WebSite\",\"@id\":\"https:\/\/www.noticiasradioreflejos.com.ar\/2021\/#website\",\"url\":\"https:\/\/www.noticiasradioreflejos.com.ar\/2021\/\",\"name\":\"Noticias Radio Reflejos\",\"description\":\"Las noticias de mi comarca\",\"potentialAction\":[{\"@type\":\"SearchAction\",\"target\":{\"@type\":\"EntryPoint\",\"urlTemplate\":\"https:\/\/www.noticiasradioreflejos.com.ar\/2021\/?s={search_term_string}\"},\"query-input\":{\"@type\":\"PropertyValueSpecification\",\"valueRequired\":true,\"valueName\":\"search_term_string\"}}],\"inLanguage\":\"es\"},{\"@type\":\"Person\",\"@id\":\"https:\/\/www.noticiasradioreflejos.com.ar\/2021\/#\/schema\/person\/ad82545263dcc5ec0996818884fd5fb1\",\"name\":\"Arnaldo Botto\",\"image\":{\"@type\":\"ImageObject\",\"inLanguage\":\"es\",\"@id\":\"https:\/\/www.noticiasradioreflejos.com.ar\/2021\/#\/schema\/person\/image\/\",\"url\":\"https:\/\/secure.gravatar.com\/avatar\/55cb5e37c1efa326397366e6974cb338056df65cb50e7d64d1cf314e87504837?s=96&d=mm&r=g\",\"contentUrl\":\"https:\/\/secure.gravatar.com\/avatar\/55cb5e37c1efa326397366e6974cb338056df65cb50e7d64d1cf314e87504837?s=96&d=mm&r=g\",\"caption\":\"Arnaldo Botto\"},\"url\":\"https:\/\/www.noticiasradioreflejos.com.ar\/2021\/author\/arnaldo\/\"}]}<\/script>\n<!-- \/ Yoast SEO plugin. -->","yoast_head_json":{"title":"\u201cLas empresas cooperativas no son merecedoras de los conceptos descalificadores vertidos en las redes sociales&quot; - Noticias Radio Reflejos","robots":{"index":"index","follow":"follow","max-snippet":"max-snippet:-1","max-image-preview":"max-image-preview:large","max-video-preview":"max-video-preview:-1"},"canonical":"https:\/\/www.noticiasradioreflejos.com.ar\/2021\/las-empresas-cooperativas-no-son-merecedoras-de-los-conceptos-descalificadores-vertidos-en-las-redes-sociales\/","og_locale":"es_ES","og_type":"article","og_title":"\u201cLas empresas cooperativas no son merecedoras de los conceptos descalificadores vertidos en las redes sociales&quot; - Noticias Radio Reflejos","og_description":"Comunicado cooperativas el\u00e9ctricas: La Confederaci\u00f3n Argentina Interfederativa de Cooperativas de Electricidad y Otros Servicios P\u00fablicos Ltda. (CONAICE), entidad a la cual est\u00e1 asociada FEDECOBA, se pronunci\u00f3 respecto de las declaraciones del presidente Macri sobre las cooperativas el\u00e9ctricas. Texto completo. La Confederaci\u00f3n Argentina Interfederativa de Cooperativas de Electricidad y Otros Servicios P\u00fablicos Ltda. (CONAICE), manifiesta su [&hellip;]","og_url":"https:\/\/www.noticiasradioreflejos.com.ar\/2021\/las-empresas-cooperativas-no-son-merecedoras-de-los-conceptos-descalificadores-vertidos-en-las-redes-sociales\/","og_site_name":"Noticias Radio Reflejos","article_published_time":"2019-03-01T10:57:39+00:00","og_image":[{"width":300,"height":200,"url":"https:\/\/www.noticiasradioreflejos.com.ar\/2021\/wp-content\/uploads\/2021\/07\/logosol300x200.png","type":"image\/png"}],"author":"Arnaldo Botto","twitter_card":"summary_large_image","schema":{"@context":"https:\/\/schema.org","@graph":[{"@type":"WebPage","@id":"https:\/\/www.noticiasradioreflejos.com.ar\/2021\/las-empresas-cooperativas-no-son-merecedoras-de-los-conceptos-descalificadores-vertidos-en-las-redes-sociales\/","url":"https:\/\/www.noticiasradioreflejos.com.ar\/2021\/las-empresas-cooperativas-no-son-merecedoras-de-los-conceptos-descalificadores-vertidos-en-las-redes-sociales\/","name":"\u201cLas empresas cooperativas no son merecedoras de los conceptos descalificadores vertidos en las redes sociales&quot; - Noticias Radio Reflejos","isPartOf":{"@id":"https:\/\/www.noticiasradioreflejos.com.ar\/2021\/#website"},"datePublished":"2019-03-01T10:57:39+00:00","author":{"@id":"https:\/\/www.noticiasradioreflejos.com.ar\/2021\/#\/schema\/person\/ad82545263dcc5ec0996818884fd5fb1"},"breadcrumb":{"@id":"https:\/\/www.noticiasradioreflejos.com.ar\/2021\/las-empresas-cooperativas-no-son-merecedoras-de-los-conceptos-descalificadores-vertidos-en-las-redes-sociales\/#breadcrumb"},"inLanguage":"es","potentialAction":[{"@type":"ReadAction","target":["https:\/\/www.noticiasradioreflejos.com.ar\/2021\/las-empresas-cooperativas-no-son-merecedoras-de-los-conceptos-descalificadores-vertidos-en-las-redes-sociales\/"]}]},{"@type":"BreadcrumbList","@id":"https:\/\/www.noticiasradioreflejos.com.ar\/2021\/las-empresas-cooperativas-no-son-merecedoras-de-los-conceptos-descalificadores-vertidos-en-las-redes-sociales\/#breadcrumb","itemListElement":[{"@type":"ListItem","position":1,"name":"Portada","item":"https:\/\/www.noticiasradioreflejos.com.ar\/2021\/"},{"@type":"ListItem","position":2,"name":"\u201cLas empresas cooperativas no son merecedoras de los conceptos descalificadores vertidos en las redes sociales&quot;"}]},{"@type":"WebSite","@id":"https:\/\/www.noticiasradioreflejos.com.ar\/2021\/#website","url":"https:\/\/www.noticiasradioreflejos.com.ar\/2021\/","name":"Noticias Radio Reflejos","description":"Las noticias de mi comarca","potentialAction":[{"@type":"SearchAction","target":{"@type":"EntryPoint","urlTemplate":"https:\/\/www.noticiasradioreflejos.com.ar\/2021\/?s={search_term_string}"},"query-input":{"@type":"PropertyValueSpecification","valueRequired":true,"valueName":"search_term_string"}}],"inLanguage":"es"},{"@type":"Person","@id":"https:\/\/www.noticiasradioreflejos.com.ar\/2021\/#\/schema\/person\/ad82545263dcc5ec0996818884fd5fb1","name":"Arnaldo Botto","image":{"@type":"ImageObject","inLanguage":"es","@id":"https:\/\/www.noticiasradioreflejos.com.ar\/2021\/#\/schema\/person\/image\/","url":"https:\/\/secure.gravatar.com\/avatar\/55cb5e37c1efa326397366e6974cb338056df65cb50e7d64d1cf314e87504837?s=96&d=mm&r=g","contentUrl":"https:\/\/secure.gravatar.com\/avatar\/55cb5e37c1efa326397366e6974cb338056df65cb50e7d64d1cf314e87504837?s=96&d=mm&r=g","caption":"Arnaldo Botto"},"url":"https:\/\/www.noticiasradioreflejos.com.ar\/2021\/author\/arnaldo\/"}]}},"_links":{"self":[{"href":"https:\/\/www.noticiasradioreflejos.com.ar\/2021\/wp-json\/wp\/v2\/posts\/29312","targetHints":{"allow":["GET"]}}],"collection":[{"href":"https:\/\/www.noticiasradioreflejos.com.ar\/2021\/wp-json\/wp\/v2\/posts"}],"about":[{"href":"https:\/\/www.noticiasradioreflejos.com.ar\/2021\/wp-json\/wp\/v2\/types\/post"}],"author":[{"embeddable":true,"href":"https:\/\/www.noticiasradioreflejos.com.ar\/2021\/wp-json\/wp\/v2\/users\/3"}],"replies":[{"embeddable":true,"href":"https:\/\/www.noticiasradioreflejos.com.ar\/2021\/wp-json\/wp\/v2\/comments?post=29312"}],"version-history":[{"count":0,"href":"https:\/\/www.noticiasradioreflejos.com.ar\/2021\/wp-json\/wp\/v2\/posts\/29312\/revisions"}],"wp:attachment":[{"href":"https:\/\/www.noticiasradioreflejos.com.ar\/2021\/wp-json\/wp\/v2\/media?parent=29312"}],"wp:term":[{"taxonomy":"category","embeddable":true,"href":"https:\/\/www.noticiasradioreflejos.com.ar\/2021\/wp-json\/wp\/v2\/categories?post=29312"},{"taxonomy":"post_tag","embeddable":true,"href":"https:\/\/www.noticiasradioreflejos.com.ar\/2021\/wp-json\/wp\/v2\/tags?post=29312"}],"curies":[{"name":"wp","href":"https:\/\/api.w.org\/{rel}","templated":true}]}}