{"id":29305,"date":"2019-03-01T07:45:32","date_gmt":"2019-03-01T10:45:32","guid":{"rendered":"http:\/\/www.noticiasradioreflejos.com.ar\/noticias\/?p=29305"},"modified":"2019-03-01T07:45:32","modified_gmt":"2019-03-01T10:45:32","slug":"sadop-informa-paro-nacional-7-y-8-de-marzo","status":"publish","type":"post","link":"https:\/\/www.noticiasradioreflejos.com.ar\/2021\/sadop-informa-paro-nacional-7-y-8-de-marzo\/","title":{"rendered":"SADOP Informa PARO NACIONAL 7 y 8 de Marzo"},"content":{"rendered":"<p>El Sindicato Argentino de Docentes Privados (SADOP) convoca a un paro por 48 horas para los d\u00edas 6 y 7 de marzo, para exigir la urgente convocatoria a la Paritaria Federal Docente, en el marco del art\u00edculo 10 de la Ley 26.075. Asimismo, convoca a movilizar al Ministerio de Educaci\u00f3n el 6 de marzo.<!--more--><br \/>\nSADOP rechaza el Decreto 52\/18, el cual quit\u00f3 el derecho de la negociaci\u00f3n colectiva a todos los docentes el pa\u00eds, y en particular a los privados. As\u00ed, el Gobierno incumple la Ley de Financiamiento Educativo N\u00b0 26.075, condenando a los maestros y profesores a salarios magros y condiciones y medio ambiente de trabajo que ponen en riesgo su vida y la de los alumnos<br \/>\nEn el contexto actual, la falta de un piso salarial para todos los educadores resulta un grave error, que solamente incrementa las enormes diferencias que existen en todas las jurisdicciones del pa\u00eds.<br \/>\nLa Paritaria Federal Docente fue concebida como un \u00e1mbito de di\u00e1logo entre los distintos actores de la educaci\u00f3n para la proyecci\u00f3n y puesta en marcha de pol\u00edticas p\u00fablicas federales. En este tejido, la condici\u00f3n salarial es necesaria, pero no excluyente, ya que tambi\u00e9n son importantes la formaci\u00f3n continua, las CyMAT y dem\u00e1s temas que componen una Paritaria. As\u00ed es como se afecta a la educaci\u00f3n como un Derecho Humano y bien p\u00fablico y social.<br \/>\nDesde 2016 hasta este a\u00f1o, seg\u00fan el INDEC, la inflaci\u00f3n fue del 169%, lo que dej\u00f3 al 80% de los docentes con diez a\u00f1os de antig\u00fcedad en una situaci\u00f3n de vulnerabilidad total, desplaz\u00e1ndolo por debajo de la l\u00ednea de pobreza regional, seg\u00fan el mismo organismo estatal.<br \/>\nEl reclamo tambi\u00e9n es por los jubilados docentes, que vieron sus bolsillos golpeados por los desmanejos financieros de un Gobierno que no encuentra rumbo ni norte. La modificaci\u00f3n del c\u00e1lculo para obtener el haber jubilatorio \u2013 aprobada en una escandalosa sesi\u00f3n en el Congreso, que incluy\u00f3 una voraz represi\u00f3n a los trabajadores presentes- es una muestra m\u00e1s que no se gobierna para el Pueblo sino que para el FMI.<br \/>\nEn esa l\u00ednea tambi\u00e9n est\u00e1n los compa\u00f1eros docentes extraprogram\u00e1ticos, que mantienen un atraso salarial grave por el no funcionamiento del Consejo Gremial de la Ense\u00f1anza Privada.<br \/>\nPor \u00faltimo, SADOP reclama la urgente actualizaci\u00f3n del Fondo Nacional de Incentivo Docente (FONID), otra herramienta de sensible importancia para los docentes, que se encuentra congelada desde 2016.<br \/>\nMar\u00eda Lazzaro<br \/>\nSecretaria General<br \/>\nSADOP \u2013 CDN<br \/>\nGerardo Alzamora<br \/>\nSecretario de Comunicaci\u00f3n y Prensa<br \/>\nSADOP \u2013 CDN<\/p>\n","protected":false},"excerpt":{"rendered":"<p>El Sindicato Argentino de Docentes Privados (SADOP) convoca a un paro por 48 horas para los d\u00edas 6 y 7 de marzo, para exigir la urgente convocatoria a la Paritaria Federal Docente, en el marco del art\u00edculo 10 de la Ley 26.075. Asimismo, convoca a movilizar al Ministerio de Educaci\u00f3n el 6 de marzo.<\/p>\n","protected":false},"author":3,"featured_media":1184,"comment_status":"closed","ping_status":"open","sticky":false,"template":"","format":"standard","meta":{"footnotes":""},"categories":[34],"tags":[],"class_list":["post-29305","post","type-post","status-publish","format-standard","has-post-thumbnail","hentry","category-educacion"],"yoast_head":"<!-- This site is optimized with the Yoast SEO plugin v25.9 - https:\/\/yoast.com\/wordpress\/plugins\/seo\/ -->\n<title>SADOP Informa PARO NACIONAL 7 y 8 de Marzo - Noticias Radio Reflejos<\/title>\n<meta name=\"robots\" content=\"index, follow, max-snippet:-1, max-image-preview:large, max-video-preview:-1\" \/>\n<link rel=\"canonical\" href=\"https:\/\/www.noticiasradioreflejos.com.ar\/2021\/sadop-informa-paro-nacional-7-y-8-de-marzo\/\" \/>\n<meta property=\"og:locale\" content=\"es_ES\" \/>\n<meta property=\"og:type\" content=\"article\" \/>\n<meta property=\"og:title\" content=\"SADOP Informa PARO NACIONAL 7 y 8 de Marzo - Noticias Radio Reflejos\" \/>\n<meta property=\"og:description\" content=\"El Sindicato Argentino de Docentes Privados (SADOP) convoca a un paro por 48 horas para los d\u00edas 6 y 7 de marzo, para exigir la urgente convocatoria a la Paritaria Federal Docente, en el marco del art\u00edculo 10 de la Ley 26.075. Asimismo, convoca a movilizar al Ministerio de Educaci\u00f3n el 6 de marzo.\" \/>\n<meta property=\"og:url\" content=\"https:\/\/www.noticiasradioreflejos.com.ar\/2021\/sadop-informa-paro-nacional-7-y-8-de-marzo\/\" \/>\n<meta property=\"og:site_name\" content=\"Noticias Radio Reflejos\" \/>\n<meta property=\"article:published_time\" content=\"2019-03-01T10:45:32+00:00\" \/>\n<meta property=\"og:image\" content=\"https:\/\/www.noticiasradioreflejos.com.ar\/2021\/wp-content\/uploads\/2016\/09\/paro-docente.jpg\" \/>\n\t<meta property=\"og:image:width\" content=\"746\" \/>\n\t<meta property=\"og:image:height\" content=\"418\" \/>\n\t<meta property=\"og:image:type\" content=\"image\/jpeg\" \/>\n<meta name=\"author\" content=\"Arnaldo Botto\" \/>\n<meta name=\"twitter:card\" content=\"summary_large_image\" \/>\n<script type=\"application\/ld+json\" class=\"yoast-schema-graph\">{\"@context\":\"https:\/\/schema.org\",\"@graph\":[{\"@type\":\"WebPage\",\"@id\":\"https:\/\/www.noticiasradioreflejos.com.ar\/2021\/sadop-informa-paro-nacional-7-y-8-de-marzo\/\",\"url\":\"https:\/\/www.noticiasradioreflejos.com.ar\/2021\/sadop-informa-paro-nacional-7-y-8-de-marzo\/\",\"name\":\"SADOP Informa PARO NACIONAL 7 y 8 de Marzo - Noticias Radio Reflejos\",\"isPartOf\":{\"@id\":\"https:\/\/www.noticiasradioreflejos.com.ar\/2021\/#website\"},\"primaryImageOfPage\":{\"@id\":\"https:\/\/www.noticiasradioreflejos.com.ar\/2021\/sadop-informa-paro-nacional-7-y-8-de-marzo\/#primaryimage\"},\"image\":{\"@id\":\"https:\/\/www.noticiasradioreflejos.com.ar\/2021\/sadop-informa-paro-nacional-7-y-8-de-marzo\/#primaryimage\"},\"thumbnailUrl\":\"https:\/\/www.noticiasradioreflejos.com.ar\/2021\/wp-content\/uploads\/2016\/09\/paro-docente.jpg\",\"datePublished\":\"2019-03-01T10:45:32+00:00\",\"author\":{\"@id\":\"https:\/\/www.noticiasradioreflejos.com.ar\/2021\/#\/schema\/person\/ad82545263dcc5ec0996818884fd5fb1\"},\"breadcrumb\":{\"@id\":\"https:\/\/www.noticiasradioreflejos.com.ar\/2021\/sadop-informa-paro-nacional-7-y-8-de-marzo\/#breadcrumb\"},\"inLanguage\":\"es\",\"potentialAction\":[{\"@type\":\"ReadAction\",\"target\":[\"https:\/\/www.noticiasradioreflejos.com.ar\/2021\/sadop-informa-paro-nacional-7-y-8-de-marzo\/\"]}]},{\"@type\":\"ImageObject\",\"inLanguage\":\"es\",\"@id\":\"https:\/\/www.noticiasradioreflejos.com.ar\/2021\/sadop-informa-paro-nacional-7-y-8-de-marzo\/#primaryimage\",\"url\":\"https:\/\/www.noticiasradioreflejos.com.ar\/2021\/wp-content\/uploads\/2016\/09\/paro-docente.jpg\",\"contentUrl\":\"https:\/\/www.noticiasradioreflejos.com.ar\/2021\/wp-content\/uploads\/2016\/09\/paro-docente.jpg\",\"width\":746,\"height\":418},{\"@type\":\"BreadcrumbList\",\"@id\":\"https:\/\/www.noticiasradioreflejos.com.ar\/2021\/sadop-informa-paro-nacional-7-y-8-de-marzo\/#breadcrumb\",\"itemListElement\":[{\"@type\":\"ListItem\",\"position\":1,\"name\":\"Portada\",\"item\":\"https:\/\/www.noticiasradioreflejos.com.ar\/2021\/\"},{\"@type\":\"ListItem\",\"position\":2,\"name\":\"SADOP Informa PARO NACIONAL 7 y 8 de Marzo\"}]},{\"@type\":\"WebSite\",\"@id\":\"https:\/\/www.noticiasradioreflejos.com.ar\/2021\/#website\",\"url\":\"https:\/\/www.noticiasradioreflejos.com.ar\/2021\/\",\"name\":\"Noticias Radio Reflejos\",\"description\":\"Las noticias de mi comarca\",\"potentialAction\":[{\"@type\":\"SearchAction\",\"target\":{\"@type\":\"EntryPoint\",\"urlTemplate\":\"https:\/\/www.noticiasradioreflejos.com.ar\/2021\/?s={search_term_string}\"},\"query-input\":{\"@type\":\"PropertyValueSpecification\",\"valueRequired\":true,\"valueName\":\"search_term_string\"}}],\"inLanguage\":\"es\"},{\"@type\":\"Person\",\"@id\":\"https:\/\/www.noticiasradioreflejos.com.ar\/2021\/#\/schema\/person\/ad82545263dcc5ec0996818884fd5fb1\",\"name\":\"Arnaldo Botto\",\"image\":{\"@type\":\"ImageObject\",\"inLanguage\":\"es\",\"@id\":\"https:\/\/www.noticiasradioreflejos.com.ar\/2021\/#\/schema\/person\/image\/\",\"url\":\"https:\/\/secure.gravatar.com\/avatar\/55cb5e37c1efa326397366e6974cb338056df65cb50e7d64d1cf314e87504837?s=96&d=mm&r=g\",\"contentUrl\":\"https:\/\/secure.gravatar.com\/avatar\/55cb5e37c1efa326397366e6974cb338056df65cb50e7d64d1cf314e87504837?s=96&d=mm&r=g\",\"caption\":\"Arnaldo Botto\"},\"url\":\"https:\/\/www.noticiasradioreflejos.com.ar\/2021\/author\/arnaldo\/\"}]}<\/script>\n<!-- \/ Yoast SEO plugin. -->","yoast_head_json":{"title":"SADOP Informa PARO NACIONAL 7 y 8 de Marzo - Noticias Radio Reflejos","robots":{"index":"index","follow":"follow","max-snippet":"max-snippet:-1","max-image-preview":"max-image-preview:large","max-video-preview":"max-video-preview:-1"},"canonical":"https:\/\/www.noticiasradioreflejos.com.ar\/2021\/sadop-informa-paro-nacional-7-y-8-de-marzo\/","og_locale":"es_ES","og_type":"article","og_title":"SADOP Informa PARO NACIONAL 7 y 8 de Marzo - Noticias Radio Reflejos","og_description":"El Sindicato Argentino de Docentes Privados (SADOP) convoca a un paro por 48 horas para los d\u00edas 6 y 7 de marzo, para exigir la urgente convocatoria a la Paritaria Federal Docente, en el marco del art\u00edculo 10 de la Ley 26.075. Asimismo, convoca a movilizar al Ministerio de Educaci\u00f3n el 6 de marzo.","og_url":"https:\/\/www.noticiasradioreflejos.com.ar\/2021\/sadop-informa-paro-nacional-7-y-8-de-marzo\/","og_site_name":"Noticias Radio Reflejos","article_published_time":"2019-03-01T10:45:32+00:00","og_image":[{"width":746,"height":418,"url":"https:\/\/www.noticiasradioreflejos.com.ar\/2021\/wp-content\/uploads\/2016\/09\/paro-docente.jpg","type":"image\/jpeg"}],"author":"Arnaldo Botto","twitter_card":"summary_large_image","schema":{"@context":"https:\/\/schema.org","@graph":[{"@type":"WebPage","@id":"https:\/\/www.noticiasradioreflejos.com.ar\/2021\/sadop-informa-paro-nacional-7-y-8-de-marzo\/","url":"https:\/\/www.noticiasradioreflejos.com.ar\/2021\/sadop-informa-paro-nacional-7-y-8-de-marzo\/","name":"SADOP Informa PARO NACIONAL 7 y 8 de Marzo - Noticias Radio Reflejos","isPartOf":{"@id":"https:\/\/www.noticiasradioreflejos.com.ar\/2021\/#website"},"primaryImageOfPage":{"@id":"https:\/\/www.noticiasradioreflejos.com.ar\/2021\/sadop-informa-paro-nacional-7-y-8-de-marzo\/#primaryimage"},"image":{"@id":"https:\/\/www.noticiasradioreflejos.com.ar\/2021\/sadop-informa-paro-nacional-7-y-8-de-marzo\/#primaryimage"},"thumbnailUrl":"https:\/\/www.noticiasradioreflejos.com.ar\/2021\/wp-content\/uploads\/2016\/09\/paro-docente.jpg","datePublished":"2019-03-01T10:45:32+00:00","author":{"@id":"https:\/\/www.noticiasradioreflejos.com.ar\/2021\/#\/schema\/person\/ad82545263dcc5ec0996818884fd5fb1"},"breadcrumb":{"@id":"https:\/\/www.noticiasradioreflejos.com.ar\/2021\/sadop-informa-paro-nacional-7-y-8-de-marzo\/#breadcrumb"},"inLanguage":"es","potentialAction":[{"@type":"ReadAction","target":["https:\/\/www.noticiasradioreflejos.com.ar\/2021\/sadop-informa-paro-nacional-7-y-8-de-marzo\/"]}]},{"@type":"ImageObject","inLanguage":"es","@id":"https:\/\/www.noticiasradioreflejos.com.ar\/2021\/sadop-informa-paro-nacional-7-y-8-de-marzo\/#primaryimage","url":"https:\/\/www.noticiasradioreflejos.com.ar\/2021\/wp-content\/uploads\/2016\/09\/paro-docente.jpg","contentUrl":"https:\/\/www.noticiasradioreflejos.com.ar\/2021\/wp-content\/uploads\/2016\/09\/paro-docente.jpg","width":746,"height":418},{"@type":"BreadcrumbList","@id":"https:\/\/www.noticiasradioreflejos.com.ar\/2021\/sadop-informa-paro-nacional-7-y-8-de-marzo\/#breadcrumb","itemListElement":[{"@type":"ListItem","position":1,"name":"Portada","item":"https:\/\/www.noticiasradioreflejos.com.ar\/2021\/"},{"@type":"ListItem","position":2,"name":"SADOP Informa PARO NACIONAL 7 y 8 de Marzo"}]},{"@type":"WebSite","@id":"https:\/\/www.noticiasradioreflejos.com.ar\/2021\/#website","url":"https:\/\/www.noticiasradioreflejos.com.ar\/2021\/","name":"Noticias Radio Reflejos","description":"Las noticias de mi comarca","potentialAction":[{"@type":"SearchAction","target":{"@type":"EntryPoint","urlTemplate":"https:\/\/www.noticiasradioreflejos.com.ar\/2021\/?s={search_term_string}"},"query-input":{"@type":"PropertyValueSpecification","valueRequired":true,"valueName":"search_term_string"}}],"inLanguage":"es"},{"@type":"Person","@id":"https:\/\/www.noticiasradioreflejos.com.ar\/2021\/#\/schema\/person\/ad82545263dcc5ec0996818884fd5fb1","name":"Arnaldo Botto","image":{"@type":"ImageObject","inLanguage":"es","@id":"https:\/\/www.noticiasradioreflejos.com.ar\/2021\/#\/schema\/person\/image\/","url":"https:\/\/secure.gravatar.com\/avatar\/55cb5e37c1efa326397366e6974cb338056df65cb50e7d64d1cf314e87504837?s=96&d=mm&r=g","contentUrl":"https:\/\/secure.gravatar.com\/avatar\/55cb5e37c1efa326397366e6974cb338056df65cb50e7d64d1cf314e87504837?s=96&d=mm&r=g","caption":"Arnaldo Botto"},"url":"https:\/\/www.noticiasradioreflejos.com.ar\/2021\/author\/arnaldo\/"}]}},"_links":{"self":[{"href":"https:\/\/www.noticiasradioreflejos.com.ar\/2021\/wp-json\/wp\/v2\/posts\/29305","targetHints":{"allow":["GET"]}}],"collection":[{"href":"https:\/\/www.noticiasradioreflejos.com.ar\/2021\/wp-json\/wp\/v2\/posts"}],"about":[{"href":"https:\/\/www.noticiasradioreflejos.com.ar\/2021\/wp-json\/wp\/v2\/types\/post"}],"author":[{"embeddable":true,"href":"https:\/\/www.noticiasradioreflejos.com.ar\/2021\/wp-json\/wp\/v2\/users\/3"}],"replies":[{"embeddable":true,"href":"https:\/\/www.noticiasradioreflejos.com.ar\/2021\/wp-json\/wp\/v2\/comments?post=29305"}],"version-history":[{"count":0,"href":"https:\/\/www.noticiasradioreflejos.com.ar\/2021\/wp-json\/wp\/v2\/posts\/29305\/revisions"}],"wp:featuredmedia":[{"embeddable":true,"href":"https:\/\/www.noticiasradioreflejos.com.ar\/2021\/wp-json\/wp\/v2\/media\/1184"}],"wp:attachment":[{"href":"https:\/\/www.noticiasradioreflejos.com.ar\/2021\/wp-json\/wp\/v2\/media?parent=29305"}],"wp:term":[{"taxonomy":"category","embeddable":true,"href":"https:\/\/www.noticiasradioreflejos.com.ar\/2021\/wp-json\/wp\/v2\/categories?post=29305"},{"taxonomy":"post_tag","embeddable":true,"href":"https:\/\/www.noticiasradioreflejos.com.ar\/2021\/wp-json\/wp\/v2\/tags?post=29305"}],"curies":[{"name":"wp","href":"https:\/\/api.w.org\/{rel}","templated":true}]}}