{"id":29302,"date":"2019-02-28T12:11:56","date_gmt":"2019-02-28T15:11:56","guid":{"rendered":"http:\/\/www.noticiasradioreflejos.com.ar\/noticias\/?p=29302"},"modified":"2019-02-28T12:11:56","modified_gmt":"2019-02-28T15:11:56","slug":"inscripcion-a-la-primera-etapa-del-plan-fines-deudores-de-materias","status":"publish","type":"post","link":"https:\/\/www.noticiasradioreflejos.com.ar\/2021\/inscripcion-a-la-primera-etapa-del-plan-fines-deudores-de-materias\/","title":{"rendered":"Inscripci\u00f3n a la primera etapa del  Plan Fines Deudores de Materias."},"content":{"rendered":"<p><a title=\"Sin t\u00edtulo\" href=\"http:\/\/farm8.staticflickr.com\/7825\/46323901475_a9c0ec007a_o.jpg\" rel=\"\"><img loading=\"lazy\" decoding=\"async\" class=\"alignleft\" style=\"float: left;\" title=\"Sin t\u00edtulo\" src=\"http:\/\/farm8.staticflickr.com\/7825\/46323901475_a9c0ec007a_o.jpg\" alt=\"Sin t\u00edtulo\" width=\"327\" height=\"470\" \/><\/a>Jefatura Distrital de Tornquist y el C.E.N.S. N\u00b0 451 informan que se encuentra abierta la inscripci\u00f3n a la primera etapa del Plan Fines Deudores de Materias. Esta oportunidad educativa ofrece a todas aquellas personas que han terminado de cursar la Escuela Secundaria o que han abandonado adeudando materias; la posibilidad de terminar un a\u00f1o y anotarse en el siguiente o titular, seg\u00fan sea el caso particular.<!--more--><br \/>\nEste ciclo contar\u00e1 con la posibilidad de SIMULTANEIDAD, es decir, los Adultos que deban a\u00f1os y materias pueden anotarse en las tutor\u00edas del Plan FinEs Deudores mientras cursan los a\u00f1os restantes en cualquiera de las otras ofertas de la Modalidad. De esta manera, ya no tienen que esperar a finalizar el per\u00edodo incompleto para luego comenzar el a\u00f1o inmediato superior.<br \/>\nLas inscripciones ya se encuentran abiertas de lunes a viernes, de 19 a 21 hs en la sede de la escuela, sito en calles La Plata y Victoria de Saldungaray. Tambi\u00e9n en Jefatura Distrital de Tornquist de lunes a viernes de 8:00 a 12:00 hs.<br \/>\nSe recuerda que todos los interesados deber\u00e1n completar una planilla de inscripci\u00f3n en los lugares anteriormente mencionados.<br \/>\nREQUISITOS<br \/>\nPresentar DNI y constancia de los a\u00f1os cursados y las materias\/\u00e1reas o espacios curriculares adeudados.<br \/>\nPara el caso de los estudiantes que no tengan en su poder la constancia indicada y a los efectos de propiciar su inscripci\u00f3n, cumplimentar\u00e1n una Declaraci\u00f3n Jurada donde constar\u00e1 su trayectoria escolar. La documentaci\u00f3n faltante deber\u00e1 presentarse indefectiblemente a las autoridades de la propuesta para la obtenci\u00f3n de los certificados de examen.<\/p>\n","protected":false},"excerpt":{"rendered":"<p>Jefatura Distrital de Tornquist y el C.E.N.S. N\u00b0 451 informan que se encuentra abierta la inscripci\u00f3n a la primera etapa del Plan Fines Deudores de Materias. Esta oportunidad educativa ofrece a todas aquellas personas que han terminado de cursar la Escuela Secundaria o que han abandonado adeudando materias; la posibilidad de terminar un a\u00f1o y [&hellip;]<\/p>\n","protected":false},"author":3,"featured_media":0,"comment_status":"closed","ping_status":"open","sticky":false,"template":"","format":"standard","meta":{"footnotes":""},"categories":[34],"tags":[],"class_list":["post-29302","post","type-post","status-publish","format-standard","hentry","category-educacion"],"yoast_head":"<!-- This site is optimized with the Yoast SEO plugin v25.9 - https:\/\/yoast.com\/wordpress\/plugins\/seo\/ -->\n<title>Inscripci\u00f3n a la primera etapa del Plan Fines Deudores de Materias. - Noticias Radio Reflejos<\/title>\n<meta name=\"robots\" content=\"index, follow, max-snippet:-1, max-image-preview:large, max-video-preview:-1\" \/>\n<link rel=\"canonical\" href=\"https:\/\/www.noticiasradioreflejos.com.ar\/2021\/inscripcion-a-la-primera-etapa-del-plan-fines-deudores-de-materias\/\" \/>\n<meta property=\"og:locale\" content=\"es_ES\" \/>\n<meta property=\"og:type\" content=\"article\" \/>\n<meta property=\"og:title\" content=\"Inscripci\u00f3n a la primera etapa del Plan Fines Deudores de Materias. - Noticias Radio Reflejos\" \/>\n<meta property=\"og:description\" content=\"Jefatura Distrital de Tornquist y el C.E.N.S. N\u00b0 451 informan que se encuentra abierta la inscripci\u00f3n a la primera etapa del Plan Fines Deudores de Materias. Esta oportunidad educativa ofrece a todas aquellas personas que han terminado de cursar la Escuela Secundaria o que han abandonado adeudando materias; la posibilidad de terminar un a\u00f1o y [&hellip;]\" \/>\n<meta property=\"og:url\" content=\"https:\/\/www.noticiasradioreflejos.com.ar\/2021\/inscripcion-a-la-primera-etapa-del-plan-fines-deudores-de-materias\/\" \/>\n<meta property=\"og:site_name\" content=\"Noticias Radio Reflejos\" \/>\n<meta property=\"article:published_time\" content=\"2019-02-28T15:11:56+00:00\" \/>\n<meta property=\"og:image\" content=\"http:\/\/farm8.staticflickr.com\/7825\/46323901475_a9c0ec007a_o.jpg\" \/>\n<meta name=\"author\" content=\"Arnaldo Botto\" \/>\n<meta name=\"twitter:card\" content=\"summary_large_image\" \/>\n<script type=\"application\/ld+json\" class=\"yoast-schema-graph\">{\"@context\":\"https:\/\/schema.org\",\"@graph\":[{\"@type\":\"WebPage\",\"@id\":\"https:\/\/www.noticiasradioreflejos.com.ar\/2021\/inscripcion-a-la-primera-etapa-del-plan-fines-deudores-de-materias\/\",\"url\":\"https:\/\/www.noticiasradioreflejos.com.ar\/2021\/inscripcion-a-la-primera-etapa-del-plan-fines-deudores-de-materias\/\",\"name\":\"Inscripci\u00f3n a la primera etapa del Plan Fines Deudores de Materias. - Noticias Radio Reflejos\",\"isPartOf\":{\"@id\":\"https:\/\/www.noticiasradioreflejos.com.ar\/2021\/#website\"},\"primaryImageOfPage\":{\"@id\":\"https:\/\/www.noticiasradioreflejos.com.ar\/2021\/inscripcion-a-la-primera-etapa-del-plan-fines-deudores-de-materias\/#primaryimage\"},\"image\":{\"@id\":\"https:\/\/www.noticiasradioreflejos.com.ar\/2021\/inscripcion-a-la-primera-etapa-del-plan-fines-deudores-de-materias\/#primaryimage\"},\"thumbnailUrl\":\"http:\/\/farm8.staticflickr.com\/7825\/46323901475_a9c0ec007a_o.jpg\",\"datePublished\":\"2019-02-28T15:11:56+00:00\",\"author\":{\"@id\":\"https:\/\/www.noticiasradioreflejos.com.ar\/2021\/#\/schema\/person\/ad82545263dcc5ec0996818884fd5fb1\"},\"breadcrumb\":{\"@id\":\"https:\/\/www.noticiasradioreflejos.com.ar\/2021\/inscripcion-a-la-primera-etapa-del-plan-fines-deudores-de-materias\/#breadcrumb\"},\"inLanguage\":\"es\",\"potentialAction\":[{\"@type\":\"ReadAction\",\"target\":[\"https:\/\/www.noticiasradioreflejos.com.ar\/2021\/inscripcion-a-la-primera-etapa-del-plan-fines-deudores-de-materias\/\"]}]},{\"@type\":\"ImageObject\",\"inLanguage\":\"es\",\"@id\":\"https:\/\/www.noticiasradioreflejos.com.ar\/2021\/inscripcion-a-la-primera-etapa-del-plan-fines-deudores-de-materias\/#primaryimage\",\"url\":\"http:\/\/farm8.staticflickr.com\/7825\/46323901475_a9c0ec007a_o.jpg\",\"contentUrl\":\"http:\/\/farm8.staticflickr.com\/7825\/46323901475_a9c0ec007a_o.jpg\"},{\"@type\":\"BreadcrumbList\",\"@id\":\"https:\/\/www.noticiasradioreflejos.com.ar\/2021\/inscripcion-a-la-primera-etapa-del-plan-fines-deudores-de-materias\/#breadcrumb\",\"itemListElement\":[{\"@type\":\"ListItem\",\"position\":1,\"name\":\"Portada\",\"item\":\"https:\/\/www.noticiasradioreflejos.com.ar\/2021\/\"},{\"@type\":\"ListItem\",\"position\":2,\"name\":\"Inscripci\u00f3n a la primera etapa del Plan Fines Deudores de Materias.\"}]},{\"@type\":\"WebSite\",\"@id\":\"https:\/\/www.noticiasradioreflejos.com.ar\/2021\/#website\",\"url\":\"https:\/\/www.noticiasradioreflejos.com.ar\/2021\/\",\"name\":\"Noticias Radio Reflejos\",\"description\":\"Las noticias de mi comarca\",\"potentialAction\":[{\"@type\":\"SearchAction\",\"target\":{\"@type\":\"EntryPoint\",\"urlTemplate\":\"https:\/\/www.noticiasradioreflejos.com.ar\/2021\/?s={search_term_string}\"},\"query-input\":{\"@type\":\"PropertyValueSpecification\",\"valueRequired\":true,\"valueName\":\"search_term_string\"}}],\"inLanguage\":\"es\"},{\"@type\":\"Person\",\"@id\":\"https:\/\/www.noticiasradioreflejos.com.ar\/2021\/#\/schema\/person\/ad82545263dcc5ec0996818884fd5fb1\",\"name\":\"Arnaldo Botto\",\"image\":{\"@type\":\"ImageObject\",\"inLanguage\":\"es\",\"@id\":\"https:\/\/www.noticiasradioreflejos.com.ar\/2021\/#\/schema\/person\/image\/\",\"url\":\"https:\/\/secure.gravatar.com\/avatar\/55cb5e37c1efa326397366e6974cb338056df65cb50e7d64d1cf314e87504837?s=96&d=mm&r=g\",\"contentUrl\":\"https:\/\/secure.gravatar.com\/avatar\/55cb5e37c1efa326397366e6974cb338056df65cb50e7d64d1cf314e87504837?s=96&d=mm&r=g\",\"caption\":\"Arnaldo Botto\"},\"url\":\"https:\/\/www.noticiasradioreflejos.com.ar\/2021\/author\/arnaldo\/\"}]}<\/script>\n<!-- \/ Yoast SEO plugin. -->","yoast_head_json":{"title":"Inscripci\u00f3n a la primera etapa del Plan Fines Deudores de Materias. - Noticias Radio Reflejos","robots":{"index":"index","follow":"follow","max-snippet":"max-snippet:-1","max-image-preview":"max-image-preview:large","max-video-preview":"max-video-preview:-1"},"canonical":"https:\/\/www.noticiasradioreflejos.com.ar\/2021\/inscripcion-a-la-primera-etapa-del-plan-fines-deudores-de-materias\/","og_locale":"es_ES","og_type":"article","og_title":"Inscripci\u00f3n a la primera etapa del Plan Fines Deudores de Materias. - Noticias Radio Reflejos","og_description":"Jefatura Distrital de Tornquist y el C.E.N.S. N\u00b0 451 informan que se encuentra abierta la inscripci\u00f3n a la primera etapa del Plan Fines Deudores de Materias. Esta oportunidad educativa ofrece a todas aquellas personas que han terminado de cursar la Escuela Secundaria o que han abandonado adeudando materias; la posibilidad de terminar un a\u00f1o y [&hellip;]","og_url":"https:\/\/www.noticiasradioreflejos.com.ar\/2021\/inscripcion-a-la-primera-etapa-del-plan-fines-deudores-de-materias\/","og_site_name":"Noticias Radio Reflejos","article_published_time":"2019-02-28T15:11:56+00:00","og_image":[{"url":"http:\/\/farm8.staticflickr.com\/7825\/46323901475_a9c0ec007a_o.jpg","type":"","width":"","height":""}],"author":"Arnaldo Botto","twitter_card":"summary_large_image","schema":{"@context":"https:\/\/schema.org","@graph":[{"@type":"WebPage","@id":"https:\/\/www.noticiasradioreflejos.com.ar\/2021\/inscripcion-a-la-primera-etapa-del-plan-fines-deudores-de-materias\/","url":"https:\/\/www.noticiasradioreflejos.com.ar\/2021\/inscripcion-a-la-primera-etapa-del-plan-fines-deudores-de-materias\/","name":"Inscripci\u00f3n a la primera etapa del Plan Fines Deudores de Materias. - Noticias Radio Reflejos","isPartOf":{"@id":"https:\/\/www.noticiasradioreflejos.com.ar\/2021\/#website"},"primaryImageOfPage":{"@id":"https:\/\/www.noticiasradioreflejos.com.ar\/2021\/inscripcion-a-la-primera-etapa-del-plan-fines-deudores-de-materias\/#primaryimage"},"image":{"@id":"https:\/\/www.noticiasradioreflejos.com.ar\/2021\/inscripcion-a-la-primera-etapa-del-plan-fines-deudores-de-materias\/#primaryimage"},"thumbnailUrl":"http:\/\/farm8.staticflickr.com\/7825\/46323901475_a9c0ec007a_o.jpg","datePublished":"2019-02-28T15:11:56+00:00","author":{"@id":"https:\/\/www.noticiasradioreflejos.com.ar\/2021\/#\/schema\/person\/ad82545263dcc5ec0996818884fd5fb1"},"breadcrumb":{"@id":"https:\/\/www.noticiasradioreflejos.com.ar\/2021\/inscripcion-a-la-primera-etapa-del-plan-fines-deudores-de-materias\/#breadcrumb"},"inLanguage":"es","potentialAction":[{"@type":"ReadAction","target":["https:\/\/www.noticiasradioreflejos.com.ar\/2021\/inscripcion-a-la-primera-etapa-del-plan-fines-deudores-de-materias\/"]}]},{"@type":"ImageObject","inLanguage":"es","@id":"https:\/\/www.noticiasradioreflejos.com.ar\/2021\/inscripcion-a-la-primera-etapa-del-plan-fines-deudores-de-materias\/#primaryimage","url":"http:\/\/farm8.staticflickr.com\/7825\/46323901475_a9c0ec007a_o.jpg","contentUrl":"http:\/\/farm8.staticflickr.com\/7825\/46323901475_a9c0ec007a_o.jpg"},{"@type":"BreadcrumbList","@id":"https:\/\/www.noticiasradioreflejos.com.ar\/2021\/inscripcion-a-la-primera-etapa-del-plan-fines-deudores-de-materias\/#breadcrumb","itemListElement":[{"@type":"ListItem","position":1,"name":"Portada","item":"https:\/\/www.noticiasradioreflejos.com.ar\/2021\/"},{"@type":"ListItem","position":2,"name":"Inscripci\u00f3n a la primera etapa del Plan Fines Deudores de Materias."}]},{"@type":"WebSite","@id":"https:\/\/www.noticiasradioreflejos.com.ar\/2021\/#website","url":"https:\/\/www.noticiasradioreflejos.com.ar\/2021\/","name":"Noticias Radio Reflejos","description":"Las noticias de mi comarca","potentialAction":[{"@type":"SearchAction","target":{"@type":"EntryPoint","urlTemplate":"https:\/\/www.noticiasradioreflejos.com.ar\/2021\/?s={search_term_string}"},"query-input":{"@type":"PropertyValueSpecification","valueRequired":true,"valueName":"search_term_string"}}],"inLanguage":"es"},{"@type":"Person","@id":"https:\/\/www.noticiasradioreflejos.com.ar\/2021\/#\/schema\/person\/ad82545263dcc5ec0996818884fd5fb1","name":"Arnaldo Botto","image":{"@type":"ImageObject","inLanguage":"es","@id":"https:\/\/www.noticiasradioreflejos.com.ar\/2021\/#\/schema\/person\/image\/","url":"https:\/\/secure.gravatar.com\/avatar\/55cb5e37c1efa326397366e6974cb338056df65cb50e7d64d1cf314e87504837?s=96&d=mm&r=g","contentUrl":"https:\/\/secure.gravatar.com\/avatar\/55cb5e37c1efa326397366e6974cb338056df65cb50e7d64d1cf314e87504837?s=96&d=mm&r=g","caption":"Arnaldo Botto"},"url":"https:\/\/www.noticiasradioreflejos.com.ar\/2021\/author\/arnaldo\/"}]}},"_links":{"self":[{"href":"https:\/\/www.noticiasradioreflejos.com.ar\/2021\/wp-json\/wp\/v2\/posts\/29302","targetHints":{"allow":["GET"]}}],"collection":[{"href":"https:\/\/www.noticiasradioreflejos.com.ar\/2021\/wp-json\/wp\/v2\/posts"}],"about":[{"href":"https:\/\/www.noticiasradioreflejos.com.ar\/2021\/wp-json\/wp\/v2\/types\/post"}],"author":[{"embeddable":true,"href":"https:\/\/www.noticiasradioreflejos.com.ar\/2021\/wp-json\/wp\/v2\/users\/3"}],"replies":[{"embeddable":true,"href":"https:\/\/www.noticiasradioreflejos.com.ar\/2021\/wp-json\/wp\/v2\/comments?post=29302"}],"version-history":[{"count":0,"href":"https:\/\/www.noticiasradioreflejos.com.ar\/2021\/wp-json\/wp\/v2\/posts\/29302\/revisions"}],"wp:attachment":[{"href":"https:\/\/www.noticiasradioreflejos.com.ar\/2021\/wp-json\/wp\/v2\/media?parent=29302"}],"wp:term":[{"taxonomy":"category","embeddable":true,"href":"https:\/\/www.noticiasradioreflejos.com.ar\/2021\/wp-json\/wp\/v2\/categories?post=29302"},{"taxonomy":"post_tag","embeddable":true,"href":"https:\/\/www.noticiasradioreflejos.com.ar\/2021\/wp-json\/wp\/v2\/tags?post=29302"}],"curies":[{"name":"wp","href":"https:\/\/api.w.org\/{rel}","templated":true}]}}