{"id":29288,"date":"2019-02-28T07:38:29","date_gmt":"2019-02-28T10:38:29","guid":{"rendered":"http:\/\/www.noticiasradioreflejos.com.ar\/noticias\/?p=29288"},"modified":"2019-02-28T07:38:29","modified_gmt":"2019-02-28T10:38:29","slug":"allanamiento-positivo-y-aprehension-por-los-hechos-delnictivos-en-sierra-de-la-ventana","status":"publish","type":"post","link":"https:\/\/www.noticiasradioreflejos.com.ar\/2021\/allanamiento-positivo-y-aprehension-por-los-hechos-delnictivos-en-sierra-de-la-ventana\/","title":{"rendered":"Allanamiento positivo y aprehensi\u00f3n por los hechos delictivos en Sierra de la Ventana."},"content":{"rendered":"<p><a title=\"IMG-20190227-WA0017\" href=\"http:\/\/farm8.staticflickr.com\/7850\/46513004974_3f71e4d0a8.jpg\" rel=\"\"><img loading=\"lazy\" decoding=\"async\" class=\"alignleft\" style=\"float: left;\" title=\"IMG-20190227-WA0017\" src=\"http:\/\/farm8.staticflickr.com\/7850\/46513004974_3f71e4d0a8.jpg\" alt=\"IMG-20190227-WA0017\" width=\"500\" height=\"375\" \/><\/a>Parte de prensa de La Secretaria de Seguridad del Partido de Tornquist.<!--more--><br \/>\nSe lleva a conocimiento de la poblaci\u00f3n, que a ra\u00edz de las denuncias efectuadas con fecha 26 del mes y a\u00f1o en curso en la Sub Estaci\u00f3n de Polic\u00eda Comunal de Sierra de la Ventana, por los ciudadanos Carlos Milanesio propietario de una parrilla denominada \u201cEl Viejo Pampa\u201d y Karina Ve\u00f1y propietaria del local comercial \u201cLa Maison de Amelie\u201d, quienes denunciaran que autor\/es ignorado\/s sustrajeran dinero en efectivo; es que personal policial de dicha dependencia llev\u00f3 a cabo amplias tareas investigativas, como revisi\u00f3n de registros f\u00edlmicos de c\u00e1maras de seguridad ubicadas en domicilios lindantes, a los efectos de dar con el autor\/es de los hechos denunciados. Es as\u00ed que en el mismo d\u00eda se procedi\u00f3 a la APREHENSION del ciudadano SEBASTIAN EZEQUIEL CARRAZAN, de 34 a\u00f1os de edad, oriundo de Neuqu\u00e9n, quien result\u00f3 ser el sujeto visto en los registros f\u00edlmicos, secuestr\u00e1ndose en poder del mentado Carrazan una mochila y un par de zapatillas como as\u00ed dinero en efectivo, realiz\u00e1ndose un cotejo por personal de Polic\u00eda Cient\u00edfica, de las huellas de calzado recolectada en uno de los locales con las zapatillas que llevara colocada Carrazan, resultando ser de similares caracter\u00edsticas, por lo que habi\u00e9ndose obtenidos medios de pruebas suficientes, se solicit\u00f3 al magistrado judicial la respectiva ORDEN DE ALLANAMIENTO para el lugar donde Carrazan se hallaba alojado, efectiviz\u00e1ndose la diligencia judicial en el d\u00eda de la fecha, donde realizada la misma se obtuvieron resultados positivos.-<br \/>\nSECRETARIA DE SEGURIDAD \u2013 MUNICIPALIDAD DE TORNQUIST<br \/>\nFEBRERO 27 DE 2019<\/p>\n","protected":false},"excerpt":{"rendered":"<p>Parte de prensa de La Secretaria de Seguridad del Partido de Tornquist.<\/p>\n","protected":false},"author":3,"featured_media":0,"comment_status":"closed","ping_status":"open","sticky":false,"template":"","format":"standard","meta":{"footnotes":""},"categories":[29],"tags":[],"class_list":["post-29288","post","type-post","status-publish","format-standard","hentry","category-policiales"],"yoast_head":"<!-- This site is optimized with the Yoast SEO plugin v25.9 - https:\/\/yoast.com\/wordpress\/plugins\/seo\/ -->\n<title>Allanamiento positivo y aprehensi\u00f3n por los hechos delictivos en Sierra de la Ventana. - Noticias Radio Reflejos<\/title>\n<meta name=\"robots\" content=\"index, follow, max-snippet:-1, max-image-preview:large, max-video-preview:-1\" \/>\n<link rel=\"canonical\" href=\"https:\/\/www.noticiasradioreflejos.com.ar\/2021\/allanamiento-positivo-y-aprehension-por-los-hechos-delnictivos-en-sierra-de-la-ventana\/\" \/>\n<meta property=\"og:locale\" content=\"es_ES\" \/>\n<meta property=\"og:type\" content=\"article\" \/>\n<meta property=\"og:title\" content=\"Allanamiento positivo y aprehensi\u00f3n por los hechos delictivos en Sierra de la Ventana. - Noticias Radio Reflejos\" \/>\n<meta property=\"og:description\" content=\"Parte de prensa de La Secretaria de Seguridad del Partido de Tornquist.\" \/>\n<meta property=\"og:url\" content=\"https:\/\/www.noticiasradioreflejos.com.ar\/2021\/allanamiento-positivo-y-aprehension-por-los-hechos-delnictivos-en-sierra-de-la-ventana\/\" \/>\n<meta property=\"og:site_name\" content=\"Noticias Radio Reflejos\" \/>\n<meta property=\"article:published_time\" content=\"2019-02-28T10:38:29+00:00\" \/>\n<meta property=\"og:image\" content=\"http:\/\/farm8.staticflickr.com\/7850\/46513004974_3f71e4d0a8.jpg\" \/>\n<meta name=\"author\" content=\"Arnaldo Botto\" \/>\n<meta name=\"twitter:card\" content=\"summary_large_image\" \/>\n<script type=\"application\/ld+json\" class=\"yoast-schema-graph\">{\"@context\":\"https:\/\/schema.org\",\"@graph\":[{\"@type\":\"WebPage\",\"@id\":\"https:\/\/www.noticiasradioreflejos.com.ar\/2021\/allanamiento-positivo-y-aprehension-por-los-hechos-delnictivos-en-sierra-de-la-ventana\/\",\"url\":\"https:\/\/www.noticiasradioreflejos.com.ar\/2021\/allanamiento-positivo-y-aprehension-por-los-hechos-delnictivos-en-sierra-de-la-ventana\/\",\"name\":\"Allanamiento positivo y aprehensi\u00f3n por los hechos delictivos en Sierra de la Ventana. - Noticias Radio Reflejos\",\"isPartOf\":{\"@id\":\"https:\/\/www.noticiasradioreflejos.com.ar\/2021\/#website\"},\"primaryImageOfPage\":{\"@id\":\"https:\/\/www.noticiasradioreflejos.com.ar\/2021\/allanamiento-positivo-y-aprehension-por-los-hechos-delnictivos-en-sierra-de-la-ventana\/#primaryimage\"},\"image\":{\"@id\":\"https:\/\/www.noticiasradioreflejos.com.ar\/2021\/allanamiento-positivo-y-aprehension-por-los-hechos-delnictivos-en-sierra-de-la-ventana\/#primaryimage\"},\"thumbnailUrl\":\"http:\/\/farm8.staticflickr.com\/7850\/46513004974_3f71e4d0a8.jpg\",\"datePublished\":\"2019-02-28T10:38:29+00:00\",\"author\":{\"@id\":\"https:\/\/www.noticiasradioreflejos.com.ar\/2021\/#\/schema\/person\/ad82545263dcc5ec0996818884fd5fb1\"},\"breadcrumb\":{\"@id\":\"https:\/\/www.noticiasradioreflejos.com.ar\/2021\/allanamiento-positivo-y-aprehension-por-los-hechos-delnictivos-en-sierra-de-la-ventana\/#breadcrumb\"},\"inLanguage\":\"es\",\"potentialAction\":[{\"@type\":\"ReadAction\",\"target\":[\"https:\/\/www.noticiasradioreflejos.com.ar\/2021\/allanamiento-positivo-y-aprehension-por-los-hechos-delnictivos-en-sierra-de-la-ventana\/\"]}]},{\"@type\":\"ImageObject\",\"inLanguage\":\"es\",\"@id\":\"https:\/\/www.noticiasradioreflejos.com.ar\/2021\/allanamiento-positivo-y-aprehension-por-los-hechos-delnictivos-en-sierra-de-la-ventana\/#primaryimage\",\"url\":\"http:\/\/farm8.staticflickr.com\/7850\/46513004974_3f71e4d0a8.jpg\",\"contentUrl\":\"http:\/\/farm8.staticflickr.com\/7850\/46513004974_3f71e4d0a8.jpg\"},{\"@type\":\"BreadcrumbList\",\"@id\":\"https:\/\/www.noticiasradioreflejos.com.ar\/2021\/allanamiento-positivo-y-aprehension-por-los-hechos-delnictivos-en-sierra-de-la-ventana\/#breadcrumb\",\"itemListElement\":[{\"@type\":\"ListItem\",\"position\":1,\"name\":\"Portada\",\"item\":\"https:\/\/www.noticiasradioreflejos.com.ar\/2021\/\"},{\"@type\":\"ListItem\",\"position\":2,\"name\":\"Allanamiento positivo y aprehensi\u00f3n por los hechos delictivos en Sierra de la Ventana.\"}]},{\"@type\":\"WebSite\",\"@id\":\"https:\/\/www.noticiasradioreflejos.com.ar\/2021\/#website\",\"url\":\"https:\/\/www.noticiasradioreflejos.com.ar\/2021\/\",\"name\":\"Noticias Radio Reflejos\",\"description\":\"Las noticias de mi comarca\",\"potentialAction\":[{\"@type\":\"SearchAction\",\"target\":{\"@type\":\"EntryPoint\",\"urlTemplate\":\"https:\/\/www.noticiasradioreflejos.com.ar\/2021\/?s={search_term_string}\"},\"query-input\":{\"@type\":\"PropertyValueSpecification\",\"valueRequired\":true,\"valueName\":\"search_term_string\"}}],\"inLanguage\":\"es\"},{\"@type\":\"Person\",\"@id\":\"https:\/\/www.noticiasradioreflejos.com.ar\/2021\/#\/schema\/person\/ad82545263dcc5ec0996818884fd5fb1\",\"name\":\"Arnaldo Botto\",\"image\":{\"@type\":\"ImageObject\",\"inLanguage\":\"es\",\"@id\":\"https:\/\/www.noticiasradioreflejos.com.ar\/2021\/#\/schema\/person\/image\/\",\"url\":\"https:\/\/secure.gravatar.com\/avatar\/55cb5e37c1efa326397366e6974cb338056df65cb50e7d64d1cf314e87504837?s=96&d=mm&r=g\",\"contentUrl\":\"https:\/\/secure.gravatar.com\/avatar\/55cb5e37c1efa326397366e6974cb338056df65cb50e7d64d1cf314e87504837?s=96&d=mm&r=g\",\"caption\":\"Arnaldo Botto\"},\"url\":\"https:\/\/www.noticiasradioreflejos.com.ar\/2021\/author\/arnaldo\/\"}]}<\/script>\n<!-- \/ Yoast SEO plugin. -->","yoast_head_json":{"title":"Allanamiento positivo y aprehensi\u00f3n por los hechos delictivos en Sierra de la Ventana. - Noticias Radio Reflejos","robots":{"index":"index","follow":"follow","max-snippet":"max-snippet:-1","max-image-preview":"max-image-preview:large","max-video-preview":"max-video-preview:-1"},"canonical":"https:\/\/www.noticiasradioreflejos.com.ar\/2021\/allanamiento-positivo-y-aprehension-por-los-hechos-delnictivos-en-sierra-de-la-ventana\/","og_locale":"es_ES","og_type":"article","og_title":"Allanamiento positivo y aprehensi\u00f3n por los hechos delictivos en Sierra de la Ventana. - Noticias Radio Reflejos","og_description":"Parte de prensa de La Secretaria de Seguridad del Partido de Tornquist.","og_url":"https:\/\/www.noticiasradioreflejos.com.ar\/2021\/allanamiento-positivo-y-aprehension-por-los-hechos-delnictivos-en-sierra-de-la-ventana\/","og_site_name":"Noticias Radio Reflejos","article_published_time":"2019-02-28T10:38:29+00:00","og_image":[{"url":"http:\/\/farm8.staticflickr.com\/7850\/46513004974_3f71e4d0a8.jpg","type":"","width":"","height":""}],"author":"Arnaldo Botto","twitter_card":"summary_large_image","schema":{"@context":"https:\/\/schema.org","@graph":[{"@type":"WebPage","@id":"https:\/\/www.noticiasradioreflejos.com.ar\/2021\/allanamiento-positivo-y-aprehension-por-los-hechos-delnictivos-en-sierra-de-la-ventana\/","url":"https:\/\/www.noticiasradioreflejos.com.ar\/2021\/allanamiento-positivo-y-aprehension-por-los-hechos-delnictivos-en-sierra-de-la-ventana\/","name":"Allanamiento positivo y aprehensi\u00f3n por los hechos delictivos en Sierra de la Ventana. - Noticias Radio Reflejos","isPartOf":{"@id":"https:\/\/www.noticiasradioreflejos.com.ar\/2021\/#website"},"primaryImageOfPage":{"@id":"https:\/\/www.noticiasradioreflejos.com.ar\/2021\/allanamiento-positivo-y-aprehension-por-los-hechos-delnictivos-en-sierra-de-la-ventana\/#primaryimage"},"image":{"@id":"https:\/\/www.noticiasradioreflejos.com.ar\/2021\/allanamiento-positivo-y-aprehension-por-los-hechos-delnictivos-en-sierra-de-la-ventana\/#primaryimage"},"thumbnailUrl":"http:\/\/farm8.staticflickr.com\/7850\/46513004974_3f71e4d0a8.jpg","datePublished":"2019-02-28T10:38:29+00:00","author":{"@id":"https:\/\/www.noticiasradioreflejos.com.ar\/2021\/#\/schema\/person\/ad82545263dcc5ec0996818884fd5fb1"},"breadcrumb":{"@id":"https:\/\/www.noticiasradioreflejos.com.ar\/2021\/allanamiento-positivo-y-aprehension-por-los-hechos-delnictivos-en-sierra-de-la-ventana\/#breadcrumb"},"inLanguage":"es","potentialAction":[{"@type":"ReadAction","target":["https:\/\/www.noticiasradioreflejos.com.ar\/2021\/allanamiento-positivo-y-aprehension-por-los-hechos-delnictivos-en-sierra-de-la-ventana\/"]}]},{"@type":"ImageObject","inLanguage":"es","@id":"https:\/\/www.noticiasradioreflejos.com.ar\/2021\/allanamiento-positivo-y-aprehension-por-los-hechos-delnictivos-en-sierra-de-la-ventana\/#primaryimage","url":"http:\/\/farm8.staticflickr.com\/7850\/46513004974_3f71e4d0a8.jpg","contentUrl":"http:\/\/farm8.staticflickr.com\/7850\/46513004974_3f71e4d0a8.jpg"},{"@type":"BreadcrumbList","@id":"https:\/\/www.noticiasradioreflejos.com.ar\/2021\/allanamiento-positivo-y-aprehension-por-los-hechos-delnictivos-en-sierra-de-la-ventana\/#breadcrumb","itemListElement":[{"@type":"ListItem","position":1,"name":"Portada","item":"https:\/\/www.noticiasradioreflejos.com.ar\/2021\/"},{"@type":"ListItem","position":2,"name":"Allanamiento positivo y aprehensi\u00f3n por los hechos delictivos en Sierra de la Ventana."}]},{"@type":"WebSite","@id":"https:\/\/www.noticiasradioreflejos.com.ar\/2021\/#website","url":"https:\/\/www.noticiasradioreflejos.com.ar\/2021\/","name":"Noticias Radio Reflejos","description":"Las noticias de mi comarca","potentialAction":[{"@type":"SearchAction","target":{"@type":"EntryPoint","urlTemplate":"https:\/\/www.noticiasradioreflejos.com.ar\/2021\/?s={search_term_string}"},"query-input":{"@type":"PropertyValueSpecification","valueRequired":true,"valueName":"search_term_string"}}],"inLanguage":"es"},{"@type":"Person","@id":"https:\/\/www.noticiasradioreflejos.com.ar\/2021\/#\/schema\/person\/ad82545263dcc5ec0996818884fd5fb1","name":"Arnaldo Botto","image":{"@type":"ImageObject","inLanguage":"es","@id":"https:\/\/www.noticiasradioreflejos.com.ar\/2021\/#\/schema\/person\/image\/","url":"https:\/\/secure.gravatar.com\/avatar\/55cb5e37c1efa326397366e6974cb338056df65cb50e7d64d1cf314e87504837?s=96&d=mm&r=g","contentUrl":"https:\/\/secure.gravatar.com\/avatar\/55cb5e37c1efa326397366e6974cb338056df65cb50e7d64d1cf314e87504837?s=96&d=mm&r=g","caption":"Arnaldo Botto"},"url":"https:\/\/www.noticiasradioreflejos.com.ar\/2021\/author\/arnaldo\/"}]}},"_links":{"self":[{"href":"https:\/\/www.noticiasradioreflejos.com.ar\/2021\/wp-json\/wp\/v2\/posts\/29288","targetHints":{"allow":["GET"]}}],"collection":[{"href":"https:\/\/www.noticiasradioreflejos.com.ar\/2021\/wp-json\/wp\/v2\/posts"}],"about":[{"href":"https:\/\/www.noticiasradioreflejos.com.ar\/2021\/wp-json\/wp\/v2\/types\/post"}],"author":[{"embeddable":true,"href":"https:\/\/www.noticiasradioreflejos.com.ar\/2021\/wp-json\/wp\/v2\/users\/3"}],"replies":[{"embeddable":true,"href":"https:\/\/www.noticiasradioreflejos.com.ar\/2021\/wp-json\/wp\/v2\/comments?post=29288"}],"version-history":[{"count":0,"href":"https:\/\/www.noticiasradioreflejos.com.ar\/2021\/wp-json\/wp\/v2\/posts\/29288\/revisions"}],"wp:attachment":[{"href":"https:\/\/www.noticiasradioreflejos.com.ar\/2021\/wp-json\/wp\/v2\/media?parent=29288"}],"wp:term":[{"taxonomy":"category","embeddable":true,"href":"https:\/\/www.noticiasradioreflejos.com.ar\/2021\/wp-json\/wp\/v2\/categories?post=29288"},{"taxonomy":"post_tag","embeddable":true,"href":"https:\/\/www.noticiasradioreflejos.com.ar\/2021\/wp-json\/wp\/v2\/tags?post=29288"}],"curies":[{"name":"wp","href":"https:\/\/api.w.org\/{rel}","templated":true}]}}