{"id":29285,"date":"2019-02-28T07:33:50","date_gmt":"2019-02-28T10:33:50","guid":{"rendered":"http:\/\/www.noticiasradioreflejos.com.ar\/noticias\/?p=29285"},"modified":"2019-02-28T07:33:50","modified_gmt":"2019-02-28T10:33:50","slug":"sadop-rechaza-la-propuesta-salarial-del-gobierno-provincial","status":"publish","type":"post","link":"https:\/\/www.noticiasradioreflejos.com.ar\/2021\/sadop-rechaza-la-propuesta-salarial-del-gobierno-provincial\/","title":{"rendered":"Sadop rechaza la propuesta salarial del gobierno provincial."},"content":{"rendered":"<p>En el marco del FUDB, SADOP particip\u00f3 de la reuni\u00f3n paritaria del d\u00eda de la fecha.<br \/>\nLa propuesta realizada por el gobierno provincial consisti\u00f3 b\u00e1sicamente en 2 puntos:<!--more--><br \/>\n1) Establecer para diciembre del 2018 una garant\u00eda salarial para el MG de $18.450. Es decir, todo aquel docente que a diciembre del 2018 cobr\u00f3 menos de esa garant\u00eda, cobrar\u00e1 la diferencia a trav\u00e9s de una suma especial compensatoria o garant\u00eda. Todo docente que cobr\u00f3 por arriba de $18.450 no percibir\u00e1 ning\u00fan tipo de actualizaci\u00f3n por p\u00e9rdida del a\u00f1o pasado. Es decir que el gobierno reconoce la p\u00e9rdida del poder adquisitivo del salario, pero recompone s\u00f3lo a una peque\u00f1a parte de la poblaci\u00f3n docente.<br \/>\n2) Para el 2019 mantiene el esquema propuesto en la reuni\u00f3n anterior, es decir, actualizaci\u00f3n por inflaci\u00f3n en enero, febrero, marzo, junio, setiembre y diciembre. A eso le suma un 5% adicional en diciembre, a cobrar en enero del 2020. Esta propuesta determina que los meses de abril, mayo, julio, agosto, octubre y noviembre (meses en los que no hay ajuste) el salario quedar\u00e1 atrasado frente a la inflaci\u00f3n. Ese 5% a fin del a\u00f1o 2019 claramente ser\u00e1 insuficiente para compensar las p\u00e9rdidas de estos meses.<br \/>\nEs decir que esta propuesta no solo consolida la p\u00e9rdida del poder adquisitivo del salario docente del a\u00f1o 2018 sino que tambi\u00e9n predetermina una nueva p\u00e9rdida para el a\u00f1o en curso.<br \/>\nPor ello, si bien apelamos a las negociaciones de buena fe y mantenemos las expectativas para continuar discutiendo el salario docente, hoy rechazamos absolutamente esta propuesta por insuficiente y porque consolida una rebaja del salario real de los trabajadores docentes.<br \/>\nHoracio Rodr\u00edguez Sec. de Comunicaci\u00f3n y Prensa<br \/>\nJuan Carlos Cuy\u00e1s &#8211; Secretario General<\/p>\n","protected":false},"excerpt":{"rendered":"<p>En el marco del FUDB, SADOP particip\u00f3 de la reuni\u00f3n paritaria del d\u00eda de la fecha. La propuesta realizada por el gobierno provincial consisti\u00f3 b\u00e1sicamente en 2 puntos:<\/p>\n","protected":false},"author":3,"featured_media":0,"comment_status":"closed","ping_status":"open","sticky":false,"template":"","format":"standard","meta":{"footnotes":""},"categories":[24],"tags":[],"class_list":["post-29285","post","type-post","status-publish","format-standard","hentry","category-politica"],"yoast_head":"<!-- This site is optimized with the Yoast SEO plugin v25.9 - https:\/\/yoast.com\/wordpress\/plugins\/seo\/ -->\n<title>Sadop rechaza la propuesta salarial del gobierno provincial. - Noticias Radio Reflejos<\/title>\n<meta name=\"robots\" content=\"index, follow, max-snippet:-1, max-image-preview:large, max-video-preview:-1\" \/>\n<link rel=\"canonical\" href=\"https:\/\/www.noticiasradioreflejos.com.ar\/2021\/sadop-rechaza-la-propuesta-salarial-del-gobierno-provincial\/\" \/>\n<meta property=\"og:locale\" content=\"es_ES\" \/>\n<meta property=\"og:type\" content=\"article\" \/>\n<meta property=\"og:title\" content=\"Sadop rechaza la propuesta salarial del gobierno provincial. - Noticias Radio Reflejos\" \/>\n<meta property=\"og:description\" content=\"En el marco del FUDB, SADOP particip\u00f3 de la reuni\u00f3n paritaria del d\u00eda de la fecha. La propuesta realizada por el gobierno provincial consisti\u00f3 b\u00e1sicamente en 2 puntos:\" \/>\n<meta property=\"og:url\" content=\"https:\/\/www.noticiasradioreflejos.com.ar\/2021\/sadop-rechaza-la-propuesta-salarial-del-gobierno-provincial\/\" \/>\n<meta property=\"og:site_name\" content=\"Noticias Radio Reflejos\" \/>\n<meta property=\"article:published_time\" content=\"2019-02-28T10:33:50+00:00\" \/>\n<meta property=\"og:image\" content=\"https:\/\/www.noticiasradioreflejos.com.ar\/2021\/wp-content\/uploads\/2021\/07\/logosol300x200.png\" \/>\n\t<meta property=\"og:image:width\" content=\"300\" \/>\n\t<meta property=\"og:image:height\" content=\"200\" \/>\n\t<meta property=\"og:image:type\" content=\"image\/png\" \/>\n<meta name=\"author\" content=\"Arnaldo Botto\" \/>\n<meta name=\"twitter:card\" content=\"summary_large_image\" \/>\n<script type=\"application\/ld+json\" class=\"yoast-schema-graph\">{\"@context\":\"https:\/\/schema.org\",\"@graph\":[{\"@type\":\"WebPage\",\"@id\":\"https:\/\/www.noticiasradioreflejos.com.ar\/2021\/sadop-rechaza-la-propuesta-salarial-del-gobierno-provincial\/\",\"url\":\"https:\/\/www.noticiasradioreflejos.com.ar\/2021\/sadop-rechaza-la-propuesta-salarial-del-gobierno-provincial\/\",\"name\":\"Sadop rechaza la propuesta salarial del gobierno provincial. - Noticias Radio Reflejos\",\"isPartOf\":{\"@id\":\"https:\/\/www.noticiasradioreflejos.com.ar\/2021\/#website\"},\"datePublished\":\"2019-02-28T10:33:50+00:00\",\"author\":{\"@id\":\"https:\/\/www.noticiasradioreflejos.com.ar\/2021\/#\/schema\/person\/ad82545263dcc5ec0996818884fd5fb1\"},\"breadcrumb\":{\"@id\":\"https:\/\/www.noticiasradioreflejos.com.ar\/2021\/sadop-rechaza-la-propuesta-salarial-del-gobierno-provincial\/#breadcrumb\"},\"inLanguage\":\"es\",\"potentialAction\":[{\"@type\":\"ReadAction\",\"target\":[\"https:\/\/www.noticiasradioreflejos.com.ar\/2021\/sadop-rechaza-la-propuesta-salarial-del-gobierno-provincial\/\"]}]},{\"@type\":\"BreadcrumbList\",\"@id\":\"https:\/\/www.noticiasradioreflejos.com.ar\/2021\/sadop-rechaza-la-propuesta-salarial-del-gobierno-provincial\/#breadcrumb\",\"itemListElement\":[{\"@type\":\"ListItem\",\"position\":1,\"name\":\"Portada\",\"item\":\"https:\/\/www.noticiasradioreflejos.com.ar\/2021\/\"},{\"@type\":\"ListItem\",\"position\":2,\"name\":\"Sadop rechaza la propuesta salarial del gobierno provincial.\"}]},{\"@type\":\"WebSite\",\"@id\":\"https:\/\/www.noticiasradioreflejos.com.ar\/2021\/#website\",\"url\":\"https:\/\/www.noticiasradioreflejos.com.ar\/2021\/\",\"name\":\"Noticias Radio Reflejos\",\"description\":\"Las noticias de mi comarca\",\"potentialAction\":[{\"@type\":\"SearchAction\",\"target\":{\"@type\":\"EntryPoint\",\"urlTemplate\":\"https:\/\/www.noticiasradioreflejos.com.ar\/2021\/?s={search_term_string}\"},\"query-input\":{\"@type\":\"PropertyValueSpecification\",\"valueRequired\":true,\"valueName\":\"search_term_string\"}}],\"inLanguage\":\"es\"},{\"@type\":\"Person\",\"@id\":\"https:\/\/www.noticiasradioreflejos.com.ar\/2021\/#\/schema\/person\/ad82545263dcc5ec0996818884fd5fb1\",\"name\":\"Arnaldo Botto\",\"image\":{\"@type\":\"ImageObject\",\"inLanguage\":\"es\",\"@id\":\"https:\/\/www.noticiasradioreflejos.com.ar\/2021\/#\/schema\/person\/image\/\",\"url\":\"https:\/\/secure.gravatar.com\/avatar\/55cb5e37c1efa326397366e6974cb338056df65cb50e7d64d1cf314e87504837?s=96&d=mm&r=g\",\"contentUrl\":\"https:\/\/secure.gravatar.com\/avatar\/55cb5e37c1efa326397366e6974cb338056df65cb50e7d64d1cf314e87504837?s=96&d=mm&r=g\",\"caption\":\"Arnaldo Botto\"},\"url\":\"https:\/\/www.noticiasradioreflejos.com.ar\/2021\/author\/arnaldo\/\"}]}<\/script>\n<!-- \/ Yoast SEO plugin. -->","yoast_head_json":{"title":"Sadop rechaza la propuesta salarial del gobierno provincial. - Noticias Radio Reflejos","robots":{"index":"index","follow":"follow","max-snippet":"max-snippet:-1","max-image-preview":"max-image-preview:large","max-video-preview":"max-video-preview:-1"},"canonical":"https:\/\/www.noticiasradioreflejos.com.ar\/2021\/sadop-rechaza-la-propuesta-salarial-del-gobierno-provincial\/","og_locale":"es_ES","og_type":"article","og_title":"Sadop rechaza la propuesta salarial del gobierno provincial. - Noticias Radio Reflejos","og_description":"En el marco del FUDB, SADOP particip\u00f3 de la reuni\u00f3n paritaria del d\u00eda de la fecha. La propuesta realizada por el gobierno provincial consisti\u00f3 b\u00e1sicamente en 2 puntos:","og_url":"https:\/\/www.noticiasradioreflejos.com.ar\/2021\/sadop-rechaza-la-propuesta-salarial-del-gobierno-provincial\/","og_site_name":"Noticias Radio Reflejos","article_published_time":"2019-02-28T10:33:50+00:00","og_image":[{"width":300,"height":200,"url":"https:\/\/www.noticiasradioreflejos.com.ar\/2021\/wp-content\/uploads\/2021\/07\/logosol300x200.png","type":"image\/png"}],"author":"Arnaldo Botto","twitter_card":"summary_large_image","schema":{"@context":"https:\/\/schema.org","@graph":[{"@type":"WebPage","@id":"https:\/\/www.noticiasradioreflejos.com.ar\/2021\/sadop-rechaza-la-propuesta-salarial-del-gobierno-provincial\/","url":"https:\/\/www.noticiasradioreflejos.com.ar\/2021\/sadop-rechaza-la-propuesta-salarial-del-gobierno-provincial\/","name":"Sadop rechaza la propuesta salarial del gobierno provincial. - Noticias Radio Reflejos","isPartOf":{"@id":"https:\/\/www.noticiasradioreflejos.com.ar\/2021\/#website"},"datePublished":"2019-02-28T10:33:50+00:00","author":{"@id":"https:\/\/www.noticiasradioreflejos.com.ar\/2021\/#\/schema\/person\/ad82545263dcc5ec0996818884fd5fb1"},"breadcrumb":{"@id":"https:\/\/www.noticiasradioreflejos.com.ar\/2021\/sadop-rechaza-la-propuesta-salarial-del-gobierno-provincial\/#breadcrumb"},"inLanguage":"es","potentialAction":[{"@type":"ReadAction","target":["https:\/\/www.noticiasradioreflejos.com.ar\/2021\/sadop-rechaza-la-propuesta-salarial-del-gobierno-provincial\/"]}]},{"@type":"BreadcrumbList","@id":"https:\/\/www.noticiasradioreflejos.com.ar\/2021\/sadop-rechaza-la-propuesta-salarial-del-gobierno-provincial\/#breadcrumb","itemListElement":[{"@type":"ListItem","position":1,"name":"Portada","item":"https:\/\/www.noticiasradioreflejos.com.ar\/2021\/"},{"@type":"ListItem","position":2,"name":"Sadop rechaza la propuesta salarial del gobierno provincial."}]},{"@type":"WebSite","@id":"https:\/\/www.noticiasradioreflejos.com.ar\/2021\/#website","url":"https:\/\/www.noticiasradioreflejos.com.ar\/2021\/","name":"Noticias Radio Reflejos","description":"Las noticias de mi comarca","potentialAction":[{"@type":"SearchAction","target":{"@type":"EntryPoint","urlTemplate":"https:\/\/www.noticiasradioreflejos.com.ar\/2021\/?s={search_term_string}"},"query-input":{"@type":"PropertyValueSpecification","valueRequired":true,"valueName":"search_term_string"}}],"inLanguage":"es"},{"@type":"Person","@id":"https:\/\/www.noticiasradioreflejos.com.ar\/2021\/#\/schema\/person\/ad82545263dcc5ec0996818884fd5fb1","name":"Arnaldo Botto","image":{"@type":"ImageObject","inLanguage":"es","@id":"https:\/\/www.noticiasradioreflejos.com.ar\/2021\/#\/schema\/person\/image\/","url":"https:\/\/secure.gravatar.com\/avatar\/55cb5e37c1efa326397366e6974cb338056df65cb50e7d64d1cf314e87504837?s=96&d=mm&r=g","contentUrl":"https:\/\/secure.gravatar.com\/avatar\/55cb5e37c1efa326397366e6974cb338056df65cb50e7d64d1cf314e87504837?s=96&d=mm&r=g","caption":"Arnaldo Botto"},"url":"https:\/\/www.noticiasradioreflejos.com.ar\/2021\/author\/arnaldo\/"}]}},"_links":{"self":[{"href":"https:\/\/www.noticiasradioreflejos.com.ar\/2021\/wp-json\/wp\/v2\/posts\/29285","targetHints":{"allow":["GET"]}}],"collection":[{"href":"https:\/\/www.noticiasradioreflejos.com.ar\/2021\/wp-json\/wp\/v2\/posts"}],"about":[{"href":"https:\/\/www.noticiasradioreflejos.com.ar\/2021\/wp-json\/wp\/v2\/types\/post"}],"author":[{"embeddable":true,"href":"https:\/\/www.noticiasradioreflejos.com.ar\/2021\/wp-json\/wp\/v2\/users\/3"}],"replies":[{"embeddable":true,"href":"https:\/\/www.noticiasradioreflejos.com.ar\/2021\/wp-json\/wp\/v2\/comments?post=29285"}],"version-history":[{"count":0,"href":"https:\/\/www.noticiasradioreflejos.com.ar\/2021\/wp-json\/wp\/v2\/posts\/29285\/revisions"}],"wp:attachment":[{"href":"https:\/\/www.noticiasradioreflejos.com.ar\/2021\/wp-json\/wp\/v2\/media?parent=29285"}],"wp:term":[{"taxonomy":"category","embeddable":true,"href":"https:\/\/www.noticiasradioreflejos.com.ar\/2021\/wp-json\/wp\/v2\/categories?post=29285"},{"taxonomy":"post_tag","embeddable":true,"href":"https:\/\/www.noticiasradioreflejos.com.ar\/2021\/wp-json\/wp\/v2\/tags?post=29285"}],"curies":[{"name":"wp","href":"https:\/\/api.w.org\/{rel}","templated":true}]}}