{"id":29269,"date":"2019-02-27T13:16:35","date_gmt":"2019-02-27T16:16:35","guid":{"rendered":"http:\/\/www.noticiasradioreflejos.com.ar\/noticias\/?p=29269"},"modified":"2019-02-27T13:16:35","modified_gmt":"2019-02-27T16:16:35","slug":"detuvieron-a-un-hombre-de-neuquen-por-robos-en-sierra-de-la-ventana","status":"publish","type":"post","link":"https:\/\/www.noticiasradioreflejos.com.ar\/2021\/detuvieron-a-un-hombre-de-neuquen-por-robos-en-sierra-de-la-ventana\/","title":{"rendered":"Detuvieron a un hombre de Neuqu\u00e9n por robos en Sierra de la Ventana."},"content":{"rendered":"<p>La polic\u00eda de Sierra de la Ventana logr\u00f3 esclarecer los tres hechos acaecidos durante la madrugada de ayer, martes 26 de febrero en comercios de Avenida San Mart\u00edn.<br \/>\nEn nota telef\u00f3nica, con FM Reflejos de Sierra de la Ventana el Sub Comisario de la localidad Manuel Parodi, brindo un detalle pormenorizado de todo el procedimiento y la investigaci\u00f3n que arroj\u00f3 la detenci\u00f3n de este sujeto.<br \/>\n<!--more--><br \/>\nSe trata de Sebasti\u00e1n Ezequiel Carrazans, de 34 a\u00f1os, artesano, quien en horas de la madrugada del martes 26 de febrero perpetr\u00f3 un intento de robo en la Pizzer\u00eda Eneas, donde se activ\u00f3 la alarma del comercio y el sujeto se di\u00f3 a la fuga.<br \/>\nMinutos m\u00e1s tarde, ingres\u00f3 en la Parrilla \u00abEl Viejo Pampa\u00bb donde se llev\u00f3 un monto aproximado a 4500 a 5 mil pesos y a 100 metros de all\u00ed ingres\u00f3 en la Casa de T\u00e9 \u00abLA Mais\u00f3n de Ameli\u00e9\u00bb donde rob\u00f3 200 pesos de su caja.<br \/>\nPersonal de Polic\u00eda Cient\u00edfica obtuvo huellas de una zapatilla que, sumado a registros de c\u00e1maras de comercios linderos a los damnificados, dieron con el autor de los hechos.<br \/>\n&nbsp;<br \/>\nA partir de las denuncias de los damnificados, \u201cse iniciaron las investigaciones correspondientes y, gracias a la generosidad de algunos comerciantes de la zona, pudimos acceder a sus c\u00e1maras de seguridad en las que se ve a un masculino que ingresa y egresa de ambos lugares, y que esconde un elemento debajo de una planta de una casa de calle Los Tilos, a donde fuimos secuestramos dos billetes de 50 pesos\u201d.<br \/>\n\u201cEl mismo d\u00eda, sin saber de los hechos a\u00fan, lo hab\u00edan parado porque estaba deambulando a las 9.30 hs por el sector de la feria, donde en ese horario no hay nadie, y en una actitud bastante repulsiva con la polic\u00eda. Lo identificaron y, al no tener antecedentes, se lo dej\u00f3 seguir\u201d, a\u00f1adi\u00f3 Parodi.<br \/>\n\u201cCuando est\u00e1bamos haciendo la compulsa de las c\u00e1maras de seguridad \u2013continu\u00f3-, uno de los efectivos policiales que lo hab\u00eda parado, lo reconoce, entonces fuimos hasta donde estaba habitando y no se encontraba; y recorriendo con el m\u00f3vil en el centro, encuentra al hombre y lo trae a la comisaria para su correcta identificaci\u00f3n\u201d.<br \/>\nEl Subcomisario se\u00f1al\u00f3 que en la parrilla hab\u00eda quedado una huella de zapatilla y, tras pericias, se confirm\u00f3 que se trataba del calzado que ten\u00eda el sujeto detenido. \u201cAdem\u00e1s, al momento de su aprehensi\u00f3n, tambi\u00e9n ten\u00eda puesta una mochila que sale en los videos de las c\u00e1maras de seguridad, por lo que se procede al secuestro de la misma (que ten\u00eda dinero), como as\u00ed tambi\u00e9n de prendas de algunas vestir\u201d, describi\u00f3.<br \/>\n\u201cEn el lugar en el que se estaba alojando se secuestr\u00f3 la vestimenta que ten\u00eda al momento de cometer los hechos y con esas pruebas se dan indicios vehementes de que es el autor de los hechos. Se lo aprehende y se lo pone a disposici\u00f3n de la fiscal\u00eda, donde se le tomar\u00e1 declaraci\u00f3n indagatoria este jueves\u201d, confirm\u00f3.<br \/>\nParodi agreg\u00f3 que durante la investigaci\u00f3n fue clave la declaraci\u00f3n del sereno del lugar en el que Carrazans se encontraba parando, ya que brind\u00f3 detalles de los horarios de entrada y salida del hombre, coincidiendo con los que cometi\u00f3 los delitos.<br \/>\n<iframe loading=\"lazy\" src=\"https:\/\/w.soundcloud.com\/player\/?url=https%3A\/\/api.soundcloud.com\/tracks\/582206346&amp;color=%23ff5500&amp;auto_play=false&amp;hide_related=false&amp;show_comments=true&amp;show_user=true&amp;show_reposts=false&amp;show_teaser=true\" width=\"100%\" height=\"166\" frameborder=\"no\" scrolling=\"no\"><\/iframe><\/p>\n","protected":false},"excerpt":{"rendered":"<p>La polic\u00eda de Sierra de la Ventana logr\u00f3 esclarecer los tres hechos acaecidos durante la madrugada de ayer, martes 26 de febrero en comercios de Avenida San Mart\u00edn. En nota telef\u00f3nica, con FM Reflejos de Sierra de la Ventana el Sub Comisario de la localidad Manuel Parodi, brindo un detalle pormenorizado de todo el procedimiento [&hellip;]<\/p>\n","protected":false},"author":3,"featured_media":0,"comment_status":"closed","ping_status":"open","sticky":false,"template":"","format":"standard","meta":{"footnotes":""},"categories":[29],"tags":[],"class_list":["post-29269","post","type-post","status-publish","format-standard","hentry","category-policiales"],"yoast_head":"<!-- This site is optimized with the Yoast SEO plugin v25.9 - https:\/\/yoast.com\/wordpress\/plugins\/seo\/ -->\n<title>Detuvieron a un hombre de Neuqu\u00e9n por robos en Sierra de la Ventana. - Noticias Radio Reflejos<\/title>\n<meta name=\"robots\" content=\"index, follow, max-snippet:-1, max-image-preview:large, max-video-preview:-1\" \/>\n<link rel=\"canonical\" href=\"https:\/\/www.noticiasradioreflejos.com.ar\/2021\/detuvieron-a-un-hombre-de-neuquen-por-robos-en-sierra-de-la-ventana\/\" \/>\n<meta property=\"og:locale\" content=\"es_ES\" \/>\n<meta property=\"og:type\" content=\"article\" \/>\n<meta property=\"og:title\" content=\"Detuvieron a un hombre de Neuqu\u00e9n por robos en Sierra de la Ventana. - Noticias Radio Reflejos\" \/>\n<meta property=\"og:description\" content=\"La polic\u00eda de Sierra de la Ventana logr\u00f3 esclarecer los tres hechos acaecidos durante la madrugada de ayer, martes 26 de febrero en comercios de Avenida San Mart\u00edn. En nota telef\u00f3nica, con FM Reflejos de Sierra de la Ventana el Sub Comisario de la localidad Manuel Parodi, brindo un detalle pormenorizado de todo el procedimiento [&hellip;]\" \/>\n<meta property=\"og:url\" content=\"https:\/\/www.noticiasradioreflejos.com.ar\/2021\/detuvieron-a-un-hombre-de-neuquen-por-robos-en-sierra-de-la-ventana\/\" \/>\n<meta property=\"og:site_name\" content=\"Noticias Radio Reflejos\" \/>\n<meta property=\"article:published_time\" content=\"2019-02-27T16:16:35+00:00\" \/>\n<meta property=\"og:image\" content=\"https:\/\/www.noticiasradioreflejos.com.ar\/2021\/wp-content\/uploads\/2021\/07\/logosol300x200.png\" \/>\n\t<meta property=\"og:image:width\" content=\"300\" \/>\n\t<meta property=\"og:image:height\" content=\"200\" \/>\n\t<meta property=\"og:image:type\" content=\"image\/png\" \/>\n<meta name=\"author\" content=\"Arnaldo Botto\" \/>\n<meta name=\"twitter:card\" content=\"summary_large_image\" \/>\n<script type=\"application\/ld+json\" class=\"yoast-schema-graph\">{\"@context\":\"https:\/\/schema.org\",\"@graph\":[{\"@type\":\"WebPage\",\"@id\":\"https:\/\/www.noticiasradioreflejos.com.ar\/2021\/detuvieron-a-un-hombre-de-neuquen-por-robos-en-sierra-de-la-ventana\/\",\"url\":\"https:\/\/www.noticiasradioreflejos.com.ar\/2021\/detuvieron-a-un-hombre-de-neuquen-por-robos-en-sierra-de-la-ventana\/\",\"name\":\"Detuvieron a un hombre de Neuqu\u00e9n por robos en Sierra de la Ventana. - Noticias Radio Reflejos\",\"isPartOf\":{\"@id\":\"https:\/\/www.noticiasradioreflejos.com.ar\/2021\/#website\"},\"datePublished\":\"2019-02-27T16:16:35+00:00\",\"author\":{\"@id\":\"https:\/\/www.noticiasradioreflejos.com.ar\/2021\/#\/schema\/person\/ad82545263dcc5ec0996818884fd5fb1\"},\"breadcrumb\":{\"@id\":\"https:\/\/www.noticiasradioreflejos.com.ar\/2021\/detuvieron-a-un-hombre-de-neuquen-por-robos-en-sierra-de-la-ventana\/#breadcrumb\"},\"inLanguage\":\"es\",\"potentialAction\":[{\"@type\":\"ReadAction\",\"target\":[\"https:\/\/www.noticiasradioreflejos.com.ar\/2021\/detuvieron-a-un-hombre-de-neuquen-por-robos-en-sierra-de-la-ventana\/\"]}]},{\"@type\":\"BreadcrumbList\",\"@id\":\"https:\/\/www.noticiasradioreflejos.com.ar\/2021\/detuvieron-a-un-hombre-de-neuquen-por-robos-en-sierra-de-la-ventana\/#breadcrumb\",\"itemListElement\":[{\"@type\":\"ListItem\",\"position\":1,\"name\":\"Portada\",\"item\":\"https:\/\/www.noticiasradioreflejos.com.ar\/2021\/\"},{\"@type\":\"ListItem\",\"position\":2,\"name\":\"Detuvieron a un hombre de Neuqu\u00e9n por robos en Sierra de la Ventana.\"}]},{\"@type\":\"WebSite\",\"@id\":\"https:\/\/www.noticiasradioreflejos.com.ar\/2021\/#website\",\"url\":\"https:\/\/www.noticiasradioreflejos.com.ar\/2021\/\",\"name\":\"Noticias Radio Reflejos\",\"description\":\"Las noticias de mi comarca\",\"potentialAction\":[{\"@type\":\"SearchAction\",\"target\":{\"@type\":\"EntryPoint\",\"urlTemplate\":\"https:\/\/www.noticiasradioreflejos.com.ar\/2021\/?s={search_term_string}\"},\"query-input\":{\"@type\":\"PropertyValueSpecification\",\"valueRequired\":true,\"valueName\":\"search_term_string\"}}],\"inLanguage\":\"es\"},{\"@type\":\"Person\",\"@id\":\"https:\/\/www.noticiasradioreflejos.com.ar\/2021\/#\/schema\/person\/ad82545263dcc5ec0996818884fd5fb1\",\"name\":\"Arnaldo Botto\",\"image\":{\"@type\":\"ImageObject\",\"inLanguage\":\"es\",\"@id\":\"https:\/\/www.noticiasradioreflejos.com.ar\/2021\/#\/schema\/person\/image\/\",\"url\":\"https:\/\/secure.gravatar.com\/avatar\/55cb5e37c1efa326397366e6974cb338056df65cb50e7d64d1cf314e87504837?s=96&d=mm&r=g\",\"contentUrl\":\"https:\/\/secure.gravatar.com\/avatar\/55cb5e37c1efa326397366e6974cb338056df65cb50e7d64d1cf314e87504837?s=96&d=mm&r=g\",\"caption\":\"Arnaldo Botto\"},\"url\":\"https:\/\/www.noticiasradioreflejos.com.ar\/2021\/author\/arnaldo\/\"}]}<\/script>\n<!-- \/ Yoast SEO plugin. -->","yoast_head_json":{"title":"Detuvieron a un hombre de Neuqu\u00e9n por robos en Sierra de la Ventana. - Noticias Radio Reflejos","robots":{"index":"index","follow":"follow","max-snippet":"max-snippet:-1","max-image-preview":"max-image-preview:large","max-video-preview":"max-video-preview:-1"},"canonical":"https:\/\/www.noticiasradioreflejos.com.ar\/2021\/detuvieron-a-un-hombre-de-neuquen-por-robos-en-sierra-de-la-ventana\/","og_locale":"es_ES","og_type":"article","og_title":"Detuvieron a un hombre de Neuqu\u00e9n por robos en Sierra de la Ventana. - Noticias Radio Reflejos","og_description":"La polic\u00eda de Sierra de la Ventana logr\u00f3 esclarecer los tres hechos acaecidos durante la madrugada de ayer, martes 26 de febrero en comercios de Avenida San Mart\u00edn. En nota telef\u00f3nica, con FM Reflejos de Sierra de la Ventana el Sub Comisario de la localidad Manuel Parodi, brindo un detalle pormenorizado de todo el procedimiento [&hellip;]","og_url":"https:\/\/www.noticiasradioreflejos.com.ar\/2021\/detuvieron-a-un-hombre-de-neuquen-por-robos-en-sierra-de-la-ventana\/","og_site_name":"Noticias Radio Reflejos","article_published_time":"2019-02-27T16:16:35+00:00","og_image":[{"width":300,"height":200,"url":"https:\/\/www.noticiasradioreflejos.com.ar\/2021\/wp-content\/uploads\/2021\/07\/logosol300x200.png","type":"image\/png"}],"author":"Arnaldo Botto","twitter_card":"summary_large_image","schema":{"@context":"https:\/\/schema.org","@graph":[{"@type":"WebPage","@id":"https:\/\/www.noticiasradioreflejos.com.ar\/2021\/detuvieron-a-un-hombre-de-neuquen-por-robos-en-sierra-de-la-ventana\/","url":"https:\/\/www.noticiasradioreflejos.com.ar\/2021\/detuvieron-a-un-hombre-de-neuquen-por-robos-en-sierra-de-la-ventana\/","name":"Detuvieron a un hombre de Neuqu\u00e9n por robos en Sierra de la Ventana. - Noticias Radio Reflejos","isPartOf":{"@id":"https:\/\/www.noticiasradioreflejos.com.ar\/2021\/#website"},"datePublished":"2019-02-27T16:16:35+00:00","author":{"@id":"https:\/\/www.noticiasradioreflejos.com.ar\/2021\/#\/schema\/person\/ad82545263dcc5ec0996818884fd5fb1"},"breadcrumb":{"@id":"https:\/\/www.noticiasradioreflejos.com.ar\/2021\/detuvieron-a-un-hombre-de-neuquen-por-robos-en-sierra-de-la-ventana\/#breadcrumb"},"inLanguage":"es","potentialAction":[{"@type":"ReadAction","target":["https:\/\/www.noticiasradioreflejos.com.ar\/2021\/detuvieron-a-un-hombre-de-neuquen-por-robos-en-sierra-de-la-ventana\/"]}]},{"@type":"BreadcrumbList","@id":"https:\/\/www.noticiasradioreflejos.com.ar\/2021\/detuvieron-a-un-hombre-de-neuquen-por-robos-en-sierra-de-la-ventana\/#breadcrumb","itemListElement":[{"@type":"ListItem","position":1,"name":"Portada","item":"https:\/\/www.noticiasradioreflejos.com.ar\/2021\/"},{"@type":"ListItem","position":2,"name":"Detuvieron a un hombre de Neuqu\u00e9n por robos en Sierra de la Ventana."}]},{"@type":"WebSite","@id":"https:\/\/www.noticiasradioreflejos.com.ar\/2021\/#website","url":"https:\/\/www.noticiasradioreflejos.com.ar\/2021\/","name":"Noticias Radio Reflejos","description":"Las noticias de mi comarca","potentialAction":[{"@type":"SearchAction","target":{"@type":"EntryPoint","urlTemplate":"https:\/\/www.noticiasradioreflejos.com.ar\/2021\/?s={search_term_string}"},"query-input":{"@type":"PropertyValueSpecification","valueRequired":true,"valueName":"search_term_string"}}],"inLanguage":"es"},{"@type":"Person","@id":"https:\/\/www.noticiasradioreflejos.com.ar\/2021\/#\/schema\/person\/ad82545263dcc5ec0996818884fd5fb1","name":"Arnaldo Botto","image":{"@type":"ImageObject","inLanguage":"es","@id":"https:\/\/www.noticiasradioreflejos.com.ar\/2021\/#\/schema\/person\/image\/","url":"https:\/\/secure.gravatar.com\/avatar\/55cb5e37c1efa326397366e6974cb338056df65cb50e7d64d1cf314e87504837?s=96&d=mm&r=g","contentUrl":"https:\/\/secure.gravatar.com\/avatar\/55cb5e37c1efa326397366e6974cb338056df65cb50e7d64d1cf314e87504837?s=96&d=mm&r=g","caption":"Arnaldo Botto"},"url":"https:\/\/www.noticiasradioreflejos.com.ar\/2021\/author\/arnaldo\/"}]}},"_links":{"self":[{"href":"https:\/\/www.noticiasradioreflejos.com.ar\/2021\/wp-json\/wp\/v2\/posts\/29269","targetHints":{"allow":["GET"]}}],"collection":[{"href":"https:\/\/www.noticiasradioreflejos.com.ar\/2021\/wp-json\/wp\/v2\/posts"}],"about":[{"href":"https:\/\/www.noticiasradioreflejos.com.ar\/2021\/wp-json\/wp\/v2\/types\/post"}],"author":[{"embeddable":true,"href":"https:\/\/www.noticiasradioreflejos.com.ar\/2021\/wp-json\/wp\/v2\/users\/3"}],"replies":[{"embeddable":true,"href":"https:\/\/www.noticiasradioreflejos.com.ar\/2021\/wp-json\/wp\/v2\/comments?post=29269"}],"version-history":[{"count":0,"href":"https:\/\/www.noticiasradioreflejos.com.ar\/2021\/wp-json\/wp\/v2\/posts\/29269\/revisions"}],"wp:attachment":[{"href":"https:\/\/www.noticiasradioreflejos.com.ar\/2021\/wp-json\/wp\/v2\/media?parent=29269"}],"wp:term":[{"taxonomy":"category","embeddable":true,"href":"https:\/\/www.noticiasradioreflejos.com.ar\/2021\/wp-json\/wp\/v2\/categories?post=29269"},{"taxonomy":"post_tag","embeddable":true,"href":"https:\/\/www.noticiasradioreflejos.com.ar\/2021\/wp-json\/wp\/v2\/tags?post=29269"}],"curies":[{"name":"wp","href":"https:\/\/api.w.org\/{rel}","templated":true}]}}