{"id":29243,"date":"2019-02-27T08:08:58","date_gmt":"2019-02-27T11:08:58","guid":{"rendered":"http:\/\/www.noticiasradioreflejos.com.ar\/noticias\/?p=29243"},"modified":"2019-02-27T08:08:58","modified_gmt":"2019-02-27T11:08:58","slug":"sesiono-el-concejo-deliberante-en-extraordinaria","status":"publish","type":"post","link":"https:\/\/www.noticiasradioreflejos.com.ar\/2021\/sesiono-el-concejo-deliberante-en-extraordinaria\/","title":{"rendered":"Sesion\u00f3 el Concejo Deliberante en extraordinaria."},"content":{"rendered":"<p><a title=\"Extraord Febrero (4)\" href=\"http:\/\/farm8.staticflickr.com\/7920\/33352192308_9050f1777e.jpg\" rel=\"\"><img loading=\"lazy\" decoding=\"async\" class=\"alignleft\" style=\"float: left;\" title=\"Extraord Febrero (4)\" src=\"http:\/\/farm8.staticflickr.com\/7920\/33352192308_9050f1777e.jpg\" alt=\"Extraord Febrero (4)\" width=\"500\" height=\"375\" \/><\/a>Este martes se inform\u00f3 oficialmente la salida por renuncia de Valentina Nyez. La suplantar\u00e1 el concejal Germ\u00e1n De Larena. Tambi\u00e9n asumir\u00e1 Sebasti\u00e1n Bassi una banca en Cambiemos.<br \/>\nDurante una sesi\u00f3n extraordinaria llevada a cabo en el sal\u00f3n del HCD, se inform\u00f3 oficialmente este martes la renuncia presentada por razones particulares de Valentina Nyez, en su reemplazo asumir\u00e1 oficialmente el viernes 1 de marzo Germ\u00e1n de Larena oriundo de Saldungaray.<!--more--><br \/>\nAs\u00ed se inform\u00f3 desde la presidencia del cuerpo a cargo de Gustavo Moroncini que estuvo acompa\u00f1ado moment\u00e1neamente por Laura Rosatelli qui\u00e9n dio lectura al decreto 01\/09.<br \/>\nAdem\u00e1s de la licencia de De Larena que culmina mandato este a\u00f1o como concejal, se inform\u00f3 que en su reemplazo ocupar\u00e1 la banca Sebasti\u00e1n Bassi de Sierra de la Ventana que hab\u00eda realizado algunos reemplazos de Graciela Bag\u00fa.<br \/>\nDentro del orden del d\u00eda se aprobaron algunos expedientes presentados y otros se remitieron al Departamento Ejecutivo.<br \/>\nExpte. N\u00ba 013\/19: &#8211; D.E. \u2013 Convalida la firma del Convenio de Subvenci\u00f3n &#8211; Proyecto \u201cExperimento Ventania\u201d.-<br \/>\nExpte. N\u00ba 018\/19: &#8211; D.E. \u2013 Convalida la firma del Convenio de Subvenci\u00f3n \u2013 Proyecto \u201cSistema Integrado de Se\u00f1alizaci\u00f3n Vial y Se\u00f1al\u00e9tica Tur\u00edstica en el Distrito de Tornquist\u201d.-<br \/>\nExpte. N\u00ba 021\/19: &#8211; D.E. \u2013 Convalida la firma del Contrato de Comodato celebrado con la Direcci\u00f3n General de Cultura y Educaci\u00f3n de la Provincia de Buenos Aires &#8211; S.S.A.T.D.I. &#8211; Anexo N\u00ba 502.-<br \/>\nExpte. N\u00ba 022\/19: &#8211; D.E. \u2013 Convalida la firma del Convenio de Colaboraci\u00f3n celebrado entre el C\u00edrculo M\u00e9dico de Tornquist y el Municipio.-<br \/>\nExpte. N\u00ba 024\/19: &#8211; Modificaci\u00f3n C\u00f3digo Tributario Municipal.-(Remitido al ejecutivo)<br \/>\nExpte. N\u00ba 027\/19: &#8211; D.E. &#8211; Convalida la firma del Convenio de Uso y Colaboraci\u00f3n celebrado entre el C.E.N.S. N\u00ba 451, la E.E.S. N\u00ba 4, la U.P.S.O. y la Municipalidad de Tornquist.-(Remitido al ejecutivo)<br \/>\n<a title=\"Extraord Febrero (1)\" href=\"http:\/\/farm8.staticflickr.com\/7918\/47227879221_e283a36041.jpg\" rel=\"\"><img loading=\"lazy\" decoding=\"async\" class=\"alignleft\" style=\"float: left;\" title=\"Extraord Febrero (1)\" src=\"http:\/\/farm8.staticflickr.com\/7918\/47227879221_e283a36041.jpg\" alt=\"Extraord Febrero (1)\" width=\"500\" height=\"375\" \/><\/a>INFORME OFICIAL SESION EXTRAORDINARIA DEL D\u00cdA 26-02-19<br \/>\nEl d\u00eda 26 de febrero, se realiz\u00f3 una Sesi\u00f3n Extraordinaria convocados por Decreto N\u00ba 01\/19. Por ausencia de la Secretaria Legislativa, el Presidente del Honorable Concejo Deliberante solicit\u00f3 ayuda a la Concejal Laura Rosatelli para dar lectura de los temas a tratar.<br \/>\nEstos fueron:<br \/>\nExpte. N\u00ba 013\/19: &#8211; \u201cD.E. \u2013 Convalida la firma del Convenio de Subvenci\u00f3n &#8211; Proyecto \u201cExperimento Ventania\u201d\u201d.-<br \/>\nSe aprueba por unanimidad la Ordenanza con el N\u00ba 3110\/19 por la que se convalida la firma del Convenio de Subvenci\u00f3n celebrado entre el Ministerio de Educaci\u00f3n, Cultura, Ciencia y Tecnolog\u00eda, representado por el Dr. Tom\u00e1s Ameigeiras, la Universidad Nacional del Sur, representada por el Sr. Osvaldo Enrique Agamennoni y la Municipalidad de Tornquist, representada por el Sr. Intendente Municipal Sergio Fabi\u00e1n Bordoni.-<br \/>\nPor este Convenio el Ministerio otorga al Municipio un subsidio enmarcado en la l\u00ednea \u201cApoyo Tecnol\u00f3gico al Sector Turismo-Asetur 2017\u201d por hasta la suma de $1.500.000, para ser aplicado a la ejecuci\u00f3n del Proyecto titulado \u201cEXPERIMENTO VENTANIA\u201d, (tiene como objetivo la creaci\u00f3n de un parque tem\u00e1tico que fusione tecnolog\u00eda y arte, a realizarse en el predio del Club Hotel de Villa Ventana).<br \/>\nLos fondos destinados a financiar el proyecto ser\u00e1n administrados por la Universidad.-<br \/>\nExpte. N\u00ba 018\/19: &#8211; \u201cD.E. \u2013 Convalida la firma del Convenio de Subvenci\u00f3n \u2013 Proyecto \u201cSistema Integrado de Se\u00f1alizaci\u00f3n Vial y Se\u00f1al\u00e9tica Tur\u00edstica en el Distrito de Tornquist\u201d\u201d.-<br \/>\nSe aprueba por unanimidad la Ordenanza con el N\u00ba 3111\/19 por la que se convalida la firma del Convenio de Subvenci\u00f3n celebrado entre el Ministerio de Educaci\u00f3n, Cultura, Ciencia y Tecnolog\u00eda, representado por el Dr. Tom\u00e1s Ameigeiras, la Universidad Nacional del Sur, representada por el Sr. Osvaldo Enrique Agamennoni y la Municipalidad de Tornquist, representada por el Sr. Intendente Municipal Sergio Fabi\u00e1n Bordoni.- El Ministerio otorga al Municipio un subsidio enmarcado en la l\u00ednea \u201cApoyo Tecnol\u00f3gico al Sector Turismo (ASETUR) 2016\u201d por hasta la suma de $521.500, para ser aplicado a la ejecuci\u00f3n del Proyecto denominado \u201cSISTEMA INTEGRADO DE SE\u00d1ALIZACI\u00d3N VIAL Y SE\u00d1AL\u00c9TICA TUR\u00cdSTICA EN EL DISTRITO DE TORNQUIST\u201d. Los fondos destinados a financiar el proyecto ser\u00e1n administrados por la Universidad.-<br \/>\nExpte. N\u00ba 021\/19: &#8211; \u201cD.E. \u2013 Convalida la firma del Contrato de Comodato celebrado con la Direcci\u00f3n General de Cultura y Educaci\u00f3n de la Provincia de Buenos Aires &#8211; S.S.A.T.D.I. &#8211; Anexo N\u00ba 502\u201d.-<br \/>\nSe aprueba por unanimidad la Ordenanza con el N\u00ba 3112\/19 por la que se convalida la firma del Contrato de Comodato celebrado entre la Direcci\u00f3n General de Cultura y Educaci\u00f3n de la Provincia de Buenos Aires por una parte, representada por la Presidente del Consejo Escolar Sra. Jorgelina Mariela Lencinas y la Municipalidad de Tornquist representada por su Intendente Municipal Sr. Sergio Fabi\u00e1n Bordoni, por la otra. Por el mismo el Municipio cede en comodato a la DGCyE un inmueble locado a tal fin en la localidad de Saldungaray, cuyos datos catastrales son: Circunscripci\u00f3n IX, Secci\u00f3n A, Manzana 72, Parcela 8, Partida 1253. El destino del inmueble en comodato es el funcionamiento del Servicio Agregado de Atenci\u00f3n Temprana del Desarrollo Infantil &#8211; Anexo N\u00ba 502, dependiente de la DGCyE.-<br \/>\nExpte. N\u00ba 022\/19: -\u201cD.E. \u2013 Convalida la firma del Convenio de Colaboraci\u00f3n celebrado entre el C\u00edrculo M\u00e9dico de Tornquist y el Municipio\u201d.-<br \/>\nSe aprueba por unanimidad la Ordenanza con el N\u00ba 3113\/19 por la que se convalida la firma del Convenio de Colaboraci\u00f3n celebrado entre el C\u00edrculo M\u00e9dico de Tornquist por una parte, representado por su titular Dra. Ver\u00f3nica Laura Castro y la Municipalidad de Tornquist representada por su Intendente Municipal Sr. Sergio Fabi\u00e1n Bordoni, por la otra.- De esta manera el Municipio garantiza la cobertura de guardias m\u00e9dicas activas y pasivas de pediatr\u00eda durante las 24 hs, los d\u00edas s\u00e1bados, domingos y feriados en el Hospital Municipal de Tornquist, y tambi\u00e9n las guardias activas de fin de semana en Sierra de la Ventana. Tendr\u00e1 una vigencia que abarcar\u00e1 desde el 1\u00ba de enero hasta el 31 de diciembre del a\u00f1o en curso.-<br \/>\nExpte. N\u00ba 024\/19: &#8211; \u201cModificaci\u00f3n C\u00f3digo Tributario Municipal\u201d.-<br \/>\nSe aprueba por unanimidad el dictamen que aconseja enviar el mismo al Departamento Ejecutivo para que se realice la correspondiente modificaci\u00f3n del mismo.<br \/>\nExpte. N\u00ba 027\/19: &#8211; \u201cD.E. &#8211; Convalida la firma del Convenio de Uso y Colaboraci\u00f3n celebrado entre el C.E.N.S. N\u00ba 451, la E.E.S. N\u00ba 4, la U.P.S.O. y la Municipalidad de Tornquist\u201d-<br \/>\nSe aprueba por unanimidad el dictamen que aconseja enviar el mismo al Departamento Ejecutivo para que se realice la correspondiente modificaci\u00f3n del mismo.<br \/>\n<a title=\"Extraord Febrero (3)\" href=\"http:\/\/farm8.staticflickr.com\/7843\/33352192398_9056bafcaf.jpg\" rel=\"\"><img loading=\"lazy\" decoding=\"async\" class=\"alignleft\" style=\"float: left;\" title=\"Extraord Febrero (3)\" src=\"http:\/\/farm8.staticflickr.com\/7843\/33352192398_9056bafcaf.jpg\" alt=\"Extraord Febrero (3)\" width=\"500\" height=\"375\" \/><\/a>Secretaria H.C.D. M. Valentina Nyez: Presenta renuncia a su cargo de Secretaria Legislativa.-<br \/>\nLos Concejales se notifican de la misma.<br \/>\nEdil De Larena Germ\u00e1n: Solicita licencia a su cargo de Concejal.-<br \/>\nSe aprueba por unanimidad la licencia solicitada.<br \/>\nDesignaci\u00f3n Secretario Legislativo del Honorable Concejo Deliberante:<br \/>\nPor unanimidad se aprueba la moci\u00f3n del Concejal Cristian Raising que propone como Secretario Legislativo a Germ\u00e1n de Larena.<br \/>\nHONORABLE CONCEJO DELIBERANTE<br \/>\nFoto: Laura Rosatelli dio lectura al decreto de convocatoria, junto al Presidente Gustavo Moroncini.<br \/>\n<strong>\u201cEstamos trabajando fuerte para llevar nuevamente a la Intendencia a Sergio Bordoni\u201d<\/strong><br \/>\nCristian Raising de la UCR en Cambiemos, afirm\u00f3 que el partido redobla la apuesta para la campa\u00f1a del actual Intendente. Apoy\u00f3 a su par German De Larena que asume la Secretar\u00eda del Concejo.<br \/>\nEl joven Cristian Raising, militante y dirigente de la UCR y actual Concejal por el frente Cambiemos, fue claro al declarar que apoyan a Germ\u00e1n De Larena que asumir\u00e1 el 1 de Marzo en la Secretar\u00eda del Concejo y remarc\u00f3 que el partido trabaja para que Bordoni sea reelecto.<br \/>\n\u201cSe ha dado de que Germ\u00e1n accedi\u00f3 a la Secretar\u00eda Legislativa del Concejo y estamos contentos por eso. Este es un a\u00f1o complicado como lo vinieron siendo estos \u00faltimos a\u00f1os, pero nosotros estamos convencidos de lo que estamos haciendo a nivel local y estamos meti\u00e9ndole para adelante con eso\u201d<br \/>\n\u201cCon Sergio(Bordoni), la relaci\u00f3n es permanente, siempre estamos ultimando detalles y nos pone al tanto de todo. Lo veo bien. Creo que si bien en la localidad de Tornquist no se han hecho la cantidad de obras que todos esperaban, si se han sentado las bases de ac\u00e1 a much\u00edsimos a\u00f1os m\u00e1s, como es el caso de las compras de las hect\u00e1reas para los barrios. Eso era una cuenta pendiente que no ten\u00edamos terrenos donde hacer un barrio y fue un gran paso para un futuro\u201d<br \/>\n\u201cEn el resto de las localidades no hace falta agregar mucho porque Sierra de la Ventana ha sido la que que m\u00e1s obra ha recibido. En Chasic\u00f3 las 17 viviendas y Villa Ventana que ya tiene sus obras\u201d<br \/>\n\u201cLa idea del partido es siempre seguir apostando a esto que fue Cambiemos, esta coalici\u00f3n de gobierno que hicimos en 2015 y estamos convencidos de lo que estamos haciendo y trabajando fuerte para volver a llevar a la intendencia a Sergio Bordoni\u201d<br \/>\n<iframe loading=\"lazy\" src=\"https:\/\/w.soundcloud.com\/player\/?url=https%3A\/\/api.soundcloud.com\/tracks\/582100980&amp;color=%23ff5500&amp;auto_play=false&amp;hide_related=false&amp;show_comments=true&amp;show_user=true&amp;show_reposts=false&amp;show_teaser=true\" width=\"100%\" height=\"166\" frameborder=\"no\" scrolling=\"no\"><\/iframe><br \/>\n<strong>\u201cAceptamos este desaf\u00edo en la Secretar\u00eda del Concejo\u201d<\/strong><br \/>\nGerman De Larena es del ri\u00f1on de la UCR en Saldungaray. Asumir\u00e1 por el frente Cambiemos en su \u00faltimo a\u00f1o en la Secretar\u00eda legislativa del cuerpo.<br \/>\nLuego de conocida la salida de Valentina Nyez que se desempe\u00f1\u00f3 por varios a\u00f1os en el Concejo, la posta la ha tomado German de Larena que cumple su \u00faltimo a\u00f1o de mandato y para ello ha tomado la licencia respectiva para incorporarse como Secretario del Cuerpo Legislativo<br \/>\nA De Larena lo reemplazar\u00e1 en su banca Sebasti\u00e1n Bassi de Sierra de la Ventana.<br \/>\n\u201cSe dio esta oportunidad con la ida de Valentina. Lo hemos charlado con todos los compa\u00f1eros y aceptamos el desaf\u00edo. Es una funci\u00f3n distinta a la que ven\u00edamos teniendo pero estamos contentos y entusiasmado en este \u00faltimo a\u00f1o\u201d<br \/>\n\u201cLa funci\u00f3n se incrementa. Es todo el d\u00eda a d\u00eda del Concejo Deliberante. La parte administrativa adem\u00e1s de la parte pol\u00edtica. As\u00ed que para mi es un lindo reto. Sebasti\u00e1n Bassi va a reemplazarme y creo que estamos bien\u201d<br \/>\n\u201cEstamos prepar\u00e1ndonos dentro de la UCR en Cambiemos para este a\u00f1o, pero seguimos de la misma manera como lo hacemos desde los \u00faltimos tres a\u00f1os en conjunto. Charlando entre todos lo que vamos haciendo y creo que nos agarra bien parados para este a\u00f1o. Seguiremos trabajando, estando presente y acompa\u00f1ando al ejecutivo y al espacio pol\u00edtico de Cambiemos\u201d<br \/>\n\u201cM\u00e1s all\u00e1 de todo lo que ha sucedido a nivel nacional y provincial sabemos que hay diferencia en todos los niveles pero seguimos apostando a este espacio\u201d.<br \/>\n<iframe loading=\"lazy\" src=\"https:\/\/w.soundcloud.com\/player\/?url=https%3A\/\/api.soundcloud.com\/tracks\/582102024&amp;color=%23ff5500&amp;auto_play=false&amp;hide_related=false&amp;show_comments=true&amp;show_user=true&amp;show_reposts=false&amp;show_teaser=true\" width=\"100%\" height=\"166\" frameborder=\"no\" scrolling=\"no\"><\/iframe><br \/>\n<strong>\u201cOjal\u00e1 Gustavo vuelva a ser Intendente\u201d<\/strong><br \/>\nUn deseo que dej\u00f3 picando la actual Concejal Marita Skolak para este a\u00f1o electoral. Afirm\u00f3 que en la calle le piden que vuelva Trankels como Jefe Comunal.<br \/>\nLa actual Concejal del FPV Marita Skolak, dej\u00f3 en claro que el peronismo ha conseguido la unidad y su deseo seg\u00fan declar\u00f3, es que Gustavo Trankels vuelva a ser Intendente.<br \/>\nEn una entrevista a nuestro medio luego de la sesi\u00f3n de este martes, la edil apunt\u00f3 tambi\u00e9n sus palabras al actual jefe comunal Sergio Bordoni por prometer obras y cumplir apenas un 5%-dispar\u00f3.<br \/>\n\u201cCon muchas ansias de comenzar un nuevo per\u00edodo legislativo. Con ganas de presentar nuevos proyectos. Viendo una situaci\u00f3n muy complicada lo que es la realidad de nuestro pa\u00eds, la provincia y el distrito. Con m\u00e1s ganas de trabajar para que todo se pueda resolver\u201d<br \/>\n\u201cEstamos trabajando como lo hacemos de costumbre, con reuniones, m\u00e1s que nada en resolver la problem\u00e1tica de los vecinos que constantemente viene a traer situaciones que tenemos que poner sobre la mesa para ver como se pueden resolver y nuestra reuniones est\u00e1n reflejadas en esos temas\u201d<br \/>\n\u201cLa gente reclama much\u00edsima asistencia social. Nos llaman mucho por esos temas. As\u00ed que necesitamos un poco m\u00e1s de la presencia del Secretario de Acci\u00f3n Social en estos casos\u201d<br \/>\n\u201cVamos a trabajar, militar como lo hacemos de costumbre y ver que es lo que mas conviene siempre en beneficio de todos por esta unidad que se conforma y siempre escuchando al otro como lo solemos hacer y acompa\u00f1ando porque la intenci\u00f3n es que el peronismo vuelva a triunfar porque ante todo debemos pensar en la justicia social que siempre el peronista lo tiene presente\u201d<br \/>\n\u201cPor ahora no se manejan nombres es una ansiedad de la gente que en mi caso particular dicen que vuelva Gustavo Trankels. Nosotros trabajamos por el peronismo, por esta unidad y si todo se da y se decide ojal\u00e1 Gustavo vuelva a ser Intendente, es un deseo de todos y m\u00e1s que nada de vecinos que lo piden. Se puede ver en las redes sociales, en las charlas que tenemos. Me pasa que voy a la Cooperativa y en las charlas me dicen que vuelva Gustavo, porque no es poco lo que hizo. Tuvo una gesti\u00f3n Maravillosa y se lo ha dejado bien reflejado al vecino de Tornquist que son las obras p\u00fablicas que tanto se prometieron y no se hicieron. Eso hay que ponerlo en la balanza cuando en campa\u00f1a prometes y no cumpl\u00eds ni siquiera el 5% eso es un aspecto que hay que tener en cuenta para las pr\u00f3ximas elecciones\u201d.<br \/>\n<iframe loading=\"lazy\" src=\"https:\/\/w.soundcloud.com\/player\/?url=https%3A\/\/api.soundcloud.com\/tracks\/582103455&amp;color=%23ff5500&amp;auto_play=false&amp;hide_related=false&amp;show_comments=true&amp;show_user=true&amp;show_reposts=false&amp;show_teaser=true\" width=\"100%\" height=\"166\" frameborder=\"no\" scrolling=\"no\"><\/iframe><br \/>\n<a href=\"http:\/\/www.noticiastornquist.com.ar\/\"><strong>Gentileza Noticias Tornquist<\/strong><\/a><\/p>\n","protected":false},"excerpt":{"rendered":"<p>Este martes se inform\u00f3 oficialmente la salida por renuncia de Valentina Nyez. La suplantar\u00e1 el concejal Germ\u00e1n De Larena. Tambi\u00e9n asumir\u00e1 Sebasti\u00e1n Bassi una banca en Cambiemos. Durante una sesi\u00f3n extraordinaria llevada a cabo en el sal\u00f3n del HCD, se inform\u00f3 oficialmente este martes la renuncia presentada por razones particulares de Valentina Nyez, en su [&hellip;]<\/p>\n","protected":false},"author":3,"featured_media":0,"comment_status":"closed","ping_status":"open","sticky":false,"template":"","format":"standard","meta":{"footnotes":""},"categories":[24],"tags":[],"class_list":["post-29243","post","type-post","status-publish","format-standard","hentry","category-politica"],"yoast_head":"<!-- This site is optimized with the Yoast SEO plugin v25.9 - https:\/\/yoast.com\/wordpress\/plugins\/seo\/ -->\n<title>Sesion\u00f3 el Concejo Deliberante en extraordinaria. - Noticias Radio Reflejos<\/title>\n<meta name=\"robots\" content=\"index, follow, max-snippet:-1, max-image-preview:large, max-video-preview:-1\" \/>\n<link rel=\"canonical\" href=\"https:\/\/www.noticiasradioreflejos.com.ar\/2021\/sesiono-el-concejo-deliberante-en-extraordinaria\/\" \/>\n<meta property=\"og:locale\" content=\"es_ES\" \/>\n<meta property=\"og:type\" content=\"article\" \/>\n<meta property=\"og:title\" content=\"Sesion\u00f3 el Concejo Deliberante en extraordinaria. - Noticias Radio Reflejos\" \/>\n<meta property=\"og:description\" content=\"Este martes se inform\u00f3 oficialmente la salida por renuncia de Valentina Nyez. La suplantar\u00e1 el concejal Germ\u00e1n De Larena. Tambi\u00e9n asumir\u00e1 Sebasti\u00e1n Bassi una banca en Cambiemos. Durante una sesi\u00f3n extraordinaria llevada a cabo en el sal\u00f3n del HCD, se inform\u00f3 oficialmente este martes la renuncia presentada por razones particulares de Valentina Nyez, en su [&hellip;]\" \/>\n<meta property=\"og:url\" content=\"https:\/\/www.noticiasradioreflejos.com.ar\/2021\/sesiono-el-concejo-deliberante-en-extraordinaria\/\" \/>\n<meta property=\"og:site_name\" content=\"Noticias Radio Reflejos\" \/>\n<meta property=\"article:published_time\" content=\"2019-02-27T11:08:58+00:00\" \/>\n<meta property=\"og:image\" content=\"http:\/\/farm8.staticflickr.com\/7920\/33352192308_9050f1777e.jpg\" \/>\n<meta name=\"author\" content=\"Arnaldo Botto\" \/>\n<meta name=\"twitter:card\" content=\"summary_large_image\" \/>\n<script type=\"application\/ld+json\" class=\"yoast-schema-graph\">{\"@context\":\"https:\/\/schema.org\",\"@graph\":[{\"@type\":\"WebPage\",\"@id\":\"https:\/\/www.noticiasradioreflejos.com.ar\/2021\/sesiono-el-concejo-deliberante-en-extraordinaria\/\",\"url\":\"https:\/\/www.noticiasradioreflejos.com.ar\/2021\/sesiono-el-concejo-deliberante-en-extraordinaria\/\",\"name\":\"Sesion\u00f3 el Concejo Deliberante en extraordinaria. - Noticias Radio Reflejos\",\"isPartOf\":{\"@id\":\"https:\/\/www.noticiasradioreflejos.com.ar\/2021\/#website\"},\"primaryImageOfPage\":{\"@id\":\"https:\/\/www.noticiasradioreflejos.com.ar\/2021\/sesiono-el-concejo-deliberante-en-extraordinaria\/#primaryimage\"},\"image\":{\"@id\":\"https:\/\/www.noticiasradioreflejos.com.ar\/2021\/sesiono-el-concejo-deliberante-en-extraordinaria\/#primaryimage\"},\"thumbnailUrl\":\"http:\/\/farm8.staticflickr.com\/7920\/33352192308_9050f1777e.jpg\",\"datePublished\":\"2019-02-27T11:08:58+00:00\",\"author\":{\"@id\":\"https:\/\/www.noticiasradioreflejos.com.ar\/2021\/#\/schema\/person\/ad82545263dcc5ec0996818884fd5fb1\"},\"breadcrumb\":{\"@id\":\"https:\/\/www.noticiasradioreflejos.com.ar\/2021\/sesiono-el-concejo-deliberante-en-extraordinaria\/#breadcrumb\"},\"inLanguage\":\"es\",\"potentialAction\":[{\"@type\":\"ReadAction\",\"target\":[\"https:\/\/www.noticiasradioreflejos.com.ar\/2021\/sesiono-el-concejo-deliberante-en-extraordinaria\/\"]}]},{\"@type\":\"ImageObject\",\"inLanguage\":\"es\",\"@id\":\"https:\/\/www.noticiasradioreflejos.com.ar\/2021\/sesiono-el-concejo-deliberante-en-extraordinaria\/#primaryimage\",\"url\":\"http:\/\/farm8.staticflickr.com\/7920\/33352192308_9050f1777e.jpg\",\"contentUrl\":\"http:\/\/farm8.staticflickr.com\/7920\/33352192308_9050f1777e.jpg\"},{\"@type\":\"BreadcrumbList\",\"@id\":\"https:\/\/www.noticiasradioreflejos.com.ar\/2021\/sesiono-el-concejo-deliberante-en-extraordinaria\/#breadcrumb\",\"itemListElement\":[{\"@type\":\"ListItem\",\"position\":1,\"name\":\"Portada\",\"item\":\"https:\/\/www.noticiasradioreflejos.com.ar\/2021\/\"},{\"@type\":\"ListItem\",\"position\":2,\"name\":\"Sesion\u00f3 el Concejo Deliberante en extraordinaria.\"}]},{\"@type\":\"WebSite\",\"@id\":\"https:\/\/www.noticiasradioreflejos.com.ar\/2021\/#website\",\"url\":\"https:\/\/www.noticiasradioreflejos.com.ar\/2021\/\",\"name\":\"Noticias Radio Reflejos\",\"description\":\"Las noticias de mi comarca\",\"potentialAction\":[{\"@type\":\"SearchAction\",\"target\":{\"@type\":\"EntryPoint\",\"urlTemplate\":\"https:\/\/www.noticiasradioreflejos.com.ar\/2021\/?s={search_term_string}\"},\"query-input\":{\"@type\":\"PropertyValueSpecification\",\"valueRequired\":true,\"valueName\":\"search_term_string\"}}],\"inLanguage\":\"es\"},{\"@type\":\"Person\",\"@id\":\"https:\/\/www.noticiasradioreflejos.com.ar\/2021\/#\/schema\/person\/ad82545263dcc5ec0996818884fd5fb1\",\"name\":\"Arnaldo Botto\",\"image\":{\"@type\":\"ImageObject\",\"inLanguage\":\"es\",\"@id\":\"https:\/\/www.noticiasradioreflejos.com.ar\/2021\/#\/schema\/person\/image\/\",\"url\":\"https:\/\/secure.gravatar.com\/avatar\/55cb5e37c1efa326397366e6974cb338056df65cb50e7d64d1cf314e87504837?s=96&d=mm&r=g\",\"contentUrl\":\"https:\/\/secure.gravatar.com\/avatar\/55cb5e37c1efa326397366e6974cb338056df65cb50e7d64d1cf314e87504837?s=96&d=mm&r=g\",\"caption\":\"Arnaldo Botto\"},\"url\":\"https:\/\/www.noticiasradioreflejos.com.ar\/2021\/author\/arnaldo\/\"}]}<\/script>\n<!-- \/ Yoast SEO plugin. -->","yoast_head_json":{"title":"Sesion\u00f3 el Concejo Deliberante en extraordinaria. - Noticias Radio Reflejos","robots":{"index":"index","follow":"follow","max-snippet":"max-snippet:-1","max-image-preview":"max-image-preview:large","max-video-preview":"max-video-preview:-1"},"canonical":"https:\/\/www.noticiasradioreflejos.com.ar\/2021\/sesiono-el-concejo-deliberante-en-extraordinaria\/","og_locale":"es_ES","og_type":"article","og_title":"Sesion\u00f3 el Concejo Deliberante en extraordinaria. - Noticias Radio Reflejos","og_description":"Este martes se inform\u00f3 oficialmente la salida por renuncia de Valentina Nyez. La suplantar\u00e1 el concejal Germ\u00e1n De Larena. Tambi\u00e9n asumir\u00e1 Sebasti\u00e1n Bassi una banca en Cambiemos. Durante una sesi\u00f3n extraordinaria llevada a cabo en el sal\u00f3n del HCD, se inform\u00f3 oficialmente este martes la renuncia presentada por razones particulares de Valentina Nyez, en su [&hellip;]","og_url":"https:\/\/www.noticiasradioreflejos.com.ar\/2021\/sesiono-el-concejo-deliberante-en-extraordinaria\/","og_site_name":"Noticias Radio Reflejos","article_published_time":"2019-02-27T11:08:58+00:00","og_image":[{"url":"http:\/\/farm8.staticflickr.com\/7920\/33352192308_9050f1777e.jpg","type":"","width":"","height":""}],"author":"Arnaldo Botto","twitter_card":"summary_large_image","schema":{"@context":"https:\/\/schema.org","@graph":[{"@type":"WebPage","@id":"https:\/\/www.noticiasradioreflejos.com.ar\/2021\/sesiono-el-concejo-deliberante-en-extraordinaria\/","url":"https:\/\/www.noticiasradioreflejos.com.ar\/2021\/sesiono-el-concejo-deliberante-en-extraordinaria\/","name":"Sesion\u00f3 el Concejo Deliberante en extraordinaria. - Noticias Radio Reflejos","isPartOf":{"@id":"https:\/\/www.noticiasradioreflejos.com.ar\/2021\/#website"},"primaryImageOfPage":{"@id":"https:\/\/www.noticiasradioreflejos.com.ar\/2021\/sesiono-el-concejo-deliberante-en-extraordinaria\/#primaryimage"},"image":{"@id":"https:\/\/www.noticiasradioreflejos.com.ar\/2021\/sesiono-el-concejo-deliberante-en-extraordinaria\/#primaryimage"},"thumbnailUrl":"http:\/\/farm8.staticflickr.com\/7920\/33352192308_9050f1777e.jpg","datePublished":"2019-02-27T11:08:58+00:00","author":{"@id":"https:\/\/www.noticiasradioreflejos.com.ar\/2021\/#\/schema\/person\/ad82545263dcc5ec0996818884fd5fb1"},"breadcrumb":{"@id":"https:\/\/www.noticiasradioreflejos.com.ar\/2021\/sesiono-el-concejo-deliberante-en-extraordinaria\/#breadcrumb"},"inLanguage":"es","potentialAction":[{"@type":"ReadAction","target":["https:\/\/www.noticiasradioreflejos.com.ar\/2021\/sesiono-el-concejo-deliberante-en-extraordinaria\/"]}]},{"@type":"ImageObject","inLanguage":"es","@id":"https:\/\/www.noticiasradioreflejos.com.ar\/2021\/sesiono-el-concejo-deliberante-en-extraordinaria\/#primaryimage","url":"http:\/\/farm8.staticflickr.com\/7920\/33352192308_9050f1777e.jpg","contentUrl":"http:\/\/farm8.staticflickr.com\/7920\/33352192308_9050f1777e.jpg"},{"@type":"BreadcrumbList","@id":"https:\/\/www.noticiasradioreflejos.com.ar\/2021\/sesiono-el-concejo-deliberante-en-extraordinaria\/#breadcrumb","itemListElement":[{"@type":"ListItem","position":1,"name":"Portada","item":"https:\/\/www.noticiasradioreflejos.com.ar\/2021\/"},{"@type":"ListItem","position":2,"name":"Sesion\u00f3 el Concejo Deliberante en extraordinaria."}]},{"@type":"WebSite","@id":"https:\/\/www.noticiasradioreflejos.com.ar\/2021\/#website","url":"https:\/\/www.noticiasradioreflejos.com.ar\/2021\/","name":"Noticias Radio Reflejos","description":"Las noticias de mi comarca","potentialAction":[{"@type":"SearchAction","target":{"@type":"EntryPoint","urlTemplate":"https:\/\/www.noticiasradioreflejos.com.ar\/2021\/?s={search_term_string}"},"query-input":{"@type":"PropertyValueSpecification","valueRequired":true,"valueName":"search_term_string"}}],"inLanguage":"es"},{"@type":"Person","@id":"https:\/\/www.noticiasradioreflejos.com.ar\/2021\/#\/schema\/person\/ad82545263dcc5ec0996818884fd5fb1","name":"Arnaldo Botto","image":{"@type":"ImageObject","inLanguage":"es","@id":"https:\/\/www.noticiasradioreflejos.com.ar\/2021\/#\/schema\/person\/image\/","url":"https:\/\/secure.gravatar.com\/avatar\/55cb5e37c1efa326397366e6974cb338056df65cb50e7d64d1cf314e87504837?s=96&d=mm&r=g","contentUrl":"https:\/\/secure.gravatar.com\/avatar\/55cb5e37c1efa326397366e6974cb338056df65cb50e7d64d1cf314e87504837?s=96&d=mm&r=g","caption":"Arnaldo Botto"},"url":"https:\/\/www.noticiasradioreflejos.com.ar\/2021\/author\/arnaldo\/"}]}},"_links":{"self":[{"href":"https:\/\/www.noticiasradioreflejos.com.ar\/2021\/wp-json\/wp\/v2\/posts\/29243","targetHints":{"allow":["GET"]}}],"collection":[{"href":"https:\/\/www.noticiasradioreflejos.com.ar\/2021\/wp-json\/wp\/v2\/posts"}],"about":[{"href":"https:\/\/www.noticiasradioreflejos.com.ar\/2021\/wp-json\/wp\/v2\/types\/post"}],"author":[{"embeddable":true,"href":"https:\/\/www.noticiasradioreflejos.com.ar\/2021\/wp-json\/wp\/v2\/users\/3"}],"replies":[{"embeddable":true,"href":"https:\/\/www.noticiasradioreflejos.com.ar\/2021\/wp-json\/wp\/v2\/comments?post=29243"}],"version-history":[{"count":0,"href":"https:\/\/www.noticiasradioreflejos.com.ar\/2021\/wp-json\/wp\/v2\/posts\/29243\/revisions"}],"wp:attachment":[{"href":"https:\/\/www.noticiasradioreflejos.com.ar\/2021\/wp-json\/wp\/v2\/media?parent=29243"}],"wp:term":[{"taxonomy":"category","embeddable":true,"href":"https:\/\/www.noticiasradioreflejos.com.ar\/2021\/wp-json\/wp\/v2\/categories?post=29243"},{"taxonomy":"post_tag","embeddable":true,"href":"https:\/\/www.noticiasradioreflejos.com.ar\/2021\/wp-json\/wp\/v2\/tags?post=29243"}],"curies":[{"name":"wp","href":"https:\/\/api.w.org\/{rel}","templated":true}]}}