{"id":29241,"date":"2019-02-26T19:12:37","date_gmt":"2019-02-26T22:12:37","guid":{"rendered":"http:\/\/www.noticiasradioreflejos.com.ar\/noticias\/?p=29241"},"modified":"2019-02-26T19:12:37","modified_gmt":"2019-02-26T22:12:37","slug":"audiencia-publica-de-gas-para-definir-incrementos-tarifarios-deben-contemplarse-circunstancias-sociales-politicas-y-economicas-del-pais","status":"publish","type":"post","link":"https:\/\/www.noticiasradioreflejos.com.ar\/2021\/audiencia-publica-de-gas-para-definir-incrementos-tarifarios-deben-contemplarse-circunstancias-sociales-politicas-y-economicas-del-pais\/","title":{"rendered":"Audiencia P\u00fablica de Gas: \u201cPara definir incrementos tarifarios deben contemplarse circunstancias sociales, pol\u00edticas y econ\u00f3micas del pa\u00eds\u201d"},"content":{"rendered":"<p>La Defensor\u00eda del Pueblo de la Naci\u00f3n expres\u00f3 hoy \u2013en la audiencia p\u00fablica por el incremento de las tarifas del gas que se desarroll\u00f3 en el Centro Metropolitano de Dise\u00f1o de CABA &#8211; que \u201cno podemos someter a los usuarios a nuevos incrementos tarifarios ni puede suponerse que los mismos est\u00e1n en condiciones de soportar el pago de tarifas superiores a las vigentes\u201d.<br \/>\nAgreg\u00f3 que \u201cpara definir incrementos tarifarios deben contemplarse circunstancias sociales, pol\u00edticas y econ\u00f3micas del pa\u00eds, ya que entre Estado, prestadores y usuarios existen relaciones b\u00e1sicas que deben ser resguardadas en su justo equilibrio y los usuarios hoy son los que est\u00e1n en mayor desventaja\u201d.<!--more--><br \/>\nLa Dra. Mariana Grosso, Jefa del \u00c1rea de Servicios P\u00fablicos del Defensor del Pueblo nacional se\u00f1al\u00f3 que \u201cexisten diferencias entre el valor del gas que declaran las distribuidoras y el precio de la subasta, por lo que no se sabe cu\u00e1l es el precio que se va a trasladar a la tarifa. No se justifica que las distribuidoras aleguen sus compras por fuera de la subasta, en un mecanismo poco claro\u201d<br \/>\n\u201cEn cuanto al mecanismo de actualizaci\u00f3n semestral, no pueden autorizarse los incrementos pretendidos por las distribuidoras, no pueden trasladarse los costos no reconocidos. Existiendo recursos contra los cuadros tarifarios de octubre de 2018, solicitamos al ENARGAS que debe resolver los recursos de manera tal que no exista posibilidad de un nuevo incremento y mucho menos en forma retroactiva\u201d, sostuvo la Dra. Grosso.<br \/>\n\u201cEl ENARGAS debe realizar una adecuada evaluaci\u00f3n que permita ponderar el impacto en las econom\u00edas familiares, que no se limite al conjunto de asalariados, sino que consideren niveles de actividad, salarios y jubilaciones entre otras cuestiones\u201d finaliz\u00f3.<br \/>\nCon respecto a la tarifa social, la Defensor\u00eda del Pueblo expres\u00f3 que \u201cdebe mantenerse el esquema de bonificaci\u00f3n del 100% del consumo del gas, ya que se realizaron modificaciones que afectaron negativamente a los beneficiarios. Hay un sector que no puede afrontar el pago del gas natural. En el Programa Hogar recientemente se increment\u00f3 el precio de la garrafa, no as\u00ed el subsidio a los beneficiarios. Este afecta a quienes no poseen red de gas natural y se encuentran en una situaci\u00f3n de vulnerabilidad. Solicitamos que se incremente el monto del subsidio para todos los beneficiarios\u201d.<br \/>\nEn la audiencia p\u00fablica, que se desarroll\u00f3 en el Centro Metropolitano de Dise\u00f1o de la Ciudad Aut\u00f3noma de Buenos Aires, las empresas distribuidoras de gas pidieron al Gobierno autorizaci\u00f3n para elevar hasta un 35,6% las tarifas de gas para los usuarios residenciales, comerciales e industriales, para garantizar la \u00absustentabilidad del servicio\u00bb.<br \/>\nEl Defensor del Pueblo de la Naci\u00f3n, en su car\u00e1cter de Instituci\u00f3n Nacional de Derechos Humanos (INDH), vela por los derechos de los usuarios y por el cumplimiento de los Objetivos de Desarrollo Sostenible &#8211; Agenda 2030, de las Naciones Unidas, e informa sobre las recomendaciones que ese organismo le formula al pa\u00eds en el Examen Peri\u00f3dico Universal (EPU).<\/p>\n","protected":false},"excerpt":{"rendered":"<p>La Defensor\u00eda del Pueblo de la Naci\u00f3n expres\u00f3 hoy \u2013en la audiencia p\u00fablica por el incremento de las tarifas del gas que se desarroll\u00f3 en el Centro Metropolitano de Dise\u00f1o de CABA &#8211; que \u201cno podemos someter a los usuarios a nuevos incrementos tarifarios ni puede suponerse que los mismos est\u00e1n en condiciones de soportar [&hellip;]<\/p>\n","protected":false},"author":3,"featured_media":25614,"comment_status":"closed","ping_status":"open","sticky":false,"template":"","format":"standard","meta":{"footnotes":""},"categories":[26],"tags":[],"class_list":["post-29241","post","type-post","status-publish","format-standard","has-post-thumbnail","hentry","category-sociedad"],"yoast_head":"<!-- This site is optimized with the Yoast SEO plugin v25.9 - https:\/\/yoast.com\/wordpress\/plugins\/seo\/ -->\n<title>Audiencia P\u00fablica de Gas: \u201cPara definir incrementos tarifarios deben contemplarse circunstancias sociales, pol\u00edticas y econ\u00f3micas del pa\u00eds\u201d - Noticias Radio Reflejos<\/title>\n<meta name=\"robots\" content=\"index, follow, max-snippet:-1, max-image-preview:large, max-video-preview:-1\" \/>\n<link rel=\"canonical\" href=\"https:\/\/www.noticiasradioreflejos.com.ar\/2021\/audiencia-publica-de-gas-para-definir-incrementos-tarifarios-deben-contemplarse-circunstancias-sociales-politicas-y-economicas-del-pais\/\" \/>\n<meta property=\"og:locale\" content=\"es_ES\" \/>\n<meta property=\"og:type\" content=\"article\" \/>\n<meta property=\"og:title\" content=\"Audiencia P\u00fablica de Gas: \u201cPara definir incrementos tarifarios deben contemplarse circunstancias sociales, pol\u00edticas y econ\u00f3micas del pa\u00eds\u201d - Noticias Radio Reflejos\" \/>\n<meta property=\"og:description\" content=\"La Defensor\u00eda del Pueblo de la Naci\u00f3n expres\u00f3 hoy \u2013en la audiencia p\u00fablica por el incremento de las tarifas del gas que se desarroll\u00f3 en el Centro Metropolitano de Dise\u00f1o de CABA &#8211; que \u201cno podemos someter a los usuarios a nuevos incrementos tarifarios ni puede suponerse que los mismos est\u00e1n en condiciones de soportar [&hellip;]\" \/>\n<meta property=\"og:url\" content=\"https:\/\/www.noticiasradioreflejos.com.ar\/2021\/audiencia-publica-de-gas-para-definir-incrementos-tarifarios-deben-contemplarse-circunstancias-sociales-politicas-y-economicas-del-pais\/\" \/>\n<meta property=\"og:site_name\" content=\"Noticias Radio Reflejos\" \/>\n<meta property=\"article:published_time\" content=\"2019-02-26T22:12:37+00:00\" \/>\n<meta property=\"og:image\" content=\"https:\/\/www.noticiasradioreflejos.com.ar\/2021\/wp-content\/uploads\/2018\/10\/gas.jpg\" \/>\n\t<meta property=\"og:image:width\" content=\"770\" \/>\n\t<meta property=\"og:image:height\" content=\"433\" \/>\n\t<meta property=\"og:image:type\" content=\"image\/jpeg\" \/>\n<meta name=\"author\" content=\"Arnaldo Botto\" \/>\n<meta name=\"twitter:card\" content=\"summary_large_image\" \/>\n<script type=\"application\/ld+json\" class=\"yoast-schema-graph\">{\"@context\":\"https:\/\/schema.org\",\"@graph\":[{\"@type\":\"WebPage\",\"@id\":\"https:\/\/www.noticiasradioreflejos.com.ar\/2021\/audiencia-publica-de-gas-para-definir-incrementos-tarifarios-deben-contemplarse-circunstancias-sociales-politicas-y-economicas-del-pais\/\",\"url\":\"https:\/\/www.noticiasradioreflejos.com.ar\/2021\/audiencia-publica-de-gas-para-definir-incrementos-tarifarios-deben-contemplarse-circunstancias-sociales-politicas-y-economicas-del-pais\/\",\"name\":\"Audiencia P\u00fablica de Gas: \u201cPara definir incrementos tarifarios deben contemplarse circunstancias sociales, pol\u00edticas y econ\u00f3micas del pa\u00eds\u201d - Noticias Radio Reflejos\",\"isPartOf\":{\"@id\":\"https:\/\/www.noticiasradioreflejos.com.ar\/2021\/#website\"},\"primaryImageOfPage\":{\"@id\":\"https:\/\/www.noticiasradioreflejos.com.ar\/2021\/audiencia-publica-de-gas-para-definir-incrementos-tarifarios-deben-contemplarse-circunstancias-sociales-politicas-y-economicas-del-pais\/#primaryimage\"},\"image\":{\"@id\":\"https:\/\/www.noticiasradioreflejos.com.ar\/2021\/audiencia-publica-de-gas-para-definir-incrementos-tarifarios-deben-contemplarse-circunstancias-sociales-politicas-y-economicas-del-pais\/#primaryimage\"},\"thumbnailUrl\":\"https:\/\/www.noticiasradioreflejos.com.ar\/2021\/wp-content\/uploads\/2018\/10\/gas.jpg\",\"datePublished\":\"2019-02-26T22:12:37+00:00\",\"author\":{\"@id\":\"https:\/\/www.noticiasradioreflejos.com.ar\/2021\/#\/schema\/person\/ad82545263dcc5ec0996818884fd5fb1\"},\"breadcrumb\":{\"@id\":\"https:\/\/www.noticiasradioreflejos.com.ar\/2021\/audiencia-publica-de-gas-para-definir-incrementos-tarifarios-deben-contemplarse-circunstancias-sociales-politicas-y-economicas-del-pais\/#breadcrumb\"},\"inLanguage\":\"es\",\"potentialAction\":[{\"@type\":\"ReadAction\",\"target\":[\"https:\/\/www.noticiasradioreflejos.com.ar\/2021\/audiencia-publica-de-gas-para-definir-incrementos-tarifarios-deben-contemplarse-circunstancias-sociales-politicas-y-economicas-del-pais\/\"]}]},{\"@type\":\"ImageObject\",\"inLanguage\":\"es\",\"@id\":\"https:\/\/www.noticiasradioreflejos.com.ar\/2021\/audiencia-publica-de-gas-para-definir-incrementos-tarifarios-deben-contemplarse-circunstancias-sociales-politicas-y-economicas-del-pais\/#primaryimage\",\"url\":\"https:\/\/www.noticiasradioreflejos.com.ar\/2021\/wp-content\/uploads\/2018\/10\/gas.jpg\",\"contentUrl\":\"https:\/\/www.noticiasradioreflejos.com.ar\/2021\/wp-content\/uploads\/2018\/10\/gas.jpg\",\"width\":770,\"height\":433},{\"@type\":\"BreadcrumbList\",\"@id\":\"https:\/\/www.noticiasradioreflejos.com.ar\/2021\/audiencia-publica-de-gas-para-definir-incrementos-tarifarios-deben-contemplarse-circunstancias-sociales-politicas-y-economicas-del-pais\/#breadcrumb\",\"itemListElement\":[{\"@type\":\"ListItem\",\"position\":1,\"name\":\"Portada\",\"item\":\"https:\/\/www.noticiasradioreflejos.com.ar\/2021\/\"},{\"@type\":\"ListItem\",\"position\":2,\"name\":\"Audiencia P\u00fablica de Gas: \u201cPara definir incrementos tarifarios deben contemplarse circunstancias sociales, pol\u00edticas y econ\u00f3micas del pa\u00eds\u201d\"}]},{\"@type\":\"WebSite\",\"@id\":\"https:\/\/www.noticiasradioreflejos.com.ar\/2021\/#website\",\"url\":\"https:\/\/www.noticiasradioreflejos.com.ar\/2021\/\",\"name\":\"Noticias Radio Reflejos\",\"description\":\"Las noticias de mi comarca\",\"potentialAction\":[{\"@type\":\"SearchAction\",\"target\":{\"@type\":\"EntryPoint\",\"urlTemplate\":\"https:\/\/www.noticiasradioreflejos.com.ar\/2021\/?s={search_term_string}\"},\"query-input\":{\"@type\":\"PropertyValueSpecification\",\"valueRequired\":true,\"valueName\":\"search_term_string\"}}],\"inLanguage\":\"es\"},{\"@type\":\"Person\",\"@id\":\"https:\/\/www.noticiasradioreflejos.com.ar\/2021\/#\/schema\/person\/ad82545263dcc5ec0996818884fd5fb1\",\"name\":\"Arnaldo Botto\",\"image\":{\"@type\":\"ImageObject\",\"inLanguage\":\"es\",\"@id\":\"https:\/\/www.noticiasradioreflejos.com.ar\/2021\/#\/schema\/person\/image\/\",\"url\":\"https:\/\/secure.gravatar.com\/avatar\/55cb5e37c1efa326397366e6974cb338056df65cb50e7d64d1cf314e87504837?s=96&d=mm&r=g\",\"contentUrl\":\"https:\/\/secure.gravatar.com\/avatar\/55cb5e37c1efa326397366e6974cb338056df65cb50e7d64d1cf314e87504837?s=96&d=mm&r=g\",\"caption\":\"Arnaldo Botto\"},\"url\":\"https:\/\/www.noticiasradioreflejos.com.ar\/2021\/author\/arnaldo\/\"}]}<\/script>\n<!-- \/ Yoast SEO plugin. -->","yoast_head_json":{"title":"Audiencia P\u00fablica de Gas: \u201cPara definir incrementos tarifarios deben contemplarse circunstancias sociales, pol\u00edticas y econ\u00f3micas del pa\u00eds\u201d - Noticias Radio Reflejos","robots":{"index":"index","follow":"follow","max-snippet":"max-snippet:-1","max-image-preview":"max-image-preview:large","max-video-preview":"max-video-preview:-1"},"canonical":"https:\/\/www.noticiasradioreflejos.com.ar\/2021\/audiencia-publica-de-gas-para-definir-incrementos-tarifarios-deben-contemplarse-circunstancias-sociales-politicas-y-economicas-del-pais\/","og_locale":"es_ES","og_type":"article","og_title":"Audiencia P\u00fablica de Gas: \u201cPara definir incrementos tarifarios deben contemplarse circunstancias sociales, pol\u00edticas y econ\u00f3micas del pa\u00eds\u201d - Noticias Radio Reflejos","og_description":"La Defensor\u00eda del Pueblo de la Naci\u00f3n expres\u00f3 hoy \u2013en la audiencia p\u00fablica por el incremento de las tarifas del gas que se desarroll\u00f3 en el Centro Metropolitano de Dise\u00f1o de CABA &#8211; que \u201cno podemos someter a los usuarios a nuevos incrementos tarifarios ni puede suponerse que los mismos est\u00e1n en condiciones de soportar [&hellip;]","og_url":"https:\/\/www.noticiasradioreflejos.com.ar\/2021\/audiencia-publica-de-gas-para-definir-incrementos-tarifarios-deben-contemplarse-circunstancias-sociales-politicas-y-economicas-del-pais\/","og_site_name":"Noticias Radio Reflejos","article_published_time":"2019-02-26T22:12:37+00:00","og_image":[{"width":770,"height":433,"url":"https:\/\/www.noticiasradioreflejos.com.ar\/2021\/wp-content\/uploads\/2018\/10\/gas.jpg","type":"image\/jpeg"}],"author":"Arnaldo Botto","twitter_card":"summary_large_image","schema":{"@context":"https:\/\/schema.org","@graph":[{"@type":"WebPage","@id":"https:\/\/www.noticiasradioreflejos.com.ar\/2021\/audiencia-publica-de-gas-para-definir-incrementos-tarifarios-deben-contemplarse-circunstancias-sociales-politicas-y-economicas-del-pais\/","url":"https:\/\/www.noticiasradioreflejos.com.ar\/2021\/audiencia-publica-de-gas-para-definir-incrementos-tarifarios-deben-contemplarse-circunstancias-sociales-politicas-y-economicas-del-pais\/","name":"Audiencia P\u00fablica de Gas: \u201cPara definir incrementos tarifarios deben contemplarse circunstancias sociales, pol\u00edticas y econ\u00f3micas del pa\u00eds\u201d - Noticias Radio Reflejos","isPartOf":{"@id":"https:\/\/www.noticiasradioreflejos.com.ar\/2021\/#website"},"primaryImageOfPage":{"@id":"https:\/\/www.noticiasradioreflejos.com.ar\/2021\/audiencia-publica-de-gas-para-definir-incrementos-tarifarios-deben-contemplarse-circunstancias-sociales-politicas-y-economicas-del-pais\/#primaryimage"},"image":{"@id":"https:\/\/www.noticiasradioreflejos.com.ar\/2021\/audiencia-publica-de-gas-para-definir-incrementos-tarifarios-deben-contemplarse-circunstancias-sociales-politicas-y-economicas-del-pais\/#primaryimage"},"thumbnailUrl":"https:\/\/www.noticiasradioreflejos.com.ar\/2021\/wp-content\/uploads\/2018\/10\/gas.jpg","datePublished":"2019-02-26T22:12:37+00:00","author":{"@id":"https:\/\/www.noticiasradioreflejos.com.ar\/2021\/#\/schema\/person\/ad82545263dcc5ec0996818884fd5fb1"},"breadcrumb":{"@id":"https:\/\/www.noticiasradioreflejos.com.ar\/2021\/audiencia-publica-de-gas-para-definir-incrementos-tarifarios-deben-contemplarse-circunstancias-sociales-politicas-y-economicas-del-pais\/#breadcrumb"},"inLanguage":"es","potentialAction":[{"@type":"ReadAction","target":["https:\/\/www.noticiasradioreflejos.com.ar\/2021\/audiencia-publica-de-gas-para-definir-incrementos-tarifarios-deben-contemplarse-circunstancias-sociales-politicas-y-economicas-del-pais\/"]}]},{"@type":"ImageObject","inLanguage":"es","@id":"https:\/\/www.noticiasradioreflejos.com.ar\/2021\/audiencia-publica-de-gas-para-definir-incrementos-tarifarios-deben-contemplarse-circunstancias-sociales-politicas-y-economicas-del-pais\/#primaryimage","url":"https:\/\/www.noticiasradioreflejos.com.ar\/2021\/wp-content\/uploads\/2018\/10\/gas.jpg","contentUrl":"https:\/\/www.noticiasradioreflejos.com.ar\/2021\/wp-content\/uploads\/2018\/10\/gas.jpg","width":770,"height":433},{"@type":"BreadcrumbList","@id":"https:\/\/www.noticiasradioreflejos.com.ar\/2021\/audiencia-publica-de-gas-para-definir-incrementos-tarifarios-deben-contemplarse-circunstancias-sociales-politicas-y-economicas-del-pais\/#breadcrumb","itemListElement":[{"@type":"ListItem","position":1,"name":"Portada","item":"https:\/\/www.noticiasradioreflejos.com.ar\/2021\/"},{"@type":"ListItem","position":2,"name":"Audiencia P\u00fablica de Gas: \u201cPara definir incrementos tarifarios deben contemplarse circunstancias sociales, pol\u00edticas y econ\u00f3micas del pa\u00eds\u201d"}]},{"@type":"WebSite","@id":"https:\/\/www.noticiasradioreflejos.com.ar\/2021\/#website","url":"https:\/\/www.noticiasradioreflejos.com.ar\/2021\/","name":"Noticias Radio Reflejos","description":"Las noticias de mi comarca","potentialAction":[{"@type":"SearchAction","target":{"@type":"EntryPoint","urlTemplate":"https:\/\/www.noticiasradioreflejos.com.ar\/2021\/?s={search_term_string}"},"query-input":{"@type":"PropertyValueSpecification","valueRequired":true,"valueName":"search_term_string"}}],"inLanguage":"es"},{"@type":"Person","@id":"https:\/\/www.noticiasradioreflejos.com.ar\/2021\/#\/schema\/person\/ad82545263dcc5ec0996818884fd5fb1","name":"Arnaldo Botto","image":{"@type":"ImageObject","inLanguage":"es","@id":"https:\/\/www.noticiasradioreflejos.com.ar\/2021\/#\/schema\/person\/image\/","url":"https:\/\/secure.gravatar.com\/avatar\/55cb5e37c1efa326397366e6974cb338056df65cb50e7d64d1cf314e87504837?s=96&d=mm&r=g","contentUrl":"https:\/\/secure.gravatar.com\/avatar\/55cb5e37c1efa326397366e6974cb338056df65cb50e7d64d1cf314e87504837?s=96&d=mm&r=g","caption":"Arnaldo Botto"},"url":"https:\/\/www.noticiasradioreflejos.com.ar\/2021\/author\/arnaldo\/"}]}},"_links":{"self":[{"href":"https:\/\/www.noticiasradioreflejos.com.ar\/2021\/wp-json\/wp\/v2\/posts\/29241","targetHints":{"allow":["GET"]}}],"collection":[{"href":"https:\/\/www.noticiasradioreflejos.com.ar\/2021\/wp-json\/wp\/v2\/posts"}],"about":[{"href":"https:\/\/www.noticiasradioreflejos.com.ar\/2021\/wp-json\/wp\/v2\/types\/post"}],"author":[{"embeddable":true,"href":"https:\/\/www.noticiasradioreflejos.com.ar\/2021\/wp-json\/wp\/v2\/users\/3"}],"replies":[{"embeddable":true,"href":"https:\/\/www.noticiasradioreflejos.com.ar\/2021\/wp-json\/wp\/v2\/comments?post=29241"}],"version-history":[{"count":0,"href":"https:\/\/www.noticiasradioreflejos.com.ar\/2021\/wp-json\/wp\/v2\/posts\/29241\/revisions"}],"wp:featuredmedia":[{"embeddable":true,"href":"https:\/\/www.noticiasradioreflejos.com.ar\/2021\/wp-json\/wp\/v2\/media\/25614"}],"wp:attachment":[{"href":"https:\/\/www.noticiasradioreflejos.com.ar\/2021\/wp-json\/wp\/v2\/media?parent=29241"}],"wp:term":[{"taxonomy":"category","embeddable":true,"href":"https:\/\/www.noticiasradioreflejos.com.ar\/2021\/wp-json\/wp\/v2\/categories?post=29241"},{"taxonomy":"post_tag","embeddable":true,"href":"https:\/\/www.noticiasradioreflejos.com.ar\/2021\/wp-json\/wp\/v2\/tags?post=29241"}],"curies":[{"name":"wp","href":"https:\/\/api.w.org\/{rel}","templated":true}]}}