{"id":29238,"date":"2019-02-26T19:09:01","date_gmt":"2019-02-26T22:09:01","guid":{"rendered":"http:\/\/www.noticiasradioreflejos.com.ar\/noticias\/?p=29238"},"modified":"2019-02-26T19:09:01","modified_gmt":"2019-02-26T22:09:01","slug":"vacunas-para-el-ingreso-escolar-2","status":"publish","type":"post","link":"https:\/\/www.noticiasradioreflejos.com.ar\/2021\/vacunas-para-el-ingreso-escolar-2\/","title":{"rendered":"Vacunas para el ingreso escolar"},"content":{"rendered":"<p><a href=\"http:\/\/www.noticiasradioreflejos.com.ar\/noticias\/wp-content\/uploads\/2019\/02\/52258682_2068683006502653_2981472739610591232_o.jpg\"><img loading=\"lazy\" decoding=\"async\" class=\"alignleft size-medium wp-image-29036\" src=\"http:\/\/www.noticiasradioreflejos.com.ar\/noticias\/wp-content\/uploads\/2019\/02\/52258682_2068683006502653_2981472739610591232_o-300x300.jpg\" alt=\"52258682_2068683006502653_2981472739610591232_o\" width=\"300\" height=\"300\" \/><\/a>Desde la Secretar\u00eda de Salud del Municipio de Tornquist, a trav\u00e9s del \u00c1rea de inmunizaciones, se invita a vacunar a todos los ni\u00f1os de 5 o 6 a\u00f1os que ingresar\u00e1n al ciclo escolar en el a\u00f1o 2019.<!--more--><br \/>\nLas vacunas que deben recibir son:<br \/>\n\u00b7 Sabin oral: para prevenir la poliomielitis.<br \/>\n\u00b7 Triple viral: para prevenir el sarampi\u00f3n, la rubeola y las paperas.<br \/>\n\u00b7 Triple bacteriana: para prevenir la difteria, el t\u00e9tanos y la tos convulsa.<br \/>\nAdem\u00e1s, se recomienda a los adolescentes que este a\u00f1o cursar\u00e1n la escuela<br \/>\nsecundaria acercase a las Unidades Sanitarias, con la libreta, a los efectos de constatar la<br \/>\nvacunaci\u00f3n completa seg\u00fan el calendario nacional de vacunaci\u00f3n vigente correspondiente<br \/>\nal a\u00f1o 2019.<br \/>\nCon esta medida los estamos protegiendo de enfermedades que pueden ser muy<br \/>\ngraves pero prevenibles; de aqu\u00ed la importancia de realizar la vacunaci\u00f3n de forma<br \/>\noportuna y de manera totalmente gratuita en cualquier Unidad Sanitaria.<br \/>\nTorquinst:<br \/>\nSala Norte: lunes a viernes de 6 a 14 hs<br \/>\nSala Sur: lunes a viernes de 7 a 15 hs<br \/>\nVilla Ventana:<br \/>\nConsultar cronograma<br \/>\nSierra de la ventana<br \/>\nLunes a Viernes de 9 a 14 hs<br \/>\nSaldungaray<br \/>\nMartes 16 a 20 hs<br \/>\nChasic\u00f3<br \/>\nLunes a viernes de 12 a 20 hs<br \/>\nTres Picos<br \/>\nUltimo martes del mes de 9 a 12hs<\/p>\n","protected":false},"excerpt":{"rendered":"<p>Desde la Secretar\u00eda de Salud del Municipio de Tornquist, a trav\u00e9s del \u00c1rea de inmunizaciones, se invita a vacunar a todos los ni\u00f1os de 5 o 6 a\u00f1os que ingresar\u00e1n al ciclo escolar en el a\u00f1o 2019.<\/p>\n","protected":false},"author":3,"featured_media":0,"comment_status":"closed","ping_status":"open","sticky":false,"template":"","format":"standard","meta":{"footnotes":""},"categories":[30],"tags":[],"class_list":["post-29238","post","type-post","status-publish","format-standard","hentry","category-salud"],"yoast_head":"<!-- This site is optimized with the Yoast SEO plugin v25.9 - https:\/\/yoast.com\/wordpress\/plugins\/seo\/ -->\n<title>Vacunas para el ingreso escolar - Noticias Radio Reflejos<\/title>\n<meta name=\"robots\" content=\"index, follow, max-snippet:-1, max-image-preview:large, max-video-preview:-1\" \/>\n<link rel=\"canonical\" href=\"https:\/\/www.noticiasradioreflejos.com.ar\/2021\/vacunas-para-el-ingreso-escolar-2\/\" \/>\n<meta property=\"og:locale\" content=\"es_ES\" \/>\n<meta property=\"og:type\" content=\"article\" \/>\n<meta property=\"og:title\" content=\"Vacunas para el ingreso escolar - Noticias Radio Reflejos\" \/>\n<meta property=\"og:description\" content=\"Desde la Secretar\u00eda de Salud del Municipio de Tornquist, a trav\u00e9s del \u00c1rea de inmunizaciones, se invita a vacunar a todos los ni\u00f1os de 5 o 6 a\u00f1os que ingresar\u00e1n al ciclo escolar en el a\u00f1o 2019.\" \/>\n<meta property=\"og:url\" content=\"https:\/\/www.noticiasradioreflejos.com.ar\/2021\/vacunas-para-el-ingreso-escolar-2\/\" \/>\n<meta property=\"og:site_name\" content=\"Noticias Radio Reflejos\" \/>\n<meta property=\"article:published_time\" content=\"2019-02-26T22:09:01+00:00\" \/>\n<meta property=\"og:image\" content=\"https:\/\/www.noticiasradioreflejos.com.ar\/2021\/wp-content\/uploads\/2021\/07\/logosol300x200.png\" \/>\n\t<meta property=\"og:image:width\" content=\"300\" \/>\n\t<meta property=\"og:image:height\" content=\"200\" \/>\n\t<meta property=\"og:image:type\" content=\"image\/png\" \/>\n<meta name=\"author\" content=\"Arnaldo Botto\" \/>\n<meta name=\"twitter:card\" content=\"summary_large_image\" \/>\n<script type=\"application\/ld+json\" class=\"yoast-schema-graph\">{\"@context\":\"https:\/\/schema.org\",\"@graph\":[{\"@type\":\"WebPage\",\"@id\":\"https:\/\/www.noticiasradioreflejos.com.ar\/2021\/vacunas-para-el-ingreso-escolar-2\/\",\"url\":\"https:\/\/www.noticiasradioreflejos.com.ar\/2021\/vacunas-para-el-ingreso-escolar-2\/\",\"name\":\"Vacunas para el ingreso escolar - Noticias Radio Reflejos\",\"isPartOf\":{\"@id\":\"https:\/\/www.noticiasradioreflejos.com.ar\/2021\/#website\"},\"primaryImageOfPage\":{\"@id\":\"https:\/\/www.noticiasradioreflejos.com.ar\/2021\/vacunas-para-el-ingreso-escolar-2\/#primaryimage\"},\"image\":{\"@id\":\"https:\/\/www.noticiasradioreflejos.com.ar\/2021\/vacunas-para-el-ingreso-escolar-2\/#primaryimage\"},\"thumbnailUrl\":\"http:\/\/www.noticiasradioreflejos.com.ar\/noticias\/wp-content\/uploads\/2019\/02\/52258682_2068683006502653_2981472739610591232_o-300x300.jpg\",\"datePublished\":\"2019-02-26T22:09:01+00:00\",\"author\":{\"@id\":\"https:\/\/www.noticiasradioreflejos.com.ar\/2021\/#\/schema\/person\/ad82545263dcc5ec0996818884fd5fb1\"},\"breadcrumb\":{\"@id\":\"https:\/\/www.noticiasradioreflejos.com.ar\/2021\/vacunas-para-el-ingreso-escolar-2\/#breadcrumb\"},\"inLanguage\":\"es\",\"potentialAction\":[{\"@type\":\"ReadAction\",\"target\":[\"https:\/\/www.noticiasradioreflejos.com.ar\/2021\/vacunas-para-el-ingreso-escolar-2\/\"]}]},{\"@type\":\"ImageObject\",\"inLanguage\":\"es\",\"@id\":\"https:\/\/www.noticiasradioreflejos.com.ar\/2021\/vacunas-para-el-ingreso-escolar-2\/#primaryimage\",\"url\":\"http:\/\/www.noticiasradioreflejos.com.ar\/noticias\/wp-content\/uploads\/2019\/02\/52258682_2068683006502653_2981472739610591232_o-300x300.jpg\",\"contentUrl\":\"http:\/\/www.noticiasradioreflejos.com.ar\/noticias\/wp-content\/uploads\/2019\/02\/52258682_2068683006502653_2981472739610591232_o-300x300.jpg\"},{\"@type\":\"BreadcrumbList\",\"@id\":\"https:\/\/www.noticiasradioreflejos.com.ar\/2021\/vacunas-para-el-ingreso-escolar-2\/#breadcrumb\",\"itemListElement\":[{\"@type\":\"ListItem\",\"position\":1,\"name\":\"Portada\",\"item\":\"https:\/\/www.noticiasradioreflejos.com.ar\/2021\/\"},{\"@type\":\"ListItem\",\"position\":2,\"name\":\"Vacunas para el ingreso escolar\"}]},{\"@type\":\"WebSite\",\"@id\":\"https:\/\/www.noticiasradioreflejos.com.ar\/2021\/#website\",\"url\":\"https:\/\/www.noticiasradioreflejos.com.ar\/2021\/\",\"name\":\"Noticias Radio Reflejos\",\"description\":\"Las noticias de mi comarca\",\"potentialAction\":[{\"@type\":\"SearchAction\",\"target\":{\"@type\":\"EntryPoint\",\"urlTemplate\":\"https:\/\/www.noticiasradioreflejos.com.ar\/2021\/?s={search_term_string}\"},\"query-input\":{\"@type\":\"PropertyValueSpecification\",\"valueRequired\":true,\"valueName\":\"search_term_string\"}}],\"inLanguage\":\"es\"},{\"@type\":\"Person\",\"@id\":\"https:\/\/www.noticiasradioreflejos.com.ar\/2021\/#\/schema\/person\/ad82545263dcc5ec0996818884fd5fb1\",\"name\":\"Arnaldo Botto\",\"image\":{\"@type\":\"ImageObject\",\"inLanguage\":\"es\",\"@id\":\"https:\/\/www.noticiasradioreflejos.com.ar\/2021\/#\/schema\/person\/image\/\",\"url\":\"https:\/\/secure.gravatar.com\/avatar\/55cb5e37c1efa326397366e6974cb338056df65cb50e7d64d1cf314e87504837?s=96&d=mm&r=g\",\"contentUrl\":\"https:\/\/secure.gravatar.com\/avatar\/55cb5e37c1efa326397366e6974cb338056df65cb50e7d64d1cf314e87504837?s=96&d=mm&r=g\",\"caption\":\"Arnaldo Botto\"},\"url\":\"https:\/\/www.noticiasradioreflejos.com.ar\/2021\/author\/arnaldo\/\"}]}<\/script>\n<!-- \/ Yoast SEO plugin. -->","yoast_head_json":{"title":"Vacunas para el ingreso escolar - Noticias Radio Reflejos","robots":{"index":"index","follow":"follow","max-snippet":"max-snippet:-1","max-image-preview":"max-image-preview:large","max-video-preview":"max-video-preview:-1"},"canonical":"https:\/\/www.noticiasradioreflejos.com.ar\/2021\/vacunas-para-el-ingreso-escolar-2\/","og_locale":"es_ES","og_type":"article","og_title":"Vacunas para el ingreso escolar - Noticias Radio Reflejos","og_description":"Desde la Secretar\u00eda de Salud del Municipio de Tornquist, a trav\u00e9s del \u00c1rea de inmunizaciones, se invita a vacunar a todos los ni\u00f1os de 5 o 6 a\u00f1os que ingresar\u00e1n al ciclo escolar en el a\u00f1o 2019.","og_url":"https:\/\/www.noticiasradioreflejos.com.ar\/2021\/vacunas-para-el-ingreso-escolar-2\/","og_site_name":"Noticias Radio Reflejos","article_published_time":"2019-02-26T22:09:01+00:00","og_image":[{"width":300,"height":200,"url":"https:\/\/www.noticiasradioreflejos.com.ar\/2021\/wp-content\/uploads\/2021\/07\/logosol300x200.png","type":"image\/png"}],"author":"Arnaldo Botto","twitter_card":"summary_large_image","schema":{"@context":"https:\/\/schema.org","@graph":[{"@type":"WebPage","@id":"https:\/\/www.noticiasradioreflejos.com.ar\/2021\/vacunas-para-el-ingreso-escolar-2\/","url":"https:\/\/www.noticiasradioreflejos.com.ar\/2021\/vacunas-para-el-ingreso-escolar-2\/","name":"Vacunas para el ingreso escolar - Noticias Radio Reflejos","isPartOf":{"@id":"https:\/\/www.noticiasradioreflejos.com.ar\/2021\/#website"},"primaryImageOfPage":{"@id":"https:\/\/www.noticiasradioreflejos.com.ar\/2021\/vacunas-para-el-ingreso-escolar-2\/#primaryimage"},"image":{"@id":"https:\/\/www.noticiasradioreflejos.com.ar\/2021\/vacunas-para-el-ingreso-escolar-2\/#primaryimage"},"thumbnailUrl":"http:\/\/www.noticiasradioreflejos.com.ar\/noticias\/wp-content\/uploads\/2019\/02\/52258682_2068683006502653_2981472739610591232_o-300x300.jpg","datePublished":"2019-02-26T22:09:01+00:00","author":{"@id":"https:\/\/www.noticiasradioreflejos.com.ar\/2021\/#\/schema\/person\/ad82545263dcc5ec0996818884fd5fb1"},"breadcrumb":{"@id":"https:\/\/www.noticiasradioreflejos.com.ar\/2021\/vacunas-para-el-ingreso-escolar-2\/#breadcrumb"},"inLanguage":"es","potentialAction":[{"@type":"ReadAction","target":["https:\/\/www.noticiasradioreflejos.com.ar\/2021\/vacunas-para-el-ingreso-escolar-2\/"]}]},{"@type":"ImageObject","inLanguage":"es","@id":"https:\/\/www.noticiasradioreflejos.com.ar\/2021\/vacunas-para-el-ingreso-escolar-2\/#primaryimage","url":"http:\/\/www.noticiasradioreflejos.com.ar\/noticias\/wp-content\/uploads\/2019\/02\/52258682_2068683006502653_2981472739610591232_o-300x300.jpg","contentUrl":"http:\/\/www.noticiasradioreflejos.com.ar\/noticias\/wp-content\/uploads\/2019\/02\/52258682_2068683006502653_2981472739610591232_o-300x300.jpg"},{"@type":"BreadcrumbList","@id":"https:\/\/www.noticiasradioreflejos.com.ar\/2021\/vacunas-para-el-ingreso-escolar-2\/#breadcrumb","itemListElement":[{"@type":"ListItem","position":1,"name":"Portada","item":"https:\/\/www.noticiasradioreflejos.com.ar\/2021\/"},{"@type":"ListItem","position":2,"name":"Vacunas para el ingreso escolar"}]},{"@type":"WebSite","@id":"https:\/\/www.noticiasradioreflejos.com.ar\/2021\/#website","url":"https:\/\/www.noticiasradioreflejos.com.ar\/2021\/","name":"Noticias Radio Reflejos","description":"Las noticias de mi comarca","potentialAction":[{"@type":"SearchAction","target":{"@type":"EntryPoint","urlTemplate":"https:\/\/www.noticiasradioreflejos.com.ar\/2021\/?s={search_term_string}"},"query-input":{"@type":"PropertyValueSpecification","valueRequired":true,"valueName":"search_term_string"}}],"inLanguage":"es"},{"@type":"Person","@id":"https:\/\/www.noticiasradioreflejos.com.ar\/2021\/#\/schema\/person\/ad82545263dcc5ec0996818884fd5fb1","name":"Arnaldo Botto","image":{"@type":"ImageObject","inLanguage":"es","@id":"https:\/\/www.noticiasradioreflejos.com.ar\/2021\/#\/schema\/person\/image\/","url":"https:\/\/secure.gravatar.com\/avatar\/55cb5e37c1efa326397366e6974cb338056df65cb50e7d64d1cf314e87504837?s=96&d=mm&r=g","contentUrl":"https:\/\/secure.gravatar.com\/avatar\/55cb5e37c1efa326397366e6974cb338056df65cb50e7d64d1cf314e87504837?s=96&d=mm&r=g","caption":"Arnaldo Botto"},"url":"https:\/\/www.noticiasradioreflejos.com.ar\/2021\/author\/arnaldo\/"}]}},"_links":{"self":[{"href":"https:\/\/www.noticiasradioreflejos.com.ar\/2021\/wp-json\/wp\/v2\/posts\/29238","targetHints":{"allow":["GET"]}}],"collection":[{"href":"https:\/\/www.noticiasradioreflejos.com.ar\/2021\/wp-json\/wp\/v2\/posts"}],"about":[{"href":"https:\/\/www.noticiasradioreflejos.com.ar\/2021\/wp-json\/wp\/v2\/types\/post"}],"author":[{"embeddable":true,"href":"https:\/\/www.noticiasradioreflejos.com.ar\/2021\/wp-json\/wp\/v2\/users\/3"}],"replies":[{"embeddable":true,"href":"https:\/\/www.noticiasradioreflejos.com.ar\/2021\/wp-json\/wp\/v2\/comments?post=29238"}],"version-history":[{"count":0,"href":"https:\/\/www.noticiasradioreflejos.com.ar\/2021\/wp-json\/wp\/v2\/posts\/29238\/revisions"}],"wp:attachment":[{"href":"https:\/\/www.noticiasradioreflejos.com.ar\/2021\/wp-json\/wp\/v2\/media?parent=29238"}],"wp:term":[{"taxonomy":"category","embeddable":true,"href":"https:\/\/www.noticiasradioreflejos.com.ar\/2021\/wp-json\/wp\/v2\/categories?post=29238"},{"taxonomy":"post_tag","embeddable":true,"href":"https:\/\/www.noticiasradioreflejos.com.ar\/2021\/wp-json\/wp\/v2\/tags?post=29238"}],"curies":[{"name":"wp","href":"https:\/\/api.w.org\/{rel}","templated":true}]}}