{"id":29177,"date":"2019-02-25T09:38:05","date_gmt":"2019-02-25T12:38:05","guid":{"rendered":"http:\/\/www.noticiasradioreflejos.com.ar\/noticias\/?p=29177"},"modified":"2019-02-25T09:38:05","modified_gmt":"2019-02-25T12:38:05","slug":"domingo-con-musica-en-el-picha-fest-2019","status":"publish","type":"post","link":"https:\/\/www.noticiasradioreflejos.com.ar\/2021\/domingo-con-musica-en-el-picha-fest-2019\/","title":{"rendered":"Domingo con m\u00fasica, en el &quot;Picha Fest 2019&quot;."},"content":{"rendered":"<p><a title=\"11990191\" href=\"http:\/\/farm8.staticflickr.com\/7887\/46484054364_26be2179c6.jpg\" rel=\"\"><img loading=\"lazy\" decoding=\"async\" class=\"alignleft\" style=\"float: left;\" title=\"11990191\" src=\"http:\/\/farm8.staticflickr.com\/7887\/46484054364_26be2179c6.jpg\" alt=\"11990191\" width=\"500\" height=\"281\" \/><\/a>Donde la naturaleza te muestra la ca\u00edda del sol m\u00e1s impactante, frondosa arboleda, y donde el murmurante arroyo San Bernardo y su Diquecito conjugan un paisaje de extrema belleza, all\u00ed este domingo se sum\u00f3 la m\u00fasica, artesanos, cerveza artesanal y la amistad para disfrutar del resurgir de un lugar de privilegio, elegido por mucha gente. El <strong>parador Namaste<\/strong> propuso su<strong> \u00abPicha Fest\u00bb<\/strong> y la gente le brind\u00f3 su respuesta.<br \/>\nTarde de clima irregular, alg\u00fan chaparr\u00f3n de 4 gotas locas, sol por momentos y una monumental belleza que rodea el lugar, brindaron a los que eligieron vivir la propuestas, una tarde diferente y amena.<!--more--><br \/>\nBandas locales, el ballet de la Pe\u00f1a Huinca Malal, artesan\u00edas, Cerveza Sure\u00f1a con su sabrosa propuesta artesanal y una magia que reinicia un hermoso lugar de nuestra comarca, El Parador Namaste.<br \/>\nEsfuerzo, sacrificio, buen gusto y una apuesta a un futuro de buena onda, hacen del trabajo de Valeria C\u00e1mara y Gabriel Allende, que la Comarca recupere un lugar para el disfrute del turismo y de los vecinos de la localidad y la regi\u00f3n.<br \/>\nAyer se sumaron a la propuesta del \u00abPicha Fest\u00bb, artistas locales, para inyectarle a los arriesgados concesionarios del parador, una transfusi\u00f3n de energ\u00eda y, a su vez, demostrar que Sierra de la Ventana tiene mucho pero mucho m\u00e1s para ofrecer.<br \/>\nLos espect\u00e1culos dieron comienzo pasadas las 16 hs con la <strong>Pe\u00f1a Huinca Malal de Saldungaray<\/strong>, siguiendo con la m\u00fasica popular de <strong>\u00abSomos Tr3s\u00bb<\/strong>, <strong>\u00abTodav\u00eda no\u00bb<\/strong>, una batalla de <strong>Freestyle<\/strong> y <strong>Fede Obes<\/strong> con su guitarra, arm\u00f3nica y canciones, todo con la conducci\u00f3n de Margie Rubio como presentadora.<br \/>\nGente que pasaba paraba, la m\u00fasica convoca, la amistad tambi\u00e9n y los sue\u00f1os se van cumpliendo cuando todos ponen un poco de cada uno para lograr estos m\u00e1gicos momentos.<br \/>\n<a href=\"&quot;http:\/\/Donde\"> <iframe loading=\"lazy\" src=\"https:\/\/www.youtube.com\/embed\/qnJsypBrvxA\" width=\"560\" height=\"315\" frameborder=\"0\" allowfullscreen=\"allowfullscreen\"><\/iframe><\/a><br \/>\n\u00ab&gt;Album de fotos<br \/>\n<a title=\"11990202\" href=\"http:\/\/farm8.staticflickr.com\/7828\/46484053784_9d10a49d90_z.jpg\" rel=\"\"><img loading=\"lazy\" decoding=\"async\" class=\"aligncenter\" title=\"11990202\" src=\"http:\/\/farm8.staticflickr.com\/7828\/46484053784_9d10a49d90_z.jpg\" alt=\"11990202\" width=\"640\" height=\"360\" \/><\/a><br \/>\n<a title=\"11990147\" href=\"http:\/\/farm8.staticflickr.com\/7893\/46292905705_def14683d3_z.jpg\" rel=\"\"><img loading=\"lazy\" decoding=\"async\" class=\"aligncenter\" title=\"11990147\" src=\"http:\/\/farm8.staticflickr.com\/7893\/46292905705_def14683d3_z.jpg\" alt=\"11990147\" width=\"640\" height=\"360\" \/><\/a><br \/>\n<a title=\"11990149\" href=\"http:\/\/farm8.staticflickr.com\/7878\/47155433882_112b3b6561_z.jpg\" rel=\"\"><img loading=\"lazy\" decoding=\"async\" class=\"aligncenter\" title=\"11990149\" src=\"http:\/\/farm8.staticflickr.com\/7878\/47155433882_112b3b6561_z.jpg\" alt=\"11990149\" width=\"640\" height=\"360\" \/><\/a><br \/>\n<a title=\"11990150\" href=\"http:\/\/farm8.staticflickr.com\/7839\/47155433022_9ab2063907_z.jpg\" rel=\"\"><img loading=\"lazy\" decoding=\"async\" class=\"aligncenter\" title=\"11990150\" src=\"http:\/\/farm8.staticflickr.com\/7839\/47155433022_9ab2063907_z.jpg\" alt=\"11990150\" width=\"640\" height=\"360\" \/><\/a><br \/>\n<a title=\"11990185\" href=\"http:\/\/farm8.staticflickr.com\/7900\/46292901425_6af3851a55_z.jpg\" rel=\"\"><img loading=\"lazy\" decoding=\"async\" class=\"aligncenter\" title=\"11990185\" src=\"http:\/\/farm8.staticflickr.com\/7900\/46292901425_6af3851a55_z.jpg\" alt=\"11990185\" width=\"640\" height=\"360\" \/><\/a><br \/>\n&nbsp;<br \/>\n<a title=\"11990200\" href=\"http:\/\/farm8.staticflickr.com\/7816\/47207532411_2712e26ec9_z.jpg\" rel=\"\"><img loading=\"lazy\" decoding=\"async\" class=\"aligncenter\" title=\"11990200\" src=\"http:\/\/farm8.staticflickr.com\/7816\/47207532411_2712e26ec9_z.jpg\" alt=\"11990200\" width=\"640\" height=\"360\" \/><\/a><br \/>\n&nbsp;<\/p>\n","protected":false},"excerpt":{"rendered":"<p>Donde la naturaleza te muestra la ca\u00edda del sol m\u00e1s impactante, frondosa arboleda, y donde el murmurante arroyo San Bernardo y su Diquecito conjugan un paisaje de extrema belleza, all\u00ed este domingo se sum\u00f3 la m\u00fasica, artesanos, cerveza artesanal y la amistad para disfrutar del resurgir de un lugar de privilegio, elegido por mucha gente. [&hellip;]<\/p>\n","protected":false},"author":3,"featured_media":0,"comment_status":"closed","ping_status":"open","sticky":false,"template":"","format":"standard","meta":{"footnotes":""},"categories":[35],"tags":[],"class_list":["post-29177","post","type-post","status-publish","format-standard","hentry","category-cultura"],"yoast_head":"<!-- This site is optimized with the Yoast SEO plugin v25.9 - https:\/\/yoast.com\/wordpress\/plugins\/seo\/ -->\n<title>Domingo con m\u00fasica, en el &quot;Picha Fest 2019&quot;. - Noticias Radio Reflejos<\/title>\n<meta name=\"robots\" content=\"index, follow, max-snippet:-1, max-image-preview:large, max-video-preview:-1\" \/>\n<link rel=\"canonical\" href=\"https:\/\/www.noticiasradioreflejos.com.ar\/2021\/domingo-con-musica-en-el-picha-fest-2019\/\" \/>\n<meta property=\"og:locale\" content=\"es_ES\" \/>\n<meta property=\"og:type\" content=\"article\" \/>\n<meta property=\"og:title\" content=\"Domingo con m\u00fasica, en el &quot;Picha Fest 2019&quot;. - Noticias Radio Reflejos\" \/>\n<meta property=\"og:description\" content=\"Donde la naturaleza te muestra la ca\u00edda del sol m\u00e1s impactante, frondosa arboleda, y donde el murmurante arroyo San Bernardo y su Diquecito conjugan un paisaje de extrema belleza, all\u00ed este domingo se sum\u00f3 la m\u00fasica, artesanos, cerveza artesanal y la amistad para disfrutar del resurgir de un lugar de privilegio, elegido por mucha gente. [&hellip;]\" \/>\n<meta property=\"og:url\" content=\"https:\/\/www.noticiasradioreflejos.com.ar\/2021\/domingo-con-musica-en-el-picha-fest-2019\/\" \/>\n<meta property=\"og:site_name\" content=\"Noticias Radio Reflejos\" \/>\n<meta property=\"article:published_time\" content=\"2019-02-25T12:38:05+00:00\" \/>\n<meta property=\"og:image\" content=\"http:\/\/farm8.staticflickr.com\/7887\/46484054364_26be2179c6.jpg\" \/>\n<meta name=\"author\" content=\"Arnaldo Botto\" \/>\n<meta name=\"twitter:card\" content=\"summary_large_image\" \/>\n<script type=\"application\/ld+json\" class=\"yoast-schema-graph\">{\"@context\":\"https:\/\/schema.org\",\"@graph\":[{\"@type\":\"WebPage\",\"@id\":\"https:\/\/www.noticiasradioreflejos.com.ar\/2021\/domingo-con-musica-en-el-picha-fest-2019\/\",\"url\":\"https:\/\/www.noticiasradioreflejos.com.ar\/2021\/domingo-con-musica-en-el-picha-fest-2019\/\",\"name\":\"Domingo con m\u00fasica, en el &quot;Picha Fest 2019&quot;. - Noticias Radio Reflejos\",\"isPartOf\":{\"@id\":\"https:\/\/www.noticiasradioreflejos.com.ar\/2021\/#website\"},\"primaryImageOfPage\":{\"@id\":\"https:\/\/www.noticiasradioreflejos.com.ar\/2021\/domingo-con-musica-en-el-picha-fest-2019\/#primaryimage\"},\"image\":{\"@id\":\"https:\/\/www.noticiasradioreflejos.com.ar\/2021\/domingo-con-musica-en-el-picha-fest-2019\/#primaryimage\"},\"thumbnailUrl\":\"http:\/\/farm8.staticflickr.com\/7887\/46484054364_26be2179c6.jpg\",\"datePublished\":\"2019-02-25T12:38:05+00:00\",\"author\":{\"@id\":\"https:\/\/www.noticiasradioreflejos.com.ar\/2021\/#\/schema\/person\/ad82545263dcc5ec0996818884fd5fb1\"},\"breadcrumb\":{\"@id\":\"https:\/\/www.noticiasradioreflejos.com.ar\/2021\/domingo-con-musica-en-el-picha-fest-2019\/#breadcrumb\"},\"inLanguage\":\"es\",\"potentialAction\":[{\"@type\":\"ReadAction\",\"target\":[\"https:\/\/www.noticiasradioreflejos.com.ar\/2021\/domingo-con-musica-en-el-picha-fest-2019\/\"]}]},{\"@type\":\"ImageObject\",\"inLanguage\":\"es\",\"@id\":\"https:\/\/www.noticiasradioreflejos.com.ar\/2021\/domingo-con-musica-en-el-picha-fest-2019\/#primaryimage\",\"url\":\"http:\/\/farm8.staticflickr.com\/7887\/46484054364_26be2179c6.jpg\",\"contentUrl\":\"http:\/\/farm8.staticflickr.com\/7887\/46484054364_26be2179c6.jpg\"},{\"@type\":\"BreadcrumbList\",\"@id\":\"https:\/\/www.noticiasradioreflejos.com.ar\/2021\/domingo-con-musica-en-el-picha-fest-2019\/#breadcrumb\",\"itemListElement\":[{\"@type\":\"ListItem\",\"position\":1,\"name\":\"Portada\",\"item\":\"https:\/\/www.noticiasradioreflejos.com.ar\/2021\/\"},{\"@type\":\"ListItem\",\"position\":2,\"name\":\"Domingo con m\u00fasica, en el &quot;Picha Fest 2019&quot;.\"}]},{\"@type\":\"WebSite\",\"@id\":\"https:\/\/www.noticiasradioreflejos.com.ar\/2021\/#website\",\"url\":\"https:\/\/www.noticiasradioreflejos.com.ar\/2021\/\",\"name\":\"Noticias Radio Reflejos\",\"description\":\"Las noticias de mi comarca\",\"potentialAction\":[{\"@type\":\"SearchAction\",\"target\":{\"@type\":\"EntryPoint\",\"urlTemplate\":\"https:\/\/www.noticiasradioreflejos.com.ar\/2021\/?s={search_term_string}\"},\"query-input\":{\"@type\":\"PropertyValueSpecification\",\"valueRequired\":true,\"valueName\":\"search_term_string\"}}],\"inLanguage\":\"es\"},{\"@type\":\"Person\",\"@id\":\"https:\/\/www.noticiasradioreflejos.com.ar\/2021\/#\/schema\/person\/ad82545263dcc5ec0996818884fd5fb1\",\"name\":\"Arnaldo Botto\",\"image\":{\"@type\":\"ImageObject\",\"inLanguage\":\"es\",\"@id\":\"https:\/\/www.noticiasradioreflejos.com.ar\/2021\/#\/schema\/person\/image\/\",\"url\":\"https:\/\/secure.gravatar.com\/avatar\/55cb5e37c1efa326397366e6974cb338056df65cb50e7d64d1cf314e87504837?s=96&d=mm&r=g\",\"contentUrl\":\"https:\/\/secure.gravatar.com\/avatar\/55cb5e37c1efa326397366e6974cb338056df65cb50e7d64d1cf314e87504837?s=96&d=mm&r=g\",\"caption\":\"Arnaldo Botto\"},\"url\":\"https:\/\/www.noticiasradioreflejos.com.ar\/2021\/author\/arnaldo\/\"}]}<\/script>\n<!-- \/ Yoast SEO plugin. -->","yoast_head_json":{"title":"Domingo con m\u00fasica, en el &quot;Picha Fest 2019&quot;. - Noticias Radio Reflejos","robots":{"index":"index","follow":"follow","max-snippet":"max-snippet:-1","max-image-preview":"max-image-preview:large","max-video-preview":"max-video-preview:-1"},"canonical":"https:\/\/www.noticiasradioreflejos.com.ar\/2021\/domingo-con-musica-en-el-picha-fest-2019\/","og_locale":"es_ES","og_type":"article","og_title":"Domingo con m\u00fasica, en el &quot;Picha Fest 2019&quot;. - Noticias Radio Reflejos","og_description":"Donde la naturaleza te muestra la ca\u00edda del sol m\u00e1s impactante, frondosa arboleda, y donde el murmurante arroyo San Bernardo y su Diquecito conjugan un paisaje de extrema belleza, all\u00ed este domingo se sum\u00f3 la m\u00fasica, artesanos, cerveza artesanal y la amistad para disfrutar del resurgir de un lugar de privilegio, elegido por mucha gente. [&hellip;]","og_url":"https:\/\/www.noticiasradioreflejos.com.ar\/2021\/domingo-con-musica-en-el-picha-fest-2019\/","og_site_name":"Noticias Radio Reflejos","article_published_time":"2019-02-25T12:38:05+00:00","og_image":[{"url":"http:\/\/farm8.staticflickr.com\/7887\/46484054364_26be2179c6.jpg","type":"","width":"","height":""}],"author":"Arnaldo Botto","twitter_card":"summary_large_image","schema":{"@context":"https:\/\/schema.org","@graph":[{"@type":"WebPage","@id":"https:\/\/www.noticiasradioreflejos.com.ar\/2021\/domingo-con-musica-en-el-picha-fest-2019\/","url":"https:\/\/www.noticiasradioreflejos.com.ar\/2021\/domingo-con-musica-en-el-picha-fest-2019\/","name":"Domingo con m\u00fasica, en el &quot;Picha Fest 2019&quot;. - Noticias Radio Reflejos","isPartOf":{"@id":"https:\/\/www.noticiasradioreflejos.com.ar\/2021\/#website"},"primaryImageOfPage":{"@id":"https:\/\/www.noticiasradioreflejos.com.ar\/2021\/domingo-con-musica-en-el-picha-fest-2019\/#primaryimage"},"image":{"@id":"https:\/\/www.noticiasradioreflejos.com.ar\/2021\/domingo-con-musica-en-el-picha-fest-2019\/#primaryimage"},"thumbnailUrl":"http:\/\/farm8.staticflickr.com\/7887\/46484054364_26be2179c6.jpg","datePublished":"2019-02-25T12:38:05+00:00","author":{"@id":"https:\/\/www.noticiasradioreflejos.com.ar\/2021\/#\/schema\/person\/ad82545263dcc5ec0996818884fd5fb1"},"breadcrumb":{"@id":"https:\/\/www.noticiasradioreflejos.com.ar\/2021\/domingo-con-musica-en-el-picha-fest-2019\/#breadcrumb"},"inLanguage":"es","potentialAction":[{"@type":"ReadAction","target":["https:\/\/www.noticiasradioreflejos.com.ar\/2021\/domingo-con-musica-en-el-picha-fest-2019\/"]}]},{"@type":"ImageObject","inLanguage":"es","@id":"https:\/\/www.noticiasradioreflejos.com.ar\/2021\/domingo-con-musica-en-el-picha-fest-2019\/#primaryimage","url":"http:\/\/farm8.staticflickr.com\/7887\/46484054364_26be2179c6.jpg","contentUrl":"http:\/\/farm8.staticflickr.com\/7887\/46484054364_26be2179c6.jpg"},{"@type":"BreadcrumbList","@id":"https:\/\/www.noticiasradioreflejos.com.ar\/2021\/domingo-con-musica-en-el-picha-fest-2019\/#breadcrumb","itemListElement":[{"@type":"ListItem","position":1,"name":"Portada","item":"https:\/\/www.noticiasradioreflejos.com.ar\/2021\/"},{"@type":"ListItem","position":2,"name":"Domingo con m\u00fasica, en el &quot;Picha Fest 2019&quot;."}]},{"@type":"WebSite","@id":"https:\/\/www.noticiasradioreflejos.com.ar\/2021\/#website","url":"https:\/\/www.noticiasradioreflejos.com.ar\/2021\/","name":"Noticias Radio Reflejos","description":"Las noticias de mi comarca","potentialAction":[{"@type":"SearchAction","target":{"@type":"EntryPoint","urlTemplate":"https:\/\/www.noticiasradioreflejos.com.ar\/2021\/?s={search_term_string}"},"query-input":{"@type":"PropertyValueSpecification","valueRequired":true,"valueName":"search_term_string"}}],"inLanguage":"es"},{"@type":"Person","@id":"https:\/\/www.noticiasradioreflejos.com.ar\/2021\/#\/schema\/person\/ad82545263dcc5ec0996818884fd5fb1","name":"Arnaldo Botto","image":{"@type":"ImageObject","inLanguage":"es","@id":"https:\/\/www.noticiasradioreflejos.com.ar\/2021\/#\/schema\/person\/image\/","url":"https:\/\/secure.gravatar.com\/avatar\/55cb5e37c1efa326397366e6974cb338056df65cb50e7d64d1cf314e87504837?s=96&d=mm&r=g","contentUrl":"https:\/\/secure.gravatar.com\/avatar\/55cb5e37c1efa326397366e6974cb338056df65cb50e7d64d1cf314e87504837?s=96&d=mm&r=g","caption":"Arnaldo Botto"},"url":"https:\/\/www.noticiasradioreflejos.com.ar\/2021\/author\/arnaldo\/"}]}},"_links":{"self":[{"href":"https:\/\/www.noticiasradioreflejos.com.ar\/2021\/wp-json\/wp\/v2\/posts\/29177","targetHints":{"allow":["GET"]}}],"collection":[{"href":"https:\/\/www.noticiasradioreflejos.com.ar\/2021\/wp-json\/wp\/v2\/posts"}],"about":[{"href":"https:\/\/www.noticiasradioreflejos.com.ar\/2021\/wp-json\/wp\/v2\/types\/post"}],"author":[{"embeddable":true,"href":"https:\/\/www.noticiasradioreflejos.com.ar\/2021\/wp-json\/wp\/v2\/users\/3"}],"replies":[{"embeddable":true,"href":"https:\/\/www.noticiasradioreflejos.com.ar\/2021\/wp-json\/wp\/v2\/comments?post=29177"}],"version-history":[{"count":0,"href":"https:\/\/www.noticiasradioreflejos.com.ar\/2021\/wp-json\/wp\/v2\/posts\/29177\/revisions"}],"wp:attachment":[{"href":"https:\/\/www.noticiasradioreflejos.com.ar\/2021\/wp-json\/wp\/v2\/media?parent=29177"}],"wp:term":[{"taxonomy":"category","embeddable":true,"href":"https:\/\/www.noticiasradioreflejos.com.ar\/2021\/wp-json\/wp\/v2\/categories?post=29177"},{"taxonomy":"post_tag","embeddable":true,"href":"https:\/\/www.noticiasradioreflejos.com.ar\/2021\/wp-json\/wp\/v2\/tags?post=29177"}],"curies":[{"name":"wp","href":"https:\/\/api.w.org\/{rel}","templated":true}]}}