{"id":29173,"date":"2019-02-25T07:53:08","date_gmt":"2019-02-25T10:53:08","guid":{"rendered":"http:\/\/www.noticiasradioreflejos.com.ar\/noticias\/?p=29173"},"modified":"2019-02-25T07:53:08","modified_gmt":"2019-02-25T10:53:08","slug":"otro-choque-frontal-con-6-fallecidos-3-de-los-cuales-son-menores","status":"publish","type":"post","link":"https:\/\/www.noticiasradioreflejos.com.ar\/2021\/otro-choque-frontal-con-6-fallecidos-3-de-los-cuales-son-menores\/","title":{"rendered":"Otro choque frontal con 6 fallecidos, 3 de los cuales son menores."},"content":{"rendered":"<p>Quienes perdieron la vida eran oriundos de Bah\u00eda Blanca y de Neuqu\u00e9n. Los menores fallecidos ten\u00edan 4, 5 y 7 a\u00f1os.<!--more--><br \/>\nSeis personas fallecidas, tres de ellas menores de edad y una mujer herida de gravedad trasladada al Hospital Pirovano de Tres Arroyos, fue el saldo de un choque fatal entre dos veh\u00edculos, un Chevrolet Corsa patente JSH 536,y un Ford Fiesta, dominio NGS 079 ocurrido ayer por la tarde en el kil\u00f3metro 105 de la Ruta Nacional 228.<br \/>\nLas v\u00edctimas son oriundas de Neuqu\u00e9n y Bah\u00eda Blanca, y fueron identificadas como Adri\u00e1n Roveto, de 38 a\u00f1os, y Paula Gisela Romero (37), ambos de Bah\u00eda Blanca, mientras que las otras 4 v\u00edctimas son Silvia Mazzarella (55) y 3 menores de 4, 5 y 7 a\u00f1os. En tanto, la mam\u00e1 de los menores, Micaela Adorno (37), fue trasladada al hospital de Tres Arroyos. El fiscal interviniente en el caso dispuso la preservaci\u00f3n del lugar del accidente, por lo que la ruta 228 a la altura de la rotonda de El Pescado, y en Energ\u00eda se mantuvo cortada por varias horas.<\/p>\n","protected":false},"excerpt":{"rendered":"<p>Quienes perdieron la vida eran oriundos de Bah\u00eda Blanca y de Neuqu\u00e9n. Los menores fallecidos ten\u00edan 4, 5 y 7 a\u00f1os.<\/p>\n","protected":false},"author":3,"featured_media":0,"comment_status":"closed","ping_status":"open","sticky":false,"template":"","format":"standard","meta":{"footnotes":""},"categories":[29],"tags":[],"class_list":["post-29173","post","type-post","status-publish","format-standard","hentry","category-policiales"],"yoast_head":"<!-- This site is optimized with the Yoast SEO plugin v25.9 - https:\/\/yoast.com\/wordpress\/plugins\/seo\/ -->\n<title>Otro choque frontal con 6 fallecidos, 3 de los cuales son menores. - Noticias Radio Reflejos<\/title>\n<meta name=\"robots\" content=\"index, follow, max-snippet:-1, max-image-preview:large, max-video-preview:-1\" \/>\n<link rel=\"canonical\" href=\"https:\/\/www.noticiasradioreflejos.com.ar\/2021\/otro-choque-frontal-con-6-fallecidos-3-de-los-cuales-son-menores\/\" \/>\n<meta property=\"og:locale\" content=\"es_ES\" \/>\n<meta property=\"og:type\" content=\"article\" \/>\n<meta property=\"og:title\" content=\"Otro choque frontal con 6 fallecidos, 3 de los cuales son menores. - Noticias Radio Reflejos\" \/>\n<meta property=\"og:description\" content=\"Quienes perdieron la vida eran oriundos de Bah\u00eda Blanca y de Neuqu\u00e9n. Los menores fallecidos ten\u00edan 4, 5 y 7 a\u00f1os.\" \/>\n<meta property=\"og:url\" content=\"https:\/\/www.noticiasradioreflejos.com.ar\/2021\/otro-choque-frontal-con-6-fallecidos-3-de-los-cuales-son-menores\/\" \/>\n<meta property=\"og:site_name\" content=\"Noticias Radio Reflejos\" \/>\n<meta property=\"article:published_time\" content=\"2019-02-25T10:53:08+00:00\" \/>\n<meta property=\"og:image\" content=\"https:\/\/www.noticiasradioreflejos.com.ar\/2021\/wp-content\/uploads\/2021\/07\/logosol300x200.png\" \/>\n\t<meta property=\"og:image:width\" content=\"300\" \/>\n\t<meta property=\"og:image:height\" content=\"200\" \/>\n\t<meta property=\"og:image:type\" content=\"image\/png\" \/>\n<meta name=\"author\" content=\"Arnaldo Botto\" \/>\n<meta name=\"twitter:card\" content=\"summary_large_image\" \/>\n<script type=\"application\/ld+json\" class=\"yoast-schema-graph\">{\"@context\":\"https:\/\/schema.org\",\"@graph\":[{\"@type\":\"WebPage\",\"@id\":\"https:\/\/www.noticiasradioreflejos.com.ar\/2021\/otro-choque-frontal-con-6-fallecidos-3-de-los-cuales-son-menores\/\",\"url\":\"https:\/\/www.noticiasradioreflejos.com.ar\/2021\/otro-choque-frontal-con-6-fallecidos-3-de-los-cuales-son-menores\/\",\"name\":\"Otro choque frontal con 6 fallecidos, 3 de los cuales son menores. - Noticias Radio Reflejos\",\"isPartOf\":{\"@id\":\"https:\/\/www.noticiasradioreflejos.com.ar\/2021\/#website\"},\"datePublished\":\"2019-02-25T10:53:08+00:00\",\"author\":{\"@id\":\"https:\/\/www.noticiasradioreflejos.com.ar\/2021\/#\/schema\/person\/ad82545263dcc5ec0996818884fd5fb1\"},\"breadcrumb\":{\"@id\":\"https:\/\/www.noticiasradioreflejos.com.ar\/2021\/otro-choque-frontal-con-6-fallecidos-3-de-los-cuales-son-menores\/#breadcrumb\"},\"inLanguage\":\"es\",\"potentialAction\":[{\"@type\":\"ReadAction\",\"target\":[\"https:\/\/www.noticiasradioreflejos.com.ar\/2021\/otro-choque-frontal-con-6-fallecidos-3-de-los-cuales-son-menores\/\"]}]},{\"@type\":\"BreadcrumbList\",\"@id\":\"https:\/\/www.noticiasradioreflejos.com.ar\/2021\/otro-choque-frontal-con-6-fallecidos-3-de-los-cuales-son-menores\/#breadcrumb\",\"itemListElement\":[{\"@type\":\"ListItem\",\"position\":1,\"name\":\"Portada\",\"item\":\"https:\/\/www.noticiasradioreflejos.com.ar\/2021\/\"},{\"@type\":\"ListItem\",\"position\":2,\"name\":\"Otro choque frontal con 6 fallecidos, 3 de los cuales son menores.\"}]},{\"@type\":\"WebSite\",\"@id\":\"https:\/\/www.noticiasradioreflejos.com.ar\/2021\/#website\",\"url\":\"https:\/\/www.noticiasradioreflejos.com.ar\/2021\/\",\"name\":\"Noticias Radio Reflejos\",\"description\":\"Las noticias de mi comarca\",\"potentialAction\":[{\"@type\":\"SearchAction\",\"target\":{\"@type\":\"EntryPoint\",\"urlTemplate\":\"https:\/\/www.noticiasradioreflejos.com.ar\/2021\/?s={search_term_string}\"},\"query-input\":{\"@type\":\"PropertyValueSpecification\",\"valueRequired\":true,\"valueName\":\"search_term_string\"}}],\"inLanguage\":\"es\"},{\"@type\":\"Person\",\"@id\":\"https:\/\/www.noticiasradioreflejos.com.ar\/2021\/#\/schema\/person\/ad82545263dcc5ec0996818884fd5fb1\",\"name\":\"Arnaldo Botto\",\"image\":{\"@type\":\"ImageObject\",\"inLanguage\":\"es\",\"@id\":\"https:\/\/www.noticiasradioreflejos.com.ar\/2021\/#\/schema\/person\/image\/\",\"url\":\"https:\/\/secure.gravatar.com\/avatar\/55cb5e37c1efa326397366e6974cb338056df65cb50e7d64d1cf314e87504837?s=96&d=mm&r=g\",\"contentUrl\":\"https:\/\/secure.gravatar.com\/avatar\/55cb5e37c1efa326397366e6974cb338056df65cb50e7d64d1cf314e87504837?s=96&d=mm&r=g\",\"caption\":\"Arnaldo Botto\"},\"url\":\"https:\/\/www.noticiasradioreflejos.com.ar\/2021\/author\/arnaldo\/\"}]}<\/script>\n<!-- \/ Yoast SEO plugin. -->","yoast_head_json":{"title":"Otro choque frontal con 6 fallecidos, 3 de los cuales son menores. - Noticias Radio Reflejos","robots":{"index":"index","follow":"follow","max-snippet":"max-snippet:-1","max-image-preview":"max-image-preview:large","max-video-preview":"max-video-preview:-1"},"canonical":"https:\/\/www.noticiasradioreflejos.com.ar\/2021\/otro-choque-frontal-con-6-fallecidos-3-de-los-cuales-son-menores\/","og_locale":"es_ES","og_type":"article","og_title":"Otro choque frontal con 6 fallecidos, 3 de los cuales son menores. - Noticias Radio Reflejos","og_description":"Quienes perdieron la vida eran oriundos de Bah\u00eda Blanca y de Neuqu\u00e9n. Los menores fallecidos ten\u00edan 4, 5 y 7 a\u00f1os.","og_url":"https:\/\/www.noticiasradioreflejos.com.ar\/2021\/otro-choque-frontal-con-6-fallecidos-3-de-los-cuales-son-menores\/","og_site_name":"Noticias Radio Reflejos","article_published_time":"2019-02-25T10:53:08+00:00","og_image":[{"width":300,"height":200,"url":"https:\/\/www.noticiasradioreflejos.com.ar\/2021\/wp-content\/uploads\/2021\/07\/logosol300x200.png","type":"image\/png"}],"author":"Arnaldo Botto","twitter_card":"summary_large_image","schema":{"@context":"https:\/\/schema.org","@graph":[{"@type":"WebPage","@id":"https:\/\/www.noticiasradioreflejos.com.ar\/2021\/otro-choque-frontal-con-6-fallecidos-3-de-los-cuales-son-menores\/","url":"https:\/\/www.noticiasradioreflejos.com.ar\/2021\/otro-choque-frontal-con-6-fallecidos-3-de-los-cuales-son-menores\/","name":"Otro choque frontal con 6 fallecidos, 3 de los cuales son menores. - Noticias Radio Reflejos","isPartOf":{"@id":"https:\/\/www.noticiasradioreflejos.com.ar\/2021\/#website"},"datePublished":"2019-02-25T10:53:08+00:00","author":{"@id":"https:\/\/www.noticiasradioreflejos.com.ar\/2021\/#\/schema\/person\/ad82545263dcc5ec0996818884fd5fb1"},"breadcrumb":{"@id":"https:\/\/www.noticiasradioreflejos.com.ar\/2021\/otro-choque-frontal-con-6-fallecidos-3-de-los-cuales-son-menores\/#breadcrumb"},"inLanguage":"es","potentialAction":[{"@type":"ReadAction","target":["https:\/\/www.noticiasradioreflejos.com.ar\/2021\/otro-choque-frontal-con-6-fallecidos-3-de-los-cuales-son-menores\/"]}]},{"@type":"BreadcrumbList","@id":"https:\/\/www.noticiasradioreflejos.com.ar\/2021\/otro-choque-frontal-con-6-fallecidos-3-de-los-cuales-son-menores\/#breadcrumb","itemListElement":[{"@type":"ListItem","position":1,"name":"Portada","item":"https:\/\/www.noticiasradioreflejos.com.ar\/2021\/"},{"@type":"ListItem","position":2,"name":"Otro choque frontal con 6 fallecidos, 3 de los cuales son menores."}]},{"@type":"WebSite","@id":"https:\/\/www.noticiasradioreflejos.com.ar\/2021\/#website","url":"https:\/\/www.noticiasradioreflejos.com.ar\/2021\/","name":"Noticias Radio Reflejos","description":"Las noticias de mi comarca","potentialAction":[{"@type":"SearchAction","target":{"@type":"EntryPoint","urlTemplate":"https:\/\/www.noticiasradioreflejos.com.ar\/2021\/?s={search_term_string}"},"query-input":{"@type":"PropertyValueSpecification","valueRequired":true,"valueName":"search_term_string"}}],"inLanguage":"es"},{"@type":"Person","@id":"https:\/\/www.noticiasradioreflejos.com.ar\/2021\/#\/schema\/person\/ad82545263dcc5ec0996818884fd5fb1","name":"Arnaldo Botto","image":{"@type":"ImageObject","inLanguage":"es","@id":"https:\/\/www.noticiasradioreflejos.com.ar\/2021\/#\/schema\/person\/image\/","url":"https:\/\/secure.gravatar.com\/avatar\/55cb5e37c1efa326397366e6974cb338056df65cb50e7d64d1cf314e87504837?s=96&d=mm&r=g","contentUrl":"https:\/\/secure.gravatar.com\/avatar\/55cb5e37c1efa326397366e6974cb338056df65cb50e7d64d1cf314e87504837?s=96&d=mm&r=g","caption":"Arnaldo Botto"},"url":"https:\/\/www.noticiasradioreflejos.com.ar\/2021\/author\/arnaldo\/"}]}},"_links":{"self":[{"href":"https:\/\/www.noticiasradioreflejos.com.ar\/2021\/wp-json\/wp\/v2\/posts\/29173","targetHints":{"allow":["GET"]}}],"collection":[{"href":"https:\/\/www.noticiasradioreflejos.com.ar\/2021\/wp-json\/wp\/v2\/posts"}],"about":[{"href":"https:\/\/www.noticiasradioreflejos.com.ar\/2021\/wp-json\/wp\/v2\/types\/post"}],"author":[{"embeddable":true,"href":"https:\/\/www.noticiasradioreflejos.com.ar\/2021\/wp-json\/wp\/v2\/users\/3"}],"replies":[{"embeddable":true,"href":"https:\/\/www.noticiasradioreflejos.com.ar\/2021\/wp-json\/wp\/v2\/comments?post=29173"}],"version-history":[{"count":0,"href":"https:\/\/www.noticiasradioreflejos.com.ar\/2021\/wp-json\/wp\/v2\/posts\/29173\/revisions"}],"wp:attachment":[{"href":"https:\/\/www.noticiasradioreflejos.com.ar\/2021\/wp-json\/wp\/v2\/media?parent=29173"}],"wp:term":[{"taxonomy":"category","embeddable":true,"href":"https:\/\/www.noticiasradioreflejos.com.ar\/2021\/wp-json\/wp\/v2\/categories?post=29173"},{"taxonomy":"post_tag","embeddable":true,"href":"https:\/\/www.noticiasradioreflejos.com.ar\/2021\/wp-json\/wp\/v2\/tags?post=29173"}],"curies":[{"name":"wp","href":"https:\/\/api.w.org\/{rel}","templated":true}]}}