{"id":29169,"date":"2019-02-25T07:41:32","date_gmt":"2019-02-25T10:41:32","guid":{"rendered":"http:\/\/www.noticiasradioreflejos.com.ar\/noticias\/?p=29169"},"modified":"2019-02-25T07:41:32","modified_gmt":"2019-02-25T10:41:32","slug":"violento-asalto-en-paraje-frapal-a-un-productor-agropecuario-y-de-turismo-rural","status":"publish","type":"post","link":"https:\/\/www.noticiasradioreflejos.com.ar\/2021\/violento-asalto-en-paraje-frapal-a-un-productor-agropecuario-y-de-turismo-rural\/","title":{"rendered":"Violento asalto en Paraje Frapal a un productor agropecuario y de turismo rural."},"content":{"rendered":"<p>Otro asalto en un campo de la regi\u00f3n, pone en alerta a productores y peones. En esta oportunidad el hecho\u00a0 ocurrido\u00a0en horas de la madrugada de ayer, fu\u00e9 en un campo ubicado en\u00a0Fra-Pal, denominado Cerro\u00a0del Tigre, a 30 kms de Sierra de la Ventana.<br \/>\nEl establecimiento \u00abCerro del Tigre\u00bb se ubica a mil metros de la rotonda, cruce de las rutas 51 y 72 y su actividad es la de cr\u00eda de ganado bovino y especies ex\u00f3ticas para caza mayor, siendo receptivo de turismo rural.<br \/>\nA los que se vienen registrando desde noviembre del a\u00f1o pasado a la fecha en toda la zona del Sudoeste Bonaerense, se le sum\u00f3 otro caso acontecido en un establecimiento rural ubicado en Fra-Pal. En la ocasi\u00f3n, los malvivientes golpearon a un matrimonio y se llevaron dinero\u00a0 y el auto de la pareja, el cual apareci\u00f3 horas despu\u00e9s abandonado en Tres Arroyos.<!--more--> <a title=\"Sin t\u00edtulo\" href=\"http:\/\/farm8.staticflickr.com\/7894\/47206709691_a3e31a9c06.jpg\" rel=\"\"><img loading=\"lazy\" decoding=\"async\" class=\"alignleft\" style=\"float: left;\" title=\"Sin t\u00edtulo\" src=\"http:\/\/farm8.staticflickr.com\/7894\/47206709691_a3e31a9c06.jpg\" alt=\"Sin t\u00edtulo\" width=\"382\" height=\"224\" \/><\/a>Contin\u00faan teniendo lugar asaltos en diferentes establecimientos rurales de Coronel Pringles y de la regi\u00f3n, los cuales no han cesado desde<br \/>\nque comenzaron all\u00e1 por el mes de noviembre del a\u00f1o pasado. En estos casos, los delincuentes, ingresan a los campos para robar y despu\u00e9s dirigirse a trav\u00e9s de los mismos a otros vecinos y continuar con la sustracci\u00f3n de diferentes elementos de valor. Hasta el momento en los \u00faltimos cuatro meses al menos tuvieron lugar unos seis hechos delictivos de este estilo, al que se le suma el \u00faltimo ocurrido en horas de la madrugada de ayer en un campo ubicado en Fra-Pal, denominado Cerro del Tigre. All\u00ed los malvivientes sorprendieron al matrimonio que reside en el lugar, constituido por Jos\u00e9 Mart\u00ednez y Marta Bilbao, cuando los mismos regresaban en horas de la madrugada. Acto seguido sucedi\u00f3 lo que acontece en todos estos casos, donde golpean a las personas y las amordazan para reducirlas y exigirles, lo \u00fanico que buscan, que generalmente se trata de dinero en efectivo. Fue as\u00ed que en este caso lograron alzarse con dinero, pero para ello golpearon a ambas personas. Finalmente y como lo hacen tambi\u00e9n en la mayor\u00eda de estos casos, los delincuentes<br \/>\nque llegan al campo caminando o son dejados en su ingreso por alg\u00fan rodado, huyeron en el autom\u00f3vil del matrimonio, un Fiat Siena, el cual en horas de la ma\u00f1ana apareci\u00f3 abandonado en Tres Arroyos.<br \/>\nLos damnificados se encuentran bien aunque sin poder salir de su asombro por lo sucedido y ambos recibieron atenci\u00f3n m\u00e9dica una vez que pudieron trasladarse del campo y pedir ayuda como pod\u00edan, ya que segu\u00edan maniatados, aunque pod\u00edan caminar.<\/p>\n","protected":false},"excerpt":{"rendered":"<p>Otro asalto en un campo de la regi\u00f3n, pone en alerta a productores y peones. En esta oportunidad el hecho\u00a0 ocurrido\u00a0en horas de la madrugada de ayer, fu\u00e9 en un campo ubicado en\u00a0Fra-Pal, denominado Cerro\u00a0del Tigre, a 30 kms de Sierra de la Ventana. El establecimiento \u00abCerro del Tigre\u00bb se ubica a mil metros de [&hellip;]<\/p>\n","protected":false},"author":3,"featured_media":0,"comment_status":"closed","ping_status":"open","sticky":false,"template":"","format":"standard","meta":{"footnotes":""},"categories":[29],"tags":[],"class_list":["post-29169","post","type-post","status-publish","format-standard","hentry","category-policiales"],"yoast_head":"<!-- This site is optimized with the Yoast SEO plugin v25.9 - https:\/\/yoast.com\/wordpress\/plugins\/seo\/ -->\n<title>Violento asalto en Paraje Frapal a un productor agropecuario y de turismo rural. - Noticias Radio Reflejos<\/title>\n<meta name=\"robots\" content=\"index, follow, max-snippet:-1, max-image-preview:large, max-video-preview:-1\" \/>\n<link rel=\"canonical\" href=\"https:\/\/www.noticiasradioreflejos.com.ar\/2021\/violento-asalto-en-paraje-frapal-a-un-productor-agropecuario-y-de-turismo-rural\/\" \/>\n<meta property=\"og:locale\" content=\"es_ES\" \/>\n<meta property=\"og:type\" content=\"article\" \/>\n<meta property=\"og:title\" content=\"Violento asalto en Paraje Frapal a un productor agropecuario y de turismo rural. - Noticias Radio Reflejos\" \/>\n<meta property=\"og:description\" content=\"Otro asalto en un campo de la regi\u00f3n, pone en alerta a productores y peones. En esta oportunidad el hecho\u00a0 ocurrido\u00a0en horas de la madrugada de ayer, fu\u00e9 en un campo ubicado en\u00a0Fra-Pal, denominado Cerro\u00a0del Tigre, a 30 kms de Sierra de la Ventana. El establecimiento \u00abCerro del Tigre\u00bb se ubica a mil metros de [&hellip;]\" \/>\n<meta property=\"og:url\" content=\"https:\/\/www.noticiasradioreflejos.com.ar\/2021\/violento-asalto-en-paraje-frapal-a-un-productor-agropecuario-y-de-turismo-rural\/\" \/>\n<meta property=\"og:site_name\" content=\"Noticias Radio Reflejos\" \/>\n<meta property=\"article:published_time\" content=\"2019-02-25T10:41:32+00:00\" \/>\n<meta property=\"og:image\" content=\"http:\/\/farm8.staticflickr.com\/7894\/47206709691_a3e31a9c06.jpg\" \/>\n<meta name=\"author\" content=\"Arnaldo Botto\" \/>\n<meta name=\"twitter:card\" content=\"summary_large_image\" \/>\n<script type=\"application\/ld+json\" class=\"yoast-schema-graph\">{\"@context\":\"https:\/\/schema.org\",\"@graph\":[{\"@type\":\"WebPage\",\"@id\":\"https:\/\/www.noticiasradioreflejos.com.ar\/2021\/violento-asalto-en-paraje-frapal-a-un-productor-agropecuario-y-de-turismo-rural\/\",\"url\":\"https:\/\/www.noticiasradioreflejos.com.ar\/2021\/violento-asalto-en-paraje-frapal-a-un-productor-agropecuario-y-de-turismo-rural\/\",\"name\":\"Violento asalto en Paraje Frapal a un productor agropecuario y de turismo rural. - Noticias Radio Reflejos\",\"isPartOf\":{\"@id\":\"https:\/\/www.noticiasradioreflejos.com.ar\/2021\/#website\"},\"primaryImageOfPage\":{\"@id\":\"https:\/\/www.noticiasradioreflejos.com.ar\/2021\/violento-asalto-en-paraje-frapal-a-un-productor-agropecuario-y-de-turismo-rural\/#primaryimage\"},\"image\":{\"@id\":\"https:\/\/www.noticiasradioreflejos.com.ar\/2021\/violento-asalto-en-paraje-frapal-a-un-productor-agropecuario-y-de-turismo-rural\/#primaryimage\"},\"thumbnailUrl\":\"http:\/\/farm8.staticflickr.com\/7894\/47206709691_a3e31a9c06.jpg\",\"datePublished\":\"2019-02-25T10:41:32+00:00\",\"author\":{\"@id\":\"https:\/\/www.noticiasradioreflejos.com.ar\/2021\/#\/schema\/person\/ad82545263dcc5ec0996818884fd5fb1\"},\"breadcrumb\":{\"@id\":\"https:\/\/www.noticiasradioreflejos.com.ar\/2021\/violento-asalto-en-paraje-frapal-a-un-productor-agropecuario-y-de-turismo-rural\/#breadcrumb\"},\"inLanguage\":\"es\",\"potentialAction\":[{\"@type\":\"ReadAction\",\"target\":[\"https:\/\/www.noticiasradioreflejos.com.ar\/2021\/violento-asalto-en-paraje-frapal-a-un-productor-agropecuario-y-de-turismo-rural\/\"]}]},{\"@type\":\"ImageObject\",\"inLanguage\":\"es\",\"@id\":\"https:\/\/www.noticiasradioreflejos.com.ar\/2021\/violento-asalto-en-paraje-frapal-a-un-productor-agropecuario-y-de-turismo-rural\/#primaryimage\",\"url\":\"http:\/\/farm8.staticflickr.com\/7894\/47206709691_a3e31a9c06.jpg\",\"contentUrl\":\"http:\/\/farm8.staticflickr.com\/7894\/47206709691_a3e31a9c06.jpg\"},{\"@type\":\"BreadcrumbList\",\"@id\":\"https:\/\/www.noticiasradioreflejos.com.ar\/2021\/violento-asalto-en-paraje-frapal-a-un-productor-agropecuario-y-de-turismo-rural\/#breadcrumb\",\"itemListElement\":[{\"@type\":\"ListItem\",\"position\":1,\"name\":\"Portada\",\"item\":\"https:\/\/www.noticiasradioreflejos.com.ar\/2021\/\"},{\"@type\":\"ListItem\",\"position\":2,\"name\":\"Violento asalto en Paraje Frapal a un productor agropecuario y de turismo rural.\"}]},{\"@type\":\"WebSite\",\"@id\":\"https:\/\/www.noticiasradioreflejos.com.ar\/2021\/#website\",\"url\":\"https:\/\/www.noticiasradioreflejos.com.ar\/2021\/\",\"name\":\"Noticias Radio Reflejos\",\"description\":\"Las noticias de mi comarca\",\"potentialAction\":[{\"@type\":\"SearchAction\",\"target\":{\"@type\":\"EntryPoint\",\"urlTemplate\":\"https:\/\/www.noticiasradioreflejos.com.ar\/2021\/?s={search_term_string}\"},\"query-input\":{\"@type\":\"PropertyValueSpecification\",\"valueRequired\":true,\"valueName\":\"search_term_string\"}}],\"inLanguage\":\"es\"},{\"@type\":\"Person\",\"@id\":\"https:\/\/www.noticiasradioreflejos.com.ar\/2021\/#\/schema\/person\/ad82545263dcc5ec0996818884fd5fb1\",\"name\":\"Arnaldo Botto\",\"image\":{\"@type\":\"ImageObject\",\"inLanguage\":\"es\",\"@id\":\"https:\/\/www.noticiasradioreflejos.com.ar\/2021\/#\/schema\/person\/image\/\",\"url\":\"https:\/\/secure.gravatar.com\/avatar\/55cb5e37c1efa326397366e6974cb338056df65cb50e7d64d1cf314e87504837?s=96&d=mm&r=g\",\"contentUrl\":\"https:\/\/secure.gravatar.com\/avatar\/55cb5e37c1efa326397366e6974cb338056df65cb50e7d64d1cf314e87504837?s=96&d=mm&r=g\",\"caption\":\"Arnaldo Botto\"},\"url\":\"https:\/\/www.noticiasradioreflejos.com.ar\/2021\/author\/arnaldo\/\"}]}<\/script>\n<!-- \/ Yoast SEO plugin. -->","yoast_head_json":{"title":"Violento asalto en Paraje Frapal a un productor agropecuario y de turismo rural. - Noticias Radio Reflejos","robots":{"index":"index","follow":"follow","max-snippet":"max-snippet:-1","max-image-preview":"max-image-preview:large","max-video-preview":"max-video-preview:-1"},"canonical":"https:\/\/www.noticiasradioreflejos.com.ar\/2021\/violento-asalto-en-paraje-frapal-a-un-productor-agropecuario-y-de-turismo-rural\/","og_locale":"es_ES","og_type":"article","og_title":"Violento asalto en Paraje Frapal a un productor agropecuario y de turismo rural. - Noticias Radio Reflejos","og_description":"Otro asalto en un campo de la regi\u00f3n, pone en alerta a productores y peones. En esta oportunidad el hecho\u00a0 ocurrido\u00a0en horas de la madrugada de ayer, fu\u00e9 en un campo ubicado en\u00a0Fra-Pal, denominado Cerro\u00a0del Tigre, a 30 kms de Sierra de la Ventana. El establecimiento \u00abCerro del Tigre\u00bb se ubica a mil metros de [&hellip;]","og_url":"https:\/\/www.noticiasradioreflejos.com.ar\/2021\/violento-asalto-en-paraje-frapal-a-un-productor-agropecuario-y-de-turismo-rural\/","og_site_name":"Noticias Radio Reflejos","article_published_time":"2019-02-25T10:41:32+00:00","og_image":[{"url":"http:\/\/farm8.staticflickr.com\/7894\/47206709691_a3e31a9c06.jpg","type":"","width":"","height":""}],"author":"Arnaldo Botto","twitter_card":"summary_large_image","schema":{"@context":"https:\/\/schema.org","@graph":[{"@type":"WebPage","@id":"https:\/\/www.noticiasradioreflejos.com.ar\/2021\/violento-asalto-en-paraje-frapal-a-un-productor-agropecuario-y-de-turismo-rural\/","url":"https:\/\/www.noticiasradioreflejos.com.ar\/2021\/violento-asalto-en-paraje-frapal-a-un-productor-agropecuario-y-de-turismo-rural\/","name":"Violento asalto en Paraje Frapal a un productor agropecuario y de turismo rural. - Noticias Radio Reflejos","isPartOf":{"@id":"https:\/\/www.noticiasradioreflejos.com.ar\/2021\/#website"},"primaryImageOfPage":{"@id":"https:\/\/www.noticiasradioreflejos.com.ar\/2021\/violento-asalto-en-paraje-frapal-a-un-productor-agropecuario-y-de-turismo-rural\/#primaryimage"},"image":{"@id":"https:\/\/www.noticiasradioreflejos.com.ar\/2021\/violento-asalto-en-paraje-frapal-a-un-productor-agropecuario-y-de-turismo-rural\/#primaryimage"},"thumbnailUrl":"http:\/\/farm8.staticflickr.com\/7894\/47206709691_a3e31a9c06.jpg","datePublished":"2019-02-25T10:41:32+00:00","author":{"@id":"https:\/\/www.noticiasradioreflejos.com.ar\/2021\/#\/schema\/person\/ad82545263dcc5ec0996818884fd5fb1"},"breadcrumb":{"@id":"https:\/\/www.noticiasradioreflejos.com.ar\/2021\/violento-asalto-en-paraje-frapal-a-un-productor-agropecuario-y-de-turismo-rural\/#breadcrumb"},"inLanguage":"es","potentialAction":[{"@type":"ReadAction","target":["https:\/\/www.noticiasradioreflejos.com.ar\/2021\/violento-asalto-en-paraje-frapal-a-un-productor-agropecuario-y-de-turismo-rural\/"]}]},{"@type":"ImageObject","inLanguage":"es","@id":"https:\/\/www.noticiasradioreflejos.com.ar\/2021\/violento-asalto-en-paraje-frapal-a-un-productor-agropecuario-y-de-turismo-rural\/#primaryimage","url":"http:\/\/farm8.staticflickr.com\/7894\/47206709691_a3e31a9c06.jpg","contentUrl":"http:\/\/farm8.staticflickr.com\/7894\/47206709691_a3e31a9c06.jpg"},{"@type":"BreadcrumbList","@id":"https:\/\/www.noticiasradioreflejos.com.ar\/2021\/violento-asalto-en-paraje-frapal-a-un-productor-agropecuario-y-de-turismo-rural\/#breadcrumb","itemListElement":[{"@type":"ListItem","position":1,"name":"Portada","item":"https:\/\/www.noticiasradioreflejos.com.ar\/2021\/"},{"@type":"ListItem","position":2,"name":"Violento asalto en Paraje Frapal a un productor agropecuario y de turismo rural."}]},{"@type":"WebSite","@id":"https:\/\/www.noticiasradioreflejos.com.ar\/2021\/#website","url":"https:\/\/www.noticiasradioreflejos.com.ar\/2021\/","name":"Noticias Radio Reflejos","description":"Las noticias de mi comarca","potentialAction":[{"@type":"SearchAction","target":{"@type":"EntryPoint","urlTemplate":"https:\/\/www.noticiasradioreflejos.com.ar\/2021\/?s={search_term_string}"},"query-input":{"@type":"PropertyValueSpecification","valueRequired":true,"valueName":"search_term_string"}}],"inLanguage":"es"},{"@type":"Person","@id":"https:\/\/www.noticiasradioreflejos.com.ar\/2021\/#\/schema\/person\/ad82545263dcc5ec0996818884fd5fb1","name":"Arnaldo Botto","image":{"@type":"ImageObject","inLanguage":"es","@id":"https:\/\/www.noticiasradioreflejos.com.ar\/2021\/#\/schema\/person\/image\/","url":"https:\/\/secure.gravatar.com\/avatar\/55cb5e37c1efa326397366e6974cb338056df65cb50e7d64d1cf314e87504837?s=96&d=mm&r=g","contentUrl":"https:\/\/secure.gravatar.com\/avatar\/55cb5e37c1efa326397366e6974cb338056df65cb50e7d64d1cf314e87504837?s=96&d=mm&r=g","caption":"Arnaldo Botto"},"url":"https:\/\/www.noticiasradioreflejos.com.ar\/2021\/author\/arnaldo\/"}]}},"_links":{"self":[{"href":"https:\/\/www.noticiasradioreflejos.com.ar\/2021\/wp-json\/wp\/v2\/posts\/29169","targetHints":{"allow":["GET"]}}],"collection":[{"href":"https:\/\/www.noticiasradioreflejos.com.ar\/2021\/wp-json\/wp\/v2\/posts"}],"about":[{"href":"https:\/\/www.noticiasradioreflejos.com.ar\/2021\/wp-json\/wp\/v2\/types\/post"}],"author":[{"embeddable":true,"href":"https:\/\/www.noticiasradioreflejos.com.ar\/2021\/wp-json\/wp\/v2\/users\/3"}],"replies":[{"embeddable":true,"href":"https:\/\/www.noticiasradioreflejos.com.ar\/2021\/wp-json\/wp\/v2\/comments?post=29169"}],"version-history":[{"count":0,"href":"https:\/\/www.noticiasradioreflejos.com.ar\/2021\/wp-json\/wp\/v2\/posts\/29169\/revisions"}],"wp:attachment":[{"href":"https:\/\/www.noticiasradioreflejos.com.ar\/2021\/wp-json\/wp\/v2\/media?parent=29169"}],"wp:term":[{"taxonomy":"category","embeddable":true,"href":"https:\/\/www.noticiasradioreflejos.com.ar\/2021\/wp-json\/wp\/v2\/categories?post=29169"},{"taxonomy":"post_tag","embeddable":true,"href":"https:\/\/www.noticiasradioreflejos.com.ar\/2021\/wp-json\/wp\/v2\/tags?post=29169"}],"curies":[{"name":"wp","href":"https:\/\/api.w.org\/{rel}","templated":true}]}}