{"id":29166,"date":"2019-02-25T07:22:16","date_gmt":"2019-02-25T10:22:16","guid":{"rendered":"http:\/\/www.noticiasradioreflejos.com.ar\/noticias\/?p=29166"},"modified":"2019-02-25T07:22:16","modified_gmt":"2019-02-25T10:22:16","slug":"porque-25-de-febrero","status":"publish","type":"post","link":"https:\/\/www.noticiasradioreflejos.com.ar\/2021\/porque-25-de-febrero\/","title":{"rendered":"\u00bf Porqu\u00e9 25 de Febrero ?"},"content":{"rendered":"<p><a title=\"S.M. A. K. L\" href=\"http:\/\/farm8.staticflickr.com\/7910\/40241814903_7040125e16.jpg\" rel=\"\"><img loading=\"lazy\" decoding=\"async\" class=\"alignleft\" style=\"float: left;\" title=\"S.M. A. K. L\" src=\"http:\/\/farm8.staticflickr.com\/7910\/40241814903_7040125e16.jpg\" alt=\"S.M. A. K. L\" width=\"370\" height=\"500\" \/><\/a><strong>Comunicado del Frente Popular 25 de Febrero.<\/strong><br \/>\nNo fue por casualidad que elegimos esta fecha para llamar a nuestro proyecto pol\u00edtico-social y cultural organizado en un Frente Popular. El marco de la co-yuntura socio \u2013 pol\u00edtica \u2013 econ\u00f3mica nos propuso el desaf\u00edo de asumir el compromiso ciudadano de proyectarnos a la comunidad desde nuestra parti-cular cosmovisi\u00f3n, reconoci\u00e9ndonos en la identidad fundante de nuestra na-cionalidad y en la defensa de las conquistas conseguidas por los gobiernos populares.<!--more--><br \/>\nEl 25 de febrero de 1778 Jos\u00e9 Francisco de San Mart\u00edn naci\u00f3 para la historia. Nosotros lo elegimos porque, cuando gobern\u00f3, lo hizo pensando en el bienes-tar del pueblo para quien foment\u00f3 la educaci\u00f3n, la agricultura, la industria y le garantiz\u00f3 la libertad individual, la de imprenta y la de culto.<br \/>\nEl 25 de febrero de 1842, seg\u00fan cuenta una leyenda que refuta documentos oficiales, naci\u00f3 Leandro N. Alem el fundador de la Uni\u00f3n C\u00edvica Radical. Qui-simos recatarlo porque es uno de los hombres que ha dejado la impronta de sus principios c\u00edvicos en la historia grande de la patria.<br \/>\nEl 25 de febrero de 1932 naci\u00f3 para la posteridad Julieta Lanteri, una de las primeras m\u00e9dicas argentinas y primera mujer candidata a diputada. Incansa-ble, original y valiente luchadora feminista confront\u00f3 a la sociedad de su \u00e9po-ca para lograr el respeto por los derechos de las mujeres y de los ni\u00f1os. Los hechos que protagoniz\u00f3 despertaron la admiraci\u00f3n en lejanos rincones del planeta y la bandera de su lucha fue heredada por miles de mujeres que hasta hoy siguen sus pasos.<br \/>\nEl 25 de febrero de 1950 naci\u00f3 N\u00e9stor Kirchner, el hombre que puso a la po-l\u00edtica al servicio del bienestar del pueblo, reivindicando para nosotros el ideario de soberan\u00eda pol\u00edtica, independencia econ\u00f3mica, justicia social, libertad y dig-nidad.<br \/>\nNosotros llamamos \u201c25 de Febrero\u201d a nuestro Frente Popular porque creemos que una manera distinta de concebir y de hacer pol\u00edtica debe servir para re enlazar nuevas solidaridades en la b\u00fasqueda del bien com\u00fan, para la cons-trucci\u00f3n de una nueva mayor\u00eda que incluya a todos los sectores del campo popular y para que no se diluya en el imaginario de la comunidad el ideal de una democracia de calidad que garantice la ampliaci\u00f3n de derechos en todos los aspectos de la vida.<\/p>\n","protected":false},"excerpt":{"rendered":"<p>Comunicado del Frente Popular 25 de Febrero. No fue por casualidad que elegimos esta fecha para llamar a nuestro proyecto pol\u00edtico-social y cultural organizado en un Frente Popular. El marco de la co-yuntura socio \u2013 pol\u00edtica \u2013 econ\u00f3mica nos propuso el desaf\u00edo de asumir el compromiso ciudadano de proyectarnos a la comunidad desde nuestra parti-cular [&hellip;]<\/p>\n","protected":false},"author":3,"featured_media":0,"comment_status":"closed","ping_status":"open","sticky":false,"template":"","format":"standard","meta":{"footnotes":""},"categories":[24],"tags":[],"class_list":["post-29166","post","type-post","status-publish","format-standard","hentry","category-politica"],"yoast_head":"<!-- This site is optimized with the Yoast SEO plugin v25.9 - https:\/\/yoast.com\/wordpress\/plugins\/seo\/ -->\n<title>\u00bf Porqu\u00e9 25 de Febrero ? - Noticias Radio Reflejos<\/title>\n<meta name=\"robots\" content=\"index, follow, max-snippet:-1, max-image-preview:large, max-video-preview:-1\" \/>\n<link rel=\"canonical\" href=\"https:\/\/www.noticiasradioreflejos.com.ar\/2021\/porque-25-de-febrero\/\" \/>\n<meta property=\"og:locale\" content=\"es_ES\" \/>\n<meta property=\"og:type\" content=\"article\" \/>\n<meta property=\"og:title\" content=\"\u00bf Porqu\u00e9 25 de Febrero ? - Noticias Radio Reflejos\" \/>\n<meta property=\"og:description\" content=\"Comunicado del Frente Popular 25 de Febrero. No fue por casualidad que elegimos esta fecha para llamar a nuestro proyecto pol\u00edtico-social y cultural organizado en un Frente Popular. El marco de la co-yuntura socio \u2013 pol\u00edtica \u2013 econ\u00f3mica nos propuso el desaf\u00edo de asumir el compromiso ciudadano de proyectarnos a la comunidad desde nuestra parti-cular [&hellip;]\" \/>\n<meta property=\"og:url\" content=\"https:\/\/www.noticiasradioreflejos.com.ar\/2021\/porque-25-de-febrero\/\" \/>\n<meta property=\"og:site_name\" content=\"Noticias Radio Reflejos\" \/>\n<meta property=\"article:published_time\" content=\"2019-02-25T10:22:16+00:00\" \/>\n<meta property=\"og:image\" content=\"http:\/\/farm8.staticflickr.com\/7910\/40241814903_7040125e16.jpg\" \/>\n<meta name=\"author\" content=\"Arnaldo Botto\" \/>\n<meta name=\"twitter:card\" content=\"summary_large_image\" \/>\n<script type=\"application\/ld+json\" class=\"yoast-schema-graph\">{\"@context\":\"https:\/\/schema.org\",\"@graph\":[{\"@type\":\"WebPage\",\"@id\":\"https:\/\/www.noticiasradioreflejos.com.ar\/2021\/porque-25-de-febrero\/\",\"url\":\"https:\/\/www.noticiasradioreflejos.com.ar\/2021\/porque-25-de-febrero\/\",\"name\":\"\u00bf Porqu\u00e9 25 de Febrero ? - Noticias Radio Reflejos\",\"isPartOf\":{\"@id\":\"https:\/\/www.noticiasradioreflejos.com.ar\/2021\/#website\"},\"primaryImageOfPage\":{\"@id\":\"https:\/\/www.noticiasradioreflejos.com.ar\/2021\/porque-25-de-febrero\/#primaryimage\"},\"image\":{\"@id\":\"https:\/\/www.noticiasradioreflejos.com.ar\/2021\/porque-25-de-febrero\/#primaryimage\"},\"thumbnailUrl\":\"http:\/\/farm8.staticflickr.com\/7910\/40241814903_7040125e16.jpg\",\"datePublished\":\"2019-02-25T10:22:16+00:00\",\"author\":{\"@id\":\"https:\/\/www.noticiasradioreflejos.com.ar\/2021\/#\/schema\/person\/ad82545263dcc5ec0996818884fd5fb1\"},\"breadcrumb\":{\"@id\":\"https:\/\/www.noticiasradioreflejos.com.ar\/2021\/porque-25-de-febrero\/#breadcrumb\"},\"inLanguage\":\"es\",\"potentialAction\":[{\"@type\":\"ReadAction\",\"target\":[\"https:\/\/www.noticiasradioreflejos.com.ar\/2021\/porque-25-de-febrero\/\"]}]},{\"@type\":\"ImageObject\",\"inLanguage\":\"es\",\"@id\":\"https:\/\/www.noticiasradioreflejos.com.ar\/2021\/porque-25-de-febrero\/#primaryimage\",\"url\":\"http:\/\/farm8.staticflickr.com\/7910\/40241814903_7040125e16.jpg\",\"contentUrl\":\"http:\/\/farm8.staticflickr.com\/7910\/40241814903_7040125e16.jpg\"},{\"@type\":\"BreadcrumbList\",\"@id\":\"https:\/\/www.noticiasradioreflejos.com.ar\/2021\/porque-25-de-febrero\/#breadcrumb\",\"itemListElement\":[{\"@type\":\"ListItem\",\"position\":1,\"name\":\"Portada\",\"item\":\"https:\/\/www.noticiasradioreflejos.com.ar\/2021\/\"},{\"@type\":\"ListItem\",\"position\":2,\"name\":\"\u00bf Porqu\u00e9 25 de Febrero ?\"}]},{\"@type\":\"WebSite\",\"@id\":\"https:\/\/www.noticiasradioreflejos.com.ar\/2021\/#website\",\"url\":\"https:\/\/www.noticiasradioreflejos.com.ar\/2021\/\",\"name\":\"Noticias Radio Reflejos\",\"description\":\"Las noticias de mi comarca\",\"potentialAction\":[{\"@type\":\"SearchAction\",\"target\":{\"@type\":\"EntryPoint\",\"urlTemplate\":\"https:\/\/www.noticiasradioreflejos.com.ar\/2021\/?s={search_term_string}\"},\"query-input\":{\"@type\":\"PropertyValueSpecification\",\"valueRequired\":true,\"valueName\":\"search_term_string\"}}],\"inLanguage\":\"es\"},{\"@type\":\"Person\",\"@id\":\"https:\/\/www.noticiasradioreflejos.com.ar\/2021\/#\/schema\/person\/ad82545263dcc5ec0996818884fd5fb1\",\"name\":\"Arnaldo Botto\",\"image\":{\"@type\":\"ImageObject\",\"inLanguage\":\"es\",\"@id\":\"https:\/\/www.noticiasradioreflejos.com.ar\/2021\/#\/schema\/person\/image\/\",\"url\":\"https:\/\/secure.gravatar.com\/avatar\/55cb5e37c1efa326397366e6974cb338056df65cb50e7d64d1cf314e87504837?s=96&d=mm&r=g\",\"contentUrl\":\"https:\/\/secure.gravatar.com\/avatar\/55cb5e37c1efa326397366e6974cb338056df65cb50e7d64d1cf314e87504837?s=96&d=mm&r=g\",\"caption\":\"Arnaldo Botto\"},\"url\":\"https:\/\/www.noticiasradioreflejos.com.ar\/2021\/author\/arnaldo\/\"}]}<\/script>\n<!-- \/ Yoast SEO plugin. -->","yoast_head_json":{"title":"\u00bf Porqu\u00e9 25 de Febrero ? - Noticias Radio Reflejos","robots":{"index":"index","follow":"follow","max-snippet":"max-snippet:-1","max-image-preview":"max-image-preview:large","max-video-preview":"max-video-preview:-1"},"canonical":"https:\/\/www.noticiasradioreflejos.com.ar\/2021\/porque-25-de-febrero\/","og_locale":"es_ES","og_type":"article","og_title":"\u00bf Porqu\u00e9 25 de Febrero ? - Noticias Radio Reflejos","og_description":"Comunicado del Frente Popular 25 de Febrero. No fue por casualidad que elegimos esta fecha para llamar a nuestro proyecto pol\u00edtico-social y cultural organizado en un Frente Popular. El marco de la co-yuntura socio \u2013 pol\u00edtica \u2013 econ\u00f3mica nos propuso el desaf\u00edo de asumir el compromiso ciudadano de proyectarnos a la comunidad desde nuestra parti-cular [&hellip;]","og_url":"https:\/\/www.noticiasradioreflejos.com.ar\/2021\/porque-25-de-febrero\/","og_site_name":"Noticias Radio Reflejos","article_published_time":"2019-02-25T10:22:16+00:00","og_image":[{"url":"http:\/\/farm8.staticflickr.com\/7910\/40241814903_7040125e16.jpg","type":"","width":"","height":""}],"author":"Arnaldo Botto","twitter_card":"summary_large_image","schema":{"@context":"https:\/\/schema.org","@graph":[{"@type":"WebPage","@id":"https:\/\/www.noticiasradioreflejos.com.ar\/2021\/porque-25-de-febrero\/","url":"https:\/\/www.noticiasradioreflejos.com.ar\/2021\/porque-25-de-febrero\/","name":"\u00bf Porqu\u00e9 25 de Febrero ? - Noticias Radio Reflejos","isPartOf":{"@id":"https:\/\/www.noticiasradioreflejos.com.ar\/2021\/#website"},"primaryImageOfPage":{"@id":"https:\/\/www.noticiasradioreflejos.com.ar\/2021\/porque-25-de-febrero\/#primaryimage"},"image":{"@id":"https:\/\/www.noticiasradioreflejos.com.ar\/2021\/porque-25-de-febrero\/#primaryimage"},"thumbnailUrl":"http:\/\/farm8.staticflickr.com\/7910\/40241814903_7040125e16.jpg","datePublished":"2019-02-25T10:22:16+00:00","author":{"@id":"https:\/\/www.noticiasradioreflejos.com.ar\/2021\/#\/schema\/person\/ad82545263dcc5ec0996818884fd5fb1"},"breadcrumb":{"@id":"https:\/\/www.noticiasradioreflejos.com.ar\/2021\/porque-25-de-febrero\/#breadcrumb"},"inLanguage":"es","potentialAction":[{"@type":"ReadAction","target":["https:\/\/www.noticiasradioreflejos.com.ar\/2021\/porque-25-de-febrero\/"]}]},{"@type":"ImageObject","inLanguage":"es","@id":"https:\/\/www.noticiasradioreflejos.com.ar\/2021\/porque-25-de-febrero\/#primaryimage","url":"http:\/\/farm8.staticflickr.com\/7910\/40241814903_7040125e16.jpg","contentUrl":"http:\/\/farm8.staticflickr.com\/7910\/40241814903_7040125e16.jpg"},{"@type":"BreadcrumbList","@id":"https:\/\/www.noticiasradioreflejos.com.ar\/2021\/porque-25-de-febrero\/#breadcrumb","itemListElement":[{"@type":"ListItem","position":1,"name":"Portada","item":"https:\/\/www.noticiasradioreflejos.com.ar\/2021\/"},{"@type":"ListItem","position":2,"name":"\u00bf Porqu\u00e9 25 de Febrero ?"}]},{"@type":"WebSite","@id":"https:\/\/www.noticiasradioreflejos.com.ar\/2021\/#website","url":"https:\/\/www.noticiasradioreflejos.com.ar\/2021\/","name":"Noticias Radio Reflejos","description":"Las noticias de mi comarca","potentialAction":[{"@type":"SearchAction","target":{"@type":"EntryPoint","urlTemplate":"https:\/\/www.noticiasradioreflejos.com.ar\/2021\/?s={search_term_string}"},"query-input":{"@type":"PropertyValueSpecification","valueRequired":true,"valueName":"search_term_string"}}],"inLanguage":"es"},{"@type":"Person","@id":"https:\/\/www.noticiasradioreflejos.com.ar\/2021\/#\/schema\/person\/ad82545263dcc5ec0996818884fd5fb1","name":"Arnaldo Botto","image":{"@type":"ImageObject","inLanguage":"es","@id":"https:\/\/www.noticiasradioreflejos.com.ar\/2021\/#\/schema\/person\/image\/","url":"https:\/\/secure.gravatar.com\/avatar\/55cb5e37c1efa326397366e6974cb338056df65cb50e7d64d1cf314e87504837?s=96&d=mm&r=g","contentUrl":"https:\/\/secure.gravatar.com\/avatar\/55cb5e37c1efa326397366e6974cb338056df65cb50e7d64d1cf314e87504837?s=96&d=mm&r=g","caption":"Arnaldo Botto"},"url":"https:\/\/www.noticiasradioreflejos.com.ar\/2021\/author\/arnaldo\/"}]}},"_links":{"self":[{"href":"https:\/\/www.noticiasradioreflejos.com.ar\/2021\/wp-json\/wp\/v2\/posts\/29166","targetHints":{"allow":["GET"]}}],"collection":[{"href":"https:\/\/www.noticiasradioreflejos.com.ar\/2021\/wp-json\/wp\/v2\/posts"}],"about":[{"href":"https:\/\/www.noticiasradioreflejos.com.ar\/2021\/wp-json\/wp\/v2\/types\/post"}],"author":[{"embeddable":true,"href":"https:\/\/www.noticiasradioreflejos.com.ar\/2021\/wp-json\/wp\/v2\/users\/3"}],"replies":[{"embeddable":true,"href":"https:\/\/www.noticiasradioreflejos.com.ar\/2021\/wp-json\/wp\/v2\/comments?post=29166"}],"version-history":[{"count":0,"href":"https:\/\/www.noticiasradioreflejos.com.ar\/2021\/wp-json\/wp\/v2\/posts\/29166\/revisions"}],"wp:attachment":[{"href":"https:\/\/www.noticiasradioreflejos.com.ar\/2021\/wp-json\/wp\/v2\/media?parent=29166"}],"wp:term":[{"taxonomy":"category","embeddable":true,"href":"https:\/\/www.noticiasradioreflejos.com.ar\/2021\/wp-json\/wp\/v2\/categories?post=29166"},{"taxonomy":"post_tag","embeddable":true,"href":"https:\/\/www.noticiasradioreflejos.com.ar\/2021\/wp-json\/wp\/v2\/tags?post=29166"}],"curies":[{"name":"wp","href":"https:\/\/api.w.org\/{rel}","templated":true}]}}