{"id":29163,"date":"2019-02-25T07:16:07","date_gmt":"2019-02-25T10:16:07","guid":{"rendered":"http:\/\/www.noticiasradioreflejos.com.ar\/noticias\/?p=29163"},"modified":"2019-02-25T07:16:07","modified_gmt":"2019-02-25T10:16:07","slug":"fernando-borroni-presento-su-libro-la-inquisicion-neoliberal-en-sierra-de-la-ventana","status":"publish","type":"post","link":"https:\/\/www.noticiasradioreflejos.com.ar\/2021\/fernando-borroni-presento-su-libro-la-inquisicion-neoliberal-en-sierra-de-la-ventana\/","title":{"rendered":"Fernando Borroni present\u00f3 su libro \u201cLA INQUISICI\u00d3N NEOLIBERAL\u201d en Sierra de la Ventana."},"content":{"rendered":"<p><a title=\"image\" href=\"http:\/\/farm8.staticflickr.com\/7817\/47206554011_e284ce6784.jpg\" rel=\"\"><img loading=\"lazy\" decoding=\"async\" class=\"alignleft\" style=\"float: left;\" title=\"image\" src=\"http:\/\/farm8.staticflickr.com\/7817\/47206554011_e284ce6784.jpg\" alt=\"image\" width=\"500\" height=\"333\" \/><\/a>El viernes 22, en el sal\u00f3n de la Asociaci\u00f3n de Empleados de Casinos de Sierra de la Ventana, Fernando Borroni present\u00f3 su libro \u201cLA INQUISICI\u00d3N NEOLIBERAL\u201d.<br \/>\nAntes de su llegada, el d\u00fao de guitarras D\u2019Alessandro-Molina colm\u00f3 el final de la tarde con la m\u00fasica que en sus manos suena prodigiosa y que, en la memoria de los o\u00eddos y corazones, permanecer\u00e1 para siempre. El numeroso p\u00fablico presente, aplaudi\u00f3 entusiasta cada una de sus interpretaciones. Damos gracias a nuestros artistas por embellecer el evento.<!--more--><br \/>\nFernando Borroni es el periodista que escuchamos todas las ma\u00f1anas a eso de las 10.30 cuando dice su columna en el programa de V\u00edctor Hugo Morales por la AM 750 y es el cuarto escritor que presentamos en el marco de los encuentros culturales que organizamos con la convicci\u00f3n de que la cultura es un derecho que debe estar al alcance de toda la comunidad que nos hace fuerte en la alegr\u00eda y en la esperanza m\u00e1s all\u00e1 de las dificultades.<br \/>\nEl libro \u201cLa Inquisici\u00f3n Neoliberal\u201d est\u00e1 prologado por V\u00edctor Hugo Morales y asume una mirada sobre la Argentina actual en pleno avance neoliberal del gobierno. Desde sus p\u00e1ginas, la mirada anal\u00edtica e ideologizada del periodista nos cuenta del hambre, de la censura, de la represi\u00f3n, del desprecio de clase, de la persecuci\u00f3n pol\u00edtica que son nuestra pesadilla cotidiana. Interpela al poder inquisidor que gobierna y, tambi\u00e9n, al poder popular que le hace frente buscando ser un grito en medio de tanto silencio impuesto, un palo en la rueda de este \u201ccambio\u201d que nos conduce al precipicio y una herramienta que sirva para profundizar la urgente e indispensable batalla cultural desde donde confrontar a este modelo neoliberal que no repara ni en derechos sociales ni en valores humanos.<br \/>\nEl periodismo \u2013 afirma el autor &#8211; debe representar los derechos y las luchas de los pueblos o, de lo contrario, ser el vocero del poder que los oprime.<br \/>\nEl encuentro se prolong\u00f3 con una \u201ccena a la canasta\u201d y una charla interminable.<br \/>\n<a title=\"image (2)\" href=\"http:\/\/farm8.staticflickr.com\/7891\/32264304297_0cb51734a2.jpg\" rel=\"\"><img loading=\"lazy\" decoding=\"async\" class=\"alignleft\" style=\"float: left;\" title=\"image (2)\" src=\"http:\/\/farm8.staticflickr.com\/7891\/32264304297_0cb51734a2.jpg\" alt=\"image (2)\" width=\"500\" height=\"375\" \/><\/a>Pero Fernando Borroni no termin\u00f3 aqu\u00ed su gira por nuestra regi\u00f3n, ya que el s\u00e1bado 23 en horas de la ma\u00f1ana present\u00f3 su libro en Monte Hermoso ante un p\u00fablico que colm\u00f3 el Parador Pel\u00edcano. La exitosa visita concluy\u00f3 en el auditorio de la UOM Bah\u00eda Blanca ante un lleno total que cont\u00f3, adem\u00e1s, con la presencia de concejales, dirigentes gremiales, empresariales, sociales, de los medios y p\u00fablico en general.<br \/>\nAgradecemos infinitamente a la Agrupaci\u00f3n 17 de Noviembre de Monte Hermoso y a M\u00edstica Katru Libros de Bah\u00eda Blanca con quienes compartimos la organizaci\u00f3n de este recorrido de Fernando Borroni presentando su libro \u201cLA INQUISICI\u00d3N NEOLIBERAL\u201d con pr\u00f3logo de V\u00edctor Hugo Morales.<\/p>\n","protected":false},"excerpt":{"rendered":"<p>El viernes 22, en el sal\u00f3n de la Asociaci\u00f3n de Empleados de Casinos de Sierra de la Ventana, Fernando Borroni present\u00f3 su libro \u201cLA INQUISICI\u00d3N NEOLIBERAL\u201d. Antes de su llegada, el d\u00fao de guitarras D\u2019Alessandro-Molina colm\u00f3 el final de la tarde con la m\u00fasica que en sus manos suena prodigiosa y que, en la memoria [&hellip;]<\/p>\n","protected":false},"author":3,"featured_media":0,"comment_status":"closed","ping_status":"open","sticky":false,"template":"","format":"standard","meta":{"footnotes":""},"categories":[24],"tags":[],"class_list":["post-29163","post","type-post","status-publish","format-standard","hentry","category-politica"],"yoast_head":"<!-- This site is optimized with the Yoast SEO plugin v25.9 - https:\/\/yoast.com\/wordpress\/plugins\/seo\/ -->\n<title>Fernando Borroni present\u00f3 su libro \u201cLA INQUISICI\u00d3N NEOLIBERAL\u201d en Sierra de la Ventana. - Noticias Radio Reflejos<\/title>\n<meta name=\"robots\" content=\"index, follow, max-snippet:-1, max-image-preview:large, max-video-preview:-1\" \/>\n<link rel=\"canonical\" href=\"https:\/\/www.noticiasradioreflejos.com.ar\/2021\/fernando-borroni-presento-su-libro-la-inquisicion-neoliberal-en-sierra-de-la-ventana\/\" \/>\n<meta property=\"og:locale\" content=\"es_ES\" \/>\n<meta property=\"og:type\" content=\"article\" \/>\n<meta property=\"og:title\" content=\"Fernando Borroni present\u00f3 su libro \u201cLA INQUISICI\u00d3N NEOLIBERAL\u201d en Sierra de la Ventana. - Noticias Radio Reflejos\" \/>\n<meta property=\"og:description\" content=\"El viernes 22, en el sal\u00f3n de la Asociaci\u00f3n de Empleados de Casinos de Sierra de la Ventana, Fernando Borroni present\u00f3 su libro \u201cLA INQUISICI\u00d3N NEOLIBERAL\u201d. Antes de su llegada, el d\u00fao de guitarras D\u2019Alessandro-Molina colm\u00f3 el final de la tarde con la m\u00fasica que en sus manos suena prodigiosa y que, en la memoria [&hellip;]\" \/>\n<meta property=\"og:url\" content=\"https:\/\/www.noticiasradioreflejos.com.ar\/2021\/fernando-borroni-presento-su-libro-la-inquisicion-neoliberal-en-sierra-de-la-ventana\/\" \/>\n<meta property=\"og:site_name\" content=\"Noticias Radio Reflejos\" \/>\n<meta property=\"article:published_time\" content=\"2019-02-25T10:16:07+00:00\" \/>\n<meta property=\"og:image\" content=\"http:\/\/farm8.staticflickr.com\/7817\/47206554011_e284ce6784.jpg\" \/>\n<meta name=\"author\" content=\"Arnaldo Botto\" \/>\n<meta name=\"twitter:card\" content=\"summary_large_image\" \/>\n<script type=\"application\/ld+json\" class=\"yoast-schema-graph\">{\"@context\":\"https:\/\/schema.org\",\"@graph\":[{\"@type\":\"WebPage\",\"@id\":\"https:\/\/www.noticiasradioreflejos.com.ar\/2021\/fernando-borroni-presento-su-libro-la-inquisicion-neoliberal-en-sierra-de-la-ventana\/\",\"url\":\"https:\/\/www.noticiasradioreflejos.com.ar\/2021\/fernando-borroni-presento-su-libro-la-inquisicion-neoliberal-en-sierra-de-la-ventana\/\",\"name\":\"Fernando Borroni present\u00f3 su libro \u201cLA INQUISICI\u00d3N NEOLIBERAL\u201d en Sierra de la Ventana. - Noticias Radio Reflejos\",\"isPartOf\":{\"@id\":\"https:\/\/www.noticiasradioreflejos.com.ar\/2021\/#website\"},\"primaryImageOfPage\":{\"@id\":\"https:\/\/www.noticiasradioreflejos.com.ar\/2021\/fernando-borroni-presento-su-libro-la-inquisicion-neoliberal-en-sierra-de-la-ventana\/#primaryimage\"},\"image\":{\"@id\":\"https:\/\/www.noticiasradioreflejos.com.ar\/2021\/fernando-borroni-presento-su-libro-la-inquisicion-neoliberal-en-sierra-de-la-ventana\/#primaryimage\"},\"thumbnailUrl\":\"http:\/\/farm8.staticflickr.com\/7817\/47206554011_e284ce6784.jpg\",\"datePublished\":\"2019-02-25T10:16:07+00:00\",\"author\":{\"@id\":\"https:\/\/www.noticiasradioreflejos.com.ar\/2021\/#\/schema\/person\/ad82545263dcc5ec0996818884fd5fb1\"},\"breadcrumb\":{\"@id\":\"https:\/\/www.noticiasradioreflejos.com.ar\/2021\/fernando-borroni-presento-su-libro-la-inquisicion-neoliberal-en-sierra-de-la-ventana\/#breadcrumb\"},\"inLanguage\":\"es\",\"potentialAction\":[{\"@type\":\"ReadAction\",\"target\":[\"https:\/\/www.noticiasradioreflejos.com.ar\/2021\/fernando-borroni-presento-su-libro-la-inquisicion-neoliberal-en-sierra-de-la-ventana\/\"]}]},{\"@type\":\"ImageObject\",\"inLanguage\":\"es\",\"@id\":\"https:\/\/www.noticiasradioreflejos.com.ar\/2021\/fernando-borroni-presento-su-libro-la-inquisicion-neoliberal-en-sierra-de-la-ventana\/#primaryimage\",\"url\":\"http:\/\/farm8.staticflickr.com\/7817\/47206554011_e284ce6784.jpg\",\"contentUrl\":\"http:\/\/farm8.staticflickr.com\/7817\/47206554011_e284ce6784.jpg\"},{\"@type\":\"BreadcrumbList\",\"@id\":\"https:\/\/www.noticiasradioreflejos.com.ar\/2021\/fernando-borroni-presento-su-libro-la-inquisicion-neoliberal-en-sierra-de-la-ventana\/#breadcrumb\",\"itemListElement\":[{\"@type\":\"ListItem\",\"position\":1,\"name\":\"Portada\",\"item\":\"https:\/\/www.noticiasradioreflejos.com.ar\/2021\/\"},{\"@type\":\"ListItem\",\"position\":2,\"name\":\"Fernando Borroni present\u00f3 su libro \u201cLA INQUISICI\u00d3N NEOLIBERAL\u201d en Sierra de la Ventana.\"}]},{\"@type\":\"WebSite\",\"@id\":\"https:\/\/www.noticiasradioreflejos.com.ar\/2021\/#website\",\"url\":\"https:\/\/www.noticiasradioreflejos.com.ar\/2021\/\",\"name\":\"Noticias Radio Reflejos\",\"description\":\"Las noticias de mi comarca\",\"potentialAction\":[{\"@type\":\"SearchAction\",\"target\":{\"@type\":\"EntryPoint\",\"urlTemplate\":\"https:\/\/www.noticiasradioreflejos.com.ar\/2021\/?s={search_term_string}\"},\"query-input\":{\"@type\":\"PropertyValueSpecification\",\"valueRequired\":true,\"valueName\":\"search_term_string\"}}],\"inLanguage\":\"es\"},{\"@type\":\"Person\",\"@id\":\"https:\/\/www.noticiasradioreflejos.com.ar\/2021\/#\/schema\/person\/ad82545263dcc5ec0996818884fd5fb1\",\"name\":\"Arnaldo Botto\",\"image\":{\"@type\":\"ImageObject\",\"inLanguage\":\"es\",\"@id\":\"https:\/\/www.noticiasradioreflejos.com.ar\/2021\/#\/schema\/person\/image\/\",\"url\":\"https:\/\/secure.gravatar.com\/avatar\/55cb5e37c1efa326397366e6974cb338056df65cb50e7d64d1cf314e87504837?s=96&d=mm&r=g\",\"contentUrl\":\"https:\/\/secure.gravatar.com\/avatar\/55cb5e37c1efa326397366e6974cb338056df65cb50e7d64d1cf314e87504837?s=96&d=mm&r=g\",\"caption\":\"Arnaldo Botto\"},\"url\":\"https:\/\/www.noticiasradioreflejos.com.ar\/2021\/author\/arnaldo\/\"}]}<\/script>\n<!-- \/ Yoast SEO plugin. -->","yoast_head_json":{"title":"Fernando Borroni present\u00f3 su libro \u201cLA INQUISICI\u00d3N NEOLIBERAL\u201d en Sierra de la Ventana. - Noticias Radio Reflejos","robots":{"index":"index","follow":"follow","max-snippet":"max-snippet:-1","max-image-preview":"max-image-preview:large","max-video-preview":"max-video-preview:-1"},"canonical":"https:\/\/www.noticiasradioreflejos.com.ar\/2021\/fernando-borroni-presento-su-libro-la-inquisicion-neoliberal-en-sierra-de-la-ventana\/","og_locale":"es_ES","og_type":"article","og_title":"Fernando Borroni present\u00f3 su libro \u201cLA INQUISICI\u00d3N NEOLIBERAL\u201d en Sierra de la Ventana. - Noticias Radio Reflejos","og_description":"El viernes 22, en el sal\u00f3n de la Asociaci\u00f3n de Empleados de Casinos de Sierra de la Ventana, Fernando Borroni present\u00f3 su libro \u201cLA INQUISICI\u00d3N NEOLIBERAL\u201d. Antes de su llegada, el d\u00fao de guitarras D\u2019Alessandro-Molina colm\u00f3 el final de la tarde con la m\u00fasica que en sus manos suena prodigiosa y que, en la memoria [&hellip;]","og_url":"https:\/\/www.noticiasradioreflejos.com.ar\/2021\/fernando-borroni-presento-su-libro-la-inquisicion-neoliberal-en-sierra-de-la-ventana\/","og_site_name":"Noticias Radio Reflejos","article_published_time":"2019-02-25T10:16:07+00:00","og_image":[{"url":"http:\/\/farm8.staticflickr.com\/7817\/47206554011_e284ce6784.jpg","type":"","width":"","height":""}],"author":"Arnaldo Botto","twitter_card":"summary_large_image","schema":{"@context":"https:\/\/schema.org","@graph":[{"@type":"WebPage","@id":"https:\/\/www.noticiasradioreflejos.com.ar\/2021\/fernando-borroni-presento-su-libro-la-inquisicion-neoliberal-en-sierra-de-la-ventana\/","url":"https:\/\/www.noticiasradioreflejos.com.ar\/2021\/fernando-borroni-presento-su-libro-la-inquisicion-neoliberal-en-sierra-de-la-ventana\/","name":"Fernando Borroni present\u00f3 su libro \u201cLA INQUISICI\u00d3N NEOLIBERAL\u201d en Sierra de la Ventana. - Noticias Radio Reflejos","isPartOf":{"@id":"https:\/\/www.noticiasradioreflejos.com.ar\/2021\/#website"},"primaryImageOfPage":{"@id":"https:\/\/www.noticiasradioreflejos.com.ar\/2021\/fernando-borroni-presento-su-libro-la-inquisicion-neoliberal-en-sierra-de-la-ventana\/#primaryimage"},"image":{"@id":"https:\/\/www.noticiasradioreflejos.com.ar\/2021\/fernando-borroni-presento-su-libro-la-inquisicion-neoliberal-en-sierra-de-la-ventana\/#primaryimage"},"thumbnailUrl":"http:\/\/farm8.staticflickr.com\/7817\/47206554011_e284ce6784.jpg","datePublished":"2019-02-25T10:16:07+00:00","author":{"@id":"https:\/\/www.noticiasradioreflejos.com.ar\/2021\/#\/schema\/person\/ad82545263dcc5ec0996818884fd5fb1"},"breadcrumb":{"@id":"https:\/\/www.noticiasradioreflejos.com.ar\/2021\/fernando-borroni-presento-su-libro-la-inquisicion-neoliberal-en-sierra-de-la-ventana\/#breadcrumb"},"inLanguage":"es","potentialAction":[{"@type":"ReadAction","target":["https:\/\/www.noticiasradioreflejos.com.ar\/2021\/fernando-borroni-presento-su-libro-la-inquisicion-neoliberal-en-sierra-de-la-ventana\/"]}]},{"@type":"ImageObject","inLanguage":"es","@id":"https:\/\/www.noticiasradioreflejos.com.ar\/2021\/fernando-borroni-presento-su-libro-la-inquisicion-neoliberal-en-sierra-de-la-ventana\/#primaryimage","url":"http:\/\/farm8.staticflickr.com\/7817\/47206554011_e284ce6784.jpg","contentUrl":"http:\/\/farm8.staticflickr.com\/7817\/47206554011_e284ce6784.jpg"},{"@type":"BreadcrumbList","@id":"https:\/\/www.noticiasradioreflejos.com.ar\/2021\/fernando-borroni-presento-su-libro-la-inquisicion-neoliberal-en-sierra-de-la-ventana\/#breadcrumb","itemListElement":[{"@type":"ListItem","position":1,"name":"Portada","item":"https:\/\/www.noticiasradioreflejos.com.ar\/2021\/"},{"@type":"ListItem","position":2,"name":"Fernando Borroni present\u00f3 su libro \u201cLA INQUISICI\u00d3N NEOLIBERAL\u201d en Sierra de la Ventana."}]},{"@type":"WebSite","@id":"https:\/\/www.noticiasradioreflejos.com.ar\/2021\/#website","url":"https:\/\/www.noticiasradioreflejos.com.ar\/2021\/","name":"Noticias Radio Reflejos","description":"Las noticias de mi comarca","potentialAction":[{"@type":"SearchAction","target":{"@type":"EntryPoint","urlTemplate":"https:\/\/www.noticiasradioreflejos.com.ar\/2021\/?s={search_term_string}"},"query-input":{"@type":"PropertyValueSpecification","valueRequired":true,"valueName":"search_term_string"}}],"inLanguage":"es"},{"@type":"Person","@id":"https:\/\/www.noticiasradioreflejos.com.ar\/2021\/#\/schema\/person\/ad82545263dcc5ec0996818884fd5fb1","name":"Arnaldo Botto","image":{"@type":"ImageObject","inLanguage":"es","@id":"https:\/\/www.noticiasradioreflejos.com.ar\/2021\/#\/schema\/person\/image\/","url":"https:\/\/secure.gravatar.com\/avatar\/55cb5e37c1efa326397366e6974cb338056df65cb50e7d64d1cf314e87504837?s=96&d=mm&r=g","contentUrl":"https:\/\/secure.gravatar.com\/avatar\/55cb5e37c1efa326397366e6974cb338056df65cb50e7d64d1cf314e87504837?s=96&d=mm&r=g","caption":"Arnaldo Botto"},"url":"https:\/\/www.noticiasradioreflejos.com.ar\/2021\/author\/arnaldo\/"}]}},"_links":{"self":[{"href":"https:\/\/www.noticiasradioreflejos.com.ar\/2021\/wp-json\/wp\/v2\/posts\/29163","targetHints":{"allow":["GET"]}}],"collection":[{"href":"https:\/\/www.noticiasradioreflejos.com.ar\/2021\/wp-json\/wp\/v2\/posts"}],"about":[{"href":"https:\/\/www.noticiasradioreflejos.com.ar\/2021\/wp-json\/wp\/v2\/types\/post"}],"author":[{"embeddable":true,"href":"https:\/\/www.noticiasradioreflejos.com.ar\/2021\/wp-json\/wp\/v2\/users\/3"}],"replies":[{"embeddable":true,"href":"https:\/\/www.noticiasradioreflejos.com.ar\/2021\/wp-json\/wp\/v2\/comments?post=29163"}],"version-history":[{"count":0,"href":"https:\/\/www.noticiasradioreflejos.com.ar\/2021\/wp-json\/wp\/v2\/posts\/29163\/revisions"}],"wp:attachment":[{"href":"https:\/\/www.noticiasradioreflejos.com.ar\/2021\/wp-json\/wp\/v2\/media?parent=29163"}],"wp:term":[{"taxonomy":"category","embeddable":true,"href":"https:\/\/www.noticiasradioreflejos.com.ar\/2021\/wp-json\/wp\/v2\/categories?post=29163"},{"taxonomy":"post_tag","embeddable":true,"href":"https:\/\/www.noticiasradioreflejos.com.ar\/2021\/wp-json\/wp\/v2\/tags?post=29163"}],"curies":[{"name":"wp","href":"https:\/\/api.w.org\/{rel}","templated":true}]}}