{"id":29160,"date":"2019-02-25T07:10:33","date_gmt":"2019-02-25T10:10:33","guid":{"rendered":"http:\/\/www.noticiasradioreflejos.com.ar\/noticias\/?p=29160"},"modified":"2019-02-25T07:10:33","modified_gmt":"2019-02-25T10:10:33","slug":"pese-al-frio-hubo-evento-solidario-a-beneficio-de-conin-saldungaray","status":"publish","type":"post","link":"https:\/\/www.noticiasradioreflejos.com.ar\/2021\/pese-al-frio-hubo-evento-solidario-a-beneficio-de-conin-saldungaray\/","title":{"rendered":"Pese al fr\u00edo hubo evento solidario a beneficio de CONIN Saldungaray"},"content":{"rendered":"<p><a title=\"52581037_2522711111134124_2176659451036041216_n\" href=\"http:\/\/farm8.staticflickr.com\/7810\/33331002098_1cdfc1ed9a.jpg\" rel=\"\"><img loading=\"lazy\" decoding=\"async\" class=\"alignleft\" style=\"float: left;\" title=\"52581037_2522711111134124_2176659451036041216_n\" src=\"http:\/\/farm8.staticflickr.com\/7810\/33331002098_1cdfc1ed9a.jpg\" alt=\"52581037_2522711111134124_2176659451036041216_n\" width=\"500\" height=\"333\" \/><\/a>Lo organiz\u00f3 el movimiento juvenil de unidad perteneciente a Iglesias Evang\u00e9licas de nuestra ciudad con el acompa\u00f1amiento de la Direcci\u00f3n de Juventud y bandas locales.<!--more--><br \/>\nUn importante evento solidario, tuvo lugar este s\u00e1bado por la noche en el Parque Lineal con una temperatura muy baja para la \u00e9poca de verano 14\u00ba a la hora 21 y 9\u00ba despu\u00e9s de medianoche. Inclusive el punto de roc\u00edo en la madrugada del domingo fue de -2\u00ba5.<br \/>\nNo importa el fr\u00edo cuando el coraz\u00f3n es grande. Los chicos del movimiento juvenil de unidad pertenecientes a algunas iglesias evang\u00e9licas de nuestra ciudad con el acompa\u00f1amiento de la Direcci\u00f3n de Juventud del municipio a cargo del Dr. Gerardo Bucchi, le dieron vida al evento que tuvo el acompa\u00f1amiento de dos bandas locales como Contrase\u00f1a Rock y Parcer\u00eda.<br \/>\nTambi\u00e9n interpretaron dos obras de teatro que dejan un mensaje importante. Salir a pesar de las dificultades con la fe puesta en Jes\u00fas.<br \/>\nLos asistentes concurrieron y dejaron su aporte de donaciones para la filial CONIN que trabaja solidariamente en Saldungaray. Un evento para aplaudir y repetir.<br \/>\n<a href=\"https:\/\/www.facebook.com\/pg\/Noticias-Tornquist-826029020802350\/photos\/?tab=album&amp;album_id=2522705644468004\" target=\"_blank\" rel=\"noopener\">Fotos<\/a><br \/>\n<a title=\"52664473_2522711687800733_5627648033941356544_n\" href=\"http:\/\/farm8.staticflickr.com\/7829\/47154600702_238f8b8fb7_z.jpg\" rel=\"\"><img loading=\"lazy\" decoding=\"async\" class=\"aligncenter\" title=\"52664473_2522711687800733_5627648033941356544_n\" src=\"http:\/\/farm8.staticflickr.com\/7829\/47154600702_238f8b8fb7_z.jpg\" alt=\"52664473_2522711687800733_5627648033941356544_n\" width=\"640\" height=\"427\" \/><\/a><\/p>\n","protected":false},"excerpt":{"rendered":"<p>Lo organiz\u00f3 el movimiento juvenil de unidad perteneciente a Iglesias Evang\u00e9licas de nuestra ciudad con el acompa\u00f1amiento de la Direcci\u00f3n de Juventud y bandas locales.<\/p>\n","protected":false},"author":3,"featured_media":0,"comment_status":"closed","ping_status":"open","sticky":false,"template":"","format":"standard","meta":{"footnotes":""},"categories":[26],"tags":[],"class_list":["post-29160","post","type-post","status-publish","format-standard","hentry","category-sociedad"],"yoast_head":"<!-- This site is optimized with the Yoast SEO plugin v25.9 - https:\/\/yoast.com\/wordpress\/plugins\/seo\/ -->\n<title>Pese al fr\u00edo hubo evento solidario a beneficio de CONIN Saldungaray - Noticias Radio Reflejos<\/title>\n<meta name=\"robots\" content=\"index, follow, max-snippet:-1, max-image-preview:large, max-video-preview:-1\" \/>\n<link rel=\"canonical\" href=\"https:\/\/www.noticiasradioreflejos.com.ar\/2021\/pese-al-frio-hubo-evento-solidario-a-beneficio-de-conin-saldungaray\/\" \/>\n<meta property=\"og:locale\" content=\"es_ES\" \/>\n<meta property=\"og:type\" content=\"article\" \/>\n<meta property=\"og:title\" content=\"Pese al fr\u00edo hubo evento solidario a beneficio de CONIN Saldungaray - Noticias Radio Reflejos\" \/>\n<meta property=\"og:description\" content=\"Lo organiz\u00f3 el movimiento juvenil de unidad perteneciente a Iglesias Evang\u00e9licas de nuestra ciudad con el acompa\u00f1amiento de la Direcci\u00f3n de Juventud y bandas locales.\" \/>\n<meta property=\"og:url\" content=\"https:\/\/www.noticiasradioreflejos.com.ar\/2021\/pese-al-frio-hubo-evento-solidario-a-beneficio-de-conin-saldungaray\/\" \/>\n<meta property=\"og:site_name\" content=\"Noticias Radio Reflejos\" \/>\n<meta property=\"article:published_time\" content=\"2019-02-25T10:10:33+00:00\" \/>\n<meta property=\"og:image\" content=\"http:\/\/farm8.staticflickr.com\/7810\/33331002098_1cdfc1ed9a.jpg\" \/>\n<meta name=\"author\" content=\"Arnaldo Botto\" \/>\n<meta name=\"twitter:card\" content=\"summary_large_image\" \/>\n<script type=\"application\/ld+json\" class=\"yoast-schema-graph\">{\"@context\":\"https:\/\/schema.org\",\"@graph\":[{\"@type\":\"WebPage\",\"@id\":\"https:\/\/www.noticiasradioreflejos.com.ar\/2021\/pese-al-frio-hubo-evento-solidario-a-beneficio-de-conin-saldungaray\/\",\"url\":\"https:\/\/www.noticiasradioreflejos.com.ar\/2021\/pese-al-frio-hubo-evento-solidario-a-beneficio-de-conin-saldungaray\/\",\"name\":\"Pese al fr\u00edo hubo evento solidario a beneficio de CONIN Saldungaray - Noticias Radio Reflejos\",\"isPartOf\":{\"@id\":\"https:\/\/www.noticiasradioreflejos.com.ar\/2021\/#website\"},\"primaryImageOfPage\":{\"@id\":\"https:\/\/www.noticiasradioreflejos.com.ar\/2021\/pese-al-frio-hubo-evento-solidario-a-beneficio-de-conin-saldungaray\/#primaryimage\"},\"image\":{\"@id\":\"https:\/\/www.noticiasradioreflejos.com.ar\/2021\/pese-al-frio-hubo-evento-solidario-a-beneficio-de-conin-saldungaray\/#primaryimage\"},\"thumbnailUrl\":\"http:\/\/farm8.staticflickr.com\/7810\/33331002098_1cdfc1ed9a.jpg\",\"datePublished\":\"2019-02-25T10:10:33+00:00\",\"author\":{\"@id\":\"https:\/\/www.noticiasradioreflejos.com.ar\/2021\/#\/schema\/person\/ad82545263dcc5ec0996818884fd5fb1\"},\"breadcrumb\":{\"@id\":\"https:\/\/www.noticiasradioreflejos.com.ar\/2021\/pese-al-frio-hubo-evento-solidario-a-beneficio-de-conin-saldungaray\/#breadcrumb\"},\"inLanguage\":\"es\",\"potentialAction\":[{\"@type\":\"ReadAction\",\"target\":[\"https:\/\/www.noticiasradioreflejos.com.ar\/2021\/pese-al-frio-hubo-evento-solidario-a-beneficio-de-conin-saldungaray\/\"]}]},{\"@type\":\"ImageObject\",\"inLanguage\":\"es\",\"@id\":\"https:\/\/www.noticiasradioreflejos.com.ar\/2021\/pese-al-frio-hubo-evento-solidario-a-beneficio-de-conin-saldungaray\/#primaryimage\",\"url\":\"http:\/\/farm8.staticflickr.com\/7810\/33331002098_1cdfc1ed9a.jpg\",\"contentUrl\":\"http:\/\/farm8.staticflickr.com\/7810\/33331002098_1cdfc1ed9a.jpg\"},{\"@type\":\"BreadcrumbList\",\"@id\":\"https:\/\/www.noticiasradioreflejos.com.ar\/2021\/pese-al-frio-hubo-evento-solidario-a-beneficio-de-conin-saldungaray\/#breadcrumb\",\"itemListElement\":[{\"@type\":\"ListItem\",\"position\":1,\"name\":\"Portada\",\"item\":\"https:\/\/www.noticiasradioreflejos.com.ar\/2021\/\"},{\"@type\":\"ListItem\",\"position\":2,\"name\":\"Pese al fr\u00edo hubo evento solidario a beneficio de CONIN Saldungaray\"}]},{\"@type\":\"WebSite\",\"@id\":\"https:\/\/www.noticiasradioreflejos.com.ar\/2021\/#website\",\"url\":\"https:\/\/www.noticiasradioreflejos.com.ar\/2021\/\",\"name\":\"Noticias Radio Reflejos\",\"description\":\"Las noticias de mi comarca\",\"potentialAction\":[{\"@type\":\"SearchAction\",\"target\":{\"@type\":\"EntryPoint\",\"urlTemplate\":\"https:\/\/www.noticiasradioreflejos.com.ar\/2021\/?s={search_term_string}\"},\"query-input\":{\"@type\":\"PropertyValueSpecification\",\"valueRequired\":true,\"valueName\":\"search_term_string\"}}],\"inLanguage\":\"es\"},{\"@type\":\"Person\",\"@id\":\"https:\/\/www.noticiasradioreflejos.com.ar\/2021\/#\/schema\/person\/ad82545263dcc5ec0996818884fd5fb1\",\"name\":\"Arnaldo Botto\",\"image\":{\"@type\":\"ImageObject\",\"inLanguage\":\"es\",\"@id\":\"https:\/\/www.noticiasradioreflejos.com.ar\/2021\/#\/schema\/person\/image\/\",\"url\":\"https:\/\/secure.gravatar.com\/avatar\/55cb5e37c1efa326397366e6974cb338056df65cb50e7d64d1cf314e87504837?s=96&d=mm&r=g\",\"contentUrl\":\"https:\/\/secure.gravatar.com\/avatar\/55cb5e37c1efa326397366e6974cb338056df65cb50e7d64d1cf314e87504837?s=96&d=mm&r=g\",\"caption\":\"Arnaldo Botto\"},\"url\":\"https:\/\/www.noticiasradioreflejos.com.ar\/2021\/author\/arnaldo\/\"}]}<\/script>\n<!-- \/ Yoast SEO plugin. -->","yoast_head_json":{"title":"Pese al fr\u00edo hubo evento solidario a beneficio de CONIN Saldungaray - Noticias Radio Reflejos","robots":{"index":"index","follow":"follow","max-snippet":"max-snippet:-1","max-image-preview":"max-image-preview:large","max-video-preview":"max-video-preview:-1"},"canonical":"https:\/\/www.noticiasradioreflejos.com.ar\/2021\/pese-al-frio-hubo-evento-solidario-a-beneficio-de-conin-saldungaray\/","og_locale":"es_ES","og_type":"article","og_title":"Pese al fr\u00edo hubo evento solidario a beneficio de CONIN Saldungaray - Noticias Radio Reflejos","og_description":"Lo organiz\u00f3 el movimiento juvenil de unidad perteneciente a Iglesias Evang\u00e9licas de nuestra ciudad con el acompa\u00f1amiento de la Direcci\u00f3n de Juventud y bandas locales.","og_url":"https:\/\/www.noticiasradioreflejos.com.ar\/2021\/pese-al-frio-hubo-evento-solidario-a-beneficio-de-conin-saldungaray\/","og_site_name":"Noticias Radio Reflejos","article_published_time":"2019-02-25T10:10:33+00:00","og_image":[{"url":"http:\/\/farm8.staticflickr.com\/7810\/33331002098_1cdfc1ed9a.jpg","type":"","width":"","height":""}],"author":"Arnaldo Botto","twitter_card":"summary_large_image","schema":{"@context":"https:\/\/schema.org","@graph":[{"@type":"WebPage","@id":"https:\/\/www.noticiasradioreflejos.com.ar\/2021\/pese-al-frio-hubo-evento-solidario-a-beneficio-de-conin-saldungaray\/","url":"https:\/\/www.noticiasradioreflejos.com.ar\/2021\/pese-al-frio-hubo-evento-solidario-a-beneficio-de-conin-saldungaray\/","name":"Pese al fr\u00edo hubo evento solidario a beneficio de CONIN Saldungaray - Noticias Radio Reflejos","isPartOf":{"@id":"https:\/\/www.noticiasradioreflejos.com.ar\/2021\/#website"},"primaryImageOfPage":{"@id":"https:\/\/www.noticiasradioreflejos.com.ar\/2021\/pese-al-frio-hubo-evento-solidario-a-beneficio-de-conin-saldungaray\/#primaryimage"},"image":{"@id":"https:\/\/www.noticiasradioreflejos.com.ar\/2021\/pese-al-frio-hubo-evento-solidario-a-beneficio-de-conin-saldungaray\/#primaryimage"},"thumbnailUrl":"http:\/\/farm8.staticflickr.com\/7810\/33331002098_1cdfc1ed9a.jpg","datePublished":"2019-02-25T10:10:33+00:00","author":{"@id":"https:\/\/www.noticiasradioreflejos.com.ar\/2021\/#\/schema\/person\/ad82545263dcc5ec0996818884fd5fb1"},"breadcrumb":{"@id":"https:\/\/www.noticiasradioreflejos.com.ar\/2021\/pese-al-frio-hubo-evento-solidario-a-beneficio-de-conin-saldungaray\/#breadcrumb"},"inLanguage":"es","potentialAction":[{"@type":"ReadAction","target":["https:\/\/www.noticiasradioreflejos.com.ar\/2021\/pese-al-frio-hubo-evento-solidario-a-beneficio-de-conin-saldungaray\/"]}]},{"@type":"ImageObject","inLanguage":"es","@id":"https:\/\/www.noticiasradioreflejos.com.ar\/2021\/pese-al-frio-hubo-evento-solidario-a-beneficio-de-conin-saldungaray\/#primaryimage","url":"http:\/\/farm8.staticflickr.com\/7810\/33331002098_1cdfc1ed9a.jpg","contentUrl":"http:\/\/farm8.staticflickr.com\/7810\/33331002098_1cdfc1ed9a.jpg"},{"@type":"BreadcrumbList","@id":"https:\/\/www.noticiasradioreflejos.com.ar\/2021\/pese-al-frio-hubo-evento-solidario-a-beneficio-de-conin-saldungaray\/#breadcrumb","itemListElement":[{"@type":"ListItem","position":1,"name":"Portada","item":"https:\/\/www.noticiasradioreflejos.com.ar\/2021\/"},{"@type":"ListItem","position":2,"name":"Pese al fr\u00edo hubo evento solidario a beneficio de CONIN Saldungaray"}]},{"@type":"WebSite","@id":"https:\/\/www.noticiasradioreflejos.com.ar\/2021\/#website","url":"https:\/\/www.noticiasradioreflejos.com.ar\/2021\/","name":"Noticias Radio Reflejos","description":"Las noticias de mi comarca","potentialAction":[{"@type":"SearchAction","target":{"@type":"EntryPoint","urlTemplate":"https:\/\/www.noticiasradioreflejos.com.ar\/2021\/?s={search_term_string}"},"query-input":{"@type":"PropertyValueSpecification","valueRequired":true,"valueName":"search_term_string"}}],"inLanguage":"es"},{"@type":"Person","@id":"https:\/\/www.noticiasradioreflejos.com.ar\/2021\/#\/schema\/person\/ad82545263dcc5ec0996818884fd5fb1","name":"Arnaldo Botto","image":{"@type":"ImageObject","inLanguage":"es","@id":"https:\/\/www.noticiasradioreflejos.com.ar\/2021\/#\/schema\/person\/image\/","url":"https:\/\/secure.gravatar.com\/avatar\/55cb5e37c1efa326397366e6974cb338056df65cb50e7d64d1cf314e87504837?s=96&d=mm&r=g","contentUrl":"https:\/\/secure.gravatar.com\/avatar\/55cb5e37c1efa326397366e6974cb338056df65cb50e7d64d1cf314e87504837?s=96&d=mm&r=g","caption":"Arnaldo Botto"},"url":"https:\/\/www.noticiasradioreflejos.com.ar\/2021\/author\/arnaldo\/"}]}},"_links":{"self":[{"href":"https:\/\/www.noticiasradioreflejos.com.ar\/2021\/wp-json\/wp\/v2\/posts\/29160","targetHints":{"allow":["GET"]}}],"collection":[{"href":"https:\/\/www.noticiasradioreflejos.com.ar\/2021\/wp-json\/wp\/v2\/posts"}],"about":[{"href":"https:\/\/www.noticiasradioreflejos.com.ar\/2021\/wp-json\/wp\/v2\/types\/post"}],"author":[{"embeddable":true,"href":"https:\/\/www.noticiasradioreflejos.com.ar\/2021\/wp-json\/wp\/v2\/users\/3"}],"replies":[{"embeddable":true,"href":"https:\/\/www.noticiasradioreflejos.com.ar\/2021\/wp-json\/wp\/v2\/comments?post=29160"}],"version-history":[{"count":0,"href":"https:\/\/www.noticiasradioreflejos.com.ar\/2021\/wp-json\/wp\/v2\/posts\/29160\/revisions"}],"wp:attachment":[{"href":"https:\/\/www.noticiasradioreflejos.com.ar\/2021\/wp-json\/wp\/v2\/media?parent=29160"}],"wp:term":[{"taxonomy":"category","embeddable":true,"href":"https:\/\/www.noticiasradioreflejos.com.ar\/2021\/wp-json\/wp\/v2\/categories?post=29160"},{"taxonomy":"post_tag","embeddable":true,"href":"https:\/\/www.noticiasradioreflejos.com.ar\/2021\/wp-json\/wp\/v2\/tags?post=29160"}],"curies":[{"name":"wp","href":"https:\/\/api.w.org\/{rel}","templated":true}]}}