{"id":29155,"date":"2019-02-24T11:19:41","date_gmt":"2019-02-24T14:19:41","guid":{"rendered":"http:\/\/www.noticiasradioreflejos.com.ar\/noticias\/?p=29155"},"modified":"2019-02-24T11:19:41","modified_gmt":"2019-02-24T14:19:41","slug":"tormenta-chaparron-y-descenso-de-la-temperatura-en-la-comarca","status":"publish","type":"post","link":"https:\/\/www.noticiasradioreflejos.com.ar\/2021\/tormenta-chaparron-y-descenso-de-la-temperatura-en-la-comarca\/","title":{"rendered":"Tormenta, chaparr\u00f3n y descenso de la temperatura en la Comarca."},"content":{"rendered":"<p>En la tarde de este s\u00e1bado la zona serrana se vi\u00f3 afectada por una tormenta el\u00e9ctrica, con un fuerte chaparr\u00f3n y algo de granizo que termin\u00f3 cortando una seguidilla de 8 d\u00edas de intensos calores, con temperaturas que se ubicaron por encima de los 34\u00b0 de promedio, llegando a los 39,4\u00b0 y una t\u00e9rmica de 42,1\u00b0.<!--more--><br \/>\nEl d\u00eda amaneci\u00f3 brillante, despejado y con suaves vientos del oeste, para el mediod\u00eda, grandes nubarrones comenzaron a cubrir el cielo y pasadas las 14 horas una lluvia fuerte con ca\u00edda de peque\u00f1os granizos, puso fin al intenso calor que se ven\u00eda viviendo desde hac\u00eda mas de una semana.<br \/>\nEn Sierra de la Ventana, la temperatura hab\u00eda llegado a los 30.5\u00b0 de term\u00f3metro a las 13 hs, y a partir de all\u00ed, el descenso fu\u00e9 sostenido, para llegar en horas de la noche a los 10,5\u00b0.<br \/>\nEl total de lluvia en la localidad alcanz\u00f3 los 5 mm, pero en la zona serrana no tuvo mayores registros. El pronostica anticipa para la pr\u00f3xima semana temperaturas m\u00ednimas de 7 a 8 grados y m\u00e1ximas de 27\u00b0<br \/>\n<strong>Registro de lluvia:<\/strong><br \/>\n5 mm en Sierra de la Ventana<br \/>\n2.5 mm en Calqu\u00edn<br \/>\n2.1 mm en Villa Ventana<br \/>\n2.1 mm en Tornquist<br \/>\n2.5 mm en Funke<br \/>\n5.5 mm en Frapal<br \/>\n11.3 mm en Dufaur<br \/>\nFoto de portada de <a href=\"https:\/\/www.facebook.com\/franco.sc.7\" target=\"_blank\" rel=\"noopener\">Franco SCialpi<\/a>.<\/p>\n","protected":false},"excerpt":{"rendered":"<p>En la tarde de este s\u00e1bado la zona serrana se vi\u00f3 afectada por una tormenta el\u00e9ctrica, con un fuerte chaparr\u00f3n y algo de granizo que termin\u00f3 cortando una seguidilla de 8 d\u00edas de intensos calores, con temperaturas que se ubicaron por encima de los 34\u00b0 de promedio, llegando a los 39,4\u00b0 y una t\u00e9rmica de [&hellip;]<\/p>\n","protected":false},"author":3,"featured_media":0,"comment_status":"closed","ping_status":"open","sticky":false,"template":"","format":"standard","meta":{"footnotes":""},"categories":[26],"tags":[],"class_list":["post-29155","post","type-post","status-publish","format-standard","hentry","category-sociedad"],"yoast_head":"<!-- This site is optimized with the Yoast SEO plugin v25.9 - https:\/\/yoast.com\/wordpress\/plugins\/seo\/ -->\n<title>Tormenta, chaparr\u00f3n y descenso de la temperatura en la Comarca. - Noticias Radio Reflejos<\/title>\n<meta name=\"robots\" content=\"index, follow, max-snippet:-1, max-image-preview:large, max-video-preview:-1\" \/>\n<link rel=\"canonical\" href=\"https:\/\/www.noticiasradioreflejos.com.ar\/2021\/tormenta-chaparron-y-descenso-de-la-temperatura-en-la-comarca\/\" \/>\n<meta property=\"og:locale\" content=\"es_ES\" \/>\n<meta property=\"og:type\" content=\"article\" \/>\n<meta property=\"og:title\" content=\"Tormenta, chaparr\u00f3n y descenso de la temperatura en la Comarca. - Noticias Radio Reflejos\" \/>\n<meta property=\"og:description\" content=\"En la tarde de este s\u00e1bado la zona serrana se vi\u00f3 afectada por una tormenta el\u00e9ctrica, con un fuerte chaparr\u00f3n y algo de granizo que termin\u00f3 cortando una seguidilla de 8 d\u00edas de intensos calores, con temperaturas que se ubicaron por encima de los 34\u00b0 de promedio, llegando a los 39,4\u00b0 y una t\u00e9rmica de [&hellip;]\" \/>\n<meta property=\"og:url\" content=\"https:\/\/www.noticiasradioreflejos.com.ar\/2021\/tormenta-chaparron-y-descenso-de-la-temperatura-en-la-comarca\/\" \/>\n<meta property=\"og:site_name\" content=\"Noticias Radio Reflejos\" \/>\n<meta property=\"article:published_time\" content=\"2019-02-24T14:19:41+00:00\" \/>\n<meta property=\"og:image\" content=\"https:\/\/www.noticiasradioreflejos.com.ar\/2021\/wp-content\/uploads\/2021\/07\/logosol300x200.png\" \/>\n\t<meta property=\"og:image:width\" content=\"300\" \/>\n\t<meta property=\"og:image:height\" content=\"200\" \/>\n\t<meta property=\"og:image:type\" content=\"image\/png\" \/>\n<meta name=\"author\" content=\"Arnaldo Botto\" \/>\n<meta name=\"twitter:card\" content=\"summary_large_image\" \/>\n<script type=\"application\/ld+json\" class=\"yoast-schema-graph\">{\"@context\":\"https:\/\/schema.org\",\"@graph\":[{\"@type\":\"WebPage\",\"@id\":\"https:\/\/www.noticiasradioreflejos.com.ar\/2021\/tormenta-chaparron-y-descenso-de-la-temperatura-en-la-comarca\/\",\"url\":\"https:\/\/www.noticiasradioreflejos.com.ar\/2021\/tormenta-chaparron-y-descenso-de-la-temperatura-en-la-comarca\/\",\"name\":\"Tormenta, chaparr\u00f3n y descenso de la temperatura en la Comarca. - Noticias Radio Reflejos\",\"isPartOf\":{\"@id\":\"https:\/\/www.noticiasradioreflejos.com.ar\/2021\/#website\"},\"datePublished\":\"2019-02-24T14:19:41+00:00\",\"author\":{\"@id\":\"https:\/\/www.noticiasradioreflejos.com.ar\/2021\/#\/schema\/person\/ad82545263dcc5ec0996818884fd5fb1\"},\"breadcrumb\":{\"@id\":\"https:\/\/www.noticiasradioreflejos.com.ar\/2021\/tormenta-chaparron-y-descenso-de-la-temperatura-en-la-comarca\/#breadcrumb\"},\"inLanguage\":\"es\",\"potentialAction\":[{\"@type\":\"ReadAction\",\"target\":[\"https:\/\/www.noticiasradioreflejos.com.ar\/2021\/tormenta-chaparron-y-descenso-de-la-temperatura-en-la-comarca\/\"]}]},{\"@type\":\"BreadcrumbList\",\"@id\":\"https:\/\/www.noticiasradioreflejos.com.ar\/2021\/tormenta-chaparron-y-descenso-de-la-temperatura-en-la-comarca\/#breadcrumb\",\"itemListElement\":[{\"@type\":\"ListItem\",\"position\":1,\"name\":\"Portada\",\"item\":\"https:\/\/www.noticiasradioreflejos.com.ar\/2021\/\"},{\"@type\":\"ListItem\",\"position\":2,\"name\":\"Tormenta, chaparr\u00f3n y descenso de la temperatura en la Comarca.\"}]},{\"@type\":\"WebSite\",\"@id\":\"https:\/\/www.noticiasradioreflejos.com.ar\/2021\/#website\",\"url\":\"https:\/\/www.noticiasradioreflejos.com.ar\/2021\/\",\"name\":\"Noticias Radio Reflejos\",\"description\":\"Las noticias de mi comarca\",\"potentialAction\":[{\"@type\":\"SearchAction\",\"target\":{\"@type\":\"EntryPoint\",\"urlTemplate\":\"https:\/\/www.noticiasradioreflejos.com.ar\/2021\/?s={search_term_string}\"},\"query-input\":{\"@type\":\"PropertyValueSpecification\",\"valueRequired\":true,\"valueName\":\"search_term_string\"}}],\"inLanguage\":\"es\"},{\"@type\":\"Person\",\"@id\":\"https:\/\/www.noticiasradioreflejos.com.ar\/2021\/#\/schema\/person\/ad82545263dcc5ec0996818884fd5fb1\",\"name\":\"Arnaldo Botto\",\"image\":{\"@type\":\"ImageObject\",\"inLanguage\":\"es\",\"@id\":\"https:\/\/www.noticiasradioreflejos.com.ar\/2021\/#\/schema\/person\/image\/\",\"url\":\"https:\/\/secure.gravatar.com\/avatar\/55cb5e37c1efa326397366e6974cb338056df65cb50e7d64d1cf314e87504837?s=96&d=mm&r=g\",\"contentUrl\":\"https:\/\/secure.gravatar.com\/avatar\/55cb5e37c1efa326397366e6974cb338056df65cb50e7d64d1cf314e87504837?s=96&d=mm&r=g\",\"caption\":\"Arnaldo Botto\"},\"url\":\"https:\/\/www.noticiasradioreflejos.com.ar\/2021\/author\/arnaldo\/\"}]}<\/script>\n<!-- \/ Yoast SEO plugin. -->","yoast_head_json":{"title":"Tormenta, chaparr\u00f3n y descenso de la temperatura en la Comarca. - Noticias Radio Reflejos","robots":{"index":"index","follow":"follow","max-snippet":"max-snippet:-1","max-image-preview":"max-image-preview:large","max-video-preview":"max-video-preview:-1"},"canonical":"https:\/\/www.noticiasradioreflejos.com.ar\/2021\/tormenta-chaparron-y-descenso-de-la-temperatura-en-la-comarca\/","og_locale":"es_ES","og_type":"article","og_title":"Tormenta, chaparr\u00f3n y descenso de la temperatura en la Comarca. - Noticias Radio Reflejos","og_description":"En la tarde de este s\u00e1bado la zona serrana se vi\u00f3 afectada por una tormenta el\u00e9ctrica, con un fuerte chaparr\u00f3n y algo de granizo que termin\u00f3 cortando una seguidilla de 8 d\u00edas de intensos calores, con temperaturas que se ubicaron por encima de los 34\u00b0 de promedio, llegando a los 39,4\u00b0 y una t\u00e9rmica de [&hellip;]","og_url":"https:\/\/www.noticiasradioreflejos.com.ar\/2021\/tormenta-chaparron-y-descenso-de-la-temperatura-en-la-comarca\/","og_site_name":"Noticias Radio Reflejos","article_published_time":"2019-02-24T14:19:41+00:00","og_image":[{"width":300,"height":200,"url":"https:\/\/www.noticiasradioreflejos.com.ar\/2021\/wp-content\/uploads\/2021\/07\/logosol300x200.png","type":"image\/png"}],"author":"Arnaldo Botto","twitter_card":"summary_large_image","schema":{"@context":"https:\/\/schema.org","@graph":[{"@type":"WebPage","@id":"https:\/\/www.noticiasradioreflejos.com.ar\/2021\/tormenta-chaparron-y-descenso-de-la-temperatura-en-la-comarca\/","url":"https:\/\/www.noticiasradioreflejos.com.ar\/2021\/tormenta-chaparron-y-descenso-de-la-temperatura-en-la-comarca\/","name":"Tormenta, chaparr\u00f3n y descenso de la temperatura en la Comarca. - Noticias Radio Reflejos","isPartOf":{"@id":"https:\/\/www.noticiasradioreflejos.com.ar\/2021\/#website"},"datePublished":"2019-02-24T14:19:41+00:00","author":{"@id":"https:\/\/www.noticiasradioreflejos.com.ar\/2021\/#\/schema\/person\/ad82545263dcc5ec0996818884fd5fb1"},"breadcrumb":{"@id":"https:\/\/www.noticiasradioreflejos.com.ar\/2021\/tormenta-chaparron-y-descenso-de-la-temperatura-en-la-comarca\/#breadcrumb"},"inLanguage":"es","potentialAction":[{"@type":"ReadAction","target":["https:\/\/www.noticiasradioreflejos.com.ar\/2021\/tormenta-chaparron-y-descenso-de-la-temperatura-en-la-comarca\/"]}]},{"@type":"BreadcrumbList","@id":"https:\/\/www.noticiasradioreflejos.com.ar\/2021\/tormenta-chaparron-y-descenso-de-la-temperatura-en-la-comarca\/#breadcrumb","itemListElement":[{"@type":"ListItem","position":1,"name":"Portada","item":"https:\/\/www.noticiasradioreflejos.com.ar\/2021\/"},{"@type":"ListItem","position":2,"name":"Tormenta, chaparr\u00f3n y descenso de la temperatura en la Comarca."}]},{"@type":"WebSite","@id":"https:\/\/www.noticiasradioreflejos.com.ar\/2021\/#website","url":"https:\/\/www.noticiasradioreflejos.com.ar\/2021\/","name":"Noticias Radio Reflejos","description":"Las noticias de mi comarca","potentialAction":[{"@type":"SearchAction","target":{"@type":"EntryPoint","urlTemplate":"https:\/\/www.noticiasradioreflejos.com.ar\/2021\/?s={search_term_string}"},"query-input":{"@type":"PropertyValueSpecification","valueRequired":true,"valueName":"search_term_string"}}],"inLanguage":"es"},{"@type":"Person","@id":"https:\/\/www.noticiasradioreflejos.com.ar\/2021\/#\/schema\/person\/ad82545263dcc5ec0996818884fd5fb1","name":"Arnaldo Botto","image":{"@type":"ImageObject","inLanguage":"es","@id":"https:\/\/www.noticiasradioreflejos.com.ar\/2021\/#\/schema\/person\/image\/","url":"https:\/\/secure.gravatar.com\/avatar\/55cb5e37c1efa326397366e6974cb338056df65cb50e7d64d1cf314e87504837?s=96&d=mm&r=g","contentUrl":"https:\/\/secure.gravatar.com\/avatar\/55cb5e37c1efa326397366e6974cb338056df65cb50e7d64d1cf314e87504837?s=96&d=mm&r=g","caption":"Arnaldo Botto"},"url":"https:\/\/www.noticiasradioreflejos.com.ar\/2021\/author\/arnaldo\/"}]}},"_links":{"self":[{"href":"https:\/\/www.noticiasradioreflejos.com.ar\/2021\/wp-json\/wp\/v2\/posts\/29155","targetHints":{"allow":["GET"]}}],"collection":[{"href":"https:\/\/www.noticiasradioreflejos.com.ar\/2021\/wp-json\/wp\/v2\/posts"}],"about":[{"href":"https:\/\/www.noticiasradioreflejos.com.ar\/2021\/wp-json\/wp\/v2\/types\/post"}],"author":[{"embeddable":true,"href":"https:\/\/www.noticiasradioreflejos.com.ar\/2021\/wp-json\/wp\/v2\/users\/3"}],"replies":[{"embeddable":true,"href":"https:\/\/www.noticiasradioreflejos.com.ar\/2021\/wp-json\/wp\/v2\/comments?post=29155"}],"version-history":[{"count":0,"href":"https:\/\/www.noticiasradioreflejos.com.ar\/2021\/wp-json\/wp\/v2\/posts\/29155\/revisions"}],"wp:attachment":[{"href":"https:\/\/www.noticiasradioreflejos.com.ar\/2021\/wp-json\/wp\/v2\/media?parent=29155"}],"wp:term":[{"taxonomy":"category","embeddable":true,"href":"https:\/\/www.noticiasradioreflejos.com.ar\/2021\/wp-json\/wp\/v2\/categories?post=29155"},{"taxonomy":"post_tag","embeddable":true,"href":"https:\/\/www.noticiasradioreflejos.com.ar\/2021\/wp-json\/wp\/v2\/tags?post=29155"}],"curies":[{"name":"wp","href":"https:\/\/api.w.org\/{rel}","templated":true}]}}