{"id":29153,"date":"2019-02-24T10:54:52","date_gmt":"2019-02-24T13:54:52","guid":{"rendered":"http:\/\/www.noticiasradioreflejos.com.ar\/noticias\/?p=29153"},"modified":"2019-02-24T10:54:52","modified_gmt":"2019-02-24T13:54:52","slug":"este-domingo-picha-fest-2019-en-el-dique-san-bernardo","status":"publish","type":"post","link":"https:\/\/www.noticiasradioreflejos.com.ar\/2021\/este-domingo-picha-fest-2019-en-el-dique-san-bernardo\/","title":{"rendered":"Este domingo, \u201cPicha Fest 2019\u201d, en el Dique San Bernardo."},"content":{"rendered":"<p><a title=\"Nemast\u00e9\" href=\"http:\/\/farm8.staticflickr.com\/7885\/47196640431_e07f9c73a7.jpg\" rel=\"\"><img loading=\"lazy\" decoding=\"async\" class=\"alignleft\" style=\"float: left;\" title=\"Nemast\u00e9\" src=\"http:\/\/farm8.staticflickr.com\/7885\/47196640431_e07f9c73a7.jpg\" alt=\"Nemast\u00e9\" width=\"500\" height=\"307\" \/><\/a>Evento musical y cultural que se realizar\u00e1 este domingo 24 de febrero en el parador del \u201cDiquesito\u201d, Barrio San Bernardo de Sierra de la Ventana.<!--more--><br \/>\nArtistas de Sierra de la Ventana, Villa Ventana, Saldungaray, Tornquist y la zona se presentar\u00e1n a partir de las 16 hs en uno de los puntos tur\u00edsticos m\u00e1s bonitos de la comarca, Calle Del Arroyo, junto al dique del Arroyo San Bernardo, de Sierra de la Ventana.<br \/>\n\u201cPicha Fest 2019\u201d, nace a partir de una gran p\u00e9rdida familiar, \u201cAbuela Picha\u201d y abuela de varios que la han conocido y amado, como manera de canalizar el dolor y a dos meses de su partida, ya que ella era m\u00fasica, alegr\u00eda, buena onda\u2026amaba este lugar y porque simplemente era un ser \u00fanico, realizaremos un evento en PARADOR NAMASTE, rindiendo un homenaje a toda m\u00fasica, y que llegue hasta el cieloooooooooo!!<br \/>\n\u2026 simplemente a todo aquel que quiera acompa\u00f1arme y hacer que esta \u201cPicha Fest\u201d en su primera edici\u00f3n exploooooteeeeee!!! pueden contactarme al 2914196713 mediante whatsapp, o por este medio a trav\u00e9s de mensaje privado y coordinamos. Tenes una banda? Sumate!, Sos artesano? Sumate!, Sos artista callejero? Sumate!, Sos solista? Sumate! Haces alg\u00fan tipo de demostraci\u00f3n? Sumate!, Fabricaste algo y queres mostrarlo? Sumate!\u2026Tocas alg\u00fan instrumento? Sumate!\u2026 Parador Namaste tiene las puertas abiertas para todoooos!, Dique San Bernardo, Sierra de la Ventana, en nuestro amado parador, que planeamos y so\u00f1amos juntas alguna vez\u2026 Domingo 24 de Febrero, libre y gratuito, evento al aire libre. Que sea un d\u00eda inolvidable y una verdadera fiesta! Dale Acompa\u00f1ame! traete la reposera, el mate, y disfruta conmigo! Muchas Gracias!!<br \/>\nValeria!!<\/p>\n","protected":false},"excerpt":{"rendered":"<p>Evento musical y cultural que se realizar\u00e1 este domingo 24 de febrero en el parador del \u201cDiquesito\u201d, Barrio San Bernardo de Sierra de la Ventana.<\/p>\n","protected":false},"author":3,"featured_media":0,"comment_status":"closed","ping_status":"open","sticky":false,"template":"","format":"standard","meta":{"footnotes":""},"categories":[35],"tags":[],"class_list":["post-29153","post","type-post","status-publish","format-standard","hentry","category-cultura"],"yoast_head":"<!-- This site is optimized with the Yoast SEO plugin v25.9 - https:\/\/yoast.com\/wordpress\/plugins\/seo\/ -->\n<title>Este domingo, \u201cPicha Fest 2019\u201d, en el Dique San Bernardo. - Noticias Radio Reflejos<\/title>\n<meta name=\"robots\" content=\"index, follow, max-snippet:-1, max-image-preview:large, max-video-preview:-1\" \/>\n<link rel=\"canonical\" href=\"https:\/\/www.noticiasradioreflejos.com.ar\/2021\/este-domingo-picha-fest-2019-en-el-dique-san-bernardo\/\" \/>\n<meta property=\"og:locale\" content=\"es_ES\" \/>\n<meta property=\"og:type\" content=\"article\" \/>\n<meta property=\"og:title\" content=\"Este domingo, \u201cPicha Fest 2019\u201d, en el Dique San Bernardo. - Noticias Radio Reflejos\" \/>\n<meta property=\"og:description\" content=\"Evento musical y cultural que se realizar\u00e1 este domingo 24 de febrero en el parador del \u201cDiquesito\u201d, Barrio San Bernardo de Sierra de la Ventana.\" \/>\n<meta property=\"og:url\" content=\"https:\/\/www.noticiasradioreflejos.com.ar\/2021\/este-domingo-picha-fest-2019-en-el-dique-san-bernardo\/\" \/>\n<meta property=\"og:site_name\" content=\"Noticias Radio Reflejos\" \/>\n<meta property=\"article:published_time\" content=\"2019-02-24T13:54:52+00:00\" \/>\n<meta property=\"og:image\" content=\"http:\/\/farm8.staticflickr.com\/7885\/47196640431_e07f9c73a7.jpg\" \/>\n<meta name=\"author\" content=\"Arnaldo Botto\" \/>\n<meta name=\"twitter:card\" content=\"summary_large_image\" \/>\n<script type=\"application\/ld+json\" class=\"yoast-schema-graph\">{\"@context\":\"https:\/\/schema.org\",\"@graph\":[{\"@type\":\"WebPage\",\"@id\":\"https:\/\/www.noticiasradioreflejos.com.ar\/2021\/este-domingo-picha-fest-2019-en-el-dique-san-bernardo\/\",\"url\":\"https:\/\/www.noticiasradioreflejos.com.ar\/2021\/este-domingo-picha-fest-2019-en-el-dique-san-bernardo\/\",\"name\":\"Este domingo, \u201cPicha Fest 2019\u201d, en el Dique San Bernardo. - Noticias Radio Reflejos\",\"isPartOf\":{\"@id\":\"https:\/\/www.noticiasradioreflejos.com.ar\/2021\/#website\"},\"primaryImageOfPage\":{\"@id\":\"https:\/\/www.noticiasradioreflejos.com.ar\/2021\/este-domingo-picha-fest-2019-en-el-dique-san-bernardo\/#primaryimage\"},\"image\":{\"@id\":\"https:\/\/www.noticiasradioreflejos.com.ar\/2021\/este-domingo-picha-fest-2019-en-el-dique-san-bernardo\/#primaryimage\"},\"thumbnailUrl\":\"http:\/\/farm8.staticflickr.com\/7885\/47196640431_e07f9c73a7.jpg\",\"datePublished\":\"2019-02-24T13:54:52+00:00\",\"author\":{\"@id\":\"https:\/\/www.noticiasradioreflejos.com.ar\/2021\/#\/schema\/person\/ad82545263dcc5ec0996818884fd5fb1\"},\"breadcrumb\":{\"@id\":\"https:\/\/www.noticiasradioreflejos.com.ar\/2021\/este-domingo-picha-fest-2019-en-el-dique-san-bernardo\/#breadcrumb\"},\"inLanguage\":\"es\",\"potentialAction\":[{\"@type\":\"ReadAction\",\"target\":[\"https:\/\/www.noticiasradioreflejos.com.ar\/2021\/este-domingo-picha-fest-2019-en-el-dique-san-bernardo\/\"]}]},{\"@type\":\"ImageObject\",\"inLanguage\":\"es\",\"@id\":\"https:\/\/www.noticiasradioreflejos.com.ar\/2021\/este-domingo-picha-fest-2019-en-el-dique-san-bernardo\/#primaryimage\",\"url\":\"http:\/\/farm8.staticflickr.com\/7885\/47196640431_e07f9c73a7.jpg\",\"contentUrl\":\"http:\/\/farm8.staticflickr.com\/7885\/47196640431_e07f9c73a7.jpg\"},{\"@type\":\"BreadcrumbList\",\"@id\":\"https:\/\/www.noticiasradioreflejos.com.ar\/2021\/este-domingo-picha-fest-2019-en-el-dique-san-bernardo\/#breadcrumb\",\"itemListElement\":[{\"@type\":\"ListItem\",\"position\":1,\"name\":\"Portada\",\"item\":\"https:\/\/www.noticiasradioreflejos.com.ar\/2021\/\"},{\"@type\":\"ListItem\",\"position\":2,\"name\":\"Este domingo, \u201cPicha Fest 2019\u201d, en el Dique San Bernardo.\"}]},{\"@type\":\"WebSite\",\"@id\":\"https:\/\/www.noticiasradioreflejos.com.ar\/2021\/#website\",\"url\":\"https:\/\/www.noticiasradioreflejos.com.ar\/2021\/\",\"name\":\"Noticias Radio Reflejos\",\"description\":\"Las noticias de mi comarca\",\"potentialAction\":[{\"@type\":\"SearchAction\",\"target\":{\"@type\":\"EntryPoint\",\"urlTemplate\":\"https:\/\/www.noticiasradioreflejos.com.ar\/2021\/?s={search_term_string}\"},\"query-input\":{\"@type\":\"PropertyValueSpecification\",\"valueRequired\":true,\"valueName\":\"search_term_string\"}}],\"inLanguage\":\"es\"},{\"@type\":\"Person\",\"@id\":\"https:\/\/www.noticiasradioreflejos.com.ar\/2021\/#\/schema\/person\/ad82545263dcc5ec0996818884fd5fb1\",\"name\":\"Arnaldo Botto\",\"image\":{\"@type\":\"ImageObject\",\"inLanguage\":\"es\",\"@id\":\"https:\/\/www.noticiasradioreflejos.com.ar\/2021\/#\/schema\/person\/image\/\",\"url\":\"https:\/\/secure.gravatar.com\/avatar\/55cb5e37c1efa326397366e6974cb338056df65cb50e7d64d1cf314e87504837?s=96&d=mm&r=g\",\"contentUrl\":\"https:\/\/secure.gravatar.com\/avatar\/55cb5e37c1efa326397366e6974cb338056df65cb50e7d64d1cf314e87504837?s=96&d=mm&r=g\",\"caption\":\"Arnaldo Botto\"},\"url\":\"https:\/\/www.noticiasradioreflejos.com.ar\/2021\/author\/arnaldo\/\"}]}<\/script>\n<!-- \/ Yoast SEO plugin. -->","yoast_head_json":{"title":"Este domingo, \u201cPicha Fest 2019\u201d, en el Dique San Bernardo. - Noticias Radio Reflejos","robots":{"index":"index","follow":"follow","max-snippet":"max-snippet:-1","max-image-preview":"max-image-preview:large","max-video-preview":"max-video-preview:-1"},"canonical":"https:\/\/www.noticiasradioreflejos.com.ar\/2021\/este-domingo-picha-fest-2019-en-el-dique-san-bernardo\/","og_locale":"es_ES","og_type":"article","og_title":"Este domingo, \u201cPicha Fest 2019\u201d, en el Dique San Bernardo. - Noticias Radio Reflejos","og_description":"Evento musical y cultural que se realizar\u00e1 este domingo 24 de febrero en el parador del \u201cDiquesito\u201d, Barrio San Bernardo de Sierra de la Ventana.","og_url":"https:\/\/www.noticiasradioreflejos.com.ar\/2021\/este-domingo-picha-fest-2019-en-el-dique-san-bernardo\/","og_site_name":"Noticias Radio Reflejos","article_published_time":"2019-02-24T13:54:52+00:00","og_image":[{"url":"http:\/\/farm8.staticflickr.com\/7885\/47196640431_e07f9c73a7.jpg","type":"","width":"","height":""}],"author":"Arnaldo Botto","twitter_card":"summary_large_image","schema":{"@context":"https:\/\/schema.org","@graph":[{"@type":"WebPage","@id":"https:\/\/www.noticiasradioreflejos.com.ar\/2021\/este-domingo-picha-fest-2019-en-el-dique-san-bernardo\/","url":"https:\/\/www.noticiasradioreflejos.com.ar\/2021\/este-domingo-picha-fest-2019-en-el-dique-san-bernardo\/","name":"Este domingo, \u201cPicha Fest 2019\u201d, en el Dique San Bernardo. - Noticias Radio Reflejos","isPartOf":{"@id":"https:\/\/www.noticiasradioreflejos.com.ar\/2021\/#website"},"primaryImageOfPage":{"@id":"https:\/\/www.noticiasradioreflejos.com.ar\/2021\/este-domingo-picha-fest-2019-en-el-dique-san-bernardo\/#primaryimage"},"image":{"@id":"https:\/\/www.noticiasradioreflejos.com.ar\/2021\/este-domingo-picha-fest-2019-en-el-dique-san-bernardo\/#primaryimage"},"thumbnailUrl":"http:\/\/farm8.staticflickr.com\/7885\/47196640431_e07f9c73a7.jpg","datePublished":"2019-02-24T13:54:52+00:00","author":{"@id":"https:\/\/www.noticiasradioreflejos.com.ar\/2021\/#\/schema\/person\/ad82545263dcc5ec0996818884fd5fb1"},"breadcrumb":{"@id":"https:\/\/www.noticiasradioreflejos.com.ar\/2021\/este-domingo-picha-fest-2019-en-el-dique-san-bernardo\/#breadcrumb"},"inLanguage":"es","potentialAction":[{"@type":"ReadAction","target":["https:\/\/www.noticiasradioreflejos.com.ar\/2021\/este-domingo-picha-fest-2019-en-el-dique-san-bernardo\/"]}]},{"@type":"ImageObject","inLanguage":"es","@id":"https:\/\/www.noticiasradioreflejos.com.ar\/2021\/este-domingo-picha-fest-2019-en-el-dique-san-bernardo\/#primaryimage","url":"http:\/\/farm8.staticflickr.com\/7885\/47196640431_e07f9c73a7.jpg","contentUrl":"http:\/\/farm8.staticflickr.com\/7885\/47196640431_e07f9c73a7.jpg"},{"@type":"BreadcrumbList","@id":"https:\/\/www.noticiasradioreflejos.com.ar\/2021\/este-domingo-picha-fest-2019-en-el-dique-san-bernardo\/#breadcrumb","itemListElement":[{"@type":"ListItem","position":1,"name":"Portada","item":"https:\/\/www.noticiasradioreflejos.com.ar\/2021\/"},{"@type":"ListItem","position":2,"name":"Este domingo, \u201cPicha Fest 2019\u201d, en el Dique San Bernardo."}]},{"@type":"WebSite","@id":"https:\/\/www.noticiasradioreflejos.com.ar\/2021\/#website","url":"https:\/\/www.noticiasradioreflejos.com.ar\/2021\/","name":"Noticias Radio Reflejos","description":"Las noticias de mi comarca","potentialAction":[{"@type":"SearchAction","target":{"@type":"EntryPoint","urlTemplate":"https:\/\/www.noticiasradioreflejos.com.ar\/2021\/?s={search_term_string}"},"query-input":{"@type":"PropertyValueSpecification","valueRequired":true,"valueName":"search_term_string"}}],"inLanguage":"es"},{"@type":"Person","@id":"https:\/\/www.noticiasradioreflejos.com.ar\/2021\/#\/schema\/person\/ad82545263dcc5ec0996818884fd5fb1","name":"Arnaldo Botto","image":{"@type":"ImageObject","inLanguage":"es","@id":"https:\/\/www.noticiasradioreflejos.com.ar\/2021\/#\/schema\/person\/image\/","url":"https:\/\/secure.gravatar.com\/avatar\/55cb5e37c1efa326397366e6974cb338056df65cb50e7d64d1cf314e87504837?s=96&d=mm&r=g","contentUrl":"https:\/\/secure.gravatar.com\/avatar\/55cb5e37c1efa326397366e6974cb338056df65cb50e7d64d1cf314e87504837?s=96&d=mm&r=g","caption":"Arnaldo Botto"},"url":"https:\/\/www.noticiasradioreflejos.com.ar\/2021\/author\/arnaldo\/"}]}},"_links":{"self":[{"href":"https:\/\/www.noticiasradioreflejos.com.ar\/2021\/wp-json\/wp\/v2\/posts\/29153","targetHints":{"allow":["GET"]}}],"collection":[{"href":"https:\/\/www.noticiasradioreflejos.com.ar\/2021\/wp-json\/wp\/v2\/posts"}],"about":[{"href":"https:\/\/www.noticiasradioreflejos.com.ar\/2021\/wp-json\/wp\/v2\/types\/post"}],"author":[{"embeddable":true,"href":"https:\/\/www.noticiasradioreflejos.com.ar\/2021\/wp-json\/wp\/v2\/users\/3"}],"replies":[{"embeddable":true,"href":"https:\/\/www.noticiasradioreflejos.com.ar\/2021\/wp-json\/wp\/v2\/comments?post=29153"}],"version-history":[{"count":0,"href":"https:\/\/www.noticiasradioreflejos.com.ar\/2021\/wp-json\/wp\/v2\/posts\/29153\/revisions"}],"wp:attachment":[{"href":"https:\/\/www.noticiasradioreflejos.com.ar\/2021\/wp-json\/wp\/v2\/media?parent=29153"}],"wp:term":[{"taxonomy":"category","embeddable":true,"href":"https:\/\/www.noticiasradioreflejos.com.ar\/2021\/wp-json\/wp\/v2\/categories?post=29153"},{"taxonomy":"post_tag","embeddable":true,"href":"https:\/\/www.noticiasradioreflejos.com.ar\/2021\/wp-json\/wp\/v2\/tags?post=29153"}],"curies":[{"name":"wp","href":"https:\/\/api.w.org\/{rel}","templated":true}]}}