{"id":29151,"date":"2019-02-24T10:28:16","date_gmt":"2019-02-24T13:28:16","guid":{"rendered":"http:\/\/www.noticiasradioreflejos.com.ar\/noticias\/?p=29151"},"modified":"2019-02-24T10:28:16","modified_gmt":"2019-02-24T13:28:16","slug":"cine-cafe-y-debate-en-la-macedonio","status":"publish","type":"post","link":"https:\/\/www.noticiasradioreflejos.com.ar\/2021\/cine-cafe-y-debate-en-la-macedonio\/","title":{"rendered":"Cine, Caf\u00e9 y Debate en la Macedonio"},"content":{"rendered":"<p><a title=\"52703726_2138617396218526_1093422214553796608_n\" href=\"http:\/\/farm8.staticflickr.com\/7806\/33320964048_71b8f7e90f.jpg\" rel=\"\"><img loading=\"lazy\" decoding=\"async\" class=\"alignleft\" style=\"float: left;\" title=\"52703726_2138617396218526_1093422214553796608_n\" src=\"http:\/\/farm8.staticflickr.com\/7806\/33320964048_71b8f7e90f.jpg\" alt=\"52703726_2138617396218526_1093422214553796608_n\" width=\"500\" height=\"375\" \/><\/a>La Biblioteca Populara Macedonio Fernandez de Villa Ventana, invita este domingo 24 de febrero, a partir de las 20 hs.a Cine, caf\u00e9 y debate. Se proyectar\u00e1 \u00abANTONIA\u00bb &#8211; A\u00f1o 1995 &#8211; Pa\u00eds: Holanda<!--more--><br \/>\nIdioma: Original, subtitulado &#8211; Duraci\u00f3n: 93 minutos<br \/>\nG\u00e9nero: Drama, comedia. \/ Familia, feminismo<br \/>\nDirigida por Marleen Gorris.<br \/>\nReparto Willeke van Ammelrooy, Jan Decleir, Els Dottermans, Victor L\u00f6w, Michael Pas,Marina De Graaf, Mil Seghers.<br \/>\nPremios<br \/>\n1995: Premios Oscar &#8211; Mejor pel\u00edcula de habla no inglesa<br \/>\n1996: Nominada Premios BAFTA: Mejor pel\u00edcula de habla no inglesa<br \/>\n1995: Festival de Toronto: Premio People&#8217;s Choice (Marleen Gorris)<br \/>\nSinopsis: En una tranquila granja de la campi\u00f1a holandesa, la nonagenaria Antonia repasa su vida. Tranquilamente acostada en su cama, hace memoria hasta el d\u00eda, poco despu\u00e9s de la Segunda Guerra Mundial, en que volvi\u00f3 al pueblo en el que naci\u00f3. A partir de ah\u00ed, recuerda su vida durante los cincuenta a\u00f1os siguientes, as\u00ed como la de sus hijos y nietos. Un d\u00eda tras otro, el comportamiento independiente, inconsciente y algo exc\u00e9ntrico de Antonia y su familia, y en especial su lucha por el feminismo, se mezcla con la vida cotidiana del pueblo en que viven. La vieja granja se convierte en el hogar de personajes muy variados en los que el resentimiento inicial se convierte en tolerancia y, posteriormente, en amor. (FILMAFFINITY)<\/p>\n","protected":false},"excerpt":{"rendered":"<p>La Biblioteca Populara Macedonio Fernandez de Villa Ventana, invita este domingo 24 de febrero, a partir de las 20 hs.a Cine, caf\u00e9 y debate. Se proyectar\u00e1 \u00abANTONIA\u00bb &#8211; A\u00f1o 1995 &#8211; Pa\u00eds: Holanda<\/p>\n","protected":false},"author":3,"featured_media":0,"comment_status":"closed","ping_status":"open","sticky":false,"template":"","format":"standard","meta":{"footnotes":""},"categories":[35],"tags":[],"class_list":["post-29151","post","type-post","status-publish","format-standard","hentry","category-cultura"],"yoast_head":"<!-- This site is optimized with the Yoast SEO plugin v25.9 - https:\/\/yoast.com\/wordpress\/plugins\/seo\/ -->\n<title>Cine, Caf\u00e9 y Debate en la Macedonio - Noticias Radio Reflejos<\/title>\n<meta name=\"robots\" content=\"index, follow, max-snippet:-1, max-image-preview:large, max-video-preview:-1\" \/>\n<link rel=\"canonical\" href=\"https:\/\/www.noticiasradioreflejos.com.ar\/2021\/cine-cafe-y-debate-en-la-macedonio\/\" \/>\n<meta property=\"og:locale\" content=\"es_ES\" \/>\n<meta property=\"og:type\" content=\"article\" \/>\n<meta property=\"og:title\" content=\"Cine, Caf\u00e9 y Debate en la Macedonio - Noticias Radio Reflejos\" \/>\n<meta property=\"og:description\" content=\"La Biblioteca Populara Macedonio Fernandez de Villa Ventana, invita este domingo 24 de febrero, a partir de las 20 hs.a Cine, caf\u00e9 y debate. Se proyectar\u00e1 \u00abANTONIA\u00bb &#8211; A\u00f1o 1995 &#8211; Pa\u00eds: Holanda\" \/>\n<meta property=\"og:url\" content=\"https:\/\/www.noticiasradioreflejos.com.ar\/2021\/cine-cafe-y-debate-en-la-macedonio\/\" \/>\n<meta property=\"og:site_name\" content=\"Noticias Radio Reflejos\" \/>\n<meta property=\"article:published_time\" content=\"2019-02-24T13:28:16+00:00\" \/>\n<meta property=\"og:image\" content=\"http:\/\/farm8.staticflickr.com\/7806\/33320964048_71b8f7e90f.jpg\" \/>\n<meta name=\"author\" content=\"Arnaldo Botto\" \/>\n<meta name=\"twitter:card\" content=\"summary_large_image\" \/>\n<script type=\"application\/ld+json\" class=\"yoast-schema-graph\">{\"@context\":\"https:\/\/schema.org\",\"@graph\":[{\"@type\":\"WebPage\",\"@id\":\"https:\/\/www.noticiasradioreflejos.com.ar\/2021\/cine-cafe-y-debate-en-la-macedonio\/\",\"url\":\"https:\/\/www.noticiasradioreflejos.com.ar\/2021\/cine-cafe-y-debate-en-la-macedonio\/\",\"name\":\"Cine, Caf\u00e9 y Debate en la Macedonio - Noticias Radio Reflejos\",\"isPartOf\":{\"@id\":\"https:\/\/www.noticiasradioreflejos.com.ar\/2021\/#website\"},\"primaryImageOfPage\":{\"@id\":\"https:\/\/www.noticiasradioreflejos.com.ar\/2021\/cine-cafe-y-debate-en-la-macedonio\/#primaryimage\"},\"image\":{\"@id\":\"https:\/\/www.noticiasradioreflejos.com.ar\/2021\/cine-cafe-y-debate-en-la-macedonio\/#primaryimage\"},\"thumbnailUrl\":\"http:\/\/farm8.staticflickr.com\/7806\/33320964048_71b8f7e90f.jpg\",\"datePublished\":\"2019-02-24T13:28:16+00:00\",\"author\":{\"@id\":\"https:\/\/www.noticiasradioreflejos.com.ar\/2021\/#\/schema\/person\/ad82545263dcc5ec0996818884fd5fb1\"},\"breadcrumb\":{\"@id\":\"https:\/\/www.noticiasradioreflejos.com.ar\/2021\/cine-cafe-y-debate-en-la-macedonio\/#breadcrumb\"},\"inLanguage\":\"es\",\"potentialAction\":[{\"@type\":\"ReadAction\",\"target\":[\"https:\/\/www.noticiasradioreflejos.com.ar\/2021\/cine-cafe-y-debate-en-la-macedonio\/\"]}]},{\"@type\":\"ImageObject\",\"inLanguage\":\"es\",\"@id\":\"https:\/\/www.noticiasradioreflejos.com.ar\/2021\/cine-cafe-y-debate-en-la-macedonio\/#primaryimage\",\"url\":\"http:\/\/farm8.staticflickr.com\/7806\/33320964048_71b8f7e90f.jpg\",\"contentUrl\":\"http:\/\/farm8.staticflickr.com\/7806\/33320964048_71b8f7e90f.jpg\"},{\"@type\":\"BreadcrumbList\",\"@id\":\"https:\/\/www.noticiasradioreflejos.com.ar\/2021\/cine-cafe-y-debate-en-la-macedonio\/#breadcrumb\",\"itemListElement\":[{\"@type\":\"ListItem\",\"position\":1,\"name\":\"Portada\",\"item\":\"https:\/\/www.noticiasradioreflejos.com.ar\/2021\/\"},{\"@type\":\"ListItem\",\"position\":2,\"name\":\"Cine, Caf\u00e9 y Debate en la Macedonio\"}]},{\"@type\":\"WebSite\",\"@id\":\"https:\/\/www.noticiasradioreflejos.com.ar\/2021\/#website\",\"url\":\"https:\/\/www.noticiasradioreflejos.com.ar\/2021\/\",\"name\":\"Noticias Radio Reflejos\",\"description\":\"Las noticias de mi comarca\",\"potentialAction\":[{\"@type\":\"SearchAction\",\"target\":{\"@type\":\"EntryPoint\",\"urlTemplate\":\"https:\/\/www.noticiasradioreflejos.com.ar\/2021\/?s={search_term_string}\"},\"query-input\":{\"@type\":\"PropertyValueSpecification\",\"valueRequired\":true,\"valueName\":\"search_term_string\"}}],\"inLanguage\":\"es\"},{\"@type\":\"Person\",\"@id\":\"https:\/\/www.noticiasradioreflejos.com.ar\/2021\/#\/schema\/person\/ad82545263dcc5ec0996818884fd5fb1\",\"name\":\"Arnaldo Botto\",\"image\":{\"@type\":\"ImageObject\",\"inLanguage\":\"es\",\"@id\":\"https:\/\/www.noticiasradioreflejos.com.ar\/2021\/#\/schema\/person\/image\/\",\"url\":\"https:\/\/secure.gravatar.com\/avatar\/55cb5e37c1efa326397366e6974cb338056df65cb50e7d64d1cf314e87504837?s=96&d=mm&r=g\",\"contentUrl\":\"https:\/\/secure.gravatar.com\/avatar\/55cb5e37c1efa326397366e6974cb338056df65cb50e7d64d1cf314e87504837?s=96&d=mm&r=g\",\"caption\":\"Arnaldo Botto\"},\"url\":\"https:\/\/www.noticiasradioreflejos.com.ar\/2021\/author\/arnaldo\/\"}]}<\/script>\n<!-- \/ Yoast SEO plugin. -->","yoast_head_json":{"title":"Cine, Caf\u00e9 y Debate en la Macedonio - Noticias Radio Reflejos","robots":{"index":"index","follow":"follow","max-snippet":"max-snippet:-1","max-image-preview":"max-image-preview:large","max-video-preview":"max-video-preview:-1"},"canonical":"https:\/\/www.noticiasradioreflejos.com.ar\/2021\/cine-cafe-y-debate-en-la-macedonio\/","og_locale":"es_ES","og_type":"article","og_title":"Cine, Caf\u00e9 y Debate en la Macedonio - Noticias Radio Reflejos","og_description":"La Biblioteca Populara Macedonio Fernandez de Villa Ventana, invita este domingo 24 de febrero, a partir de las 20 hs.a Cine, caf\u00e9 y debate. Se proyectar\u00e1 \u00abANTONIA\u00bb &#8211; A\u00f1o 1995 &#8211; Pa\u00eds: Holanda","og_url":"https:\/\/www.noticiasradioreflejos.com.ar\/2021\/cine-cafe-y-debate-en-la-macedonio\/","og_site_name":"Noticias Radio Reflejos","article_published_time":"2019-02-24T13:28:16+00:00","og_image":[{"url":"http:\/\/farm8.staticflickr.com\/7806\/33320964048_71b8f7e90f.jpg","type":"","width":"","height":""}],"author":"Arnaldo Botto","twitter_card":"summary_large_image","schema":{"@context":"https:\/\/schema.org","@graph":[{"@type":"WebPage","@id":"https:\/\/www.noticiasradioreflejos.com.ar\/2021\/cine-cafe-y-debate-en-la-macedonio\/","url":"https:\/\/www.noticiasradioreflejos.com.ar\/2021\/cine-cafe-y-debate-en-la-macedonio\/","name":"Cine, Caf\u00e9 y Debate en la Macedonio - Noticias Radio Reflejos","isPartOf":{"@id":"https:\/\/www.noticiasradioreflejos.com.ar\/2021\/#website"},"primaryImageOfPage":{"@id":"https:\/\/www.noticiasradioreflejos.com.ar\/2021\/cine-cafe-y-debate-en-la-macedonio\/#primaryimage"},"image":{"@id":"https:\/\/www.noticiasradioreflejos.com.ar\/2021\/cine-cafe-y-debate-en-la-macedonio\/#primaryimage"},"thumbnailUrl":"http:\/\/farm8.staticflickr.com\/7806\/33320964048_71b8f7e90f.jpg","datePublished":"2019-02-24T13:28:16+00:00","author":{"@id":"https:\/\/www.noticiasradioreflejos.com.ar\/2021\/#\/schema\/person\/ad82545263dcc5ec0996818884fd5fb1"},"breadcrumb":{"@id":"https:\/\/www.noticiasradioreflejos.com.ar\/2021\/cine-cafe-y-debate-en-la-macedonio\/#breadcrumb"},"inLanguage":"es","potentialAction":[{"@type":"ReadAction","target":["https:\/\/www.noticiasradioreflejos.com.ar\/2021\/cine-cafe-y-debate-en-la-macedonio\/"]}]},{"@type":"ImageObject","inLanguage":"es","@id":"https:\/\/www.noticiasradioreflejos.com.ar\/2021\/cine-cafe-y-debate-en-la-macedonio\/#primaryimage","url":"http:\/\/farm8.staticflickr.com\/7806\/33320964048_71b8f7e90f.jpg","contentUrl":"http:\/\/farm8.staticflickr.com\/7806\/33320964048_71b8f7e90f.jpg"},{"@type":"BreadcrumbList","@id":"https:\/\/www.noticiasradioreflejos.com.ar\/2021\/cine-cafe-y-debate-en-la-macedonio\/#breadcrumb","itemListElement":[{"@type":"ListItem","position":1,"name":"Portada","item":"https:\/\/www.noticiasradioreflejos.com.ar\/2021\/"},{"@type":"ListItem","position":2,"name":"Cine, Caf\u00e9 y Debate en la Macedonio"}]},{"@type":"WebSite","@id":"https:\/\/www.noticiasradioreflejos.com.ar\/2021\/#website","url":"https:\/\/www.noticiasradioreflejos.com.ar\/2021\/","name":"Noticias Radio Reflejos","description":"Las noticias de mi comarca","potentialAction":[{"@type":"SearchAction","target":{"@type":"EntryPoint","urlTemplate":"https:\/\/www.noticiasradioreflejos.com.ar\/2021\/?s={search_term_string}"},"query-input":{"@type":"PropertyValueSpecification","valueRequired":true,"valueName":"search_term_string"}}],"inLanguage":"es"},{"@type":"Person","@id":"https:\/\/www.noticiasradioreflejos.com.ar\/2021\/#\/schema\/person\/ad82545263dcc5ec0996818884fd5fb1","name":"Arnaldo Botto","image":{"@type":"ImageObject","inLanguage":"es","@id":"https:\/\/www.noticiasradioreflejos.com.ar\/2021\/#\/schema\/person\/image\/","url":"https:\/\/secure.gravatar.com\/avatar\/55cb5e37c1efa326397366e6974cb338056df65cb50e7d64d1cf314e87504837?s=96&d=mm&r=g","contentUrl":"https:\/\/secure.gravatar.com\/avatar\/55cb5e37c1efa326397366e6974cb338056df65cb50e7d64d1cf314e87504837?s=96&d=mm&r=g","caption":"Arnaldo Botto"},"url":"https:\/\/www.noticiasradioreflejos.com.ar\/2021\/author\/arnaldo\/"}]}},"_links":{"self":[{"href":"https:\/\/www.noticiasradioreflejos.com.ar\/2021\/wp-json\/wp\/v2\/posts\/29151","targetHints":{"allow":["GET"]}}],"collection":[{"href":"https:\/\/www.noticiasradioreflejos.com.ar\/2021\/wp-json\/wp\/v2\/posts"}],"about":[{"href":"https:\/\/www.noticiasradioreflejos.com.ar\/2021\/wp-json\/wp\/v2\/types\/post"}],"author":[{"embeddable":true,"href":"https:\/\/www.noticiasradioreflejos.com.ar\/2021\/wp-json\/wp\/v2\/users\/3"}],"replies":[{"embeddable":true,"href":"https:\/\/www.noticiasradioreflejos.com.ar\/2021\/wp-json\/wp\/v2\/comments?post=29151"}],"version-history":[{"count":0,"href":"https:\/\/www.noticiasradioreflejos.com.ar\/2021\/wp-json\/wp\/v2\/posts\/29151\/revisions"}],"wp:attachment":[{"href":"https:\/\/www.noticiasradioreflejos.com.ar\/2021\/wp-json\/wp\/v2\/media?parent=29151"}],"wp:term":[{"taxonomy":"category","embeddable":true,"href":"https:\/\/www.noticiasradioreflejos.com.ar\/2021\/wp-json\/wp\/v2\/categories?post=29151"},{"taxonomy":"post_tag","embeddable":true,"href":"https:\/\/www.noticiasradioreflejos.com.ar\/2021\/wp-json\/wp\/v2\/tags?post=29151"}],"curies":[{"name":"wp","href":"https:\/\/api.w.org\/{rel}","templated":true}]}}