{"id":29138,"date":"2019-02-21T18:12:57","date_gmt":"2019-02-21T21:12:57","guid":{"rendered":"http:\/\/www.noticiasradioreflejos.com.ar\/noticias\/?p=29138"},"modified":"2019-02-21T18:12:57","modified_gmt":"2019-02-21T21:12:57","slug":"pre-inscripcion-para-los-cursos-del-c-f-p-n-402-que-comienzan-en-marzo-2019","status":"publish","type":"post","link":"https:\/\/www.noticiasradioreflejos.com.ar\/2021\/pre-inscripcion-para-los-cursos-del-c-f-p-n-402-que-comienzan-en-marzo-2019\/","title":{"rendered":"Pre-inscripci\u00f3n para los cursos del C.F.P. N\u00b0 402, que comienzan en MARZO 2019."},"content":{"rendered":"<p>De acuerdo a la nueva modalidad de FP, les informamos que deben de realizar la pre-inscripci\u00f3n a los cursos de manera online o en persona en el Centro de Formaci\u00f3n de lunes a viernes de 9 a 12 hs.<!--more--><br \/>\n<a href=\"https:\/\/docs.google.com\/forms\/d\/e\/1FAIpQLScBLM0T0gWeXbftesexXo83-H8ik60KmknrSfVdErAvWMpr2w\/viewform\" target=\"_blank\" rel=\"noopener\">https:\/\/docs.google.com\/forms\/d\/e\/1FAIpQLScBLM0T0gWeXbftesexXo83-H8ik60KmknrSfVdErAvWMpr2w\/viewform<\/a><br \/>\nAntes de comenzar el proceso de preinscripci\u00f3n aseg\u00farate de tener una direcci\u00f3n de correo electr\u00f3nico v\u00e1lida y que funcione correctamente.<br \/>\nA los que YA COMPLETARON EL FORMULARIO en d\u00edas anteriores al 21\/2 les pedimos que env\u00eden un sms, WhatsApp o email con estos datos::<br \/>\nNUMERO DE DNI:<br \/>\nNIVEL DE ESTUDIOS ALCANZADOS:<br \/>\nPROFESION:<br \/>\nEMAIL(SI NO LO COMPLETARON):<br \/>\nPUEDEN ENVIARLO A:<br \/>\nPOR WHATSAPP\/SMS: 2914143720 o AL 2914733554<br \/>\nPOR EMAIL: cenfopro402@hotmail.com.ar<br \/>\nRECORDAMOS QUE LA INSCRIPCI\u00d3N DEFINITIVA SE REALIZA EN CADA UNA DE LAS CHARLAS INFORMATIVAS, D\u00c1NDOLE PREFERENCIA A LOS PRESENTES.<br \/>\nDeben Presentar:<br \/>\n\u2022 2 Fotocopias del DNI &#8211; Tener 16 a\u00f1os cumplidos<br \/>\n\u2022 1 Fotocopia de Certificado de Estudios alcanzados (m\u00ednimo Primaria o EGB)<br \/>\n\u2022 En el Caso de Gasista de 2\u00b0 Categor\u00eda se debe presentar con fotocopia y el Certificado original de Gasista de 3\u00b0 Categor\u00eda, No podr\u00e1n hacerlo quienes no presenten la documentaci\u00f3n.<br \/>\nLista de Cursos 2019:<br \/>\n<a title=\"enkpplknpdgpimne\" href=\"http:\/\/farm8.staticflickr.com\/7826\/40205124253_665794c9a1_z.jpg\" rel=\"\"><img loading=\"lazy\" decoding=\"async\" class=\"aligncenter\" title=\"enkpplknpdgpimne\" src=\"http:\/\/farm8.staticflickr.com\/7826\/40205124253_665794c9a1_z.jpg\" alt=\"enkpplknpdgpimne\" width=\"567\" height=\"504\" \/><\/a><\/p>\n","protected":false},"excerpt":{"rendered":"<p>De acuerdo a la nueva modalidad de FP, les informamos que deben de realizar la pre-inscripci\u00f3n a los cursos de manera online o en persona en el Centro de Formaci\u00f3n de lunes a viernes de 9 a 12 hs.<\/p>\n","protected":false},"author":3,"featured_media":0,"comment_status":"closed","ping_status":"open","sticky":false,"template":"","format":"standard","meta":{"footnotes":""},"categories":[34],"tags":[],"class_list":["post-29138","post","type-post","status-publish","format-standard","hentry","category-educacion"],"yoast_head":"<!-- This site is optimized with the Yoast SEO plugin v25.9 - https:\/\/yoast.com\/wordpress\/plugins\/seo\/ -->\n<title>Pre-inscripci\u00f3n para los cursos del C.F.P. N\u00b0 402, que comienzan en MARZO 2019. - Noticias Radio Reflejos<\/title>\n<meta name=\"robots\" content=\"index, follow, max-snippet:-1, max-image-preview:large, max-video-preview:-1\" \/>\n<link rel=\"canonical\" href=\"https:\/\/www.noticiasradioreflejos.com.ar\/2021\/pre-inscripcion-para-los-cursos-del-c-f-p-n-402-que-comienzan-en-marzo-2019\/\" \/>\n<meta property=\"og:locale\" content=\"es_ES\" \/>\n<meta property=\"og:type\" content=\"article\" \/>\n<meta property=\"og:title\" content=\"Pre-inscripci\u00f3n para los cursos del C.F.P. N\u00b0 402, que comienzan en MARZO 2019. - Noticias Radio Reflejos\" \/>\n<meta property=\"og:description\" content=\"De acuerdo a la nueva modalidad de FP, les informamos que deben de realizar la pre-inscripci\u00f3n a los cursos de manera online o en persona en el Centro de Formaci\u00f3n de lunes a viernes de 9 a 12 hs.\" \/>\n<meta property=\"og:url\" content=\"https:\/\/www.noticiasradioreflejos.com.ar\/2021\/pre-inscripcion-para-los-cursos-del-c-f-p-n-402-que-comienzan-en-marzo-2019\/\" \/>\n<meta property=\"og:site_name\" content=\"Noticias Radio Reflejos\" \/>\n<meta property=\"article:published_time\" content=\"2019-02-21T21:12:57+00:00\" \/>\n<meta property=\"og:image\" content=\"http:\/\/farm8.staticflickr.com\/7826\/40205124253_665794c9a1_z.jpg\" \/>\n<meta name=\"author\" content=\"Arnaldo Botto\" \/>\n<meta name=\"twitter:card\" content=\"summary_large_image\" \/>\n<script type=\"application\/ld+json\" class=\"yoast-schema-graph\">{\"@context\":\"https:\/\/schema.org\",\"@graph\":[{\"@type\":\"WebPage\",\"@id\":\"https:\/\/www.noticiasradioreflejos.com.ar\/2021\/pre-inscripcion-para-los-cursos-del-c-f-p-n-402-que-comienzan-en-marzo-2019\/\",\"url\":\"https:\/\/www.noticiasradioreflejos.com.ar\/2021\/pre-inscripcion-para-los-cursos-del-c-f-p-n-402-que-comienzan-en-marzo-2019\/\",\"name\":\"Pre-inscripci\u00f3n para los cursos del C.F.P. N\u00b0 402, que comienzan en MARZO 2019. - Noticias Radio Reflejos\",\"isPartOf\":{\"@id\":\"https:\/\/www.noticiasradioreflejos.com.ar\/2021\/#website\"},\"primaryImageOfPage\":{\"@id\":\"https:\/\/www.noticiasradioreflejos.com.ar\/2021\/pre-inscripcion-para-los-cursos-del-c-f-p-n-402-que-comienzan-en-marzo-2019\/#primaryimage\"},\"image\":{\"@id\":\"https:\/\/www.noticiasradioreflejos.com.ar\/2021\/pre-inscripcion-para-los-cursos-del-c-f-p-n-402-que-comienzan-en-marzo-2019\/#primaryimage\"},\"thumbnailUrl\":\"http:\/\/farm8.staticflickr.com\/7826\/40205124253_665794c9a1_z.jpg\",\"datePublished\":\"2019-02-21T21:12:57+00:00\",\"author\":{\"@id\":\"https:\/\/www.noticiasradioreflejos.com.ar\/2021\/#\/schema\/person\/ad82545263dcc5ec0996818884fd5fb1\"},\"breadcrumb\":{\"@id\":\"https:\/\/www.noticiasradioreflejos.com.ar\/2021\/pre-inscripcion-para-los-cursos-del-c-f-p-n-402-que-comienzan-en-marzo-2019\/#breadcrumb\"},\"inLanguage\":\"es\",\"potentialAction\":[{\"@type\":\"ReadAction\",\"target\":[\"https:\/\/www.noticiasradioreflejos.com.ar\/2021\/pre-inscripcion-para-los-cursos-del-c-f-p-n-402-que-comienzan-en-marzo-2019\/\"]}]},{\"@type\":\"ImageObject\",\"inLanguage\":\"es\",\"@id\":\"https:\/\/www.noticiasradioreflejos.com.ar\/2021\/pre-inscripcion-para-los-cursos-del-c-f-p-n-402-que-comienzan-en-marzo-2019\/#primaryimage\",\"url\":\"http:\/\/farm8.staticflickr.com\/7826\/40205124253_665794c9a1_z.jpg\",\"contentUrl\":\"http:\/\/farm8.staticflickr.com\/7826\/40205124253_665794c9a1_z.jpg\"},{\"@type\":\"BreadcrumbList\",\"@id\":\"https:\/\/www.noticiasradioreflejos.com.ar\/2021\/pre-inscripcion-para-los-cursos-del-c-f-p-n-402-que-comienzan-en-marzo-2019\/#breadcrumb\",\"itemListElement\":[{\"@type\":\"ListItem\",\"position\":1,\"name\":\"Portada\",\"item\":\"https:\/\/www.noticiasradioreflejos.com.ar\/2021\/\"},{\"@type\":\"ListItem\",\"position\":2,\"name\":\"Pre-inscripci\u00f3n para los cursos del C.F.P. N\u00b0 402, que comienzan en MARZO 2019.\"}]},{\"@type\":\"WebSite\",\"@id\":\"https:\/\/www.noticiasradioreflejos.com.ar\/2021\/#website\",\"url\":\"https:\/\/www.noticiasradioreflejos.com.ar\/2021\/\",\"name\":\"Noticias Radio Reflejos\",\"description\":\"Las noticias de mi comarca\",\"potentialAction\":[{\"@type\":\"SearchAction\",\"target\":{\"@type\":\"EntryPoint\",\"urlTemplate\":\"https:\/\/www.noticiasradioreflejos.com.ar\/2021\/?s={search_term_string}\"},\"query-input\":{\"@type\":\"PropertyValueSpecification\",\"valueRequired\":true,\"valueName\":\"search_term_string\"}}],\"inLanguage\":\"es\"},{\"@type\":\"Person\",\"@id\":\"https:\/\/www.noticiasradioreflejos.com.ar\/2021\/#\/schema\/person\/ad82545263dcc5ec0996818884fd5fb1\",\"name\":\"Arnaldo Botto\",\"image\":{\"@type\":\"ImageObject\",\"inLanguage\":\"es\",\"@id\":\"https:\/\/www.noticiasradioreflejos.com.ar\/2021\/#\/schema\/person\/image\/\",\"url\":\"https:\/\/secure.gravatar.com\/avatar\/55cb5e37c1efa326397366e6974cb338056df65cb50e7d64d1cf314e87504837?s=96&d=mm&r=g\",\"contentUrl\":\"https:\/\/secure.gravatar.com\/avatar\/55cb5e37c1efa326397366e6974cb338056df65cb50e7d64d1cf314e87504837?s=96&d=mm&r=g\",\"caption\":\"Arnaldo Botto\"},\"url\":\"https:\/\/www.noticiasradioreflejos.com.ar\/2021\/author\/arnaldo\/\"}]}<\/script>\n<!-- \/ Yoast SEO plugin. -->","yoast_head_json":{"title":"Pre-inscripci\u00f3n para los cursos del C.F.P. N\u00b0 402, que comienzan en MARZO 2019. - Noticias Radio Reflejos","robots":{"index":"index","follow":"follow","max-snippet":"max-snippet:-1","max-image-preview":"max-image-preview:large","max-video-preview":"max-video-preview:-1"},"canonical":"https:\/\/www.noticiasradioreflejos.com.ar\/2021\/pre-inscripcion-para-los-cursos-del-c-f-p-n-402-que-comienzan-en-marzo-2019\/","og_locale":"es_ES","og_type":"article","og_title":"Pre-inscripci\u00f3n para los cursos del C.F.P. N\u00b0 402, que comienzan en MARZO 2019. - Noticias Radio Reflejos","og_description":"De acuerdo a la nueva modalidad de FP, les informamos que deben de realizar la pre-inscripci\u00f3n a los cursos de manera online o en persona en el Centro de Formaci\u00f3n de lunes a viernes de 9 a 12 hs.","og_url":"https:\/\/www.noticiasradioreflejos.com.ar\/2021\/pre-inscripcion-para-los-cursos-del-c-f-p-n-402-que-comienzan-en-marzo-2019\/","og_site_name":"Noticias Radio Reflejos","article_published_time":"2019-02-21T21:12:57+00:00","og_image":[{"url":"http:\/\/farm8.staticflickr.com\/7826\/40205124253_665794c9a1_z.jpg","type":"","width":"","height":""}],"author":"Arnaldo Botto","twitter_card":"summary_large_image","schema":{"@context":"https:\/\/schema.org","@graph":[{"@type":"WebPage","@id":"https:\/\/www.noticiasradioreflejos.com.ar\/2021\/pre-inscripcion-para-los-cursos-del-c-f-p-n-402-que-comienzan-en-marzo-2019\/","url":"https:\/\/www.noticiasradioreflejos.com.ar\/2021\/pre-inscripcion-para-los-cursos-del-c-f-p-n-402-que-comienzan-en-marzo-2019\/","name":"Pre-inscripci\u00f3n para los cursos del C.F.P. N\u00b0 402, que comienzan en MARZO 2019. - Noticias Radio Reflejos","isPartOf":{"@id":"https:\/\/www.noticiasradioreflejos.com.ar\/2021\/#website"},"primaryImageOfPage":{"@id":"https:\/\/www.noticiasradioreflejos.com.ar\/2021\/pre-inscripcion-para-los-cursos-del-c-f-p-n-402-que-comienzan-en-marzo-2019\/#primaryimage"},"image":{"@id":"https:\/\/www.noticiasradioreflejos.com.ar\/2021\/pre-inscripcion-para-los-cursos-del-c-f-p-n-402-que-comienzan-en-marzo-2019\/#primaryimage"},"thumbnailUrl":"http:\/\/farm8.staticflickr.com\/7826\/40205124253_665794c9a1_z.jpg","datePublished":"2019-02-21T21:12:57+00:00","author":{"@id":"https:\/\/www.noticiasradioreflejos.com.ar\/2021\/#\/schema\/person\/ad82545263dcc5ec0996818884fd5fb1"},"breadcrumb":{"@id":"https:\/\/www.noticiasradioreflejos.com.ar\/2021\/pre-inscripcion-para-los-cursos-del-c-f-p-n-402-que-comienzan-en-marzo-2019\/#breadcrumb"},"inLanguage":"es","potentialAction":[{"@type":"ReadAction","target":["https:\/\/www.noticiasradioreflejos.com.ar\/2021\/pre-inscripcion-para-los-cursos-del-c-f-p-n-402-que-comienzan-en-marzo-2019\/"]}]},{"@type":"ImageObject","inLanguage":"es","@id":"https:\/\/www.noticiasradioreflejos.com.ar\/2021\/pre-inscripcion-para-los-cursos-del-c-f-p-n-402-que-comienzan-en-marzo-2019\/#primaryimage","url":"http:\/\/farm8.staticflickr.com\/7826\/40205124253_665794c9a1_z.jpg","contentUrl":"http:\/\/farm8.staticflickr.com\/7826\/40205124253_665794c9a1_z.jpg"},{"@type":"BreadcrumbList","@id":"https:\/\/www.noticiasradioreflejos.com.ar\/2021\/pre-inscripcion-para-los-cursos-del-c-f-p-n-402-que-comienzan-en-marzo-2019\/#breadcrumb","itemListElement":[{"@type":"ListItem","position":1,"name":"Portada","item":"https:\/\/www.noticiasradioreflejos.com.ar\/2021\/"},{"@type":"ListItem","position":2,"name":"Pre-inscripci\u00f3n para los cursos del C.F.P. N\u00b0 402, que comienzan en MARZO 2019."}]},{"@type":"WebSite","@id":"https:\/\/www.noticiasradioreflejos.com.ar\/2021\/#website","url":"https:\/\/www.noticiasradioreflejos.com.ar\/2021\/","name":"Noticias Radio Reflejos","description":"Las noticias de mi comarca","potentialAction":[{"@type":"SearchAction","target":{"@type":"EntryPoint","urlTemplate":"https:\/\/www.noticiasradioreflejos.com.ar\/2021\/?s={search_term_string}"},"query-input":{"@type":"PropertyValueSpecification","valueRequired":true,"valueName":"search_term_string"}}],"inLanguage":"es"},{"@type":"Person","@id":"https:\/\/www.noticiasradioreflejos.com.ar\/2021\/#\/schema\/person\/ad82545263dcc5ec0996818884fd5fb1","name":"Arnaldo Botto","image":{"@type":"ImageObject","inLanguage":"es","@id":"https:\/\/www.noticiasradioreflejos.com.ar\/2021\/#\/schema\/person\/image\/","url":"https:\/\/secure.gravatar.com\/avatar\/55cb5e37c1efa326397366e6974cb338056df65cb50e7d64d1cf314e87504837?s=96&d=mm&r=g","contentUrl":"https:\/\/secure.gravatar.com\/avatar\/55cb5e37c1efa326397366e6974cb338056df65cb50e7d64d1cf314e87504837?s=96&d=mm&r=g","caption":"Arnaldo Botto"},"url":"https:\/\/www.noticiasradioreflejos.com.ar\/2021\/author\/arnaldo\/"}]}},"_links":{"self":[{"href":"https:\/\/www.noticiasradioreflejos.com.ar\/2021\/wp-json\/wp\/v2\/posts\/29138","targetHints":{"allow":["GET"]}}],"collection":[{"href":"https:\/\/www.noticiasradioreflejos.com.ar\/2021\/wp-json\/wp\/v2\/posts"}],"about":[{"href":"https:\/\/www.noticiasradioreflejos.com.ar\/2021\/wp-json\/wp\/v2\/types\/post"}],"author":[{"embeddable":true,"href":"https:\/\/www.noticiasradioreflejos.com.ar\/2021\/wp-json\/wp\/v2\/users\/3"}],"replies":[{"embeddable":true,"href":"https:\/\/www.noticiasradioreflejos.com.ar\/2021\/wp-json\/wp\/v2\/comments?post=29138"}],"version-history":[{"count":0,"href":"https:\/\/www.noticiasradioreflejos.com.ar\/2021\/wp-json\/wp\/v2\/posts\/29138\/revisions"}],"wp:attachment":[{"href":"https:\/\/www.noticiasradioreflejos.com.ar\/2021\/wp-json\/wp\/v2\/media?parent=29138"}],"wp:term":[{"taxonomy":"category","embeddable":true,"href":"https:\/\/www.noticiasradioreflejos.com.ar\/2021\/wp-json\/wp\/v2\/categories?post=29138"},{"taxonomy":"post_tag","embeddable":true,"href":"https:\/\/www.noticiasradioreflejos.com.ar\/2021\/wp-json\/wp\/v2\/tags?post=29138"}],"curies":[{"name":"wp","href":"https:\/\/api.w.org\/{rel}","templated":true}]}}