{"id":29132,"date":"2019-02-21T12:21:53","date_gmt":"2019-02-21T15:21:53","guid":{"rendered":"http:\/\/www.noticiasradioreflejos.com.ar\/noticias\/?p=29132"},"modified":"2019-02-21T12:21:53","modified_gmt":"2019-02-21T15:21:53","slug":"vialidad-nacional-habilita-la-circulacion-en-la-ruta-nacional-n-3-entre-monte-hermoso-y-pehuen-co","status":"publish","type":"post","link":"https:\/\/www.noticiasradioreflejos.com.ar\/2021\/vialidad-nacional-habilita-la-circulacion-en-la-ruta-nacional-n-3-entre-monte-hermoso-y-pehuen-co\/","title":{"rendered":"Vialidad Nacional habilita la circulaci\u00f3n en la ruta Nacional N\u00b0 3 entre Monte Hermoso y Pehuen Co."},"content":{"rendered":"<p>A partir de este viernes 22 de febrero a las 12 horas se habilitar\u00e1 la circulaci\u00f3n en ambos sentidos del tramo afectado de la RN 3. Es la finalizaci\u00f3n de los trabajos de emergencia que la Naci\u00f3n viene desarrollando desde el pasado 25 de enero.<br \/>\nEl Ministerio de Transporte, a trav\u00e9s de Vialidad Nacional, comunica que ma\u00f1ana, viernes 22 de febrero, a partir de las 12 horas, se habilitar\u00e1 la circulaci\u00f3n a trav\u00e9s de la RN 3, en el tramo comprendido entre Monte Hermoso y Pehuen C\u00f3.<!--more--><br \/>\nLa habilitaci\u00f3n se efectuar\u00e1 a ra\u00edz de la finalizaci\u00f3n de los trabajos de emergencia que Vialidad Nacional viene desarrollando desde el pasado 25 de enero sobre el km 608 del corredor, afectado por el fuerte temporal que azot\u00f3 el sur de la provincia, impidiendo el paso de todo tipo de veh\u00edculos.<br \/>\nLa circulaci\u00f3n ser\u00e1 habilitada en ambos sentidos y contar\u00e1 con se\u00f1alamiento preventivo y delineadores para guiar el tr\u00e1fico a lo largo de todo el tramo. Complementariamente, una guardia de emergencia con agentes de Vialidad Nacional se encontrar\u00e1 apostada en ambos extremos del corredor.<br \/>\nNo obstante, Vialidad Nacional solicita a los usuarios circular con extrema precauci\u00f3n, respetar la velocidad m\u00e1xima de 20 km\/h y evitar las maniobras de sobrepaso en el tramo intervenido. Adicionalmente, se requiere respetar la carteler\u00eda de se\u00f1alizaci\u00f3n y acatar las indicaciones del personal vial y las fuerzas de seguridad presentes en la zona.<\/p>\n","protected":false},"excerpt":{"rendered":"<p>A partir de este viernes 22 de febrero a las 12 horas se habilitar\u00e1 la circulaci\u00f3n en ambos sentidos del tramo afectado de la RN 3. Es la finalizaci\u00f3n de los trabajos de emergencia que la Naci\u00f3n viene desarrollando desde el pasado 25 de enero. El Ministerio de Transporte, a trav\u00e9s de Vialidad Nacional, comunica [&hellip;]<\/p>\n","protected":false},"author":3,"featured_media":0,"comment_status":"closed","ping_status":"open","sticky":false,"template":"","format":"standard","meta":{"footnotes":""},"categories":[26],"tags":[],"class_list":["post-29132","post","type-post","status-publish","format-standard","hentry","category-sociedad"],"yoast_head":"<!-- This site is optimized with the Yoast SEO plugin v25.9 - https:\/\/yoast.com\/wordpress\/plugins\/seo\/ -->\n<title>Vialidad Nacional habilita la circulaci\u00f3n en la ruta Nacional N\u00b0 3 entre Monte Hermoso y Pehuen Co. - Noticias Radio Reflejos<\/title>\n<meta name=\"robots\" content=\"index, follow, max-snippet:-1, max-image-preview:large, max-video-preview:-1\" \/>\n<link rel=\"canonical\" href=\"https:\/\/www.noticiasradioreflejos.com.ar\/2021\/vialidad-nacional-habilita-la-circulacion-en-la-ruta-nacional-n-3-entre-monte-hermoso-y-pehuen-co\/\" \/>\n<meta property=\"og:locale\" content=\"es_ES\" \/>\n<meta property=\"og:type\" content=\"article\" \/>\n<meta property=\"og:title\" content=\"Vialidad Nacional habilita la circulaci\u00f3n en la ruta Nacional N\u00b0 3 entre Monte Hermoso y Pehuen Co. - Noticias Radio Reflejos\" \/>\n<meta property=\"og:description\" content=\"A partir de este viernes 22 de febrero a las 12 horas se habilitar\u00e1 la circulaci\u00f3n en ambos sentidos del tramo afectado de la RN 3. Es la finalizaci\u00f3n de los trabajos de emergencia que la Naci\u00f3n viene desarrollando desde el pasado 25 de enero. El Ministerio de Transporte, a trav\u00e9s de Vialidad Nacional, comunica [&hellip;]\" \/>\n<meta property=\"og:url\" content=\"https:\/\/www.noticiasradioreflejos.com.ar\/2021\/vialidad-nacional-habilita-la-circulacion-en-la-ruta-nacional-n-3-entre-monte-hermoso-y-pehuen-co\/\" \/>\n<meta property=\"og:site_name\" content=\"Noticias Radio Reflejos\" \/>\n<meta property=\"article:published_time\" content=\"2019-02-21T15:21:53+00:00\" \/>\n<meta property=\"og:image\" content=\"https:\/\/www.noticiasradioreflejos.com.ar\/2021\/wp-content\/uploads\/2021\/07\/logosol300x200.png\" \/>\n\t<meta property=\"og:image:width\" content=\"300\" \/>\n\t<meta property=\"og:image:height\" content=\"200\" \/>\n\t<meta property=\"og:image:type\" content=\"image\/png\" \/>\n<meta name=\"author\" content=\"Arnaldo Botto\" \/>\n<meta name=\"twitter:card\" content=\"summary_large_image\" \/>\n<script type=\"application\/ld+json\" class=\"yoast-schema-graph\">{\"@context\":\"https:\/\/schema.org\",\"@graph\":[{\"@type\":\"WebPage\",\"@id\":\"https:\/\/www.noticiasradioreflejos.com.ar\/2021\/vialidad-nacional-habilita-la-circulacion-en-la-ruta-nacional-n-3-entre-monte-hermoso-y-pehuen-co\/\",\"url\":\"https:\/\/www.noticiasradioreflejos.com.ar\/2021\/vialidad-nacional-habilita-la-circulacion-en-la-ruta-nacional-n-3-entre-monte-hermoso-y-pehuen-co\/\",\"name\":\"Vialidad Nacional habilita la circulaci\u00f3n en la ruta Nacional N\u00b0 3 entre Monte Hermoso y Pehuen Co. - Noticias Radio Reflejos\",\"isPartOf\":{\"@id\":\"https:\/\/www.noticiasradioreflejos.com.ar\/2021\/#website\"},\"datePublished\":\"2019-02-21T15:21:53+00:00\",\"author\":{\"@id\":\"https:\/\/www.noticiasradioreflejos.com.ar\/2021\/#\/schema\/person\/ad82545263dcc5ec0996818884fd5fb1\"},\"breadcrumb\":{\"@id\":\"https:\/\/www.noticiasradioreflejos.com.ar\/2021\/vialidad-nacional-habilita-la-circulacion-en-la-ruta-nacional-n-3-entre-monte-hermoso-y-pehuen-co\/#breadcrumb\"},\"inLanguage\":\"es\",\"potentialAction\":[{\"@type\":\"ReadAction\",\"target\":[\"https:\/\/www.noticiasradioreflejos.com.ar\/2021\/vialidad-nacional-habilita-la-circulacion-en-la-ruta-nacional-n-3-entre-monte-hermoso-y-pehuen-co\/\"]}]},{\"@type\":\"BreadcrumbList\",\"@id\":\"https:\/\/www.noticiasradioreflejos.com.ar\/2021\/vialidad-nacional-habilita-la-circulacion-en-la-ruta-nacional-n-3-entre-monte-hermoso-y-pehuen-co\/#breadcrumb\",\"itemListElement\":[{\"@type\":\"ListItem\",\"position\":1,\"name\":\"Portada\",\"item\":\"https:\/\/www.noticiasradioreflejos.com.ar\/2021\/\"},{\"@type\":\"ListItem\",\"position\":2,\"name\":\"Vialidad Nacional habilita la circulaci\u00f3n en la ruta Nacional N\u00b0 3 entre Monte Hermoso y Pehuen Co.\"}]},{\"@type\":\"WebSite\",\"@id\":\"https:\/\/www.noticiasradioreflejos.com.ar\/2021\/#website\",\"url\":\"https:\/\/www.noticiasradioreflejos.com.ar\/2021\/\",\"name\":\"Noticias Radio Reflejos\",\"description\":\"Las noticias de mi comarca\",\"potentialAction\":[{\"@type\":\"SearchAction\",\"target\":{\"@type\":\"EntryPoint\",\"urlTemplate\":\"https:\/\/www.noticiasradioreflejos.com.ar\/2021\/?s={search_term_string}\"},\"query-input\":{\"@type\":\"PropertyValueSpecification\",\"valueRequired\":true,\"valueName\":\"search_term_string\"}}],\"inLanguage\":\"es\"},{\"@type\":\"Person\",\"@id\":\"https:\/\/www.noticiasradioreflejos.com.ar\/2021\/#\/schema\/person\/ad82545263dcc5ec0996818884fd5fb1\",\"name\":\"Arnaldo Botto\",\"image\":{\"@type\":\"ImageObject\",\"inLanguage\":\"es\",\"@id\":\"https:\/\/www.noticiasradioreflejos.com.ar\/2021\/#\/schema\/person\/image\/\",\"url\":\"https:\/\/secure.gravatar.com\/avatar\/55cb5e37c1efa326397366e6974cb338056df65cb50e7d64d1cf314e87504837?s=96&d=mm&r=g\",\"contentUrl\":\"https:\/\/secure.gravatar.com\/avatar\/55cb5e37c1efa326397366e6974cb338056df65cb50e7d64d1cf314e87504837?s=96&d=mm&r=g\",\"caption\":\"Arnaldo Botto\"},\"url\":\"https:\/\/www.noticiasradioreflejos.com.ar\/2021\/author\/arnaldo\/\"}]}<\/script>\n<!-- \/ Yoast SEO plugin. -->","yoast_head_json":{"title":"Vialidad Nacional habilita la circulaci\u00f3n en la ruta Nacional N\u00b0 3 entre Monte Hermoso y Pehuen Co. - Noticias Radio Reflejos","robots":{"index":"index","follow":"follow","max-snippet":"max-snippet:-1","max-image-preview":"max-image-preview:large","max-video-preview":"max-video-preview:-1"},"canonical":"https:\/\/www.noticiasradioreflejos.com.ar\/2021\/vialidad-nacional-habilita-la-circulacion-en-la-ruta-nacional-n-3-entre-monte-hermoso-y-pehuen-co\/","og_locale":"es_ES","og_type":"article","og_title":"Vialidad Nacional habilita la circulaci\u00f3n en la ruta Nacional N\u00b0 3 entre Monte Hermoso y Pehuen Co. - Noticias Radio Reflejos","og_description":"A partir de este viernes 22 de febrero a las 12 horas se habilitar\u00e1 la circulaci\u00f3n en ambos sentidos del tramo afectado de la RN 3. Es la finalizaci\u00f3n de los trabajos de emergencia que la Naci\u00f3n viene desarrollando desde el pasado 25 de enero. El Ministerio de Transporte, a trav\u00e9s de Vialidad Nacional, comunica [&hellip;]","og_url":"https:\/\/www.noticiasradioreflejos.com.ar\/2021\/vialidad-nacional-habilita-la-circulacion-en-la-ruta-nacional-n-3-entre-monte-hermoso-y-pehuen-co\/","og_site_name":"Noticias Radio Reflejos","article_published_time":"2019-02-21T15:21:53+00:00","og_image":[{"width":300,"height":200,"url":"https:\/\/www.noticiasradioreflejos.com.ar\/2021\/wp-content\/uploads\/2021\/07\/logosol300x200.png","type":"image\/png"}],"author":"Arnaldo Botto","twitter_card":"summary_large_image","schema":{"@context":"https:\/\/schema.org","@graph":[{"@type":"WebPage","@id":"https:\/\/www.noticiasradioreflejos.com.ar\/2021\/vialidad-nacional-habilita-la-circulacion-en-la-ruta-nacional-n-3-entre-monte-hermoso-y-pehuen-co\/","url":"https:\/\/www.noticiasradioreflejos.com.ar\/2021\/vialidad-nacional-habilita-la-circulacion-en-la-ruta-nacional-n-3-entre-monte-hermoso-y-pehuen-co\/","name":"Vialidad Nacional habilita la circulaci\u00f3n en la ruta Nacional N\u00b0 3 entre Monte Hermoso y Pehuen Co. - Noticias Radio Reflejos","isPartOf":{"@id":"https:\/\/www.noticiasradioreflejos.com.ar\/2021\/#website"},"datePublished":"2019-02-21T15:21:53+00:00","author":{"@id":"https:\/\/www.noticiasradioreflejos.com.ar\/2021\/#\/schema\/person\/ad82545263dcc5ec0996818884fd5fb1"},"breadcrumb":{"@id":"https:\/\/www.noticiasradioreflejos.com.ar\/2021\/vialidad-nacional-habilita-la-circulacion-en-la-ruta-nacional-n-3-entre-monte-hermoso-y-pehuen-co\/#breadcrumb"},"inLanguage":"es","potentialAction":[{"@type":"ReadAction","target":["https:\/\/www.noticiasradioreflejos.com.ar\/2021\/vialidad-nacional-habilita-la-circulacion-en-la-ruta-nacional-n-3-entre-monte-hermoso-y-pehuen-co\/"]}]},{"@type":"BreadcrumbList","@id":"https:\/\/www.noticiasradioreflejos.com.ar\/2021\/vialidad-nacional-habilita-la-circulacion-en-la-ruta-nacional-n-3-entre-monte-hermoso-y-pehuen-co\/#breadcrumb","itemListElement":[{"@type":"ListItem","position":1,"name":"Portada","item":"https:\/\/www.noticiasradioreflejos.com.ar\/2021\/"},{"@type":"ListItem","position":2,"name":"Vialidad Nacional habilita la circulaci\u00f3n en la ruta Nacional N\u00b0 3 entre Monte Hermoso y Pehuen Co."}]},{"@type":"WebSite","@id":"https:\/\/www.noticiasradioreflejos.com.ar\/2021\/#website","url":"https:\/\/www.noticiasradioreflejos.com.ar\/2021\/","name":"Noticias Radio Reflejos","description":"Las noticias de mi comarca","potentialAction":[{"@type":"SearchAction","target":{"@type":"EntryPoint","urlTemplate":"https:\/\/www.noticiasradioreflejos.com.ar\/2021\/?s={search_term_string}"},"query-input":{"@type":"PropertyValueSpecification","valueRequired":true,"valueName":"search_term_string"}}],"inLanguage":"es"},{"@type":"Person","@id":"https:\/\/www.noticiasradioreflejos.com.ar\/2021\/#\/schema\/person\/ad82545263dcc5ec0996818884fd5fb1","name":"Arnaldo Botto","image":{"@type":"ImageObject","inLanguage":"es","@id":"https:\/\/www.noticiasradioreflejos.com.ar\/2021\/#\/schema\/person\/image\/","url":"https:\/\/secure.gravatar.com\/avatar\/55cb5e37c1efa326397366e6974cb338056df65cb50e7d64d1cf314e87504837?s=96&d=mm&r=g","contentUrl":"https:\/\/secure.gravatar.com\/avatar\/55cb5e37c1efa326397366e6974cb338056df65cb50e7d64d1cf314e87504837?s=96&d=mm&r=g","caption":"Arnaldo Botto"},"url":"https:\/\/www.noticiasradioreflejos.com.ar\/2021\/author\/arnaldo\/"}]}},"_links":{"self":[{"href":"https:\/\/www.noticiasradioreflejos.com.ar\/2021\/wp-json\/wp\/v2\/posts\/29132","targetHints":{"allow":["GET"]}}],"collection":[{"href":"https:\/\/www.noticiasradioreflejos.com.ar\/2021\/wp-json\/wp\/v2\/posts"}],"about":[{"href":"https:\/\/www.noticiasradioreflejos.com.ar\/2021\/wp-json\/wp\/v2\/types\/post"}],"author":[{"embeddable":true,"href":"https:\/\/www.noticiasradioreflejos.com.ar\/2021\/wp-json\/wp\/v2\/users\/3"}],"replies":[{"embeddable":true,"href":"https:\/\/www.noticiasradioreflejos.com.ar\/2021\/wp-json\/wp\/v2\/comments?post=29132"}],"version-history":[{"count":0,"href":"https:\/\/www.noticiasradioreflejos.com.ar\/2021\/wp-json\/wp\/v2\/posts\/29132\/revisions"}],"wp:attachment":[{"href":"https:\/\/www.noticiasradioreflejos.com.ar\/2021\/wp-json\/wp\/v2\/media?parent=29132"}],"wp:term":[{"taxonomy":"category","embeddable":true,"href":"https:\/\/www.noticiasradioreflejos.com.ar\/2021\/wp-json\/wp\/v2\/categories?post=29132"},{"taxonomy":"post_tag","embeddable":true,"href":"https:\/\/www.noticiasradioreflejos.com.ar\/2021\/wp-json\/wp\/v2\/tags?post=29132"}],"curies":[{"name":"wp","href":"https:\/\/api.w.org\/{rel}","templated":true}]}}