{"id":29129,"date":"2019-02-21T12:12:06","date_gmt":"2019-02-21T15:12:06","guid":{"rendered":"http:\/\/www.noticiasradioreflejos.com.ar\/noticias\/?p=29129"},"modified":"2019-02-21T12:12:06","modified_gmt":"2019-02-21T15:12:06","slug":"invitan-al-segundo-torneo-regional-de-asadores","status":"publish","type":"post","link":"https:\/\/www.noticiasradioreflejos.com.ar\/2021\/invitan-al-segundo-torneo-regional-de-asadores\/","title":{"rendered":"Invitan al Segundo Torneo Regional de Asadores"},"content":{"rendered":"<p>La Secretar\u00eda de Turismo invita a participar del Segundo Torneo Regional de Asadores organizado por la FISA, y que tendr\u00e1 lugar el martes 5 de marzo en el predio de la feria.  Modalidad libre \/ GRATUITO y abierto a todo p\u00fablico.<!--more--><br \/>\nLa forma de asar ser\u00e1 libre, los concursantes deber\u00e1n proveerse del material necesario.<br \/>\nLa organizaci\u00f3n se compromete a suministrar, el costillar, el cual en el proceso de asado no podr\u00e1 ser trozado o cortado en forma alguna hasta el final del proceso de cocci\u00f3n, un espacio (ubicaci\u00f3n por sorteo, al igual que los costillares) f\u00f3sforos y le\u00f1a. Tambi\u00e9n se les har\u00e1 entrega de un ticket para adquirir 1 gaseosa, agua o hielo en cantina. Las bebidas alcoh\u00f3licas correr\u00e1n por cuenta del asador, considerando que esto ser\u00e1 evaluado por el jurado pudiendo influir en el puntaje final. Los asadores deber\u00e1n contar con utensilios, palas, asador cruz, parrilla, chapas, ropa y cualquier otro elemento que necesiten para su trabajo (la comisi\u00f3n organizadora no se hace responsable del extrav\u00edo de estos elementos).<br \/>\n La premiaci\u00f3n estar\u00e1 a cargo del municipio de Bah\u00eda Blanca.<br \/>\n+ Info: 0291- 15.462.6668 \/ https:\/\/www.dropbox.com\/s\/15j4p107lls6u5g\/reglamento%20ASADORES%202019.doc?dl=0<br \/>\nINSCRIPCIONES: torneodeasadores@fisa.com.ar<\/p>\n","protected":false},"excerpt":{"rendered":"<p>La Secretar\u00eda de Turismo invita a participar del Segundo Torneo Regional de Asadores organizado por la FISA, y que tendr\u00e1 lugar el martes 5 de marzo en el predio de la feria. Modalidad libre \/ GRATUITO y abierto a todo p\u00fablico.<\/p>\n","protected":false},"author":3,"featured_media":0,"comment_status":"closed","ping_status":"open","sticky":false,"template":"","format":"standard","meta":{"footnotes":""},"categories":[33],"tags":[],"class_list":["post-29129","post","type-post","status-publish","format-standard","hentry","category-turismo"],"yoast_head":"<!-- This site is optimized with the Yoast SEO plugin v25.9 - https:\/\/yoast.com\/wordpress\/plugins\/seo\/ -->\n<title>Invitan al Segundo Torneo Regional de Asadores - Noticias Radio Reflejos<\/title>\n<meta name=\"robots\" content=\"index, follow, max-snippet:-1, max-image-preview:large, max-video-preview:-1\" \/>\n<link rel=\"canonical\" href=\"https:\/\/www.noticiasradioreflejos.com.ar\/2021\/invitan-al-segundo-torneo-regional-de-asadores\/\" \/>\n<meta property=\"og:locale\" content=\"es_ES\" \/>\n<meta property=\"og:type\" content=\"article\" \/>\n<meta property=\"og:title\" content=\"Invitan al Segundo Torneo Regional de Asadores - Noticias Radio Reflejos\" \/>\n<meta property=\"og:description\" content=\"La Secretar\u00eda de Turismo invita a participar del Segundo Torneo Regional de Asadores organizado por la FISA, y que tendr\u00e1 lugar el martes 5 de marzo en el predio de la feria. Modalidad libre \/ GRATUITO y abierto a todo p\u00fablico.\" \/>\n<meta property=\"og:url\" content=\"https:\/\/www.noticiasradioreflejos.com.ar\/2021\/invitan-al-segundo-torneo-regional-de-asadores\/\" \/>\n<meta property=\"og:site_name\" content=\"Noticias Radio Reflejos\" \/>\n<meta property=\"article:published_time\" content=\"2019-02-21T15:12:06+00:00\" \/>\n<meta property=\"og:image\" content=\"https:\/\/www.noticiasradioreflejos.com.ar\/2021\/wp-content\/uploads\/2021\/07\/logosol300x200.png\" \/>\n\t<meta property=\"og:image:width\" content=\"300\" \/>\n\t<meta property=\"og:image:height\" content=\"200\" \/>\n\t<meta property=\"og:image:type\" content=\"image\/png\" \/>\n<meta name=\"author\" content=\"Arnaldo Botto\" \/>\n<meta name=\"twitter:card\" content=\"summary_large_image\" \/>\n<script type=\"application\/ld+json\" class=\"yoast-schema-graph\">{\"@context\":\"https:\/\/schema.org\",\"@graph\":[{\"@type\":\"WebPage\",\"@id\":\"https:\/\/www.noticiasradioreflejos.com.ar\/2021\/invitan-al-segundo-torneo-regional-de-asadores\/\",\"url\":\"https:\/\/www.noticiasradioreflejos.com.ar\/2021\/invitan-al-segundo-torneo-regional-de-asadores\/\",\"name\":\"Invitan al Segundo Torneo Regional de Asadores - Noticias Radio Reflejos\",\"isPartOf\":{\"@id\":\"https:\/\/www.noticiasradioreflejos.com.ar\/2021\/#website\"},\"datePublished\":\"2019-02-21T15:12:06+00:00\",\"author\":{\"@id\":\"https:\/\/www.noticiasradioreflejos.com.ar\/2021\/#\/schema\/person\/ad82545263dcc5ec0996818884fd5fb1\"},\"breadcrumb\":{\"@id\":\"https:\/\/www.noticiasradioreflejos.com.ar\/2021\/invitan-al-segundo-torneo-regional-de-asadores\/#breadcrumb\"},\"inLanguage\":\"es\",\"potentialAction\":[{\"@type\":\"ReadAction\",\"target\":[\"https:\/\/www.noticiasradioreflejos.com.ar\/2021\/invitan-al-segundo-torneo-regional-de-asadores\/\"]}]},{\"@type\":\"BreadcrumbList\",\"@id\":\"https:\/\/www.noticiasradioreflejos.com.ar\/2021\/invitan-al-segundo-torneo-regional-de-asadores\/#breadcrumb\",\"itemListElement\":[{\"@type\":\"ListItem\",\"position\":1,\"name\":\"Portada\",\"item\":\"https:\/\/www.noticiasradioreflejos.com.ar\/2021\/\"},{\"@type\":\"ListItem\",\"position\":2,\"name\":\"Invitan al Segundo Torneo Regional de Asadores\"}]},{\"@type\":\"WebSite\",\"@id\":\"https:\/\/www.noticiasradioreflejos.com.ar\/2021\/#website\",\"url\":\"https:\/\/www.noticiasradioreflejos.com.ar\/2021\/\",\"name\":\"Noticias Radio Reflejos\",\"description\":\"Las noticias de mi comarca\",\"potentialAction\":[{\"@type\":\"SearchAction\",\"target\":{\"@type\":\"EntryPoint\",\"urlTemplate\":\"https:\/\/www.noticiasradioreflejos.com.ar\/2021\/?s={search_term_string}\"},\"query-input\":{\"@type\":\"PropertyValueSpecification\",\"valueRequired\":true,\"valueName\":\"search_term_string\"}}],\"inLanguage\":\"es\"},{\"@type\":\"Person\",\"@id\":\"https:\/\/www.noticiasradioreflejos.com.ar\/2021\/#\/schema\/person\/ad82545263dcc5ec0996818884fd5fb1\",\"name\":\"Arnaldo Botto\",\"image\":{\"@type\":\"ImageObject\",\"inLanguage\":\"es\",\"@id\":\"https:\/\/www.noticiasradioreflejos.com.ar\/2021\/#\/schema\/person\/image\/\",\"url\":\"https:\/\/secure.gravatar.com\/avatar\/55cb5e37c1efa326397366e6974cb338056df65cb50e7d64d1cf314e87504837?s=96&d=mm&r=g\",\"contentUrl\":\"https:\/\/secure.gravatar.com\/avatar\/55cb5e37c1efa326397366e6974cb338056df65cb50e7d64d1cf314e87504837?s=96&d=mm&r=g\",\"caption\":\"Arnaldo Botto\"},\"url\":\"https:\/\/www.noticiasradioreflejos.com.ar\/2021\/author\/arnaldo\/\"}]}<\/script>\n<!-- \/ Yoast SEO plugin. -->","yoast_head_json":{"title":"Invitan al Segundo Torneo Regional de Asadores - Noticias Radio Reflejos","robots":{"index":"index","follow":"follow","max-snippet":"max-snippet:-1","max-image-preview":"max-image-preview:large","max-video-preview":"max-video-preview:-1"},"canonical":"https:\/\/www.noticiasradioreflejos.com.ar\/2021\/invitan-al-segundo-torneo-regional-de-asadores\/","og_locale":"es_ES","og_type":"article","og_title":"Invitan al Segundo Torneo Regional de Asadores - Noticias Radio Reflejos","og_description":"La Secretar\u00eda de Turismo invita a participar del Segundo Torneo Regional de Asadores organizado por la FISA, y que tendr\u00e1 lugar el martes 5 de marzo en el predio de la feria. Modalidad libre \/ GRATUITO y abierto a todo p\u00fablico.","og_url":"https:\/\/www.noticiasradioreflejos.com.ar\/2021\/invitan-al-segundo-torneo-regional-de-asadores\/","og_site_name":"Noticias Radio Reflejos","article_published_time":"2019-02-21T15:12:06+00:00","og_image":[{"width":300,"height":200,"url":"https:\/\/www.noticiasradioreflejos.com.ar\/2021\/wp-content\/uploads\/2021\/07\/logosol300x200.png","type":"image\/png"}],"author":"Arnaldo Botto","twitter_card":"summary_large_image","schema":{"@context":"https:\/\/schema.org","@graph":[{"@type":"WebPage","@id":"https:\/\/www.noticiasradioreflejos.com.ar\/2021\/invitan-al-segundo-torneo-regional-de-asadores\/","url":"https:\/\/www.noticiasradioreflejos.com.ar\/2021\/invitan-al-segundo-torneo-regional-de-asadores\/","name":"Invitan al Segundo Torneo Regional de Asadores - Noticias Radio Reflejos","isPartOf":{"@id":"https:\/\/www.noticiasradioreflejos.com.ar\/2021\/#website"},"datePublished":"2019-02-21T15:12:06+00:00","author":{"@id":"https:\/\/www.noticiasradioreflejos.com.ar\/2021\/#\/schema\/person\/ad82545263dcc5ec0996818884fd5fb1"},"breadcrumb":{"@id":"https:\/\/www.noticiasradioreflejos.com.ar\/2021\/invitan-al-segundo-torneo-regional-de-asadores\/#breadcrumb"},"inLanguage":"es","potentialAction":[{"@type":"ReadAction","target":["https:\/\/www.noticiasradioreflejos.com.ar\/2021\/invitan-al-segundo-torneo-regional-de-asadores\/"]}]},{"@type":"BreadcrumbList","@id":"https:\/\/www.noticiasradioreflejos.com.ar\/2021\/invitan-al-segundo-torneo-regional-de-asadores\/#breadcrumb","itemListElement":[{"@type":"ListItem","position":1,"name":"Portada","item":"https:\/\/www.noticiasradioreflejos.com.ar\/2021\/"},{"@type":"ListItem","position":2,"name":"Invitan al Segundo Torneo Regional de Asadores"}]},{"@type":"WebSite","@id":"https:\/\/www.noticiasradioreflejos.com.ar\/2021\/#website","url":"https:\/\/www.noticiasradioreflejos.com.ar\/2021\/","name":"Noticias Radio Reflejos","description":"Las noticias de mi comarca","potentialAction":[{"@type":"SearchAction","target":{"@type":"EntryPoint","urlTemplate":"https:\/\/www.noticiasradioreflejos.com.ar\/2021\/?s={search_term_string}"},"query-input":{"@type":"PropertyValueSpecification","valueRequired":true,"valueName":"search_term_string"}}],"inLanguage":"es"},{"@type":"Person","@id":"https:\/\/www.noticiasradioreflejos.com.ar\/2021\/#\/schema\/person\/ad82545263dcc5ec0996818884fd5fb1","name":"Arnaldo Botto","image":{"@type":"ImageObject","inLanguage":"es","@id":"https:\/\/www.noticiasradioreflejos.com.ar\/2021\/#\/schema\/person\/image\/","url":"https:\/\/secure.gravatar.com\/avatar\/55cb5e37c1efa326397366e6974cb338056df65cb50e7d64d1cf314e87504837?s=96&d=mm&r=g","contentUrl":"https:\/\/secure.gravatar.com\/avatar\/55cb5e37c1efa326397366e6974cb338056df65cb50e7d64d1cf314e87504837?s=96&d=mm&r=g","caption":"Arnaldo Botto"},"url":"https:\/\/www.noticiasradioreflejos.com.ar\/2021\/author\/arnaldo\/"}]}},"_links":{"self":[{"href":"https:\/\/www.noticiasradioreflejos.com.ar\/2021\/wp-json\/wp\/v2\/posts\/29129","targetHints":{"allow":["GET"]}}],"collection":[{"href":"https:\/\/www.noticiasradioreflejos.com.ar\/2021\/wp-json\/wp\/v2\/posts"}],"about":[{"href":"https:\/\/www.noticiasradioreflejos.com.ar\/2021\/wp-json\/wp\/v2\/types\/post"}],"author":[{"embeddable":true,"href":"https:\/\/www.noticiasradioreflejos.com.ar\/2021\/wp-json\/wp\/v2\/users\/3"}],"replies":[{"embeddable":true,"href":"https:\/\/www.noticiasradioreflejos.com.ar\/2021\/wp-json\/wp\/v2\/comments?post=29129"}],"version-history":[{"count":0,"href":"https:\/\/www.noticiasradioreflejos.com.ar\/2021\/wp-json\/wp\/v2\/posts\/29129\/revisions"}],"wp:attachment":[{"href":"https:\/\/www.noticiasradioreflejos.com.ar\/2021\/wp-json\/wp\/v2\/media?parent=29129"}],"wp:term":[{"taxonomy":"category","embeddable":true,"href":"https:\/\/www.noticiasradioreflejos.com.ar\/2021\/wp-json\/wp\/v2\/categories?post=29129"},{"taxonomy":"post_tag","embeddable":true,"href":"https:\/\/www.noticiasradioreflejos.com.ar\/2021\/wp-json\/wp\/v2\/tags?post=29129"}],"curies":[{"name":"wp","href":"https:\/\/api.w.org\/{rel}","templated":true}]}}