{"id":29123,"date":"2019-02-21T11:37:52","date_gmt":"2019-02-21T14:37:52","guid":{"rendered":"http:\/\/www.noticiasradioreflejos.com.ar\/noticias\/?p=29123"},"modified":"2019-02-21T11:37:52","modified_gmt":"2019-02-21T14:37:52","slug":"jubilaciones-pensiones-y-asignaciones-aumentaran-1183-desde-el-1-de-marzo","status":"publish","type":"post","link":"https:\/\/www.noticiasradioreflejos.com.ar\/2021\/jubilaciones-pensiones-y-asignaciones-aumentaran-1183-desde-el-1-de-marzo\/","title":{"rendered":"Jubilaciones, pensiones y asignaciones aumentar\u00e1n 11,83% desde el 1\u00b0 de marzo."},"content":{"rendered":"<p>Es el primero de los cuatro incrementos anuales que se aplican por la Ley de Movilidad. El haber m\u00ednimo jubilatorio ser\u00e1 de $10.410,37 y la Asignaci\u00f3n Universal por Hijo, de $2031.<!--more--><br \/>\nEn el marco de la Resoluci\u00f3n 4\/2019 publicada hoy en el Bolet\u00edn Oficial, ANSES informa que, a partir del 1\u00b0 de marzo, m\u00e1s de 17,7 millones de personas recibir\u00e1n un aumento del 11,83% en sus haberes, que corresponden a 8,5 millones de jubilaciones y pensiones; 1,5 millones de Pensiones No Contributivas (PNC) y Pensiones Universales para el Adulto Mayor (PUAM) y m\u00e1s de 9,2 millones de asignaciones por hijo.<br \/>\nCon este primer aumento, la jubilaci\u00f3n m\u00ednima pasar\u00e1 de $9309,10 a $10.410,37 en marzo y la PUAM ascender\u00e1 de $7447,28 a $8328,29.<br \/>\nEn tanto, el monto de la Asignaci\u00f3n Universal por Hijo se incrementar\u00e1 de $1816 a $2031, favoreciendo en forma directa a 4 millones de ni\u00f1os de 2,3 millones de familias. Por su parte, la Asignaci\u00f3n por Hijo con Discapacidad se elevar\u00e1 de $5919 a $6620.<br \/>\nTambi\u00e9n aumentar\u00e1 la Ayuda Escolar Anual a $1701 por hijo, que el Estado paga a los trabajadores formales, a quienes cobran la PUAM, la Prestaci\u00f3n por Desempleo y la Asignaci\u00f3n Universal.<br \/>\n&nbsp;<br \/>\n<strong>M\u00e1s de 8,5 millones de ni\u00f1os cubiertos con las Asignaciones Familiares<\/strong><br \/>\nCon respecto a las Asignaciones Familiares (AAFF), ANSES brinda cobertura a 8.521.076 ni\u00f1os en la Argentina. De ese total, 3.561.256 son hijos de trabajadores en relaci\u00f3n de dependencia y monotributistas; 4.024.164 de titulares de la Asignaci\u00f3n Universal; 829.059 de jubilados, pensionados y PNC por Invalidez y 106.597 de los que reciben la Prestaci\u00f3n por Desempleo.<br \/>\nLos nuevos montos y los rangos de ingreso del grupo familiar para las AAFF quedar\u00e1n conformados de la siguiente manera:<\/p>\n<p align=\"center\"><img loading=\"lazy\" decoding=\"async\" id=\"yiv3235781592Imagen_x0020_1\" src=\"https:\/\/dl-mail.ymail.com\/ws\/download\/mailboxes\/@.id==VjN-zsYWJLJi0pgt34yWlh4yoPtT_G8tzcqeHzPG7MPf9sZK4ZPgGKAerNPZwP63KSR22uur1FmJ7gEr3x8xXdQUCA\/messages\/@.id==AE1E5nsFvLWqXG62zALG8MUO1R4\/content\/parts\/@.id==4\/raw?appid=YMailNorrin&amp;ymreqid=d18f7fe8-cd98-57de-1c56-fb00c5012c00&amp;token=zitEzqOML3j84e6ealFTT5U7-km5qEQF52lp7AcCuBZIDBW8yIIAVnRazFx7F4mnHD_32mxX76ZstdBMmKvqROUYVjsuC1-_8i-gaF2uRSPK69a4fZH1VOkJejc_9sQn\" width=\"671\" height=\"203\" border=\"0\" \/><\/p>\n<p class=\"yiv3235781592MsoNormal\"><em>* Ninguno de los miembros del grupo familiar puede tener ingresos superiores a $53.829.<\/em><\/p>\n<p class=\"yiv3235781592MsoNormal\"><strong>Otras asignaciones<\/strong><\/p>\n<p class=\"yiv3235781592MsoNormal\"><strong>\u00a0<\/strong><\/p>\n<p class=\"yiv3235781592MsoNormal\" align=\"center\"><img loading=\"lazy\" decoding=\"async\" id=\"yiv3235781592Imagen_x0020_6\" src=\"https:\/\/dl-mail.ymail.com\/ws\/download\/mailboxes\/@.id==VjN-zsYWJLJi0pgt34yWlh4yoPtT_G8tzcqeHzPG7MPf9sZK4ZPgGKAerNPZwP63KSR22uur1FmJ7gEr3x8xXdQUCA\/messages\/@.id==AE1E5nsFvLWqXG62zALG8MUO1R4\/content\/parts\/@.id==5\/raw?appid=YMailNorrin&amp;ymreqid=d18f7fe8-cd98-57de-1c56-fb00c5012c00&amp;token=zitEzqOML3j84e6ealFTT5U7-km5qEQF52lp7AcCuBZIDBW8yIIAVnRazFx7F4mnHD_32mxX76ZstdBMmKvqROUYVjsuC1-_8i-gaF2uRSPK69a4fZH1VOkJejc_9sQn\" width=\"506\" height=\"197\" border=\"0\" \/><\/p>\n<p class=\"yiv3235781592MsoNormal\"><strong>\u00a0<\/strong><\/p>\n<p class=\"yiv3235781592MsoNormal\"><strong>CALENDARIOS DE PAGO<\/strong><\/p>\n<p class=\"yiv3235781592MsoNormal\"><strong>\u00a0<\/strong><\/p>\n<p class=\"yiv3235781592MsoNormal\"><strong>Jubilados y pensionados\u00a0<\/strong><\/p>\n<p class=\"yiv3235781592MsoNormal\"><img loading=\"lazy\" decoding=\"async\" id=\"yiv3235781592Imagen_x0020_7\" src=\"https:\/\/apis.mail.yahoo.com\/ws\/v3\/mailboxes\/@.id==VjN-zsYWJLJi0pgt34yWlh4yoPtT_G8tzcqeHzPG7MPf9sZK4ZPgGKAerNPZwP63KSR22uur1FmJ7gEr3x8xXdQUCA\/messages\/@.id==AE1E5nsFvLWqXG62zALG8MUO1R4\/content\/parts\/@.id==6\/thumbnail?appId=YMailNorrin&amp;downloadWhenThumbnailFails=true&amp;pid=6\" width=\"614\" height=\"288\" border=\"0\" \/><\/p>\n<p class=\"yiv3235781592MsoNormal\"><strong>Pensiones No Contributivas<\/strong><\/p>\n<p class=\"yiv3235781592MsoNormal\"><strong>\u00a0<\/strong><\/p>\n<p class=\"yiv3235781592MsoNormal\"><img loading=\"lazy\" decoding=\"async\" id=\"yiv3235781592Imagen_x0020_8\" src=\"https:\/\/apis.mail.yahoo.com\/ws\/v3\/mailboxes\/@.id==VjN-zsYWJLJi0pgt34yWlh4yoPtT_G8tzcqeHzPG7MPf9sZK4ZPgGKAerNPZwP63KSR22uur1FmJ7gEr3x8xXdQUCA\/messages\/@.id==AE1E5nsFvLWqXG62zALG8MUO1R4\/content\/parts\/@.id==7\/thumbnail?appId=YMailNorrin&amp;downloadWhenThumbnailFails=true&amp;pid=7\" width=\"607\" height=\"150\" border=\"0\" \/><\/p>\n<p class=\"yiv3235781592MsoNormal\"><strong>\u00a0<\/strong><\/p>\n<p class=\"yiv3235781592MsoNormal\"><strong>Asignaci\u00f3n Universal por Hijo y por Embarazo<\/strong><\/p>\n<p class=\"yiv3235781592MsoNormal\"><strong>\u00a0<\/strong><\/p>\n<p class=\"yiv3235781592MsoNormal\"><img loading=\"lazy\" decoding=\"async\" id=\"yiv3235781592Imagen_x0020_9\" src=\"https:\/\/apis.mail.yahoo.com\/ws\/v3\/mailboxes\/@.id==VjN-zsYWJLJi0pgt34yWlh4yoPtT_G8tzcqeHzPG7MPf9sZK4ZPgGKAerNPZwP63KSR22uur1FmJ7gEr3x8xXdQUCA\/messages\/@.id==AE1E5nsFvLWqXG62zALG8MUO1R4\/content\/parts\/@.id==8\/thumbnail?appId=YMailNorrin&amp;downloadWhenThumbnailFails=true&amp;pid=8\" width=\"620\" height=\"127\" border=\"0\" \/><\/p>\n<p class=\"yiv3235781592MsoNormal\"><strong>\u00a0<\/strong><\/p>\n<p class=\"yiv3235781592MsoNormal\"><strong>Sistema \u00danico de Asignaciones Familiares (Trabajadores en actividad)<\/strong><\/p>\n<p class=\"yiv3235781592MsoNormal\"><strong>\u00a0<\/strong><\/p>\n<p class=\"yiv3235781592MsoNormal\"><img loading=\"lazy\" decoding=\"async\" id=\"yiv3235781592Imagen_x0020_10\" src=\"https:\/\/apis.mail.yahoo.com\/ws\/v3\/mailboxes\/@.id==VjN-zsYWJLJi0pgt34yWlh4yoPtT_G8tzcqeHzPG7MPf9sZK4ZPgGKAerNPZwP63KSR22uur1FmJ7gEr3x8xXdQUCA\/messages\/@.id==AE1E5nsFvLWqXG62zALG8MUO1R4\/content\/parts\/@.id==9\/thumbnail?appId=YMailNorrin&amp;downloadWhenThumbnailFails=true&amp;pid=9\" width=\"633\" height=\"164\" border=\"0\" \/><\/p>\n<p class=\"yiv3235781592MsoNormal\"><strong>\u00a0<\/strong><\/p>\n<p class=\"yiv3235781592MsoNormal\"><strong>Asignaciones de Pago \u00danico (Matrimonio- Nacimiento- Adopci\u00f3n)<\/strong><\/p>\n<p class=\"yiv3235781592MsoNormal\"><strong>\u00a0<\/strong><\/p>\n<p class=\"yiv3235781592MsoNormal\"><img loading=\"lazy\" decoding=\"async\" id=\"yiv3235781592Imagen_x0020_11\" src=\"https:\/\/apis.mail.yahoo.com\/ws\/v3\/mailboxes\/@.id==VjN-zsYWJLJi0pgt34yWlh4yoPtT_G8tzcqeHzPG7MPf9sZK4ZPgGKAerNPZwP63KSR22uur1FmJ7gEr3x8xXdQUCA\/messages\/@.id==AE1E5nsFvLWqXG62zALG8MUO1R4\/content\/parts\/@.id==10\/thumbnail?appId=YMailNorrin&amp;downloadWhenThumbnailFails=true&amp;pid=10\" width=\"622\" height=\"156\" border=\"0\" \/><\/p>\n<p class=\"yiv3235781592MsoNormal\"><strong>\u00a0<\/strong><\/p>\n<p class=\"yiv3235781592MsoNormal\"><strong>Prestaci\u00f3n por Desempleo<\/strong><\/p>\n<p class=\"yiv3235781592MsoNormal\"><strong>Plan 1<\/strong><\/p>\n<p class=\"yiv3235781592MsoNormal\"><img loading=\"lazy\" decoding=\"async\" id=\"yiv3235781592Imagen_x0020_12\" src=\"https:\/\/apis.mail.yahoo.com\/ws\/v3\/mailboxes\/@.id==VjN-zsYWJLJi0pgt34yWlh4yoPtT_G8tzcqeHzPG7MPf9sZK4ZPgGKAerNPZwP63KSR22uur1FmJ7gEr3x8xXdQUCA\/messages\/@.id==AE1E5nsFvLWqXG62zALG8MUO1R4\/content\/parts\/@.id==11\/thumbnail?appId=YMailNorrin&amp;downloadWhenThumbnailFails=true&amp;pid=11\" width=\"665\" height=\"135\" border=\"0\" \/><\/p>\n<p class=\"yiv3235781592MsoNormal\"><b>Planes 2 y 3<\/b><\/p>\n<p class=\"yiv3235781592MsoNormal\"><img loading=\"lazy\" decoding=\"async\" id=\"yiv3235781592Imagen_x0020_13\" src=\"https:\/\/apis.mail.yahoo.com\/ws\/v3\/mailboxes\/@.id==VjN-zsYWJLJi0pgt34yWlh4yoPtT_G8tzcqeHzPG7MPf9sZK4ZPgGKAerNPZwP63KSR22uur1FmJ7gEr3x8xXdQUCA\/messages\/@.id==AE1E5nsFvLWqXG62zALG8MUO1R4\/content\/parts\/@.id==12\/thumbnail?appId=YMailNorrin&amp;downloadWhenThumbnailFails=true&amp;pid=12\" width=\"497\" height=\"152\" border=\"0\" \/><\/p>\n<p class=\"yiv3235781592MsoNormal\"><i>PLAN 2: altas mes en curso. Luego se incorporan al Plan 1 para el pago de las siguientes cuotas.<\/i><\/p>\n<p class=\"yiv3235781592MsoNormal\"><i>PLAN 3: Decreto N\u00ba 614\/13 &#8211; Pago Embargo Madres.<\/i><\/p>\n","protected":false},"excerpt":{"rendered":"<p>Es el primero de los cuatro incrementos anuales que se aplican por la Ley de Movilidad. El haber m\u00ednimo jubilatorio ser\u00e1 de $10.410,37 y la Asignaci\u00f3n Universal por Hijo, de $2031.<\/p>\n","protected":false},"author":3,"featured_media":0,"comment_status":"closed","ping_status":"open","sticky":false,"template":"","format":"standard","meta":{"footnotes":""},"categories":[36],"tags":[],"class_list":["post-29123","post","type-post","status-publish","format-standard","hentry","category-economia"],"yoast_head":"<!-- This site is optimized with the Yoast SEO plugin v25.9 - https:\/\/yoast.com\/wordpress\/plugins\/seo\/ -->\n<title>Jubilaciones, pensiones y asignaciones aumentar\u00e1n 11,83% desde el 1\u00b0 de marzo. - Noticias Radio Reflejos<\/title>\n<meta name=\"robots\" content=\"index, follow, max-snippet:-1, max-image-preview:large, max-video-preview:-1\" \/>\n<link rel=\"canonical\" href=\"https:\/\/www.noticiasradioreflejos.com.ar\/2021\/jubilaciones-pensiones-y-asignaciones-aumentaran-1183-desde-el-1-de-marzo\/\" \/>\n<meta property=\"og:locale\" content=\"es_ES\" \/>\n<meta property=\"og:type\" content=\"article\" \/>\n<meta property=\"og:title\" content=\"Jubilaciones, pensiones y asignaciones aumentar\u00e1n 11,83% desde el 1\u00b0 de marzo. - Noticias Radio Reflejos\" \/>\n<meta property=\"og:description\" content=\"Es el primero de los cuatro incrementos anuales que se aplican por la Ley de Movilidad. El haber m\u00ednimo jubilatorio ser\u00e1 de $10.410,37 y la Asignaci\u00f3n Universal por Hijo, de $2031.\" \/>\n<meta property=\"og:url\" content=\"https:\/\/www.noticiasradioreflejos.com.ar\/2021\/jubilaciones-pensiones-y-asignaciones-aumentaran-1183-desde-el-1-de-marzo\/\" \/>\n<meta property=\"og:site_name\" content=\"Noticias Radio Reflejos\" \/>\n<meta property=\"article:published_time\" content=\"2019-02-21T14:37:52+00:00\" \/>\n<meta property=\"og:image\" content=\"https:\/\/dl-mail.ymail.com\/ws\/download\/mailboxes\/@.id==VjN-zsYWJLJi0pgt34yWlh4yoPtT_G8tzcqeHzPG7MPf9sZK4ZPgGKAerNPZwP63KSR22uur1FmJ7gEr3x8xXdQUCA\/messages\/@.id==AE1E5nsFvLWqXG62zALG8MUO1R4\/content\/parts\/@.id==4\/raw?appid=YMailNorrin&amp;ymreqid=d18f7fe8-cd98-57de-1c56-fb00c5012c00&amp;token=zitEzqOML3j84e6ealFTT5U7-km5qEQF52lp7AcCuBZIDBW8yIIAVnRazFx7F4mnHD_32mxX76ZstdBMmKvqROUYVjsuC1-_8i-gaF2uRSPK69a4fZH1VOkJejc_9sQn\" \/>\n<meta name=\"author\" content=\"Arnaldo Botto\" \/>\n<meta name=\"twitter:card\" content=\"summary_large_image\" \/>\n<script type=\"application\/ld+json\" class=\"yoast-schema-graph\">{\"@context\":\"https:\/\/schema.org\",\"@graph\":[{\"@type\":\"WebPage\",\"@id\":\"https:\/\/www.noticiasradioreflejos.com.ar\/2021\/jubilaciones-pensiones-y-asignaciones-aumentaran-1183-desde-el-1-de-marzo\/\",\"url\":\"https:\/\/www.noticiasradioreflejos.com.ar\/2021\/jubilaciones-pensiones-y-asignaciones-aumentaran-1183-desde-el-1-de-marzo\/\",\"name\":\"Jubilaciones, pensiones y asignaciones aumentar\u00e1n 11,83% desde el 1\u00b0 de marzo. - Noticias Radio Reflejos\",\"isPartOf\":{\"@id\":\"https:\/\/www.noticiasradioreflejos.com.ar\/2021\/#website\"},\"primaryImageOfPage\":{\"@id\":\"https:\/\/www.noticiasradioreflejos.com.ar\/2021\/jubilaciones-pensiones-y-asignaciones-aumentaran-1183-desde-el-1-de-marzo\/#primaryimage\"},\"image\":{\"@id\":\"https:\/\/www.noticiasradioreflejos.com.ar\/2021\/jubilaciones-pensiones-y-asignaciones-aumentaran-1183-desde-el-1-de-marzo\/#primaryimage\"},\"thumbnailUrl\":\"https:\/\/dl-mail.ymail.com\/ws\/download\/mailboxes\/@.id==VjN-zsYWJLJi0pgt34yWlh4yoPtT_G8tzcqeHzPG7MPf9sZK4ZPgGKAerNPZwP63KSR22uur1FmJ7gEr3x8xXdQUCA\/messages\/@.id==AE1E5nsFvLWqXG62zALG8MUO1R4\/content\/parts\/@.id==4\/raw?appid=YMailNorrin&amp;ymreqid=d18f7fe8-cd98-57de-1c56-fb00c5012c00&amp;token=zitEzqOML3j84e6ealFTT5U7-km5qEQF52lp7AcCuBZIDBW8yIIAVnRazFx7F4mnHD_32mxX76ZstdBMmKvqROUYVjsuC1-_8i-gaF2uRSPK69a4fZH1VOkJejc_9sQn\",\"datePublished\":\"2019-02-21T14:37:52+00:00\",\"author\":{\"@id\":\"https:\/\/www.noticiasradioreflejos.com.ar\/2021\/#\/schema\/person\/ad82545263dcc5ec0996818884fd5fb1\"},\"breadcrumb\":{\"@id\":\"https:\/\/www.noticiasradioreflejos.com.ar\/2021\/jubilaciones-pensiones-y-asignaciones-aumentaran-1183-desde-el-1-de-marzo\/#breadcrumb\"},\"inLanguage\":\"es\",\"potentialAction\":[{\"@type\":\"ReadAction\",\"target\":[\"https:\/\/www.noticiasradioreflejos.com.ar\/2021\/jubilaciones-pensiones-y-asignaciones-aumentaran-1183-desde-el-1-de-marzo\/\"]}]},{\"@type\":\"ImageObject\",\"inLanguage\":\"es\",\"@id\":\"https:\/\/www.noticiasradioreflejos.com.ar\/2021\/jubilaciones-pensiones-y-asignaciones-aumentaran-1183-desde-el-1-de-marzo\/#primaryimage\",\"url\":\"https:\/\/dl-mail.ymail.com\/ws\/download\/mailboxes\/@.id==VjN-zsYWJLJi0pgt34yWlh4yoPtT_G8tzcqeHzPG7MPf9sZK4ZPgGKAerNPZwP63KSR22uur1FmJ7gEr3x8xXdQUCA\/messages\/@.id==AE1E5nsFvLWqXG62zALG8MUO1R4\/content\/parts\/@.id==4\/raw?appid=YMailNorrin&amp;ymreqid=d18f7fe8-cd98-57de-1c56-fb00c5012c00&amp;token=zitEzqOML3j84e6ealFTT5U7-km5qEQF52lp7AcCuBZIDBW8yIIAVnRazFx7F4mnHD_32mxX76ZstdBMmKvqROUYVjsuC1-_8i-gaF2uRSPK69a4fZH1VOkJejc_9sQn\",\"contentUrl\":\"https:\/\/dl-mail.ymail.com\/ws\/download\/mailboxes\/@.id==VjN-zsYWJLJi0pgt34yWlh4yoPtT_G8tzcqeHzPG7MPf9sZK4ZPgGKAerNPZwP63KSR22uur1FmJ7gEr3x8xXdQUCA\/messages\/@.id==AE1E5nsFvLWqXG62zALG8MUO1R4\/content\/parts\/@.id==4\/raw?appid=YMailNorrin&amp;ymreqid=d18f7fe8-cd98-57de-1c56-fb00c5012c00&amp;token=zitEzqOML3j84e6ealFTT5U7-km5qEQF52lp7AcCuBZIDBW8yIIAVnRazFx7F4mnHD_32mxX76ZstdBMmKvqROUYVjsuC1-_8i-gaF2uRSPK69a4fZH1VOkJejc_9sQn\"},{\"@type\":\"BreadcrumbList\",\"@id\":\"https:\/\/www.noticiasradioreflejos.com.ar\/2021\/jubilaciones-pensiones-y-asignaciones-aumentaran-1183-desde-el-1-de-marzo\/#breadcrumb\",\"itemListElement\":[{\"@type\":\"ListItem\",\"position\":1,\"name\":\"Portada\",\"item\":\"https:\/\/www.noticiasradioreflejos.com.ar\/2021\/\"},{\"@type\":\"ListItem\",\"position\":2,\"name\":\"Jubilaciones, pensiones y asignaciones aumentar\u00e1n 11,83% desde el 1\u00b0 de marzo.\"}]},{\"@type\":\"WebSite\",\"@id\":\"https:\/\/www.noticiasradioreflejos.com.ar\/2021\/#website\",\"url\":\"https:\/\/www.noticiasradioreflejos.com.ar\/2021\/\",\"name\":\"Noticias Radio Reflejos\",\"description\":\"Las noticias de mi comarca\",\"potentialAction\":[{\"@type\":\"SearchAction\",\"target\":{\"@type\":\"EntryPoint\",\"urlTemplate\":\"https:\/\/www.noticiasradioreflejos.com.ar\/2021\/?s={search_term_string}\"},\"query-input\":{\"@type\":\"PropertyValueSpecification\",\"valueRequired\":true,\"valueName\":\"search_term_string\"}}],\"inLanguage\":\"es\"},{\"@type\":\"Person\",\"@id\":\"https:\/\/www.noticiasradioreflejos.com.ar\/2021\/#\/schema\/person\/ad82545263dcc5ec0996818884fd5fb1\",\"name\":\"Arnaldo Botto\",\"image\":{\"@type\":\"ImageObject\",\"inLanguage\":\"es\",\"@id\":\"https:\/\/www.noticiasradioreflejos.com.ar\/2021\/#\/schema\/person\/image\/\",\"url\":\"https:\/\/secure.gravatar.com\/avatar\/55cb5e37c1efa326397366e6974cb338056df65cb50e7d64d1cf314e87504837?s=96&d=mm&r=g\",\"contentUrl\":\"https:\/\/secure.gravatar.com\/avatar\/55cb5e37c1efa326397366e6974cb338056df65cb50e7d64d1cf314e87504837?s=96&d=mm&r=g\",\"caption\":\"Arnaldo Botto\"},\"url\":\"https:\/\/www.noticiasradioreflejos.com.ar\/2021\/author\/arnaldo\/\"}]}<\/script>\n<!-- \/ Yoast SEO plugin. -->","yoast_head_json":{"title":"Jubilaciones, pensiones y asignaciones aumentar\u00e1n 11,83% desde el 1\u00b0 de marzo. - Noticias Radio Reflejos","robots":{"index":"index","follow":"follow","max-snippet":"max-snippet:-1","max-image-preview":"max-image-preview:large","max-video-preview":"max-video-preview:-1"},"canonical":"https:\/\/www.noticiasradioreflejos.com.ar\/2021\/jubilaciones-pensiones-y-asignaciones-aumentaran-1183-desde-el-1-de-marzo\/","og_locale":"es_ES","og_type":"article","og_title":"Jubilaciones, pensiones y asignaciones aumentar\u00e1n 11,83% desde el 1\u00b0 de marzo. - Noticias Radio Reflejos","og_description":"Es el primero de los cuatro incrementos anuales que se aplican por la Ley de Movilidad. El haber m\u00ednimo jubilatorio ser\u00e1 de $10.410,37 y la Asignaci\u00f3n Universal por Hijo, de $2031.","og_url":"https:\/\/www.noticiasradioreflejos.com.ar\/2021\/jubilaciones-pensiones-y-asignaciones-aumentaran-1183-desde-el-1-de-marzo\/","og_site_name":"Noticias Radio Reflejos","article_published_time":"2019-02-21T14:37:52+00:00","og_image":[{"url":"https:\/\/dl-mail.ymail.com\/ws\/download\/mailboxes\/@.id==VjN-zsYWJLJi0pgt34yWlh4yoPtT_G8tzcqeHzPG7MPf9sZK4ZPgGKAerNPZwP63KSR22uur1FmJ7gEr3x8xXdQUCA\/messages\/@.id==AE1E5nsFvLWqXG62zALG8MUO1R4\/content\/parts\/@.id==4\/raw?appid=YMailNorrin&amp;ymreqid=d18f7fe8-cd98-57de-1c56-fb00c5012c00&amp;token=zitEzqOML3j84e6ealFTT5U7-km5qEQF52lp7AcCuBZIDBW8yIIAVnRazFx7F4mnHD_32mxX76ZstdBMmKvqROUYVjsuC1-_8i-gaF2uRSPK69a4fZH1VOkJejc_9sQn","type":"","width":"","height":""}],"author":"Arnaldo Botto","twitter_card":"summary_large_image","schema":{"@context":"https:\/\/schema.org","@graph":[{"@type":"WebPage","@id":"https:\/\/www.noticiasradioreflejos.com.ar\/2021\/jubilaciones-pensiones-y-asignaciones-aumentaran-1183-desde-el-1-de-marzo\/","url":"https:\/\/www.noticiasradioreflejos.com.ar\/2021\/jubilaciones-pensiones-y-asignaciones-aumentaran-1183-desde-el-1-de-marzo\/","name":"Jubilaciones, pensiones y asignaciones aumentar\u00e1n 11,83% desde el 1\u00b0 de marzo. - Noticias Radio Reflejos","isPartOf":{"@id":"https:\/\/www.noticiasradioreflejos.com.ar\/2021\/#website"},"primaryImageOfPage":{"@id":"https:\/\/www.noticiasradioreflejos.com.ar\/2021\/jubilaciones-pensiones-y-asignaciones-aumentaran-1183-desde-el-1-de-marzo\/#primaryimage"},"image":{"@id":"https:\/\/www.noticiasradioreflejos.com.ar\/2021\/jubilaciones-pensiones-y-asignaciones-aumentaran-1183-desde-el-1-de-marzo\/#primaryimage"},"thumbnailUrl":"https:\/\/dl-mail.ymail.com\/ws\/download\/mailboxes\/@.id==VjN-zsYWJLJi0pgt34yWlh4yoPtT_G8tzcqeHzPG7MPf9sZK4ZPgGKAerNPZwP63KSR22uur1FmJ7gEr3x8xXdQUCA\/messages\/@.id==AE1E5nsFvLWqXG62zALG8MUO1R4\/content\/parts\/@.id==4\/raw?appid=YMailNorrin&amp;ymreqid=d18f7fe8-cd98-57de-1c56-fb00c5012c00&amp;token=zitEzqOML3j84e6ealFTT5U7-km5qEQF52lp7AcCuBZIDBW8yIIAVnRazFx7F4mnHD_32mxX76ZstdBMmKvqROUYVjsuC1-_8i-gaF2uRSPK69a4fZH1VOkJejc_9sQn","datePublished":"2019-02-21T14:37:52+00:00","author":{"@id":"https:\/\/www.noticiasradioreflejos.com.ar\/2021\/#\/schema\/person\/ad82545263dcc5ec0996818884fd5fb1"},"breadcrumb":{"@id":"https:\/\/www.noticiasradioreflejos.com.ar\/2021\/jubilaciones-pensiones-y-asignaciones-aumentaran-1183-desde-el-1-de-marzo\/#breadcrumb"},"inLanguage":"es","potentialAction":[{"@type":"ReadAction","target":["https:\/\/www.noticiasradioreflejos.com.ar\/2021\/jubilaciones-pensiones-y-asignaciones-aumentaran-1183-desde-el-1-de-marzo\/"]}]},{"@type":"ImageObject","inLanguage":"es","@id":"https:\/\/www.noticiasradioreflejos.com.ar\/2021\/jubilaciones-pensiones-y-asignaciones-aumentaran-1183-desde-el-1-de-marzo\/#primaryimage","url":"https:\/\/dl-mail.ymail.com\/ws\/download\/mailboxes\/@.id==VjN-zsYWJLJi0pgt34yWlh4yoPtT_G8tzcqeHzPG7MPf9sZK4ZPgGKAerNPZwP63KSR22uur1FmJ7gEr3x8xXdQUCA\/messages\/@.id==AE1E5nsFvLWqXG62zALG8MUO1R4\/content\/parts\/@.id==4\/raw?appid=YMailNorrin&amp;ymreqid=d18f7fe8-cd98-57de-1c56-fb00c5012c00&amp;token=zitEzqOML3j84e6ealFTT5U7-km5qEQF52lp7AcCuBZIDBW8yIIAVnRazFx7F4mnHD_32mxX76ZstdBMmKvqROUYVjsuC1-_8i-gaF2uRSPK69a4fZH1VOkJejc_9sQn","contentUrl":"https:\/\/dl-mail.ymail.com\/ws\/download\/mailboxes\/@.id==VjN-zsYWJLJi0pgt34yWlh4yoPtT_G8tzcqeHzPG7MPf9sZK4ZPgGKAerNPZwP63KSR22uur1FmJ7gEr3x8xXdQUCA\/messages\/@.id==AE1E5nsFvLWqXG62zALG8MUO1R4\/content\/parts\/@.id==4\/raw?appid=YMailNorrin&amp;ymreqid=d18f7fe8-cd98-57de-1c56-fb00c5012c00&amp;token=zitEzqOML3j84e6ealFTT5U7-km5qEQF52lp7AcCuBZIDBW8yIIAVnRazFx7F4mnHD_32mxX76ZstdBMmKvqROUYVjsuC1-_8i-gaF2uRSPK69a4fZH1VOkJejc_9sQn"},{"@type":"BreadcrumbList","@id":"https:\/\/www.noticiasradioreflejos.com.ar\/2021\/jubilaciones-pensiones-y-asignaciones-aumentaran-1183-desde-el-1-de-marzo\/#breadcrumb","itemListElement":[{"@type":"ListItem","position":1,"name":"Portada","item":"https:\/\/www.noticiasradioreflejos.com.ar\/2021\/"},{"@type":"ListItem","position":2,"name":"Jubilaciones, pensiones y asignaciones aumentar\u00e1n 11,83% desde el 1\u00b0 de marzo."}]},{"@type":"WebSite","@id":"https:\/\/www.noticiasradioreflejos.com.ar\/2021\/#website","url":"https:\/\/www.noticiasradioreflejos.com.ar\/2021\/","name":"Noticias Radio Reflejos","description":"Las noticias de mi comarca","potentialAction":[{"@type":"SearchAction","target":{"@type":"EntryPoint","urlTemplate":"https:\/\/www.noticiasradioreflejos.com.ar\/2021\/?s={search_term_string}"},"query-input":{"@type":"PropertyValueSpecification","valueRequired":true,"valueName":"search_term_string"}}],"inLanguage":"es"},{"@type":"Person","@id":"https:\/\/www.noticiasradioreflejos.com.ar\/2021\/#\/schema\/person\/ad82545263dcc5ec0996818884fd5fb1","name":"Arnaldo Botto","image":{"@type":"ImageObject","inLanguage":"es","@id":"https:\/\/www.noticiasradioreflejos.com.ar\/2021\/#\/schema\/person\/image\/","url":"https:\/\/secure.gravatar.com\/avatar\/55cb5e37c1efa326397366e6974cb338056df65cb50e7d64d1cf314e87504837?s=96&d=mm&r=g","contentUrl":"https:\/\/secure.gravatar.com\/avatar\/55cb5e37c1efa326397366e6974cb338056df65cb50e7d64d1cf314e87504837?s=96&d=mm&r=g","caption":"Arnaldo Botto"},"url":"https:\/\/www.noticiasradioreflejos.com.ar\/2021\/author\/arnaldo\/"}]}},"_links":{"self":[{"href":"https:\/\/www.noticiasradioreflejos.com.ar\/2021\/wp-json\/wp\/v2\/posts\/29123","targetHints":{"allow":["GET"]}}],"collection":[{"href":"https:\/\/www.noticiasradioreflejos.com.ar\/2021\/wp-json\/wp\/v2\/posts"}],"about":[{"href":"https:\/\/www.noticiasradioreflejos.com.ar\/2021\/wp-json\/wp\/v2\/types\/post"}],"author":[{"embeddable":true,"href":"https:\/\/www.noticiasradioreflejos.com.ar\/2021\/wp-json\/wp\/v2\/users\/3"}],"replies":[{"embeddable":true,"href":"https:\/\/www.noticiasradioreflejos.com.ar\/2021\/wp-json\/wp\/v2\/comments?post=29123"}],"version-history":[{"count":0,"href":"https:\/\/www.noticiasradioreflejos.com.ar\/2021\/wp-json\/wp\/v2\/posts\/29123\/revisions"}],"wp:attachment":[{"href":"https:\/\/www.noticiasradioreflejos.com.ar\/2021\/wp-json\/wp\/v2\/media?parent=29123"}],"wp:term":[{"taxonomy":"category","embeddable":true,"href":"https:\/\/www.noticiasradioreflejos.com.ar\/2021\/wp-json\/wp\/v2\/categories?post=29123"},{"taxonomy":"post_tag","embeddable":true,"href":"https:\/\/www.noticiasradioreflejos.com.ar\/2021\/wp-json\/wp\/v2\/tags?post=29123"}],"curies":[{"name":"wp","href":"https:\/\/api.w.org\/{rel}","templated":true}]}}