{"id":29119,"date":"2019-02-21T10:21:23","date_gmt":"2019-02-21T13:21:23","guid":{"rendered":"http:\/\/www.noticiasradioreflejos.com.ar\/noticias\/?p=29119"},"modified":"2019-02-21T10:21:23","modified_gmt":"2019-02-21T13:21:23","slug":"programa-compra-pyme-2","status":"publish","type":"post","link":"https:\/\/www.noticiasradioreflejos.com.ar\/2021\/programa-compra-pyme-2\/","title":{"rendered":"Programa Compr\u00e1 PyMe"},"content":{"rendered":"<p>En el marco de las medidas y acciones para acompa\u00f1ar a las PyMES, el Ministerio de Producci\u00f3n de la Provincia de Buenos Aires implementa un programa llamado \u00abCompr\u00e1 PyME\u00bb, busca promover y fomentar la comercializaci\u00f3n de los productos de Micro, Peque\u00f1as y Medianas Empresas de la Provincia de Buenos Aires en las grandes cadenas de consumo.<!--more--><br \/>\nAsimismo, las PyMEs que formen parte del Programa podr\u00e1n participar de FISA 2019 (Feria Multisectorial) del 1\u00b0 al 5 de Marzo en Bah\u00eda Blanca.<br \/>\nEn el marco de esta feria se organizar\u00e1 una ronda de negocios para vincular a los cadenas comerciales con las empresas PyME, con el fin de promover nuevos canales de comercializaci\u00f3n de m\u00e1s productos HECHOS EN PBA y mejorar las condiciones comerciales que rigen actualmente entre las partes.<br \/>\nConsideramos que es una oportunidad para el crecimiento de las PyME de todos los rincones de la Provincia, por lo que agradeceremos las acciones de difusi\u00f3n sobre el Programa, a trav\u00e9s del contacto tanto con las PyMEs como con los supermercados e hipermercados de sus localidades.<br \/>\nAdjuntamos las caracter\u00edsticas del Programa y los requisitos de adhesi\u00f3n.<br \/>\nEn el siguiente link, encontrar\u00e1n m\u00e1s informaci\u00f3n: https:\/\/www.gba.gob.ar\/produccion\/area_de_trabajo\/programa_compra_pyme<br \/>\nZona de los archivos adjuntos<\/p>\n","protected":false},"excerpt":{"rendered":"<p>En el marco de las medidas y acciones para acompa\u00f1ar a las PyMES, el Ministerio de Producci\u00f3n de la Provincia de Buenos Aires implementa un programa llamado \u00abCompr\u00e1 PyME\u00bb, busca promover y fomentar la comercializaci\u00f3n de los productos de Micro, Peque\u00f1as y Medianas Empresas de la Provincia de Buenos Aires en las grandes cadenas de [&hellip;]<\/p>\n","protected":false},"author":3,"featured_media":0,"comment_status":"closed","ping_status":"open","sticky":false,"template":"","format":"standard","meta":{"footnotes":""},"categories":[28],"tags":[],"class_list":["post-29119","post","type-post","status-publish","format-standard","hentry","category-municipales"],"yoast_head":"<!-- This site is optimized with the Yoast SEO plugin v25.9 - https:\/\/yoast.com\/wordpress\/plugins\/seo\/ -->\n<title>Programa Compr\u00e1 PyMe - Noticias Radio Reflejos<\/title>\n<meta name=\"robots\" content=\"index, follow, max-snippet:-1, max-image-preview:large, max-video-preview:-1\" \/>\n<link rel=\"canonical\" href=\"https:\/\/www.noticiasradioreflejos.com.ar\/2021\/programa-compra-pyme-2\/\" \/>\n<meta property=\"og:locale\" content=\"es_ES\" \/>\n<meta property=\"og:type\" content=\"article\" \/>\n<meta property=\"og:title\" content=\"Programa Compr\u00e1 PyMe - Noticias Radio Reflejos\" \/>\n<meta property=\"og:description\" content=\"En el marco de las medidas y acciones para acompa\u00f1ar a las PyMES, el Ministerio de Producci\u00f3n de la Provincia de Buenos Aires implementa un programa llamado \u00abCompr\u00e1 PyME\u00bb, busca promover y fomentar la comercializaci\u00f3n de los productos de Micro, Peque\u00f1as y Medianas Empresas de la Provincia de Buenos Aires en las grandes cadenas de [&hellip;]\" \/>\n<meta property=\"og:url\" content=\"https:\/\/www.noticiasradioreflejos.com.ar\/2021\/programa-compra-pyme-2\/\" \/>\n<meta property=\"og:site_name\" content=\"Noticias Radio Reflejos\" \/>\n<meta property=\"article:published_time\" content=\"2019-02-21T13:21:23+00:00\" \/>\n<meta property=\"og:image\" content=\"https:\/\/www.noticiasradioreflejos.com.ar\/2021\/wp-content\/uploads\/2021\/07\/logosol300x200.png\" \/>\n\t<meta property=\"og:image:width\" content=\"300\" \/>\n\t<meta property=\"og:image:height\" content=\"200\" \/>\n\t<meta property=\"og:image:type\" content=\"image\/png\" \/>\n<meta name=\"author\" content=\"Arnaldo Botto\" \/>\n<meta name=\"twitter:card\" content=\"summary_large_image\" \/>\n<script type=\"application\/ld+json\" class=\"yoast-schema-graph\">{\"@context\":\"https:\/\/schema.org\",\"@graph\":[{\"@type\":\"WebPage\",\"@id\":\"https:\/\/www.noticiasradioreflejos.com.ar\/2021\/programa-compra-pyme-2\/\",\"url\":\"https:\/\/www.noticiasradioreflejos.com.ar\/2021\/programa-compra-pyme-2\/\",\"name\":\"Programa Compr\u00e1 PyMe - Noticias Radio Reflejos\",\"isPartOf\":{\"@id\":\"https:\/\/www.noticiasradioreflejos.com.ar\/2021\/#website\"},\"datePublished\":\"2019-02-21T13:21:23+00:00\",\"author\":{\"@id\":\"https:\/\/www.noticiasradioreflejos.com.ar\/2021\/#\/schema\/person\/ad82545263dcc5ec0996818884fd5fb1\"},\"breadcrumb\":{\"@id\":\"https:\/\/www.noticiasradioreflejos.com.ar\/2021\/programa-compra-pyme-2\/#breadcrumb\"},\"inLanguage\":\"es\",\"potentialAction\":[{\"@type\":\"ReadAction\",\"target\":[\"https:\/\/www.noticiasradioreflejos.com.ar\/2021\/programa-compra-pyme-2\/\"]}]},{\"@type\":\"BreadcrumbList\",\"@id\":\"https:\/\/www.noticiasradioreflejos.com.ar\/2021\/programa-compra-pyme-2\/#breadcrumb\",\"itemListElement\":[{\"@type\":\"ListItem\",\"position\":1,\"name\":\"Portada\",\"item\":\"https:\/\/www.noticiasradioreflejos.com.ar\/2021\/\"},{\"@type\":\"ListItem\",\"position\":2,\"name\":\"Programa Compr\u00e1 PyMe\"}]},{\"@type\":\"WebSite\",\"@id\":\"https:\/\/www.noticiasradioreflejos.com.ar\/2021\/#website\",\"url\":\"https:\/\/www.noticiasradioreflejos.com.ar\/2021\/\",\"name\":\"Noticias Radio Reflejos\",\"description\":\"Las noticias de mi comarca\",\"potentialAction\":[{\"@type\":\"SearchAction\",\"target\":{\"@type\":\"EntryPoint\",\"urlTemplate\":\"https:\/\/www.noticiasradioreflejos.com.ar\/2021\/?s={search_term_string}\"},\"query-input\":{\"@type\":\"PropertyValueSpecification\",\"valueRequired\":true,\"valueName\":\"search_term_string\"}}],\"inLanguage\":\"es\"},{\"@type\":\"Person\",\"@id\":\"https:\/\/www.noticiasradioreflejos.com.ar\/2021\/#\/schema\/person\/ad82545263dcc5ec0996818884fd5fb1\",\"name\":\"Arnaldo Botto\",\"image\":{\"@type\":\"ImageObject\",\"inLanguage\":\"es\",\"@id\":\"https:\/\/www.noticiasradioreflejos.com.ar\/2021\/#\/schema\/person\/image\/\",\"url\":\"https:\/\/secure.gravatar.com\/avatar\/55cb5e37c1efa326397366e6974cb338056df65cb50e7d64d1cf314e87504837?s=96&d=mm&r=g\",\"contentUrl\":\"https:\/\/secure.gravatar.com\/avatar\/55cb5e37c1efa326397366e6974cb338056df65cb50e7d64d1cf314e87504837?s=96&d=mm&r=g\",\"caption\":\"Arnaldo Botto\"},\"url\":\"https:\/\/www.noticiasradioreflejos.com.ar\/2021\/author\/arnaldo\/\"}]}<\/script>\n<!-- \/ Yoast SEO plugin. -->","yoast_head_json":{"title":"Programa Compr\u00e1 PyMe - Noticias Radio Reflejos","robots":{"index":"index","follow":"follow","max-snippet":"max-snippet:-1","max-image-preview":"max-image-preview:large","max-video-preview":"max-video-preview:-1"},"canonical":"https:\/\/www.noticiasradioreflejos.com.ar\/2021\/programa-compra-pyme-2\/","og_locale":"es_ES","og_type":"article","og_title":"Programa Compr\u00e1 PyMe - Noticias Radio Reflejos","og_description":"En el marco de las medidas y acciones para acompa\u00f1ar a las PyMES, el Ministerio de Producci\u00f3n de la Provincia de Buenos Aires implementa un programa llamado \u00abCompr\u00e1 PyME\u00bb, busca promover y fomentar la comercializaci\u00f3n de los productos de Micro, Peque\u00f1as y Medianas Empresas de la Provincia de Buenos Aires en las grandes cadenas de [&hellip;]","og_url":"https:\/\/www.noticiasradioreflejos.com.ar\/2021\/programa-compra-pyme-2\/","og_site_name":"Noticias Radio Reflejos","article_published_time":"2019-02-21T13:21:23+00:00","og_image":[{"width":300,"height":200,"url":"https:\/\/www.noticiasradioreflejos.com.ar\/2021\/wp-content\/uploads\/2021\/07\/logosol300x200.png","type":"image\/png"}],"author":"Arnaldo Botto","twitter_card":"summary_large_image","schema":{"@context":"https:\/\/schema.org","@graph":[{"@type":"WebPage","@id":"https:\/\/www.noticiasradioreflejos.com.ar\/2021\/programa-compra-pyme-2\/","url":"https:\/\/www.noticiasradioreflejos.com.ar\/2021\/programa-compra-pyme-2\/","name":"Programa Compr\u00e1 PyMe - Noticias Radio Reflejos","isPartOf":{"@id":"https:\/\/www.noticiasradioreflejos.com.ar\/2021\/#website"},"datePublished":"2019-02-21T13:21:23+00:00","author":{"@id":"https:\/\/www.noticiasradioreflejos.com.ar\/2021\/#\/schema\/person\/ad82545263dcc5ec0996818884fd5fb1"},"breadcrumb":{"@id":"https:\/\/www.noticiasradioreflejos.com.ar\/2021\/programa-compra-pyme-2\/#breadcrumb"},"inLanguage":"es","potentialAction":[{"@type":"ReadAction","target":["https:\/\/www.noticiasradioreflejos.com.ar\/2021\/programa-compra-pyme-2\/"]}]},{"@type":"BreadcrumbList","@id":"https:\/\/www.noticiasradioreflejos.com.ar\/2021\/programa-compra-pyme-2\/#breadcrumb","itemListElement":[{"@type":"ListItem","position":1,"name":"Portada","item":"https:\/\/www.noticiasradioreflejos.com.ar\/2021\/"},{"@type":"ListItem","position":2,"name":"Programa Compr\u00e1 PyMe"}]},{"@type":"WebSite","@id":"https:\/\/www.noticiasradioreflejos.com.ar\/2021\/#website","url":"https:\/\/www.noticiasradioreflejos.com.ar\/2021\/","name":"Noticias Radio Reflejos","description":"Las noticias de mi comarca","potentialAction":[{"@type":"SearchAction","target":{"@type":"EntryPoint","urlTemplate":"https:\/\/www.noticiasradioreflejos.com.ar\/2021\/?s={search_term_string}"},"query-input":{"@type":"PropertyValueSpecification","valueRequired":true,"valueName":"search_term_string"}}],"inLanguage":"es"},{"@type":"Person","@id":"https:\/\/www.noticiasradioreflejos.com.ar\/2021\/#\/schema\/person\/ad82545263dcc5ec0996818884fd5fb1","name":"Arnaldo Botto","image":{"@type":"ImageObject","inLanguage":"es","@id":"https:\/\/www.noticiasradioreflejos.com.ar\/2021\/#\/schema\/person\/image\/","url":"https:\/\/secure.gravatar.com\/avatar\/55cb5e37c1efa326397366e6974cb338056df65cb50e7d64d1cf314e87504837?s=96&d=mm&r=g","contentUrl":"https:\/\/secure.gravatar.com\/avatar\/55cb5e37c1efa326397366e6974cb338056df65cb50e7d64d1cf314e87504837?s=96&d=mm&r=g","caption":"Arnaldo Botto"},"url":"https:\/\/www.noticiasradioreflejos.com.ar\/2021\/author\/arnaldo\/"}]}},"_links":{"self":[{"href":"https:\/\/www.noticiasradioreflejos.com.ar\/2021\/wp-json\/wp\/v2\/posts\/29119","targetHints":{"allow":["GET"]}}],"collection":[{"href":"https:\/\/www.noticiasradioreflejos.com.ar\/2021\/wp-json\/wp\/v2\/posts"}],"about":[{"href":"https:\/\/www.noticiasradioreflejos.com.ar\/2021\/wp-json\/wp\/v2\/types\/post"}],"author":[{"embeddable":true,"href":"https:\/\/www.noticiasradioreflejos.com.ar\/2021\/wp-json\/wp\/v2\/users\/3"}],"replies":[{"embeddable":true,"href":"https:\/\/www.noticiasradioreflejos.com.ar\/2021\/wp-json\/wp\/v2\/comments?post=29119"}],"version-history":[{"count":0,"href":"https:\/\/www.noticiasradioreflejos.com.ar\/2021\/wp-json\/wp\/v2\/posts\/29119\/revisions"}],"wp:attachment":[{"href":"https:\/\/www.noticiasradioreflejos.com.ar\/2021\/wp-json\/wp\/v2\/media?parent=29119"}],"wp:term":[{"taxonomy":"category","embeddable":true,"href":"https:\/\/www.noticiasradioreflejos.com.ar\/2021\/wp-json\/wp\/v2\/categories?post=29119"},{"taxonomy":"post_tag","embeddable":true,"href":"https:\/\/www.noticiasradioreflejos.com.ar\/2021\/wp-json\/wp\/v2\/tags?post=29119"}],"curies":[{"name":"wp","href":"https:\/\/api.w.org\/{rel}","templated":true}]}}