{"id":29117,"date":"2019-02-21T10:19:36","date_gmt":"2019-02-21T13:19:36","guid":{"rendered":"http:\/\/www.noticiasradioreflejos.com.ar\/noticias\/?p=29117"},"modified":"2019-02-21T10:19:36","modified_gmt":"2019-02-21T13:19:36","slug":"avanza-las-obras-en-los-parques-eolicos-el-mataco-y-san-jorge","status":"publish","type":"post","link":"https:\/\/www.noticiasradioreflejos.com.ar\/2021\/avanza-las-obras-en-los-parques-eolicos-el-mataco-y-san-jorge\/","title":{"rendered":"Avanzan las obras en los Parques E\u00f3licos \u201cEl Mataco\u201d y \u201cSan Jorge\u201d"},"content":{"rendered":"<p>El d\u00eda de ayer, el intendente municipal Sergio Bordoni recorri\u00f3 el avance de las obras de los Parques E\u00f3licos \u201cEl Mataco\u201d y \u201cSan Jorge\u201d.<br \/>\nEn el lugar, fue recibido por el Ing. Daniel Fuster, Jefe de Obra, quien explic\u00f3 que en este momento se est\u00e1 trabajando sobre la futura estaci\u00f3n transformadora, que operar\u00e1 la empresa Transba, y en el edificio desde el cual se controlar\u00e1n cada uno de los aeros. <!--more-->El jefe comunal, que estuvo acompa\u00f1ado por el Secretario de Desarrollo, Gonzalo Iparraguirre y el Director de Juventud, Gerardo Bucchi, tambi\u00e9n recorri\u00f3 la zona donde se comenzaron a construir las bases de hormig\u00f3n, donde luego ser\u00e1n instaladas las torres de los aerogeneradores. Ya se encuentran cimentadas 14 de las 51, que se ubican a ambos lados de la R. N 33, a la altura del Km 44.<br \/>\nAdem\u00e1s pudieron visitar la planta de hormig\u00f3n de la empresa Milicic, que lleva adelante los trabajos para PCR (Petroqu\u00edmica Comodoro Rivadavia), empresa adjudicataria del proyecto.<\/p>\n","protected":false},"excerpt":{"rendered":"<p>El d\u00eda de ayer, el intendente municipal Sergio Bordoni recorri\u00f3 el avance de las obras de los Parques E\u00f3licos \u201cEl Mataco\u201d y \u201cSan Jorge\u201d. En el lugar, fue recibido por el Ing. Daniel Fuster, Jefe de Obra, quien explic\u00f3 que en este momento se est\u00e1 trabajando sobre la futura estaci\u00f3n transformadora, que operar\u00e1 la empresa [&hellip;]<\/p>\n","protected":false},"author":3,"featured_media":0,"comment_status":"closed","ping_status":"open","sticky":false,"template":"","format":"standard","meta":{"footnotes":""},"categories":[28],"tags":[],"class_list":["post-29117","post","type-post","status-publish","format-standard","hentry","category-municipales"],"yoast_head":"<!-- This site is optimized with the Yoast SEO plugin v25.9 - https:\/\/yoast.com\/wordpress\/plugins\/seo\/ -->\n<title>Avanzan las obras en los Parques E\u00f3licos \u201cEl Mataco\u201d y \u201cSan Jorge\u201d - Noticias Radio Reflejos<\/title>\n<meta name=\"robots\" content=\"index, follow, max-snippet:-1, max-image-preview:large, max-video-preview:-1\" \/>\n<link rel=\"canonical\" href=\"https:\/\/www.noticiasradioreflejos.com.ar\/2021\/avanza-las-obras-en-los-parques-eolicos-el-mataco-y-san-jorge\/\" \/>\n<meta property=\"og:locale\" content=\"es_ES\" \/>\n<meta property=\"og:type\" content=\"article\" \/>\n<meta property=\"og:title\" content=\"Avanzan las obras en los Parques E\u00f3licos \u201cEl Mataco\u201d y \u201cSan Jorge\u201d - Noticias Radio Reflejos\" \/>\n<meta property=\"og:description\" content=\"El d\u00eda de ayer, el intendente municipal Sergio Bordoni recorri\u00f3 el avance de las obras de los Parques E\u00f3licos \u201cEl Mataco\u201d y \u201cSan Jorge\u201d. En el lugar, fue recibido por el Ing. Daniel Fuster, Jefe de Obra, quien explic\u00f3 que en este momento se est\u00e1 trabajando sobre la futura estaci\u00f3n transformadora, que operar\u00e1 la empresa [&hellip;]\" \/>\n<meta property=\"og:url\" content=\"https:\/\/www.noticiasradioreflejos.com.ar\/2021\/avanza-las-obras-en-los-parques-eolicos-el-mataco-y-san-jorge\/\" \/>\n<meta property=\"og:site_name\" content=\"Noticias Radio Reflejos\" \/>\n<meta property=\"article:published_time\" content=\"2019-02-21T13:19:36+00:00\" \/>\n<meta property=\"og:image\" content=\"https:\/\/www.noticiasradioreflejos.com.ar\/2021\/wp-content\/uploads\/2021\/07\/logosol300x200.png\" \/>\n\t<meta property=\"og:image:width\" content=\"300\" \/>\n\t<meta property=\"og:image:height\" content=\"200\" \/>\n\t<meta property=\"og:image:type\" content=\"image\/png\" \/>\n<meta name=\"author\" content=\"Arnaldo Botto\" \/>\n<meta name=\"twitter:card\" content=\"summary_large_image\" \/>\n<script type=\"application\/ld+json\" class=\"yoast-schema-graph\">{\"@context\":\"https:\/\/schema.org\",\"@graph\":[{\"@type\":\"WebPage\",\"@id\":\"https:\/\/www.noticiasradioreflejos.com.ar\/2021\/avanza-las-obras-en-los-parques-eolicos-el-mataco-y-san-jorge\/\",\"url\":\"https:\/\/www.noticiasradioreflejos.com.ar\/2021\/avanza-las-obras-en-los-parques-eolicos-el-mataco-y-san-jorge\/\",\"name\":\"Avanzan las obras en los Parques E\u00f3licos \u201cEl Mataco\u201d y \u201cSan Jorge\u201d - Noticias Radio Reflejos\",\"isPartOf\":{\"@id\":\"https:\/\/www.noticiasradioreflejos.com.ar\/2021\/#website\"},\"datePublished\":\"2019-02-21T13:19:36+00:00\",\"author\":{\"@id\":\"https:\/\/www.noticiasradioreflejos.com.ar\/2021\/#\/schema\/person\/ad82545263dcc5ec0996818884fd5fb1\"},\"breadcrumb\":{\"@id\":\"https:\/\/www.noticiasradioreflejos.com.ar\/2021\/avanza-las-obras-en-los-parques-eolicos-el-mataco-y-san-jorge\/#breadcrumb\"},\"inLanguage\":\"es\",\"potentialAction\":[{\"@type\":\"ReadAction\",\"target\":[\"https:\/\/www.noticiasradioreflejos.com.ar\/2021\/avanza-las-obras-en-los-parques-eolicos-el-mataco-y-san-jorge\/\"]}]},{\"@type\":\"BreadcrumbList\",\"@id\":\"https:\/\/www.noticiasradioreflejos.com.ar\/2021\/avanza-las-obras-en-los-parques-eolicos-el-mataco-y-san-jorge\/#breadcrumb\",\"itemListElement\":[{\"@type\":\"ListItem\",\"position\":1,\"name\":\"Portada\",\"item\":\"https:\/\/www.noticiasradioreflejos.com.ar\/2021\/\"},{\"@type\":\"ListItem\",\"position\":2,\"name\":\"Avanzan las obras en los Parques E\u00f3licos \u201cEl Mataco\u201d y \u201cSan Jorge\u201d\"}]},{\"@type\":\"WebSite\",\"@id\":\"https:\/\/www.noticiasradioreflejos.com.ar\/2021\/#website\",\"url\":\"https:\/\/www.noticiasradioreflejos.com.ar\/2021\/\",\"name\":\"Noticias Radio Reflejos\",\"description\":\"Las noticias de mi comarca\",\"potentialAction\":[{\"@type\":\"SearchAction\",\"target\":{\"@type\":\"EntryPoint\",\"urlTemplate\":\"https:\/\/www.noticiasradioreflejos.com.ar\/2021\/?s={search_term_string}\"},\"query-input\":{\"@type\":\"PropertyValueSpecification\",\"valueRequired\":true,\"valueName\":\"search_term_string\"}}],\"inLanguage\":\"es\"},{\"@type\":\"Person\",\"@id\":\"https:\/\/www.noticiasradioreflejos.com.ar\/2021\/#\/schema\/person\/ad82545263dcc5ec0996818884fd5fb1\",\"name\":\"Arnaldo Botto\",\"image\":{\"@type\":\"ImageObject\",\"inLanguage\":\"es\",\"@id\":\"https:\/\/www.noticiasradioreflejos.com.ar\/2021\/#\/schema\/person\/image\/\",\"url\":\"https:\/\/secure.gravatar.com\/avatar\/55cb5e37c1efa326397366e6974cb338056df65cb50e7d64d1cf314e87504837?s=96&d=mm&r=g\",\"contentUrl\":\"https:\/\/secure.gravatar.com\/avatar\/55cb5e37c1efa326397366e6974cb338056df65cb50e7d64d1cf314e87504837?s=96&d=mm&r=g\",\"caption\":\"Arnaldo Botto\"},\"url\":\"https:\/\/www.noticiasradioreflejos.com.ar\/2021\/author\/arnaldo\/\"}]}<\/script>\n<!-- \/ Yoast SEO plugin. -->","yoast_head_json":{"title":"Avanzan las obras en los Parques E\u00f3licos \u201cEl Mataco\u201d y \u201cSan Jorge\u201d - Noticias Radio Reflejos","robots":{"index":"index","follow":"follow","max-snippet":"max-snippet:-1","max-image-preview":"max-image-preview:large","max-video-preview":"max-video-preview:-1"},"canonical":"https:\/\/www.noticiasradioreflejos.com.ar\/2021\/avanza-las-obras-en-los-parques-eolicos-el-mataco-y-san-jorge\/","og_locale":"es_ES","og_type":"article","og_title":"Avanzan las obras en los Parques E\u00f3licos \u201cEl Mataco\u201d y \u201cSan Jorge\u201d - Noticias Radio Reflejos","og_description":"El d\u00eda de ayer, el intendente municipal Sergio Bordoni recorri\u00f3 el avance de las obras de los Parques E\u00f3licos \u201cEl Mataco\u201d y \u201cSan Jorge\u201d. En el lugar, fue recibido por el Ing. Daniel Fuster, Jefe de Obra, quien explic\u00f3 que en este momento se est\u00e1 trabajando sobre la futura estaci\u00f3n transformadora, que operar\u00e1 la empresa [&hellip;]","og_url":"https:\/\/www.noticiasradioreflejos.com.ar\/2021\/avanza-las-obras-en-los-parques-eolicos-el-mataco-y-san-jorge\/","og_site_name":"Noticias Radio Reflejos","article_published_time":"2019-02-21T13:19:36+00:00","og_image":[{"width":300,"height":200,"url":"https:\/\/www.noticiasradioreflejos.com.ar\/2021\/wp-content\/uploads\/2021\/07\/logosol300x200.png","type":"image\/png"}],"author":"Arnaldo Botto","twitter_card":"summary_large_image","schema":{"@context":"https:\/\/schema.org","@graph":[{"@type":"WebPage","@id":"https:\/\/www.noticiasradioreflejos.com.ar\/2021\/avanza-las-obras-en-los-parques-eolicos-el-mataco-y-san-jorge\/","url":"https:\/\/www.noticiasradioreflejos.com.ar\/2021\/avanza-las-obras-en-los-parques-eolicos-el-mataco-y-san-jorge\/","name":"Avanzan las obras en los Parques E\u00f3licos \u201cEl Mataco\u201d y \u201cSan Jorge\u201d - Noticias Radio Reflejos","isPartOf":{"@id":"https:\/\/www.noticiasradioreflejos.com.ar\/2021\/#website"},"datePublished":"2019-02-21T13:19:36+00:00","author":{"@id":"https:\/\/www.noticiasradioreflejos.com.ar\/2021\/#\/schema\/person\/ad82545263dcc5ec0996818884fd5fb1"},"breadcrumb":{"@id":"https:\/\/www.noticiasradioreflejos.com.ar\/2021\/avanza-las-obras-en-los-parques-eolicos-el-mataco-y-san-jorge\/#breadcrumb"},"inLanguage":"es","potentialAction":[{"@type":"ReadAction","target":["https:\/\/www.noticiasradioreflejos.com.ar\/2021\/avanza-las-obras-en-los-parques-eolicos-el-mataco-y-san-jorge\/"]}]},{"@type":"BreadcrumbList","@id":"https:\/\/www.noticiasradioreflejos.com.ar\/2021\/avanza-las-obras-en-los-parques-eolicos-el-mataco-y-san-jorge\/#breadcrumb","itemListElement":[{"@type":"ListItem","position":1,"name":"Portada","item":"https:\/\/www.noticiasradioreflejos.com.ar\/2021\/"},{"@type":"ListItem","position":2,"name":"Avanzan las obras en los Parques E\u00f3licos \u201cEl Mataco\u201d y \u201cSan Jorge\u201d"}]},{"@type":"WebSite","@id":"https:\/\/www.noticiasradioreflejos.com.ar\/2021\/#website","url":"https:\/\/www.noticiasradioreflejos.com.ar\/2021\/","name":"Noticias Radio Reflejos","description":"Las noticias de mi comarca","potentialAction":[{"@type":"SearchAction","target":{"@type":"EntryPoint","urlTemplate":"https:\/\/www.noticiasradioreflejos.com.ar\/2021\/?s={search_term_string}"},"query-input":{"@type":"PropertyValueSpecification","valueRequired":true,"valueName":"search_term_string"}}],"inLanguage":"es"},{"@type":"Person","@id":"https:\/\/www.noticiasradioreflejos.com.ar\/2021\/#\/schema\/person\/ad82545263dcc5ec0996818884fd5fb1","name":"Arnaldo Botto","image":{"@type":"ImageObject","inLanguage":"es","@id":"https:\/\/www.noticiasradioreflejos.com.ar\/2021\/#\/schema\/person\/image\/","url":"https:\/\/secure.gravatar.com\/avatar\/55cb5e37c1efa326397366e6974cb338056df65cb50e7d64d1cf314e87504837?s=96&d=mm&r=g","contentUrl":"https:\/\/secure.gravatar.com\/avatar\/55cb5e37c1efa326397366e6974cb338056df65cb50e7d64d1cf314e87504837?s=96&d=mm&r=g","caption":"Arnaldo Botto"},"url":"https:\/\/www.noticiasradioreflejos.com.ar\/2021\/author\/arnaldo\/"}]}},"_links":{"self":[{"href":"https:\/\/www.noticiasradioreflejos.com.ar\/2021\/wp-json\/wp\/v2\/posts\/29117","targetHints":{"allow":["GET"]}}],"collection":[{"href":"https:\/\/www.noticiasradioreflejos.com.ar\/2021\/wp-json\/wp\/v2\/posts"}],"about":[{"href":"https:\/\/www.noticiasradioreflejos.com.ar\/2021\/wp-json\/wp\/v2\/types\/post"}],"author":[{"embeddable":true,"href":"https:\/\/www.noticiasradioreflejos.com.ar\/2021\/wp-json\/wp\/v2\/users\/3"}],"replies":[{"embeddable":true,"href":"https:\/\/www.noticiasradioreflejos.com.ar\/2021\/wp-json\/wp\/v2\/comments?post=29117"}],"version-history":[{"count":0,"href":"https:\/\/www.noticiasradioreflejos.com.ar\/2021\/wp-json\/wp\/v2\/posts\/29117\/revisions"}],"wp:attachment":[{"href":"https:\/\/www.noticiasradioreflejos.com.ar\/2021\/wp-json\/wp\/v2\/media?parent=29117"}],"wp:term":[{"taxonomy":"category","embeddable":true,"href":"https:\/\/www.noticiasradioreflejos.com.ar\/2021\/wp-json\/wp\/v2\/categories?post=29117"},{"taxonomy":"post_tag","embeddable":true,"href":"https:\/\/www.noticiasradioreflejos.com.ar\/2021\/wp-json\/wp\/v2\/tags?post=29117"}],"curies":[{"name":"wp","href":"https:\/\/api.w.org\/{rel}","templated":true}]}}