{"id":29111,"date":"2019-02-21T08:31:43","date_gmt":"2019-02-21T11:31:43","guid":{"rendered":"http:\/\/www.noticiasradioreflejos.com.ar\/noticias\/?p=29111"},"modified":"2019-02-21T08:31:43","modified_gmt":"2019-02-21T11:31:43","slug":"piden-al-intendente-bordoni-que-intensifique-las-gestiones-para-la-repavimentacion-de-la-ruta-76","status":"publish","type":"post","link":"https:\/\/www.noticiasradioreflejos.com.ar\/2021\/piden-al-intendente-bordoni-que-intensifique-las-gestiones-para-la-repavimentacion-de-la-ruta-76\/","title":{"rendered":"Piden al intendente Bordoni que \u201cintensifique las gestiones\u201d para la repavimentaci\u00f3n de la Ruta 76"},"content":{"rendered":"<p>La solicitud es de parte del Frente Popular, Unidad Ciudadana y Agrupaci\u00f3n Milla Cura de Coronel Su\u00e1rez.<br \/>\nEl Frente Popular (FP), Unidad Ciudadana y la Agrupaci\u00f3n Milla Cura de Coronel Su\u00e1rez, solicitaron al intendente Sergio Bordoni que \u201cintensifique las gestiones\u201d para lograr que finalmente se ejecute la repavimentaci\u00f3n de la Ruta 76.<!--more--><br \/>\nDesde el FP, Claudio Masson asegur\u00f3 a este medio que el gobierno provincial cuenta con presupuesto para realizar dicha obra, que cuesta m\u00e1s de 300 millones de pesos, ya que recibi\u00f3 de Naci\u00f3n entre 20 y 30 mil millones de pesos del Fondo del Conurbano (FC).<br \/>\n\u201cLe estamos diciendo al jefe comunal y al Concejo Deliberante que adhieran a que todo esto que pas\u00f3 hasta que la Gobernadora Mar\u00eda Eugenia Vidal vino a Sierra de la Ventana y dijo que se va a hacer un bacheo profundo, fue antes de que la Naci\u00f3n se comprometa con la Provincia a actualizar el FC, que se destina a obras\u201d, explic\u00f3.<br \/>\n\u201cSi tenemos la provincia sensibilizada, si la gobernadora se comprometi\u00f3, si hay una licitaci\u00f3n en curso y si tenemos un estudio, creo que no faltar\u00eda mucho. Qu\u00e9 bueno ser\u00eda que el sudoeste bonaerense, que no tiene muchas m\u00e1s rutas provinciales en este estado, logre la repavimentaci\u00f3n de la 76 entre el cruce de Laprida Lamadrid hasta la Ruta Nacional 33\u201d, agreg\u00f3.<br \/>\nPor eso, \u201cle pedimos que al Bordoni que intensifique las gestiones porque es un momento muy importante, en el que la Provincia va a recibir fondos adicionales. Puede ser que \u00e9l, junto al intendente de Coronel Suarez y a toda esta movida que han hecho las c\u00e1maras de comercio y los industriales, se pueda modificar el bacheo por la repavimentaci\u00f3n\u201d.<br \/>\nAsimismo, Masson afirm\u00f3 que \u201cal administrador de Vialidad Provincial le estamos diciendo que recorrimos toda la ruta y vimos que se hizo un bacheo superficial, se coloc\u00f3 carteler\u00eda m\u00e1s decente y se arreglaron las banquinas. Nuestra \u00fanica observaci\u00f3n ser\u00eda carteler\u00eda inexistente sobre todo en algunas curvas y puentes\u201d.<br \/>\nMASSON CRUZ\u00d3 A EZEQUIEL GABELLA<br \/>\nEn otro tenor, el exlegislador respondi\u00f3 a las declaraciones del Secretario de Gobierno, Ezequiel Gabella, sobre la respuesta de Vialidad Provincial a la carta documento enviada por el FP, Unidad Ciudadana y la Agrupaci\u00f3n Milla Cura respecto a la Ruta 76.<br \/>\n\u201cNos quedamos un poco sorprendidos porque la actitud del Ejecutivo municipal fue sembrar ciertas sospechas sobre la intenci\u00f3n que nosotros y los vecinos de Coronel Suarez tuvimos con respecto a trabajar para que se mejore la Ruta 76\u201d, indic\u00f3.<br \/>\n\u201cNosotros \u2013continu\u00f3- recibimos una respuesta de Vialidad y nos parece importante destacar, a pesar de que algunos funcionarios criticaron que se nos haya enviado el material. Quiero recordar que lean la ley, que las normas administrativas dejan en claro que las notas tienen que ser contestadas, desde ya que en el municipio de Tornquist parece ser que eso no se cumple, no se le contestan los pedidos de informe a los concejales, menos se la va a contestar a un ciudadano de a pie\u201d, manifest\u00f3.<br \/>\nClaudio Masson<br \/>\n<iframe loading=\"lazy\" width=\"100%\" height=\"166\" scrolling=\"no\" frameborder=\"no\" allow=\"autoplay\" src=\"https:\/\/w.soundcloud.com\/player\/?url=https%3A\/\/api.soundcloud.com\/tracks\/578954712&#038;color=%23ff5500&#038;auto_play=false&#038;hide_related=false&#038;show_comments=true&#038;show_user=true&#038;show_reposts=false&#038;show_teaser=true\"><\/iframe><\/p>\n","protected":false},"excerpt":{"rendered":"<p>La solicitud es de parte del Frente Popular, Unidad Ciudadana y Agrupaci\u00f3n Milla Cura de Coronel Su\u00e1rez. El Frente Popular (FP), Unidad Ciudadana y la Agrupaci\u00f3n Milla Cura de Coronel Su\u00e1rez, solicitaron al intendente Sergio Bordoni que \u201cintensifique las gestiones\u201d para lograr que finalmente se ejecute la repavimentaci\u00f3n de la Ruta 76.<\/p>\n","protected":false},"author":3,"featured_media":0,"comment_status":"closed","ping_status":"open","sticky":false,"template":"","format":"standard","meta":{"footnotes":""},"categories":[24],"tags":[],"class_list":["post-29111","post","type-post","status-publish","format-standard","hentry","category-politica"],"yoast_head":"<!-- This site is optimized with the Yoast SEO plugin v25.9 - https:\/\/yoast.com\/wordpress\/plugins\/seo\/ -->\n<title>Piden al intendente Bordoni que \u201cintensifique las gestiones\u201d para la repavimentaci\u00f3n de la Ruta 76 - Noticias Radio Reflejos<\/title>\n<meta name=\"robots\" content=\"index, follow, max-snippet:-1, max-image-preview:large, max-video-preview:-1\" \/>\n<link rel=\"canonical\" href=\"https:\/\/www.noticiasradioreflejos.com.ar\/2021\/piden-al-intendente-bordoni-que-intensifique-las-gestiones-para-la-repavimentacion-de-la-ruta-76\/\" \/>\n<meta property=\"og:locale\" content=\"es_ES\" \/>\n<meta property=\"og:type\" content=\"article\" \/>\n<meta property=\"og:title\" content=\"Piden al intendente Bordoni que \u201cintensifique las gestiones\u201d para la repavimentaci\u00f3n de la Ruta 76 - Noticias Radio Reflejos\" \/>\n<meta property=\"og:description\" content=\"La solicitud es de parte del Frente Popular, Unidad Ciudadana y Agrupaci\u00f3n Milla Cura de Coronel Su\u00e1rez. El Frente Popular (FP), Unidad Ciudadana y la Agrupaci\u00f3n Milla Cura de Coronel Su\u00e1rez, solicitaron al intendente Sergio Bordoni que \u201cintensifique las gestiones\u201d para lograr que finalmente se ejecute la repavimentaci\u00f3n de la Ruta 76.\" \/>\n<meta property=\"og:url\" content=\"https:\/\/www.noticiasradioreflejos.com.ar\/2021\/piden-al-intendente-bordoni-que-intensifique-las-gestiones-para-la-repavimentacion-de-la-ruta-76\/\" \/>\n<meta property=\"og:site_name\" content=\"Noticias Radio Reflejos\" \/>\n<meta property=\"article:published_time\" content=\"2019-02-21T11:31:43+00:00\" \/>\n<meta property=\"og:image\" content=\"https:\/\/www.noticiasradioreflejos.com.ar\/2021\/wp-content\/uploads\/2021\/07\/logosol300x200.png\" \/>\n\t<meta property=\"og:image:width\" content=\"300\" \/>\n\t<meta property=\"og:image:height\" content=\"200\" \/>\n\t<meta property=\"og:image:type\" content=\"image\/png\" \/>\n<meta name=\"author\" content=\"Arnaldo Botto\" \/>\n<meta name=\"twitter:card\" content=\"summary_large_image\" \/>\n<script type=\"application\/ld+json\" class=\"yoast-schema-graph\">{\"@context\":\"https:\/\/schema.org\",\"@graph\":[{\"@type\":\"WebPage\",\"@id\":\"https:\/\/www.noticiasradioreflejos.com.ar\/2021\/piden-al-intendente-bordoni-que-intensifique-las-gestiones-para-la-repavimentacion-de-la-ruta-76\/\",\"url\":\"https:\/\/www.noticiasradioreflejos.com.ar\/2021\/piden-al-intendente-bordoni-que-intensifique-las-gestiones-para-la-repavimentacion-de-la-ruta-76\/\",\"name\":\"Piden al intendente Bordoni que \u201cintensifique las gestiones\u201d para la repavimentaci\u00f3n de la Ruta 76 - Noticias Radio Reflejos\",\"isPartOf\":{\"@id\":\"https:\/\/www.noticiasradioreflejos.com.ar\/2021\/#website\"},\"datePublished\":\"2019-02-21T11:31:43+00:00\",\"author\":{\"@id\":\"https:\/\/www.noticiasradioreflejos.com.ar\/2021\/#\/schema\/person\/ad82545263dcc5ec0996818884fd5fb1\"},\"breadcrumb\":{\"@id\":\"https:\/\/www.noticiasradioreflejos.com.ar\/2021\/piden-al-intendente-bordoni-que-intensifique-las-gestiones-para-la-repavimentacion-de-la-ruta-76\/#breadcrumb\"},\"inLanguage\":\"es\",\"potentialAction\":[{\"@type\":\"ReadAction\",\"target\":[\"https:\/\/www.noticiasradioreflejos.com.ar\/2021\/piden-al-intendente-bordoni-que-intensifique-las-gestiones-para-la-repavimentacion-de-la-ruta-76\/\"]}]},{\"@type\":\"BreadcrumbList\",\"@id\":\"https:\/\/www.noticiasradioreflejos.com.ar\/2021\/piden-al-intendente-bordoni-que-intensifique-las-gestiones-para-la-repavimentacion-de-la-ruta-76\/#breadcrumb\",\"itemListElement\":[{\"@type\":\"ListItem\",\"position\":1,\"name\":\"Portada\",\"item\":\"https:\/\/www.noticiasradioreflejos.com.ar\/2021\/\"},{\"@type\":\"ListItem\",\"position\":2,\"name\":\"Piden al intendente Bordoni que \u201cintensifique las gestiones\u201d para la repavimentaci\u00f3n de la Ruta 76\"}]},{\"@type\":\"WebSite\",\"@id\":\"https:\/\/www.noticiasradioreflejos.com.ar\/2021\/#website\",\"url\":\"https:\/\/www.noticiasradioreflejos.com.ar\/2021\/\",\"name\":\"Noticias Radio Reflejos\",\"description\":\"Las noticias de mi comarca\",\"potentialAction\":[{\"@type\":\"SearchAction\",\"target\":{\"@type\":\"EntryPoint\",\"urlTemplate\":\"https:\/\/www.noticiasradioreflejos.com.ar\/2021\/?s={search_term_string}\"},\"query-input\":{\"@type\":\"PropertyValueSpecification\",\"valueRequired\":true,\"valueName\":\"search_term_string\"}}],\"inLanguage\":\"es\"},{\"@type\":\"Person\",\"@id\":\"https:\/\/www.noticiasradioreflejos.com.ar\/2021\/#\/schema\/person\/ad82545263dcc5ec0996818884fd5fb1\",\"name\":\"Arnaldo Botto\",\"image\":{\"@type\":\"ImageObject\",\"inLanguage\":\"es\",\"@id\":\"https:\/\/www.noticiasradioreflejos.com.ar\/2021\/#\/schema\/person\/image\/\",\"url\":\"https:\/\/secure.gravatar.com\/avatar\/55cb5e37c1efa326397366e6974cb338056df65cb50e7d64d1cf314e87504837?s=96&d=mm&r=g\",\"contentUrl\":\"https:\/\/secure.gravatar.com\/avatar\/55cb5e37c1efa326397366e6974cb338056df65cb50e7d64d1cf314e87504837?s=96&d=mm&r=g\",\"caption\":\"Arnaldo Botto\"},\"url\":\"https:\/\/www.noticiasradioreflejos.com.ar\/2021\/author\/arnaldo\/\"}]}<\/script>\n<!-- \/ Yoast SEO plugin. -->","yoast_head_json":{"title":"Piden al intendente Bordoni que \u201cintensifique las gestiones\u201d para la repavimentaci\u00f3n de la Ruta 76 - Noticias Radio Reflejos","robots":{"index":"index","follow":"follow","max-snippet":"max-snippet:-1","max-image-preview":"max-image-preview:large","max-video-preview":"max-video-preview:-1"},"canonical":"https:\/\/www.noticiasradioreflejos.com.ar\/2021\/piden-al-intendente-bordoni-que-intensifique-las-gestiones-para-la-repavimentacion-de-la-ruta-76\/","og_locale":"es_ES","og_type":"article","og_title":"Piden al intendente Bordoni que \u201cintensifique las gestiones\u201d para la repavimentaci\u00f3n de la Ruta 76 - Noticias Radio Reflejos","og_description":"La solicitud es de parte del Frente Popular, Unidad Ciudadana y Agrupaci\u00f3n Milla Cura de Coronel Su\u00e1rez. El Frente Popular (FP), Unidad Ciudadana y la Agrupaci\u00f3n Milla Cura de Coronel Su\u00e1rez, solicitaron al intendente Sergio Bordoni que \u201cintensifique las gestiones\u201d para lograr que finalmente se ejecute la repavimentaci\u00f3n de la Ruta 76.","og_url":"https:\/\/www.noticiasradioreflejos.com.ar\/2021\/piden-al-intendente-bordoni-que-intensifique-las-gestiones-para-la-repavimentacion-de-la-ruta-76\/","og_site_name":"Noticias Radio Reflejos","article_published_time":"2019-02-21T11:31:43+00:00","og_image":[{"width":300,"height":200,"url":"https:\/\/www.noticiasradioreflejos.com.ar\/2021\/wp-content\/uploads\/2021\/07\/logosol300x200.png","type":"image\/png"}],"author":"Arnaldo Botto","twitter_card":"summary_large_image","schema":{"@context":"https:\/\/schema.org","@graph":[{"@type":"WebPage","@id":"https:\/\/www.noticiasradioreflejos.com.ar\/2021\/piden-al-intendente-bordoni-que-intensifique-las-gestiones-para-la-repavimentacion-de-la-ruta-76\/","url":"https:\/\/www.noticiasradioreflejos.com.ar\/2021\/piden-al-intendente-bordoni-que-intensifique-las-gestiones-para-la-repavimentacion-de-la-ruta-76\/","name":"Piden al intendente Bordoni que \u201cintensifique las gestiones\u201d para la repavimentaci\u00f3n de la Ruta 76 - Noticias Radio Reflejos","isPartOf":{"@id":"https:\/\/www.noticiasradioreflejos.com.ar\/2021\/#website"},"datePublished":"2019-02-21T11:31:43+00:00","author":{"@id":"https:\/\/www.noticiasradioreflejos.com.ar\/2021\/#\/schema\/person\/ad82545263dcc5ec0996818884fd5fb1"},"breadcrumb":{"@id":"https:\/\/www.noticiasradioreflejos.com.ar\/2021\/piden-al-intendente-bordoni-que-intensifique-las-gestiones-para-la-repavimentacion-de-la-ruta-76\/#breadcrumb"},"inLanguage":"es","potentialAction":[{"@type":"ReadAction","target":["https:\/\/www.noticiasradioreflejos.com.ar\/2021\/piden-al-intendente-bordoni-que-intensifique-las-gestiones-para-la-repavimentacion-de-la-ruta-76\/"]}]},{"@type":"BreadcrumbList","@id":"https:\/\/www.noticiasradioreflejos.com.ar\/2021\/piden-al-intendente-bordoni-que-intensifique-las-gestiones-para-la-repavimentacion-de-la-ruta-76\/#breadcrumb","itemListElement":[{"@type":"ListItem","position":1,"name":"Portada","item":"https:\/\/www.noticiasradioreflejos.com.ar\/2021\/"},{"@type":"ListItem","position":2,"name":"Piden al intendente Bordoni que \u201cintensifique las gestiones\u201d para la repavimentaci\u00f3n de la Ruta 76"}]},{"@type":"WebSite","@id":"https:\/\/www.noticiasradioreflejos.com.ar\/2021\/#website","url":"https:\/\/www.noticiasradioreflejos.com.ar\/2021\/","name":"Noticias Radio Reflejos","description":"Las noticias de mi comarca","potentialAction":[{"@type":"SearchAction","target":{"@type":"EntryPoint","urlTemplate":"https:\/\/www.noticiasradioreflejos.com.ar\/2021\/?s={search_term_string}"},"query-input":{"@type":"PropertyValueSpecification","valueRequired":true,"valueName":"search_term_string"}}],"inLanguage":"es"},{"@type":"Person","@id":"https:\/\/www.noticiasradioreflejos.com.ar\/2021\/#\/schema\/person\/ad82545263dcc5ec0996818884fd5fb1","name":"Arnaldo Botto","image":{"@type":"ImageObject","inLanguage":"es","@id":"https:\/\/www.noticiasradioreflejos.com.ar\/2021\/#\/schema\/person\/image\/","url":"https:\/\/secure.gravatar.com\/avatar\/55cb5e37c1efa326397366e6974cb338056df65cb50e7d64d1cf314e87504837?s=96&d=mm&r=g","contentUrl":"https:\/\/secure.gravatar.com\/avatar\/55cb5e37c1efa326397366e6974cb338056df65cb50e7d64d1cf314e87504837?s=96&d=mm&r=g","caption":"Arnaldo Botto"},"url":"https:\/\/www.noticiasradioreflejos.com.ar\/2021\/author\/arnaldo\/"}]}},"_links":{"self":[{"href":"https:\/\/www.noticiasradioreflejos.com.ar\/2021\/wp-json\/wp\/v2\/posts\/29111","targetHints":{"allow":["GET"]}}],"collection":[{"href":"https:\/\/www.noticiasradioreflejos.com.ar\/2021\/wp-json\/wp\/v2\/posts"}],"about":[{"href":"https:\/\/www.noticiasradioreflejos.com.ar\/2021\/wp-json\/wp\/v2\/types\/post"}],"author":[{"embeddable":true,"href":"https:\/\/www.noticiasradioreflejos.com.ar\/2021\/wp-json\/wp\/v2\/users\/3"}],"replies":[{"embeddable":true,"href":"https:\/\/www.noticiasradioreflejos.com.ar\/2021\/wp-json\/wp\/v2\/comments?post=29111"}],"version-history":[{"count":0,"href":"https:\/\/www.noticiasradioreflejos.com.ar\/2021\/wp-json\/wp\/v2\/posts\/29111\/revisions"}],"wp:attachment":[{"href":"https:\/\/www.noticiasradioreflejos.com.ar\/2021\/wp-json\/wp\/v2\/media?parent=29111"}],"wp:term":[{"taxonomy":"category","embeddable":true,"href":"https:\/\/www.noticiasradioreflejos.com.ar\/2021\/wp-json\/wp\/v2\/categories?post=29111"},{"taxonomy":"post_tag","embeddable":true,"href":"https:\/\/www.noticiasradioreflejos.com.ar\/2021\/wp-json\/wp\/v2\/tags?post=29111"}],"curies":[{"name":"wp","href":"https:\/\/api.w.org\/{rel}","templated":true}]}}