{"id":29108,"date":"2019-02-21T08:23:33","date_gmt":"2019-02-21T11:23:33","guid":{"rendered":"http:\/\/www.noticiasradioreflejos.com.ar\/noticias\/?p=29108"},"modified":"2019-02-21T08:23:33","modified_gmt":"2019-02-21T11:23:33","slug":"lamentablemente-nos-venimos-acostumbrando-a-este-tipo-de-porquerias-que-ensucian-la-politica-gustavo-trankels","status":"publish","type":"post","link":"https:\/\/www.noticiasradioreflejos.com.ar\/2021\/lamentablemente-nos-venimos-acostumbrando-a-este-tipo-de-porquerias-que-ensucian-la-politica-gustavo-trankels\/","title":{"rendered":"\u201cLamentablemente nos venimos acostumbrando a este tipo de porquer\u00edas que ensucian la pol\u00edtica\u201d Gustavo Trankels"},"content":{"rendered":"<p>Gustavo Trankels se refiri\u00f3 al post que hizo en Facebook tras el fallo de la justicia que sobresey\u00f3 a Naldo Mart\u00ednez, y cuestion\u00f3 que solo haya sido notificada una de las partes. \u201cEs lamentable la degradaci\u00f3n institucional\u201d, sostuvo.<br \/>\nEl exintendente municipal Lic. Gustavo Trankels, se refiri\u00f3 al post que realiz\u00f3 en su perfil de la red social Facebook luego de que se diera a conocer el fallo de la justicia que sobresey\u00f3 a H\u00e9ctor \u2018Naldo\u2019 Mart\u00ednez de una denuncia por presunta sustracci\u00f3n de boletas en las elecciones PASO 2015.<!--more--><br \/>\n\u201cEstamos con la indignaci\u00f3n que tenemos la mayor\u00eda de los ciudadanos, donde se supone que hay justicia y suceden estas cosas. Un fallo de la justicia involucra a dos partes y las dos deben ser notificadas a la vez, y en este caso hay una que est\u00e1 notificada y emite comunicados, mientras nosotros ni siquiera tenemos una comunicaci\u00f3n oficial\u201d, manifest\u00f3.<br \/>\n\u201cNo es la primera vez que pasa, cuando los concejales hicieron una denuncia al intendente Bordoni, \u00e9l tuvo conocimiento de que iba a ser absuelto y los ediles se enteraron nueve meses despu\u00e9s\u201d, a\u00f1adi\u00f3.<br \/>\nTrankels sostuvo que \u201cesto demuestra lo que est\u00e1 pasando d\u00eda a d\u00eda, si militas en Cambiemos ten\u00e9s una absoluci\u00f3n inmediata, y si opinas diferente ten\u00e9s suerte de \u2018justicia\u2019. Si hay justicia, se supone que las notificaciones tiene que salir juntas para las dos partes, por eso llama la atenci\u00f3n e indigna\u201d.<br \/>\nEn esa l\u00ednea, el jefe comunal de 2007 a 2015, dispar\u00f3 contra el actual gobierno municipal: \u201cSe est\u00e1n incumpliendo ordenanzas, nuestros concejales est\u00e1n haciendo pedidos de informe y no est\u00e1n siendo contestados. Hay 19 sin respuesta, algunos de 2016\u201d.<br \/>\n\u201cVinieron 12 millones de pesos para invertir en seguridad que no se sabe a d\u00f3nde fueron a parar \u2013continu\u00f3-. Est\u00e1n sucediendo hechos delictivos que en parte tienen que ver con fallas en el equipamiento que se dispone y que hacen al sistema de seguridad, y uno se pregunta si esos fondos se invirtieron en donde ten\u00eda que ser, porque despu\u00e9s hay sucesos de inseguridad y la polic\u00eda no tiene herramientas para esclarecerlos\u201d.<br \/>\n\u201cMe parece que ese manejo oculto de los recursos que efectivamente entraron al municipio, son cosas que se tienen que saber\u201d, afirm\u00f3.<br \/>\nM\u00e1s adelante, sobre la \u2018utilizaci\u00f3n nefasta que algunos personajes de Cambiemos hacen del aparato judicial\u2019, tal como afirm\u00f3 en su post, el exintendente reiter\u00f3 que el oficalismo \u201cse enter\u00f3 nueve meses antes de que iban a ser absueltos, entonces \u00bfqu\u00e9 clase de justicia es esa?. Lamentablemente nos venimos acostumbrando en este \u00faltimo tiempo a todo este tipo de porquer\u00edas que ensucian la pol\u00edtica, es lamentable la degradaci\u00f3n institucional y el mal uso de la pol\u00edtica\u201d.<br \/>\n<iframe loading=\"lazy\" width=\"100%\" height=\"166\" scrolling=\"no\" frameborder=\"no\" allow=\"autoplay\" src=\"https:\/\/w.soundcloud.com\/player\/?url=https%3A\/\/api.soundcloud.com\/tracks\/578914248&#038;color=%23ff5500&#038;auto_play=false&#038;hide_related=false&#038;show_comments=true&#038;show_user=true&#038;show_reposts=false&#038;show_teaser=true\"><\/iframe><\/p>\n","protected":false},"excerpt":{"rendered":"<p>Gustavo Trankels se refiri\u00f3 al post que hizo en Facebook tras el fallo de la justicia que sobresey\u00f3 a Naldo Mart\u00ednez, y cuestion\u00f3 que solo haya sido notificada una de las partes. \u201cEs lamentable la degradaci\u00f3n institucional\u201d, sostuvo. El exintendente municipal Lic. Gustavo Trankels, se refiri\u00f3 al post que realiz\u00f3 en su perfil de la [&hellip;]<\/p>\n","protected":false},"author":3,"featured_media":0,"comment_status":"closed","ping_status":"open","sticky":false,"template":"","format":"standard","meta":{"footnotes":""},"categories":[24],"tags":[],"class_list":["post-29108","post","type-post","status-publish","format-standard","hentry","category-politica"],"yoast_head":"<!-- This site is optimized with the Yoast SEO plugin v25.9 - https:\/\/yoast.com\/wordpress\/plugins\/seo\/ -->\n<title>\u201cLamentablemente nos venimos acostumbrando a este tipo de porquer\u00edas que ensucian la pol\u00edtica\u201d Gustavo Trankels - Noticias Radio Reflejos<\/title>\n<meta name=\"robots\" content=\"index, follow, max-snippet:-1, max-image-preview:large, max-video-preview:-1\" \/>\n<link rel=\"canonical\" href=\"https:\/\/www.noticiasradioreflejos.com.ar\/2021\/lamentablemente-nos-venimos-acostumbrando-a-este-tipo-de-porquerias-que-ensucian-la-politica-gustavo-trankels\/\" \/>\n<meta property=\"og:locale\" content=\"es_ES\" \/>\n<meta property=\"og:type\" content=\"article\" \/>\n<meta property=\"og:title\" content=\"\u201cLamentablemente nos venimos acostumbrando a este tipo de porquer\u00edas que ensucian la pol\u00edtica\u201d Gustavo Trankels - Noticias Radio Reflejos\" \/>\n<meta property=\"og:description\" content=\"Gustavo Trankels se refiri\u00f3 al post que hizo en Facebook tras el fallo de la justicia que sobresey\u00f3 a Naldo Mart\u00ednez, y cuestion\u00f3 que solo haya sido notificada una de las partes. \u201cEs lamentable la degradaci\u00f3n institucional\u201d, sostuvo. El exintendente municipal Lic. Gustavo Trankels, se refiri\u00f3 al post que realiz\u00f3 en su perfil de la [&hellip;]\" \/>\n<meta property=\"og:url\" content=\"https:\/\/www.noticiasradioreflejos.com.ar\/2021\/lamentablemente-nos-venimos-acostumbrando-a-este-tipo-de-porquerias-que-ensucian-la-politica-gustavo-trankels\/\" \/>\n<meta property=\"og:site_name\" content=\"Noticias Radio Reflejos\" \/>\n<meta property=\"article:published_time\" content=\"2019-02-21T11:23:33+00:00\" \/>\n<meta property=\"og:image\" content=\"https:\/\/www.noticiasradioreflejos.com.ar\/2021\/wp-content\/uploads\/2021\/07\/logosol300x200.png\" \/>\n\t<meta property=\"og:image:width\" content=\"300\" \/>\n\t<meta property=\"og:image:height\" content=\"200\" \/>\n\t<meta property=\"og:image:type\" content=\"image\/png\" \/>\n<meta name=\"author\" content=\"Arnaldo Botto\" \/>\n<meta name=\"twitter:card\" content=\"summary_large_image\" \/>\n<script type=\"application\/ld+json\" class=\"yoast-schema-graph\">{\"@context\":\"https:\/\/schema.org\",\"@graph\":[{\"@type\":\"WebPage\",\"@id\":\"https:\/\/www.noticiasradioreflejos.com.ar\/2021\/lamentablemente-nos-venimos-acostumbrando-a-este-tipo-de-porquerias-que-ensucian-la-politica-gustavo-trankels\/\",\"url\":\"https:\/\/www.noticiasradioreflejos.com.ar\/2021\/lamentablemente-nos-venimos-acostumbrando-a-este-tipo-de-porquerias-que-ensucian-la-politica-gustavo-trankels\/\",\"name\":\"\u201cLamentablemente nos venimos acostumbrando a este tipo de porquer\u00edas que ensucian la pol\u00edtica\u201d Gustavo Trankels - Noticias Radio Reflejos\",\"isPartOf\":{\"@id\":\"https:\/\/www.noticiasradioreflejos.com.ar\/2021\/#website\"},\"datePublished\":\"2019-02-21T11:23:33+00:00\",\"author\":{\"@id\":\"https:\/\/www.noticiasradioreflejos.com.ar\/2021\/#\/schema\/person\/ad82545263dcc5ec0996818884fd5fb1\"},\"breadcrumb\":{\"@id\":\"https:\/\/www.noticiasradioreflejos.com.ar\/2021\/lamentablemente-nos-venimos-acostumbrando-a-este-tipo-de-porquerias-que-ensucian-la-politica-gustavo-trankels\/#breadcrumb\"},\"inLanguage\":\"es\",\"potentialAction\":[{\"@type\":\"ReadAction\",\"target\":[\"https:\/\/www.noticiasradioreflejos.com.ar\/2021\/lamentablemente-nos-venimos-acostumbrando-a-este-tipo-de-porquerias-que-ensucian-la-politica-gustavo-trankels\/\"]}]},{\"@type\":\"BreadcrumbList\",\"@id\":\"https:\/\/www.noticiasradioreflejos.com.ar\/2021\/lamentablemente-nos-venimos-acostumbrando-a-este-tipo-de-porquerias-que-ensucian-la-politica-gustavo-trankels\/#breadcrumb\",\"itemListElement\":[{\"@type\":\"ListItem\",\"position\":1,\"name\":\"Portada\",\"item\":\"https:\/\/www.noticiasradioreflejos.com.ar\/2021\/\"},{\"@type\":\"ListItem\",\"position\":2,\"name\":\"\u201cLamentablemente nos venimos acostumbrando a este tipo de porquer\u00edas que ensucian la pol\u00edtica\u201d Gustavo Trankels\"}]},{\"@type\":\"WebSite\",\"@id\":\"https:\/\/www.noticiasradioreflejos.com.ar\/2021\/#website\",\"url\":\"https:\/\/www.noticiasradioreflejos.com.ar\/2021\/\",\"name\":\"Noticias Radio Reflejos\",\"description\":\"Las noticias de mi comarca\",\"potentialAction\":[{\"@type\":\"SearchAction\",\"target\":{\"@type\":\"EntryPoint\",\"urlTemplate\":\"https:\/\/www.noticiasradioreflejos.com.ar\/2021\/?s={search_term_string}\"},\"query-input\":{\"@type\":\"PropertyValueSpecification\",\"valueRequired\":true,\"valueName\":\"search_term_string\"}}],\"inLanguage\":\"es\"},{\"@type\":\"Person\",\"@id\":\"https:\/\/www.noticiasradioreflejos.com.ar\/2021\/#\/schema\/person\/ad82545263dcc5ec0996818884fd5fb1\",\"name\":\"Arnaldo Botto\",\"image\":{\"@type\":\"ImageObject\",\"inLanguage\":\"es\",\"@id\":\"https:\/\/www.noticiasradioreflejos.com.ar\/2021\/#\/schema\/person\/image\/\",\"url\":\"https:\/\/secure.gravatar.com\/avatar\/55cb5e37c1efa326397366e6974cb338056df65cb50e7d64d1cf314e87504837?s=96&d=mm&r=g\",\"contentUrl\":\"https:\/\/secure.gravatar.com\/avatar\/55cb5e37c1efa326397366e6974cb338056df65cb50e7d64d1cf314e87504837?s=96&d=mm&r=g\",\"caption\":\"Arnaldo Botto\"},\"url\":\"https:\/\/www.noticiasradioreflejos.com.ar\/2021\/author\/arnaldo\/\"}]}<\/script>\n<!-- \/ Yoast SEO plugin. -->","yoast_head_json":{"title":"\u201cLamentablemente nos venimos acostumbrando a este tipo de porquer\u00edas que ensucian la pol\u00edtica\u201d Gustavo Trankels - Noticias Radio Reflejos","robots":{"index":"index","follow":"follow","max-snippet":"max-snippet:-1","max-image-preview":"max-image-preview:large","max-video-preview":"max-video-preview:-1"},"canonical":"https:\/\/www.noticiasradioreflejos.com.ar\/2021\/lamentablemente-nos-venimos-acostumbrando-a-este-tipo-de-porquerias-que-ensucian-la-politica-gustavo-trankels\/","og_locale":"es_ES","og_type":"article","og_title":"\u201cLamentablemente nos venimos acostumbrando a este tipo de porquer\u00edas que ensucian la pol\u00edtica\u201d Gustavo Trankels - Noticias Radio Reflejos","og_description":"Gustavo Trankels se refiri\u00f3 al post que hizo en Facebook tras el fallo de la justicia que sobresey\u00f3 a Naldo Mart\u00ednez, y cuestion\u00f3 que solo haya sido notificada una de las partes. \u201cEs lamentable la degradaci\u00f3n institucional\u201d, sostuvo. El exintendente municipal Lic. Gustavo Trankels, se refiri\u00f3 al post que realiz\u00f3 en su perfil de la [&hellip;]","og_url":"https:\/\/www.noticiasradioreflejos.com.ar\/2021\/lamentablemente-nos-venimos-acostumbrando-a-este-tipo-de-porquerias-que-ensucian-la-politica-gustavo-trankels\/","og_site_name":"Noticias Radio Reflejos","article_published_time":"2019-02-21T11:23:33+00:00","og_image":[{"width":300,"height":200,"url":"https:\/\/www.noticiasradioreflejos.com.ar\/2021\/wp-content\/uploads\/2021\/07\/logosol300x200.png","type":"image\/png"}],"author":"Arnaldo Botto","twitter_card":"summary_large_image","schema":{"@context":"https:\/\/schema.org","@graph":[{"@type":"WebPage","@id":"https:\/\/www.noticiasradioreflejos.com.ar\/2021\/lamentablemente-nos-venimos-acostumbrando-a-este-tipo-de-porquerias-que-ensucian-la-politica-gustavo-trankels\/","url":"https:\/\/www.noticiasradioreflejos.com.ar\/2021\/lamentablemente-nos-venimos-acostumbrando-a-este-tipo-de-porquerias-que-ensucian-la-politica-gustavo-trankels\/","name":"\u201cLamentablemente nos venimos acostumbrando a este tipo de porquer\u00edas que ensucian la pol\u00edtica\u201d Gustavo Trankels - Noticias Radio Reflejos","isPartOf":{"@id":"https:\/\/www.noticiasradioreflejos.com.ar\/2021\/#website"},"datePublished":"2019-02-21T11:23:33+00:00","author":{"@id":"https:\/\/www.noticiasradioreflejos.com.ar\/2021\/#\/schema\/person\/ad82545263dcc5ec0996818884fd5fb1"},"breadcrumb":{"@id":"https:\/\/www.noticiasradioreflejos.com.ar\/2021\/lamentablemente-nos-venimos-acostumbrando-a-este-tipo-de-porquerias-que-ensucian-la-politica-gustavo-trankels\/#breadcrumb"},"inLanguage":"es","potentialAction":[{"@type":"ReadAction","target":["https:\/\/www.noticiasradioreflejos.com.ar\/2021\/lamentablemente-nos-venimos-acostumbrando-a-este-tipo-de-porquerias-que-ensucian-la-politica-gustavo-trankels\/"]}]},{"@type":"BreadcrumbList","@id":"https:\/\/www.noticiasradioreflejos.com.ar\/2021\/lamentablemente-nos-venimos-acostumbrando-a-este-tipo-de-porquerias-que-ensucian-la-politica-gustavo-trankels\/#breadcrumb","itemListElement":[{"@type":"ListItem","position":1,"name":"Portada","item":"https:\/\/www.noticiasradioreflejos.com.ar\/2021\/"},{"@type":"ListItem","position":2,"name":"\u201cLamentablemente nos venimos acostumbrando a este tipo de porquer\u00edas que ensucian la pol\u00edtica\u201d Gustavo Trankels"}]},{"@type":"WebSite","@id":"https:\/\/www.noticiasradioreflejos.com.ar\/2021\/#website","url":"https:\/\/www.noticiasradioreflejos.com.ar\/2021\/","name":"Noticias Radio Reflejos","description":"Las noticias de mi comarca","potentialAction":[{"@type":"SearchAction","target":{"@type":"EntryPoint","urlTemplate":"https:\/\/www.noticiasradioreflejos.com.ar\/2021\/?s={search_term_string}"},"query-input":{"@type":"PropertyValueSpecification","valueRequired":true,"valueName":"search_term_string"}}],"inLanguage":"es"},{"@type":"Person","@id":"https:\/\/www.noticiasradioreflejos.com.ar\/2021\/#\/schema\/person\/ad82545263dcc5ec0996818884fd5fb1","name":"Arnaldo Botto","image":{"@type":"ImageObject","inLanguage":"es","@id":"https:\/\/www.noticiasradioreflejos.com.ar\/2021\/#\/schema\/person\/image\/","url":"https:\/\/secure.gravatar.com\/avatar\/55cb5e37c1efa326397366e6974cb338056df65cb50e7d64d1cf314e87504837?s=96&d=mm&r=g","contentUrl":"https:\/\/secure.gravatar.com\/avatar\/55cb5e37c1efa326397366e6974cb338056df65cb50e7d64d1cf314e87504837?s=96&d=mm&r=g","caption":"Arnaldo Botto"},"url":"https:\/\/www.noticiasradioreflejos.com.ar\/2021\/author\/arnaldo\/"}]}},"_links":{"self":[{"href":"https:\/\/www.noticiasradioreflejos.com.ar\/2021\/wp-json\/wp\/v2\/posts\/29108","targetHints":{"allow":["GET"]}}],"collection":[{"href":"https:\/\/www.noticiasradioreflejos.com.ar\/2021\/wp-json\/wp\/v2\/posts"}],"about":[{"href":"https:\/\/www.noticiasradioreflejos.com.ar\/2021\/wp-json\/wp\/v2\/types\/post"}],"author":[{"embeddable":true,"href":"https:\/\/www.noticiasradioreflejos.com.ar\/2021\/wp-json\/wp\/v2\/users\/3"}],"replies":[{"embeddable":true,"href":"https:\/\/www.noticiasradioreflejos.com.ar\/2021\/wp-json\/wp\/v2\/comments?post=29108"}],"version-history":[{"count":0,"href":"https:\/\/www.noticiasradioreflejos.com.ar\/2021\/wp-json\/wp\/v2\/posts\/29108\/revisions"}],"wp:attachment":[{"href":"https:\/\/www.noticiasradioreflejos.com.ar\/2021\/wp-json\/wp\/v2\/media?parent=29108"}],"wp:term":[{"taxonomy":"category","embeddable":true,"href":"https:\/\/www.noticiasradioreflejos.com.ar\/2021\/wp-json\/wp\/v2\/categories?post=29108"},{"taxonomy":"post_tag","embeddable":true,"href":"https:\/\/www.noticiasradioreflejos.com.ar\/2021\/wp-json\/wp\/v2\/tags?post=29108"}],"curies":[{"name":"wp","href":"https:\/\/api.w.org\/{rel}","templated":true}]}}